{"id":12928,"date":"2024-03-01T19:16:55","date_gmt":"2024-03-01T22:16:55","guid":{"rendered":"https:\/\/brasilnoticias.org\/site\/?p=12928"},"modified":"2024-03-01T19:16:55","modified_gmt":"2024-03-01T22:16:55","slug":"dorival-junior-apresenta-lista-de-convocados-para-amistosos-contra-inglaterra-e-espanha","status":"publish","type":"post","link":"https:\/\/brasilnoticias.org\/site\/dorival-junior-apresenta-lista-de-convocados-para-amistosos-contra-inglaterra-e-espanha\/","title":{"rendered":"Dorival J\u00fanior apresenta lista de convocados para amistosos contra Inglaterra e Espanha"},"content":{"rendered":"<p>O treinador falou sobre o in\u00edcio da reformula\u00e7\u00e3o na Sele\u00e7\u00e3o Canarinho.<\/p>\n<p>O treinador Dorival J\u00fanior divulgou nesta sexta-feira (1\/3) a lista de convocados para os amistosos com Inglaterra e Espanha, que ser\u00e3o realizados nos dias 23 e 26 de mar\u00e7o. <\/p>\n<p>Entre as novidades, o t\u00e9cnico adicionou na lista nomes como do meia Andreas Pereira, o zagueiro Beraldo e o atacante Savinho. J\u00e1 o nome de Richarlison foi mantido na lista mesmo com o atleta lesionado. <\/p>\n<p>\u201cQuero colocar que nenhuma reformula\u00e7\u00e3o pode ser feita de maneira radical. Ela necessita de uma mudan\u00e7a cont\u00ednua e pautada em cima do reconhecimento que alguns dos atletas fizeram ao longo dos anos por merecerem estar onde estiveram e naturalmente v\u00e3o continuar. Observarmos muito bem a chegada de jovens, oriundos de algumas de nossas sele\u00e7\u00f5es, como nas equipes que jogam nossos campeonatos nacionais\u201d, afirmou o treinador.<\/p>\n<p>Em di\u00e1logo com a Real Federa\u00e7\u00e3o Espanhola de Futebol, a CBF conseguiu aumentar para 26 o n\u00famero de convocados do Brasil para enfrentar a Espanha, no dia 26 em Madrid. Para o jogo do dia 23, em Londres, a entidade ainda aguarda a posi\u00e7\u00e3o da Inglaterra a respeito do n\u00famero de atletas que ser\u00e3o levados a Wembley.<\/p>\n<p>Confira a lista de convocados:<\/p>\n<p>Goleiros: Bento (Athletico-PR), Ederson (Manchester City) e Rafael (S\u00e3o Paulo)*;<\/p>\n<p>Laterais: Danilo (Juventus), Yan Couto (Girona), Ayrton Lucas (Flamengo) e Wendell (Porto);<\/p>\n<p>Zagueiros: Beraldo (PSG)*, Gabriel Magalh\u00e3es (Arsenal), Marquinhos (PSG) e Murilo (Palmeiras)*;<\/p>\n<p>Meio-campistas: Andr\u00e9 (Fluminense), Andreas Pereira (Fulham), Bruno Guimar\u00e3es (Newcastle), Casemiro (Manchester United), Douglas Luiz (Aston Villa), Jo\u00e3o Gomes (Wolverhampton), Lucas Paquet\u00e1 (West Ham) e Pablo Maia (S\u00e3o Paulo)*;<\/p>\n<p>Atacantes: Endrick (Palmeiras), Gabriel Martinelli (Arsenal), Raphinha (Barcelona), Richarlison (Tottenham), Rodrygo (Real Madrid), Savinho (Girona)* e Vini Jr (Real Madrid).<\/p>\n<p>Foto: Divulga\u00e7\u00e3o\/CBF<br \/>\nAratu On<\/p>\n","protected":false},"excerpt":{"rendered":"<p>O treinador falou sobre o in\u00edcio da reformula\u00e7\u00e3o na Sele\u00e7\u00e3o Canarinho. O treinador Dorival J\u00fanior divulgou nesta sexta-feira (1\/3) a<\/p>\n","protected":false},"author":4,"featured_media":12929,"comment_status":"open","ping_status":"open","sticky":false,"template":"","format":"standard","meta":{"colormag_page_container_layout":"default_layout","colormag_page_sidebar_layout":"default_layout","_FSMCFIC_featured_image_caption":"","_FSMCFIC_featured_image_nocaption":"","_FSMCFIC_featured_image_hide":"","footnotes":""},"categories":[4,1],"tags":[],"class_list":["post-12928","post","type-post","status-publish","format-standard","has-post-thumbnail","hentry","category-esporte","category-ultimas"],"yoast_head":"<!-- This site is optimized with the Yoast SEO plugin v27.1.1 - https:\/\/yoast.com\/product\/yoast-seo-wordpress\/ -->\n<title>Dorival J\u00fanior apresenta lista de convocados para amistosos contra Inglaterra e Espanha - Brasil not\u00edcias<\/title>\n<meta name=\"robots\" content=\"index, follow, max-snippet:-1, max-image-preview:large, max-video-preview:-1\" \/>\n<link rel=\"canonical\" href=\"https:\/\/brasilnoticias.org\/site\/dorival-junior-apresenta-lista-de-convocados-para-amistosos-contra-inglaterra-e-espanha\/\" \/>\n<meta property=\"og:locale\" content=\"pt_PT\" \/>\n<meta property=\"og:type\" content=\"article\" \/>\n<meta property=\"og:title\" content=\"Dorival J\u00fanior apresenta lista de convocados para amistosos contra Inglaterra e Espanha - Brasil not\u00edcias\" \/>\n<meta property=\"og:description\" content=\"O treinador falou sobre o in\u00edcio da reformula\u00e7\u00e3o na Sele\u00e7\u00e3o Canarinho. O treinador Dorival J\u00fanior divulgou nesta sexta-feira (1\/3) a\" \/>\n<meta property=\"og:url\" content=\"https:\/\/brasilnoticias.org\/site\/dorival-junior-apresenta-lista-de-convocados-para-amistosos-contra-inglaterra-e-espanha\/\" \/>\n<meta property=\"og:site_name\" content=\"Brasil not\u00edcias\" \/>\n<meta property=\"article:published_time\" content=\"2024-03-01T22:16:55+00:00\" \/>\n<meta property=\"og:image\" content=\"https:\/\/brasilnoticias.org\/site\/wp-content\/uploads\/2024\/03\/20240301135931_348.jpeg\" \/>\n\t<meta property=\"og:image:width\" content=\"910\" \/>\n\t<meta property=\"og:image:height\" content=\"607\" \/>\n\t<meta property=\"og:image:type\" content=\"image\/jpeg\" \/>\n<meta name=\"author\" content=\"Reda\u00e7\u00e3o\" \/>\n<meta name=\"twitter:card\" content=\"summary_large_image\" \/>\n<meta name=\"twitter:label1\" content=\"Escrito por\" \/>\n\t<meta name=\"twitter:data1\" content=\"Reda\u00e7\u00e3o\" \/>\n<script type=\"application\/ld+json\" class=\"yoast-schema-graph\">{\"@context\":\"https:\/\/schema.org\",\"@graph\":[{\"@type\":\"Article\",\"@id\":\"https:\/\/brasilnoticias.org\/site\/dorival-junior-apresenta-lista-de-convocados-para-amistosos-contra-inglaterra-e-espanha\/#article\",\"isPartOf\":{\"@id\":\"https:\/\/brasilnoticias.org\/site\/dorival-junior-apresenta-lista-de-convocados-para-amistosos-contra-inglaterra-e-espanha\/\"},\"author\":{\"name\":\"Reda\u00e7\u00e3o\",\"@id\":\"https:\/\/brasilnoticias.org\/site\/#\/schema\/person\/03bbbfe6c7634ad18c26444ea39049fa\"},\"headline\":\"Dorival J\u00fanior apresenta lista de convocados para amistosos contra Inglaterra e Espanha\",\"datePublished\":\"2024-03-01T22:16:55+00:00\",\"mainEntityOfPage\":{\"@id\":\"https:\/\/brasilnoticias.org\/site\/dorival-junior-apresenta-lista-de-convocados-para-amistosos-contra-inglaterra-e-espanha\/\"},\"wordCount\":319,\"commentCount\":0,\"publisher\":{\"@id\":\"https:\/\/brasilnoticias.org\/site\/#organization\"},\"image\":{\"@id\":\"https:\/\/brasilnoticias.org\/site\/dorival-junior-apresenta-lista-de-convocados-para-amistosos-contra-inglaterra-e-espanha\/#primaryimage\"},\"thumbnailUrl\":\"https:\/\/brasilnoticias.org\/site\/wp-content\/uploads\/2024\/03\/20240301135931_348.jpeg\",\"articleSection\":[\"Esporte\",\"\u00daltimas\"],\"inLanguage\":\"pt-PT\",\"potentialAction\":[{\"@type\":\"CommentAction\",\"name\":\"Comment\",\"target\":[\"https:\/\/brasilnoticias.org\/site\/dorival-junior-apresenta-lista-de-convocados-para-amistosos-contra-inglaterra-e-espanha\/#respond\"]}]},{\"@type\":\"WebPage\",\"@id\":\"https:\/\/brasilnoticias.org\/site\/dorival-junior-apresenta-lista-de-convocados-para-amistosos-contra-inglaterra-e-espanha\/\",\"url\":\"https:\/\/brasilnoticias.org\/site\/dorival-junior-apresenta-lista-de-convocados-para-amistosos-contra-inglaterra-e-espanha\/\",\"name\":\"Dorival J\u00fanior apresenta lista de convocados para amistosos contra Inglaterra e Espanha - Brasil not\u00edcias\",\"isPartOf\":{\"@id\":\"https:\/\/brasilnoticias.org\/site\/#website\"},\"primaryImageOfPage\":{\"@id\":\"https:\/\/brasilnoticias.org\/site\/dorival-junior-apresenta-lista-de-convocados-para-amistosos-contra-inglaterra-e-espanha\/#primaryimage\"},\"image\":{\"@id\":\"https:\/\/brasilnoticias.org\/site\/dorival-junior-apresenta-lista-de-convocados-para-amistosos-contra-inglaterra-e-espanha\/#primaryimage\"},\"thumbnailUrl\":\"https:\/\/brasilnoticias.org\/site\/wp-content\/uploads\/2024\/03\/20240301135931_348.jpeg\",\"datePublished\":\"2024-03-01T22:16:55+00:00\",\"breadcrumb\":{\"@id\":\"https:\/\/brasilnoticias.org\/site\/dorival-junior-apresenta-lista-de-convocados-para-amistosos-contra-inglaterra-e-espanha\/#breadcrumb\"},\"inLanguage\":\"pt-PT\",\"potentialAction\":[{\"@type\":\"ReadAction\",\"target\":[\"https:\/\/brasilnoticias.org\/site\/dorival-junior-apresenta-lista-de-convocados-para-amistosos-contra-inglaterra-e-espanha\/\"]}]},{\"@type\":\"ImageObject\",\"inLanguage\":\"pt-PT\",\"@id\":\"https:\/\/brasilnoticias.org\/site\/dorival-junior-apresenta-lista-de-convocados-para-amistosos-contra-inglaterra-e-espanha\/#primaryimage\",\"url\":\"https:\/\/brasilnoticias.org\/site\/wp-content\/uploads\/2024\/03\/20240301135931_348.jpeg\",\"contentUrl\":\"https:\/\/brasilnoticias.org\/site\/wp-content\/uploads\/2024\/03\/20240301135931_348.jpeg\",\"width\":910,\"height\":607},{\"@type\":\"BreadcrumbList\",\"@id\":\"https:\/\/brasilnoticias.org\/site\/dorival-junior-apresenta-lista-de-convocados-para-amistosos-contra-inglaterra-e-espanha\/#breadcrumb\",\"itemListElement\":[{\"@type\":\"ListItem\",\"position\":1,\"name\":\"In\u00edcio\",\"item\":\"https:\/\/brasilnoticias.org\/site\/\"},{\"@type\":\"ListItem\",\"position\":2,\"name\":\"Dorival J\u00fanior apresenta lista de convocados para amistosos contra Inglaterra e Espanha\"}]},{\"@type\":\"WebSite\",\"@id\":\"https:\/\/brasilnoticias.org\/site\/#website\",\"url\":\"https:\/\/brasilnoticias.org\/site\/\",\"name\":\"Brasil not\u00edcias\",\"description\":\"Brasil not\u00edcias\",\"publisher\":{\"@id\":\"https:\/\/brasilnoticias.org\/site\/#organization\"},\"potentialAction\":[{\"@type\":\"SearchAction\",\"target\":{\"@type\":\"EntryPoint\",\"urlTemplate\":\"https:\/\/brasilnoticias.org\/site\/?s={search_term_string}\"},\"query-input\":{\"@type\":\"PropertyValueSpecification\",\"valueRequired\":true,\"valueName\":\"search_term_string\"}}],\"inLanguage\":\"pt-PT\"},{\"@type\":\"Organization\",\"@id\":\"https:\/\/brasilnoticias.org\/site\/#organization\",\"name\":\"Brasil not\u00edcias\",\"url\":\"https:\/\/brasilnoticias.org\/site\/\",\"logo\":{\"@type\":\"ImageObject\",\"inLanguage\":\"pt-PT\",\"@id\":\"https:\/\/brasilnoticias.org\/site\/#\/schema\/logo\/image\/\",\"url\":\"https:\/\/brasilnoticias.org\/site\/wp-content\/uploads\/2022\/05\/cropped-brasilnoticias-mini.jpg\",\"contentUrl\":\"https:\/\/brasilnoticias.org\/site\/wp-content\/uploads\/2022\/05\/cropped-brasilnoticias-mini.jpg\",\"width\":314,\"height\":86,\"caption\":\"Brasil not\u00edcias\"},\"image\":{\"@id\":\"https:\/\/brasilnoticias.org\/site\/#\/schema\/logo\/image\/\"}},{\"@type\":\"Person\",\"@id\":\"https:\/\/brasilnoticias.org\/site\/#\/schema\/person\/03bbbfe6c7634ad18c26444ea39049fa\",\"name\":\"Reda\u00e7\u00e3o\",\"image\":{\"@type\":\"ImageObject\",\"inLanguage\":\"pt-PT\",\"@id\":\"https:\/\/brasilnoticias.org\/site\/#\/schema\/person\/image\/\",\"url\":\"https:\/\/secure.gravatar.com\/avatar\/9ecaf7327a696cb23ad926fedded5f1f04d7049de9e445375d55b48c001a6e42?s=96&d=mm&r=g\",\"contentUrl\":\"https:\/\/secure.gravatar.com\/avatar\/9ecaf7327a696cb23ad926fedded5f1f04d7049de9e445375d55b48c001a6e42?s=96&d=mm&r=g\",\"caption\":\"Reda\u00e7\u00e3o\"},\"url\":\"https:\/\/brasilnoticias.org\/site\/author\/henrique\/\"}]}<\/script>\n<!-- \/ Yoast SEO plugin. -->","yoast_head_json":{"title":"Dorival J\u00fanior apresenta lista de convocados para amistosos contra Inglaterra e Espanha - Brasil not\u00edcias","robots":{"index":"index","follow":"follow","max-snippet":"max-snippet:-1","max-image-preview":"max-image-preview:large","max-video-preview":"max-video-preview:-1"},"canonical":"https:\/\/brasilnoticias.org\/site\/dorival-junior-apresenta-lista-de-convocados-para-amistosos-contra-inglaterra-e-espanha\/","og_locale":"pt_PT","og_type":"article","og_title":"Dorival J\u00fanior apresenta lista de convocados para amistosos contra Inglaterra e Espanha - Brasil not\u00edcias","og_description":"O treinador falou sobre o in\u00edcio da reformula\u00e7\u00e3o na Sele\u00e7\u00e3o Canarinho. O treinador Dorival J\u00fanior divulgou nesta sexta-feira (1\/3) a","og_url":"https:\/\/brasilnoticias.org\/site\/dorival-junior-apresenta-lista-de-convocados-para-amistosos-contra-inglaterra-e-espanha\/","og_site_name":"Brasil not\u00edcias","article_published_time":"2024-03-01T22:16:55+00:00","og_image":[{"width":910,"height":607,"url":"https:\/\/brasilnoticias.org\/site\/wp-content\/uploads\/2024\/03\/20240301135931_348.jpeg","type":"image\/jpeg"}],"author":"Reda\u00e7\u00e3o","twitter_card":"summary_large_image","twitter_misc":{"Escrito por":"Reda\u00e7\u00e3o"},"schema":{"@context":"https:\/\/schema.org","@graph":[{"@type":"Article","@id":"https:\/\/brasilnoticias.org\/site\/dorival-junior-apresenta-lista-de-convocados-para-amistosos-contra-inglaterra-e-espanha\/#article","isPartOf":{"@id":"https:\/\/brasilnoticias.org\/site\/dorival-junior-apresenta-lista-de-convocados-para-amistosos-contra-inglaterra-e-espanha\/"},"author":{"name":"Reda\u00e7\u00e3o","@id":"https:\/\/brasilnoticias.org\/site\/#\/schema\/person\/03bbbfe6c7634ad18c26444ea39049fa"},"headline":"Dorival J\u00fanior apresenta lista de convocados para amistosos contra Inglaterra e Espanha","datePublished":"2024-03-01T22:16:55+00:00","mainEntityOfPage":{"@id":"https:\/\/brasilnoticias.org\/site\/dorival-junior-apresenta-lista-de-convocados-para-amistosos-contra-inglaterra-e-espanha\/"},"wordCount":319,"commentCount":0,"publisher":{"@id":"https:\/\/brasilnoticias.org\/site\/#organization"},"image":{"@id":"https:\/\/brasilnoticias.org\/site\/dorival-junior-apresenta-lista-de-convocados-para-amistosos-contra-inglaterra-e-espanha\/#primaryimage"},"thumbnailUrl":"https:\/\/brasilnoticias.org\/site\/wp-content\/uploads\/2024\/03\/20240301135931_348.jpeg","articleSection":["Esporte","\u00daltimas"],"inLanguage":"pt-PT","potentialAction":[{"@type":"CommentAction","name":"Comment","target":["https:\/\/brasilnoticias.org\/site\/dorival-junior-apresenta-lista-de-convocados-para-amistosos-contra-inglaterra-e-espanha\/#respond"]}]},{"@type":"WebPage","@id":"https:\/\/brasilnoticias.org\/site\/dorival-junior-apresenta-lista-de-convocados-para-amistosos-contra-inglaterra-e-espanha\/","url":"https:\/\/brasilnoticias.org\/site\/dorival-junior-apresenta-lista-de-convocados-para-amistosos-contra-inglaterra-e-espanha\/","name":"Dorival J\u00fanior apresenta lista de convocados para amistosos contra Inglaterra e Espanha - Brasil not\u00edcias","isPartOf":{"@id":"https:\/\/brasilnoticias.org\/site\/#website"},"primaryImageOfPage":{"@id":"https:\/\/brasilnoticias.org\/site\/dorival-junior-apresenta-lista-de-convocados-para-amistosos-contra-inglaterra-e-espanha\/#primaryimage"},"image":{"@id":"https:\/\/brasilnoticias.org\/site\/dorival-junior-apresenta-lista-de-convocados-para-amistosos-contra-inglaterra-e-espanha\/#primaryimage"},"thumbnailUrl":"https:\/\/brasilnoticias.org\/site\/wp-content\/uploads\/2024\/03\/20240301135931_348.jpeg","datePublished":"2024-03-01T22:16:55+00:00","breadcrumb":{"@id":"https:\/\/brasilnoticias.org\/site\/dorival-junior-apresenta-lista-de-convocados-para-amistosos-contra-inglaterra-e-espanha\/#breadcrumb"},"inLanguage":"pt-PT","potentialAction":[{"@type":"ReadAction","target":["https:\/\/brasilnoticias.org\/site\/dorival-junior-apresenta-lista-de-convocados-para-amistosos-contra-inglaterra-e-espanha\/"]}]},{"@type":"ImageObject","inLanguage":"pt-PT","@id":"https:\/\/brasilnoticias.org\/site\/dorival-junior-apresenta-lista-de-convocados-para-amistosos-contra-inglaterra-e-espanha\/#primaryimage","url":"https:\/\/brasilnoticias.org\/site\/wp-content\/uploads\/2024\/03\/20240301135931_348.jpeg","contentUrl":"https:\/\/brasilnoticias.org\/site\/wp-content\/uploads\/2024\/03\/20240301135931_348.jpeg","width":910,"height":607},{"@type":"BreadcrumbList","@id":"https:\/\/brasilnoticias.org\/site\/dorival-junior-apresenta-lista-de-convocados-para-amistosos-contra-inglaterra-e-espanha\/#breadcrumb","itemListElement":[{"@type":"ListItem","position":1,"name":"In\u00edcio","item":"https:\/\/brasilnoticias.org\/site\/"},{"@type":"ListItem","position":2,"name":"Dorival J\u00fanior apresenta lista de convocados para amistosos contra Inglaterra e Espanha"}]},{"@type":"WebSite","@id":"https:\/\/brasilnoticias.org\/site\/#website","url":"https:\/\/brasilnoticias.org\/site\/","name":"Brasil not\u00edcias","description":"Brasil not\u00edcias","publisher":{"@id":"https:\/\/brasilnoticias.org\/site\/#organization"},"potentialAction":[{"@type":"SearchAction","target":{"@type":"EntryPoint","urlTemplate":"https:\/\/brasilnoticias.org\/site\/?s={search_term_string}"},"query-input":{"@type":"PropertyValueSpecification","valueRequired":true,"valueName":"search_term_string"}}],"inLanguage":"pt-PT"},{"@type":"Organization","@id":"https:\/\/brasilnoticias.org\/site\/#organization","name":"Brasil not\u00edcias","url":"https:\/\/brasilnoticias.org\/site\/","logo":{"@type":"ImageObject","inLanguage":"pt-PT","@id":"https:\/\/brasilnoticias.org\/site\/#\/schema\/logo\/image\/","url":"https:\/\/brasilnoticias.org\/site\/wp-content\/uploads\/2022\/05\/cropped-brasilnoticias-mini.jpg","contentUrl":"https:\/\/brasilnoticias.org\/site\/wp-content\/uploads\/2022\/05\/cropped-brasilnoticias-mini.jpg","width":314,"height":86,"caption":"Brasil not\u00edcias"},"image":{"@id":"https:\/\/brasilnoticias.org\/site\/#\/schema\/logo\/image\/"}},{"@type":"Person","@id":"https:\/\/brasilnoticias.org\/site\/#\/schema\/person\/03bbbfe6c7634ad18c26444ea39049fa","name":"Reda\u00e7\u00e3o","image":{"@type":"ImageObject","inLanguage":"pt-PT","@id":"https:\/\/brasilnoticias.org\/site\/#\/schema\/person\/image\/","url":"https:\/\/secure.gravatar.com\/avatar\/9ecaf7327a696cb23ad926fedded5f1f04d7049de9e445375d55b48c001a6e42?s=96&d=mm&r=g","contentUrl":"https:\/\/secure.gravatar.com\/avatar\/9ecaf7327a696cb23ad926fedded5f1f04d7049de9e445375d55b48c001a6e42?s=96&d=mm&r=g","caption":"Reda\u00e7\u00e3o"},"url":"https:\/\/brasilnoticias.org\/site\/author\/henrique\/"}]}},"_links":{"self":[{"href":"https:\/\/brasilnoticias.org\/site\/wp-json\/wp\/v2\/posts\/12928","targetHints":{"allow":["GET"]}}],"collection":[{"href":"https:\/\/brasilnoticias.org\/site\/wp-json\/wp\/v2\/posts"}],"about":[{"href":"https:\/\/brasilnoticias.org\/site\/wp-json\/wp\/v2\/types\/post"}],"author":[{"embeddable":true,"href":"https:\/\/brasilnoticias.org\/site\/wp-json\/wp\/v2\/users\/4"}],"replies":[{"embeddable":true,"href":"https:\/\/brasilnoticias.org\/site\/wp-json\/wp\/v2\/comments?post=12928"}],"version-history":[{"count":1,"href":"https:\/\/brasilnoticias.org\/site\/wp-json\/wp\/v2\/posts\/12928\/revisions"}],"predecessor-version":[{"id":12930,"href":"https:\/\/brasilnoticias.org\/site\/wp-json\/wp\/v2\/posts\/12928\/revisions\/12930"}],"wp:featuredmedia":[{"embeddable":true,"href":"https:\/\/brasilnoticias.org\/site\/wp-json\/wp\/v2\/media\/12929"}],"wp:attachment":[{"href":"https:\/\/brasilnoticias.org\/site\/wp-json\/wp\/v2\/media?parent=12928"}],"wp:term":[{"taxonomy":"category","embeddable":true,"href":"https:\/\/brasilnoticias.org\/site\/wp-json\/wp\/v2\/categories?post=12928"},{"taxonomy":"post_tag","embeddable":true,"href":"https:\/\/brasilnoticias.org\/site\/wp-json\/wp\/v2\/tags?post=12928"}],"curies":[{"name":"wp","href":"https:\/\/api.w.org\/{rel}","templated":true}]}}