{"id":12936,"date":"2024-03-01T19:21:43","date_gmt":"2024-03-01T22:21:43","guid":{"rendered":"https:\/\/brasilnoticias.org\/site\/?p=12936"},"modified":"2024-03-01T19:21:43","modified_gmt":"2024-03-01T22:21:43","slug":"cetas-inema-realiza-tratamento-e-soltura-de-cachorro-do-mato-vitima-de-atropelamento-em-praia-do-forte","status":"publish","type":"post","link":"https:\/\/brasilnoticias.org\/site\/cetas-inema-realiza-tratamento-e-soltura-de-cachorro-do-mato-vitima-de-atropelamento-em-praia-do-forte\/","title":{"rendered":"Cetas\/Inema realiza tratamento e soltura de cachorro-do-mato v\u00edtima de atropelamento em Praia do Forte"},"content":{"rendered":"<p>Uma hist\u00f3ria que come\u00e7ou no dia 10 de janeiro, quando o Centro Estadual de Triagem de Animais Silvestres do Inema (Cetas) foi acionado para fazer o resgate de um cachorro-do-mato (Cerdocyon thous) atropelado na Linha Verde, em Praia do Forte.  Foram 40 dias de tratamento e reabilita\u00e7\u00e3o, at\u00e9 que o t\u00e3o aguardado momento chegou: o dia do retorno ao lar, em uma \u00e1rea preservada no Litoral Norte do Estado.<\/p>\n<p>O animal foi encontrado em estado cl\u00ednico grave, com politraumatismo, fraturas em quadril, esc\u00e1pula e costelas. \u201cInicialmente a equipe fez uma avalia\u00e7\u00e3o das condi\u00e7\u00f5es f\u00edsicas e de sa\u00fade do animal, verificando a necessidade de uma cirurgia de emerg\u00eancia. A interven\u00e7\u00e3o foi um sucesso, o animal respondeu muito bem aos procedimentos realizados, tendo uma excelente recupera\u00e7\u00e3o. Com a alta cl\u00ednica, deu-se in\u00edcio \u00e0 reabilita\u00e7\u00e3o, ou seja, um trabalho para restabelecer os seus movimentos naturais, al\u00e9m da ado\u00e7\u00e3o de t\u00e9cnicas para manter seus h\u00e1bitos alimentares e comportamentais, at\u00e9 a reintrodu\u00e7\u00e3o do animal \u00e0 natureza\u201d, explicou o m\u00e9dico veterin\u00e1rio do Cetas\/ Inema, M\u00e1rcio Andrade.   <\/p>\n<p>O Cetas conta com uma equipe multidisciplinar, s\u00e3o especialistas nas mais diversas \u00e1reas da gest\u00e3o da fauna silvestre, al\u00e9m de equipamentos para avalia\u00e7\u00e3o e tratamento das condi\u00e7\u00f5es f\u00edsicas e de sa\u00fade de cada esp\u00e9cie.<\/p>\n<p>A esp\u00e9cie<\/p>\n<p>A esp\u00e9cie tem ampla distribui\u00e7\u00e3o geogr\u00e1fica na Am\u00e9rica do Sul e habita todos os biomas brasileiros, preferencialmente \u00e1reas abertas, campos e cerrados. \u00c9 um animal territorialista de dieta on\u00edvora, que varia dependendo da esta\u00e7\u00e3o e tipo de bioma, geralmente incluem frutos e pequenos mam\u00edferos, mas tamb\u00e9m podem se alimentar de aves, r\u00e9pteis e anf\u00edbios.<\/p>\n<p>Encontrou animal silvestre ferido, longe de seu habitat natural andando por rodovias, pra\u00e7as e resid\u00eancias, ou pretende fazer uma entrega volunt\u00e1ria, solicite imediatamente o resgate atrav\u00e9s do WhatsApp (71) 99661-3998.<\/p>\n","protected":false},"excerpt":{"rendered":"<p>Uma hist\u00f3ria que come\u00e7ou no dia 10 de janeiro, quando o Centro Estadual de Triagem de Animais Silvestres do Inema<\/p>\n","protected":false},"author":4,"featured_media":12937,"comment_status":"open","ping_status":"open","sticky":false,"template":"","format":"standard","meta":{"colormag_page_container_layout":"default_layout","colormag_page_sidebar_layout":"default_layout","_FSMCFIC_featured_image_caption":"","_FSMCFIC_featured_image_nocaption":"","_FSMCFIC_featured_image_hide":"","footnotes":""},"categories":[2,1],"tags":[],"class_list":["post-12936","post","type-post","status-publish","format-standard","has-post-thumbnail","hentry","category-noticias","category-ultimas"],"yoast_head":"<!-- This site is optimized with the Yoast SEO plugin v27.1.1 - https:\/\/yoast.com\/product\/yoast-seo-wordpress\/ -->\n<title>Cetas\/Inema realiza tratamento e soltura de cachorro-do-mato v\u00edtima de atropelamento em Praia do Forte - Brasil not\u00edcias<\/title>\n<meta name=\"robots\" content=\"index, follow, max-snippet:-1, max-image-preview:large, max-video-preview:-1\" \/>\n<link rel=\"canonical\" href=\"https:\/\/brasilnoticias.org\/site\/cetas-inema-realiza-tratamento-e-soltura-de-cachorro-do-mato-vitima-de-atropelamento-em-praia-do-forte\/\" \/>\n<meta property=\"og:locale\" content=\"pt_PT\" \/>\n<meta property=\"og:type\" content=\"article\" \/>\n<meta property=\"og:title\" content=\"Cetas\/Inema realiza tratamento e soltura de cachorro-do-mato v\u00edtima de atropelamento em Praia do Forte - Brasil not\u00edcias\" \/>\n<meta property=\"og:description\" content=\"Uma hist\u00f3ria que come\u00e7ou no dia 10 de janeiro, quando o Centro Estadual de Triagem de Animais Silvestres do Inema\" \/>\n<meta property=\"og:url\" content=\"https:\/\/brasilnoticias.org\/site\/cetas-inema-realiza-tratamento-e-soltura-de-cachorro-do-mato-vitima-de-atropelamento-em-praia-do-forte\/\" \/>\n<meta property=\"og:site_name\" content=\"Brasil not\u00edcias\" \/>\n<meta property=\"article:published_time\" content=\"2024-03-01T22:21:43+00:00\" \/>\n<meta property=\"og:image\" content=\"https:\/\/brasilnoticias.org\/site\/wp-content\/uploads\/2024\/03\/IMAGEM_NOTICIA_2.jpg\" \/>\n\t<meta property=\"og:image:width\" content=\"300\" \/>\n\t<meta property=\"og:image:height\" content=\"200\" \/>\n\t<meta property=\"og:image:type\" content=\"image\/jpeg\" \/>\n<meta name=\"author\" content=\"Reda\u00e7\u00e3o\" \/>\n<meta name=\"twitter:card\" content=\"summary_large_image\" \/>\n<meta name=\"twitter:label1\" content=\"Escrito por\" \/>\n\t<meta name=\"twitter:data1\" content=\"Reda\u00e7\u00e3o\" \/>\n\t<meta name=\"twitter:label2\" content=\"Tempo estimado de leitura\" \/>\n\t<meta name=\"twitter:data2\" content=\"1 minuto\" \/>\n<script type=\"application\/ld+json\" class=\"yoast-schema-graph\">{\"@context\":\"https:\/\/schema.org\",\"@graph\":[{\"@type\":\"Article\",\"@id\":\"https:\/\/brasilnoticias.org\/site\/cetas-inema-realiza-tratamento-e-soltura-de-cachorro-do-mato-vitima-de-atropelamento-em-praia-do-forte\/#article\",\"isPartOf\":{\"@id\":\"https:\/\/brasilnoticias.org\/site\/cetas-inema-realiza-tratamento-e-soltura-de-cachorro-do-mato-vitima-de-atropelamento-em-praia-do-forte\/\"},\"author\":{\"name\":\"Reda\u00e7\u00e3o\",\"@id\":\"https:\/\/brasilnoticias.org\/site\/#\/schema\/person\/03bbbfe6c7634ad18c26444ea39049fa\"},\"headline\":\"Cetas\/Inema realiza tratamento e soltura de cachorro-do-mato v\u00edtima de atropelamento em Praia do Forte\",\"datePublished\":\"2024-03-01T22:21:43+00:00\",\"mainEntityOfPage\":{\"@id\":\"https:\/\/brasilnoticias.org\/site\/cetas-inema-realiza-tratamento-e-soltura-de-cachorro-do-mato-vitima-de-atropelamento-em-praia-do-forte\/\"},\"wordCount\":347,\"commentCount\":0,\"publisher\":{\"@id\":\"https:\/\/brasilnoticias.org\/site\/#organization\"},\"image\":{\"@id\":\"https:\/\/brasilnoticias.org\/site\/cetas-inema-realiza-tratamento-e-soltura-de-cachorro-do-mato-vitima-de-atropelamento-em-praia-do-forte\/#primaryimage\"},\"thumbnailUrl\":\"https:\/\/brasilnoticias.org\/site\/wp-content\/uploads\/2024\/03\/IMAGEM_NOTICIA_2.jpg\",\"articleSection\":[\"Not\u00edcias\",\"\u00daltimas\"],\"inLanguage\":\"pt-PT\",\"potentialAction\":[{\"@type\":\"CommentAction\",\"name\":\"Comment\",\"target\":[\"https:\/\/brasilnoticias.org\/site\/cetas-inema-realiza-tratamento-e-soltura-de-cachorro-do-mato-vitima-de-atropelamento-em-praia-do-forte\/#respond\"]}]},{\"@type\":\"WebPage\",\"@id\":\"https:\/\/brasilnoticias.org\/site\/cetas-inema-realiza-tratamento-e-soltura-de-cachorro-do-mato-vitima-de-atropelamento-em-praia-do-forte\/\",\"url\":\"https:\/\/brasilnoticias.org\/site\/cetas-inema-realiza-tratamento-e-soltura-de-cachorro-do-mato-vitima-de-atropelamento-em-praia-do-forte\/\",\"name\":\"Cetas\/Inema realiza tratamento e soltura de cachorro-do-mato v\u00edtima de atropelamento em Praia do Forte - Brasil not\u00edcias\",\"isPartOf\":{\"@id\":\"https:\/\/brasilnoticias.org\/site\/#website\"},\"primaryImageOfPage\":{\"@id\":\"https:\/\/brasilnoticias.org\/site\/cetas-inema-realiza-tratamento-e-soltura-de-cachorro-do-mato-vitima-de-atropelamento-em-praia-do-forte\/#primaryimage\"},\"image\":{\"@id\":\"https:\/\/brasilnoticias.org\/site\/cetas-inema-realiza-tratamento-e-soltura-de-cachorro-do-mato-vitima-de-atropelamento-em-praia-do-forte\/#primaryimage\"},\"thumbnailUrl\":\"https:\/\/brasilnoticias.org\/site\/wp-content\/uploads\/2024\/03\/IMAGEM_NOTICIA_2.jpg\",\"datePublished\":\"2024-03-01T22:21:43+00:00\",\"breadcrumb\":{\"@id\":\"https:\/\/brasilnoticias.org\/site\/cetas-inema-realiza-tratamento-e-soltura-de-cachorro-do-mato-vitima-de-atropelamento-em-praia-do-forte\/#breadcrumb\"},\"inLanguage\":\"pt-PT\",\"potentialAction\":[{\"@type\":\"ReadAction\",\"target\":[\"https:\/\/brasilnoticias.org\/site\/cetas-inema-realiza-tratamento-e-soltura-de-cachorro-do-mato-vitima-de-atropelamento-em-praia-do-forte\/\"]}]},{\"@type\":\"ImageObject\",\"inLanguage\":\"pt-PT\",\"@id\":\"https:\/\/brasilnoticias.org\/site\/cetas-inema-realiza-tratamento-e-soltura-de-cachorro-do-mato-vitima-de-atropelamento-em-praia-do-forte\/#primaryimage\",\"url\":\"https:\/\/brasilnoticias.org\/site\/wp-content\/uploads\/2024\/03\/IMAGEM_NOTICIA_2.jpg\",\"contentUrl\":\"https:\/\/brasilnoticias.org\/site\/wp-content\/uploads\/2024\/03\/IMAGEM_NOTICIA_2.jpg\",\"width\":300,\"height\":200},{\"@type\":\"BreadcrumbList\",\"@id\":\"https:\/\/brasilnoticias.org\/site\/cetas-inema-realiza-tratamento-e-soltura-de-cachorro-do-mato-vitima-de-atropelamento-em-praia-do-forte\/#breadcrumb\",\"itemListElement\":[{\"@type\":\"ListItem\",\"position\":1,\"name\":\"In\u00edcio\",\"item\":\"https:\/\/brasilnoticias.org\/site\/\"},{\"@type\":\"ListItem\",\"position\":2,\"name\":\"Cetas\/Inema realiza tratamento e soltura de cachorro-do-mato v\u00edtima de atropelamento em Praia do Forte\"}]},{\"@type\":\"WebSite\",\"@id\":\"https:\/\/brasilnoticias.org\/site\/#website\",\"url\":\"https:\/\/brasilnoticias.org\/site\/\",\"name\":\"Brasil not\u00edcias\",\"description\":\"Brasil not\u00edcias\",\"publisher\":{\"@id\":\"https:\/\/brasilnoticias.org\/site\/#organization\"},\"potentialAction\":[{\"@type\":\"SearchAction\",\"target\":{\"@type\":\"EntryPoint\",\"urlTemplate\":\"https:\/\/brasilnoticias.org\/site\/?s={search_term_string}\"},\"query-input\":{\"@type\":\"PropertyValueSpecification\",\"valueRequired\":true,\"valueName\":\"search_term_string\"}}],\"inLanguage\":\"pt-PT\"},{\"@type\":\"Organization\",\"@id\":\"https:\/\/brasilnoticias.org\/site\/#organization\",\"name\":\"Brasil not\u00edcias\",\"url\":\"https:\/\/brasilnoticias.org\/site\/\",\"logo\":{\"@type\":\"ImageObject\",\"inLanguage\":\"pt-PT\",\"@id\":\"https:\/\/brasilnoticias.org\/site\/#\/schema\/logo\/image\/\",\"url\":\"https:\/\/brasilnoticias.org\/site\/wp-content\/uploads\/2022\/05\/cropped-brasilnoticias-mini.jpg\",\"contentUrl\":\"https:\/\/brasilnoticias.org\/site\/wp-content\/uploads\/2022\/05\/cropped-brasilnoticias-mini.jpg\",\"width\":314,\"height\":86,\"caption\":\"Brasil not\u00edcias\"},\"image\":{\"@id\":\"https:\/\/brasilnoticias.org\/site\/#\/schema\/logo\/image\/\"}},{\"@type\":\"Person\",\"@id\":\"https:\/\/brasilnoticias.org\/site\/#\/schema\/person\/03bbbfe6c7634ad18c26444ea39049fa\",\"name\":\"Reda\u00e7\u00e3o\",\"image\":{\"@type\":\"ImageObject\",\"inLanguage\":\"pt-PT\",\"@id\":\"https:\/\/brasilnoticias.org\/site\/#\/schema\/person\/image\/\",\"url\":\"https:\/\/secure.gravatar.com\/avatar\/9ecaf7327a696cb23ad926fedded5f1f04d7049de9e445375d55b48c001a6e42?s=96&d=mm&r=g\",\"contentUrl\":\"https:\/\/secure.gravatar.com\/avatar\/9ecaf7327a696cb23ad926fedded5f1f04d7049de9e445375d55b48c001a6e42?s=96&d=mm&r=g\",\"caption\":\"Reda\u00e7\u00e3o\"},\"url\":\"https:\/\/brasilnoticias.org\/site\/author\/henrique\/\"}]}<\/script>\n<!-- \/ Yoast SEO plugin. -->","yoast_head_json":{"title":"Cetas\/Inema realiza tratamento e soltura de cachorro-do-mato v\u00edtima de atropelamento em Praia do Forte - Brasil not\u00edcias","robots":{"index":"index","follow":"follow","max-snippet":"max-snippet:-1","max-image-preview":"max-image-preview:large","max-video-preview":"max-video-preview:-1"},"canonical":"https:\/\/brasilnoticias.org\/site\/cetas-inema-realiza-tratamento-e-soltura-de-cachorro-do-mato-vitima-de-atropelamento-em-praia-do-forte\/","og_locale":"pt_PT","og_type":"article","og_title":"Cetas\/Inema realiza tratamento e soltura de cachorro-do-mato v\u00edtima de atropelamento em Praia do Forte - Brasil not\u00edcias","og_description":"Uma hist\u00f3ria que come\u00e7ou no dia 10 de janeiro, quando o Centro Estadual de Triagem de Animais Silvestres do Inema","og_url":"https:\/\/brasilnoticias.org\/site\/cetas-inema-realiza-tratamento-e-soltura-de-cachorro-do-mato-vitima-de-atropelamento-em-praia-do-forte\/","og_site_name":"Brasil not\u00edcias","article_published_time":"2024-03-01T22:21:43+00:00","og_image":[{"width":300,"height":200,"url":"https:\/\/brasilnoticias.org\/site\/wp-content\/uploads\/2024\/03\/IMAGEM_NOTICIA_2.jpg","type":"image\/jpeg"}],"author":"Reda\u00e7\u00e3o","twitter_card":"summary_large_image","twitter_misc":{"Escrito por":"Reda\u00e7\u00e3o","Tempo estimado de leitura":"1 minuto"},"schema":{"@context":"https:\/\/schema.org","@graph":[{"@type":"Article","@id":"https:\/\/brasilnoticias.org\/site\/cetas-inema-realiza-tratamento-e-soltura-de-cachorro-do-mato-vitima-de-atropelamento-em-praia-do-forte\/#article","isPartOf":{"@id":"https:\/\/brasilnoticias.org\/site\/cetas-inema-realiza-tratamento-e-soltura-de-cachorro-do-mato-vitima-de-atropelamento-em-praia-do-forte\/"},"author":{"name":"Reda\u00e7\u00e3o","@id":"https:\/\/brasilnoticias.org\/site\/#\/schema\/person\/03bbbfe6c7634ad18c26444ea39049fa"},"headline":"Cetas\/Inema realiza tratamento e soltura de cachorro-do-mato v\u00edtima de atropelamento em Praia do Forte","datePublished":"2024-03-01T22:21:43+00:00","mainEntityOfPage":{"@id":"https:\/\/brasilnoticias.org\/site\/cetas-inema-realiza-tratamento-e-soltura-de-cachorro-do-mato-vitima-de-atropelamento-em-praia-do-forte\/"},"wordCount":347,"commentCount":0,"publisher":{"@id":"https:\/\/brasilnoticias.org\/site\/#organization"},"image":{"@id":"https:\/\/brasilnoticias.org\/site\/cetas-inema-realiza-tratamento-e-soltura-de-cachorro-do-mato-vitima-de-atropelamento-em-praia-do-forte\/#primaryimage"},"thumbnailUrl":"https:\/\/brasilnoticias.org\/site\/wp-content\/uploads\/2024\/03\/IMAGEM_NOTICIA_2.jpg","articleSection":["Not\u00edcias","\u00daltimas"],"inLanguage":"pt-PT","potentialAction":[{"@type":"CommentAction","name":"Comment","target":["https:\/\/brasilnoticias.org\/site\/cetas-inema-realiza-tratamento-e-soltura-de-cachorro-do-mato-vitima-de-atropelamento-em-praia-do-forte\/#respond"]}]},{"@type":"WebPage","@id":"https:\/\/brasilnoticias.org\/site\/cetas-inema-realiza-tratamento-e-soltura-de-cachorro-do-mato-vitima-de-atropelamento-em-praia-do-forte\/","url":"https:\/\/brasilnoticias.org\/site\/cetas-inema-realiza-tratamento-e-soltura-de-cachorro-do-mato-vitima-de-atropelamento-em-praia-do-forte\/","name":"Cetas\/Inema realiza tratamento e soltura de cachorro-do-mato v\u00edtima de atropelamento em Praia do Forte - Brasil not\u00edcias","isPartOf":{"@id":"https:\/\/brasilnoticias.org\/site\/#website"},"primaryImageOfPage":{"@id":"https:\/\/brasilnoticias.org\/site\/cetas-inema-realiza-tratamento-e-soltura-de-cachorro-do-mato-vitima-de-atropelamento-em-praia-do-forte\/#primaryimage"},"image":{"@id":"https:\/\/brasilnoticias.org\/site\/cetas-inema-realiza-tratamento-e-soltura-de-cachorro-do-mato-vitima-de-atropelamento-em-praia-do-forte\/#primaryimage"},"thumbnailUrl":"https:\/\/brasilnoticias.org\/site\/wp-content\/uploads\/2024\/03\/IMAGEM_NOTICIA_2.jpg","datePublished":"2024-03-01T22:21:43+00:00","breadcrumb":{"@id":"https:\/\/brasilnoticias.org\/site\/cetas-inema-realiza-tratamento-e-soltura-de-cachorro-do-mato-vitima-de-atropelamento-em-praia-do-forte\/#breadcrumb"},"inLanguage":"pt-PT","potentialAction":[{"@type":"ReadAction","target":["https:\/\/brasilnoticias.org\/site\/cetas-inema-realiza-tratamento-e-soltura-de-cachorro-do-mato-vitima-de-atropelamento-em-praia-do-forte\/"]}]},{"@type":"ImageObject","inLanguage":"pt-PT","@id":"https:\/\/brasilnoticias.org\/site\/cetas-inema-realiza-tratamento-e-soltura-de-cachorro-do-mato-vitima-de-atropelamento-em-praia-do-forte\/#primaryimage","url":"https:\/\/brasilnoticias.org\/site\/wp-content\/uploads\/2024\/03\/IMAGEM_NOTICIA_2.jpg","contentUrl":"https:\/\/brasilnoticias.org\/site\/wp-content\/uploads\/2024\/03\/IMAGEM_NOTICIA_2.jpg","width":300,"height":200},{"@type":"BreadcrumbList","@id":"https:\/\/brasilnoticias.org\/site\/cetas-inema-realiza-tratamento-e-soltura-de-cachorro-do-mato-vitima-de-atropelamento-em-praia-do-forte\/#breadcrumb","itemListElement":[{"@type":"ListItem","position":1,"name":"In\u00edcio","item":"https:\/\/brasilnoticias.org\/site\/"},{"@type":"ListItem","position":2,"name":"Cetas\/Inema realiza tratamento e soltura de cachorro-do-mato v\u00edtima de atropelamento em Praia do Forte"}]},{"@type":"WebSite","@id":"https:\/\/brasilnoticias.org\/site\/#website","url":"https:\/\/brasilnoticias.org\/site\/","name":"Brasil not\u00edcias","description":"Brasil not\u00edcias","publisher":{"@id":"https:\/\/brasilnoticias.org\/site\/#organization"},"potentialAction":[{"@type":"SearchAction","target":{"@type":"EntryPoint","urlTemplate":"https:\/\/brasilnoticias.org\/site\/?s={search_term_string}"},"query-input":{"@type":"PropertyValueSpecification","valueRequired":true,"valueName":"search_term_string"}}],"inLanguage":"pt-PT"},{"@type":"Organization","@id":"https:\/\/brasilnoticias.org\/site\/#organization","name":"Brasil not\u00edcias","url":"https:\/\/brasilnoticias.org\/site\/","logo":{"@type":"ImageObject","inLanguage":"pt-PT","@id":"https:\/\/brasilnoticias.org\/site\/#\/schema\/logo\/image\/","url":"https:\/\/brasilnoticias.org\/site\/wp-content\/uploads\/2022\/05\/cropped-brasilnoticias-mini.jpg","contentUrl":"https:\/\/brasilnoticias.org\/site\/wp-content\/uploads\/2022\/05\/cropped-brasilnoticias-mini.jpg","width":314,"height":86,"caption":"Brasil not\u00edcias"},"image":{"@id":"https:\/\/brasilnoticias.org\/site\/#\/schema\/logo\/image\/"}},{"@type":"Person","@id":"https:\/\/brasilnoticias.org\/site\/#\/schema\/person\/03bbbfe6c7634ad18c26444ea39049fa","name":"Reda\u00e7\u00e3o","image":{"@type":"ImageObject","inLanguage":"pt-PT","@id":"https:\/\/brasilnoticias.org\/site\/#\/schema\/person\/image\/","url":"https:\/\/secure.gravatar.com\/avatar\/9ecaf7327a696cb23ad926fedded5f1f04d7049de9e445375d55b48c001a6e42?s=96&d=mm&r=g","contentUrl":"https:\/\/secure.gravatar.com\/avatar\/9ecaf7327a696cb23ad926fedded5f1f04d7049de9e445375d55b48c001a6e42?s=96&d=mm&r=g","caption":"Reda\u00e7\u00e3o"},"url":"https:\/\/brasilnoticias.org\/site\/author\/henrique\/"}]}},"_links":{"self":[{"href":"https:\/\/brasilnoticias.org\/site\/wp-json\/wp\/v2\/posts\/12936","targetHints":{"allow":["GET"]}}],"collection":[{"href":"https:\/\/brasilnoticias.org\/site\/wp-json\/wp\/v2\/posts"}],"about":[{"href":"https:\/\/brasilnoticias.org\/site\/wp-json\/wp\/v2\/types\/post"}],"author":[{"embeddable":true,"href":"https:\/\/brasilnoticias.org\/site\/wp-json\/wp\/v2\/users\/4"}],"replies":[{"embeddable":true,"href":"https:\/\/brasilnoticias.org\/site\/wp-json\/wp\/v2\/comments?post=12936"}],"version-history":[{"count":1,"href":"https:\/\/brasilnoticias.org\/site\/wp-json\/wp\/v2\/posts\/12936\/revisions"}],"predecessor-version":[{"id":12938,"href":"https:\/\/brasilnoticias.org\/site\/wp-json\/wp\/v2\/posts\/12936\/revisions\/12938"}],"wp:featuredmedia":[{"embeddable":true,"href":"https:\/\/brasilnoticias.org\/site\/wp-json\/wp\/v2\/media\/12937"}],"wp:attachment":[{"href":"https:\/\/brasilnoticias.org\/site\/wp-json\/wp\/v2\/media?parent=12936"}],"wp:term":[{"taxonomy":"category","embeddable":true,"href":"https:\/\/brasilnoticias.org\/site\/wp-json\/wp\/v2\/categories?post=12936"},{"taxonomy":"post_tag","embeddable":true,"href":"https:\/\/brasilnoticias.org\/site\/wp-json\/wp\/v2\/tags?post=12936"}],"curies":[{"name":"wp","href":"https:\/\/api.w.org\/{rel}","templated":true}]}}