{"id":12943,"date":"2024-03-02T17:57:16","date_gmt":"2024-03-02T20:57:16","guid":{"rendered":"https:\/\/brasilnoticias.org\/site\/?p=12943"},"modified":"2024-03-02T17:57:16","modified_gmt":"2024-03-02T20:57:16","slug":"governador-participa-da-posse-do-novo-procurador-geral-de-justica-da-bahia","status":"publish","type":"post","link":"https:\/\/brasilnoticias.org\/site\/governador-participa-da-posse-do-novo-procurador-geral-de-justica-da-bahia\/","title":{"rendered":"Governador participa da posse do novo procurador-geral de Justi\u00e7a da Bahia"},"content":{"rendered":"<p>O governador Jer\u00f4nimo Rodrigues participou, na tarde desta sexta-feira (1\u00b0), do ato de posse do promotor de Justi\u00e7a Pedro Maia, do Minist\u00e9rio P\u00fablico da Bahia (MP-BA), para o cargo de procurador-geral de Justi\u00e7a da Bahia para o Bi\u00eanio 2024-2026, que aconteceu na sede do \u00f3rg\u00e3o, no Centro Administrativo da Bahia (CAB), em Salvador.<\/p>\n<p>&#8220;Uma data como esta \u00e9, tamb\u00e9m, uma aposta, uma esperan\u00e7a que aqueles que participaram do processo seletivo depositam. Ent\u00e3o, n\u00f3s estamos aqui com uma responsabilidade cada vez maior da institui\u00e7\u00e3o. E eu tenho certeza que sua juventude, suas ideias de intelig\u00eancia, com sua equipe montada, dar\u00e1 conta disso. O Minist\u00e9rio P\u00fablico \u00e9 uma pe\u00e7a fundamental no complexo e arrojado sistema judici\u00e1rio brasileiro da defesa das liberdades e das garantias fundamentais&#8221;, afirmou o governador.<\/p>\n<p>O novo procurador Pedro Maia recebeu 569 votos nas elei\u00e7\u00f5es do MP-BA, chegando a 98% dos votos \u2014 o maior n\u00famero, em valores absolutos e percentuais, recebido por um candidato na disputa ao cargo at\u00e9 o momento. Nomeado no dia 21 de dezembro, Maia substitui a atual procuradora-geral de Justi\u00e7a, Norma Cavalcanti. <\/p>\n<p>Da posse tamb\u00e9m participaram a procuradora de justi\u00e7a Norma Cavalcanti; Pedro Maia Souza Marques, procurador-geral de justi\u00e7a do Estado da Bahia e presidente do Egr\u00e9gio Col\u00e9gio de Procuradores de Justi\u00e7a; e outras autoridades.<\/p>\n<p>Foto: Matheus Landim\/GOVBA<\/p>\n","protected":false},"excerpt":{"rendered":"<p>O governador Jer\u00f4nimo Rodrigues participou, na tarde desta sexta-feira (1\u00b0), do ato de posse do promotor de Justi\u00e7a Pedro Maia,<\/p>\n","protected":false},"author":4,"featured_media":12944,"comment_status":"open","ping_status":"open","sticky":false,"template":"","format":"standard","meta":{"colormag_page_container_layout":"default_layout","colormag_page_sidebar_layout":"default_layout","_FSMCFIC_featured_image_caption":"","_FSMCFIC_featured_image_nocaption":"","_FSMCFIC_featured_image_hide":"","footnotes":""},"categories":[7,1],"tags":[],"class_list":["post-12943","post","type-post","status-publish","format-standard","has-post-thumbnail","hentry","category-justica","category-ultimas"],"yoast_head":"<!-- This site is optimized with the Yoast SEO plugin v27.1.1 - https:\/\/yoast.com\/product\/yoast-seo-wordpress\/ -->\n<title>Governador participa da posse do novo procurador-geral de Justi\u00e7a da Bahia - Brasil not\u00edcias<\/title>\n<meta name=\"robots\" content=\"index, follow, max-snippet:-1, max-image-preview:large, max-video-preview:-1\" \/>\n<link rel=\"canonical\" href=\"https:\/\/brasilnoticias.org\/site\/governador-participa-da-posse-do-novo-procurador-geral-de-justica-da-bahia\/\" \/>\n<meta property=\"og:locale\" content=\"pt_PT\" \/>\n<meta property=\"og:type\" content=\"article\" \/>\n<meta property=\"og:title\" content=\"Governador participa da posse do novo procurador-geral de Justi\u00e7a da Bahia - Brasil not\u00edcias\" \/>\n<meta property=\"og:description\" content=\"O governador Jer\u00f4nimo Rodrigues participou, na tarde desta sexta-feira (1\u00b0), do ato de posse do promotor de Justi\u00e7a Pedro Maia,\" \/>\n<meta property=\"og:url\" content=\"https:\/\/brasilnoticias.org\/site\/governador-participa-da-posse-do-novo-procurador-geral-de-justica-da-bahia\/\" \/>\n<meta property=\"og:site_name\" content=\"Brasil not\u00edcias\" \/>\n<meta property=\"article:published_time\" content=\"2024-03-02T20:57:16+00:00\" \/>\n<meta property=\"og:image\" content=\"https:\/\/brasilnoticias.org\/site\/wp-content\/uploads\/2024\/03\/Fotos-Matheus-LandimGOVBAApp-Image-2024-03-01-at-19.43.41-1.jpeg\" \/>\n\t<meta property=\"og:image:width\" content=\"1600\" \/>\n\t<meta property=\"og:image:height\" content=\"991\" \/>\n\t<meta property=\"og:image:type\" content=\"image\/jpeg\" \/>\n<meta name=\"author\" content=\"Reda\u00e7\u00e3o\" \/>\n<meta name=\"twitter:card\" content=\"summary_large_image\" \/>\n<meta name=\"twitter:label1\" content=\"Escrito por\" \/>\n\t<meta name=\"twitter:data1\" content=\"Reda\u00e7\u00e3o\" \/>\n\t<meta name=\"twitter:label2\" content=\"Tempo estimado de leitura\" \/>\n\t<meta name=\"twitter:data2\" content=\"1 minuto\" \/>\n<script type=\"application\/ld+json\" class=\"yoast-schema-graph\">{\"@context\":\"https:\/\/schema.org\",\"@graph\":[{\"@type\":\"Article\",\"@id\":\"https:\/\/brasilnoticias.org\/site\/governador-participa-da-posse-do-novo-procurador-geral-de-justica-da-bahia\/#article\",\"isPartOf\":{\"@id\":\"https:\/\/brasilnoticias.org\/site\/governador-participa-da-posse-do-novo-procurador-geral-de-justica-da-bahia\/\"},\"author\":{\"name\":\"Reda\u00e7\u00e3o\",\"@id\":\"https:\/\/brasilnoticias.org\/site\/#\/schema\/person\/03bbbfe6c7634ad18c26444ea39049fa\"},\"headline\":\"Governador participa da posse do novo procurador-geral de Justi\u00e7a da Bahia\",\"datePublished\":\"2024-03-02T20:57:16+00:00\",\"mainEntityOfPage\":{\"@id\":\"https:\/\/brasilnoticias.org\/site\/governador-participa-da-posse-do-novo-procurador-geral-de-justica-da-bahia\/\"},\"wordCount\":246,\"commentCount\":0,\"publisher\":{\"@id\":\"https:\/\/brasilnoticias.org\/site\/#organization\"},\"image\":{\"@id\":\"https:\/\/brasilnoticias.org\/site\/governador-participa-da-posse-do-novo-procurador-geral-de-justica-da-bahia\/#primaryimage\"},\"thumbnailUrl\":\"https:\/\/brasilnoticias.org\/site\/wp-content\/uploads\/2024\/03\/Fotos-Matheus-LandimGOVBAApp-Image-2024-03-01-at-19.43.41-1.jpeg\",\"articleSection\":[\"Justi\u00e7a\",\"\u00daltimas\"],\"inLanguage\":\"pt-PT\",\"potentialAction\":[{\"@type\":\"CommentAction\",\"name\":\"Comment\",\"target\":[\"https:\/\/brasilnoticias.org\/site\/governador-participa-da-posse-do-novo-procurador-geral-de-justica-da-bahia\/#respond\"]}]},{\"@type\":\"WebPage\",\"@id\":\"https:\/\/brasilnoticias.org\/site\/governador-participa-da-posse-do-novo-procurador-geral-de-justica-da-bahia\/\",\"url\":\"https:\/\/brasilnoticias.org\/site\/governador-participa-da-posse-do-novo-procurador-geral-de-justica-da-bahia\/\",\"name\":\"Governador participa da posse do novo procurador-geral de Justi\u00e7a da Bahia - Brasil not\u00edcias\",\"isPartOf\":{\"@id\":\"https:\/\/brasilnoticias.org\/site\/#website\"},\"primaryImageOfPage\":{\"@id\":\"https:\/\/brasilnoticias.org\/site\/governador-participa-da-posse-do-novo-procurador-geral-de-justica-da-bahia\/#primaryimage\"},\"image\":{\"@id\":\"https:\/\/brasilnoticias.org\/site\/governador-participa-da-posse-do-novo-procurador-geral-de-justica-da-bahia\/#primaryimage\"},\"thumbnailUrl\":\"https:\/\/brasilnoticias.org\/site\/wp-content\/uploads\/2024\/03\/Fotos-Matheus-LandimGOVBAApp-Image-2024-03-01-at-19.43.41-1.jpeg\",\"datePublished\":\"2024-03-02T20:57:16+00:00\",\"breadcrumb\":{\"@id\":\"https:\/\/brasilnoticias.org\/site\/governador-participa-da-posse-do-novo-procurador-geral-de-justica-da-bahia\/#breadcrumb\"},\"inLanguage\":\"pt-PT\",\"potentialAction\":[{\"@type\":\"ReadAction\",\"target\":[\"https:\/\/brasilnoticias.org\/site\/governador-participa-da-posse-do-novo-procurador-geral-de-justica-da-bahia\/\"]}]},{\"@type\":\"ImageObject\",\"inLanguage\":\"pt-PT\",\"@id\":\"https:\/\/brasilnoticias.org\/site\/governador-participa-da-posse-do-novo-procurador-geral-de-justica-da-bahia\/#primaryimage\",\"url\":\"https:\/\/brasilnoticias.org\/site\/wp-content\/uploads\/2024\/03\/Fotos-Matheus-LandimGOVBAApp-Image-2024-03-01-at-19.43.41-1.jpeg\",\"contentUrl\":\"https:\/\/brasilnoticias.org\/site\/wp-content\/uploads\/2024\/03\/Fotos-Matheus-LandimGOVBAApp-Image-2024-03-01-at-19.43.41-1.jpeg\",\"width\":1600,\"height\":991},{\"@type\":\"BreadcrumbList\",\"@id\":\"https:\/\/brasilnoticias.org\/site\/governador-participa-da-posse-do-novo-procurador-geral-de-justica-da-bahia\/#breadcrumb\",\"itemListElement\":[{\"@type\":\"ListItem\",\"position\":1,\"name\":\"In\u00edcio\",\"item\":\"https:\/\/brasilnoticias.org\/site\/\"},{\"@type\":\"ListItem\",\"position\":2,\"name\":\"Governador participa da posse do novo procurador-geral de Justi\u00e7a da Bahia\"}]},{\"@type\":\"WebSite\",\"@id\":\"https:\/\/brasilnoticias.org\/site\/#website\",\"url\":\"https:\/\/brasilnoticias.org\/site\/\",\"name\":\"Brasil not\u00edcias\",\"description\":\"Brasil not\u00edcias\",\"publisher\":{\"@id\":\"https:\/\/brasilnoticias.org\/site\/#organization\"},\"potentialAction\":[{\"@type\":\"SearchAction\",\"target\":{\"@type\":\"EntryPoint\",\"urlTemplate\":\"https:\/\/brasilnoticias.org\/site\/?s={search_term_string}\"},\"query-input\":{\"@type\":\"PropertyValueSpecification\",\"valueRequired\":true,\"valueName\":\"search_term_string\"}}],\"inLanguage\":\"pt-PT\"},{\"@type\":\"Organization\",\"@id\":\"https:\/\/brasilnoticias.org\/site\/#organization\",\"name\":\"Brasil not\u00edcias\",\"url\":\"https:\/\/brasilnoticias.org\/site\/\",\"logo\":{\"@type\":\"ImageObject\",\"inLanguage\":\"pt-PT\",\"@id\":\"https:\/\/brasilnoticias.org\/site\/#\/schema\/logo\/image\/\",\"url\":\"https:\/\/brasilnoticias.org\/site\/wp-content\/uploads\/2022\/05\/cropped-brasilnoticias-mini.jpg\",\"contentUrl\":\"https:\/\/brasilnoticias.org\/site\/wp-content\/uploads\/2022\/05\/cropped-brasilnoticias-mini.jpg\",\"width\":314,\"height\":86,\"caption\":\"Brasil not\u00edcias\"},\"image\":{\"@id\":\"https:\/\/brasilnoticias.org\/site\/#\/schema\/logo\/image\/\"}},{\"@type\":\"Person\",\"@id\":\"https:\/\/brasilnoticias.org\/site\/#\/schema\/person\/03bbbfe6c7634ad18c26444ea39049fa\",\"name\":\"Reda\u00e7\u00e3o\",\"image\":{\"@type\":\"ImageObject\",\"inLanguage\":\"pt-PT\",\"@id\":\"https:\/\/brasilnoticias.org\/site\/#\/schema\/person\/image\/\",\"url\":\"https:\/\/secure.gravatar.com\/avatar\/9ecaf7327a696cb23ad926fedded5f1f04d7049de9e445375d55b48c001a6e42?s=96&d=mm&r=g\",\"contentUrl\":\"https:\/\/secure.gravatar.com\/avatar\/9ecaf7327a696cb23ad926fedded5f1f04d7049de9e445375d55b48c001a6e42?s=96&d=mm&r=g\",\"caption\":\"Reda\u00e7\u00e3o\"},\"url\":\"https:\/\/brasilnoticias.org\/site\/author\/henrique\/\"}]}<\/script>\n<!-- \/ Yoast SEO plugin. -->","yoast_head_json":{"title":"Governador participa da posse do novo procurador-geral de Justi\u00e7a da Bahia - Brasil not\u00edcias","robots":{"index":"index","follow":"follow","max-snippet":"max-snippet:-1","max-image-preview":"max-image-preview:large","max-video-preview":"max-video-preview:-1"},"canonical":"https:\/\/brasilnoticias.org\/site\/governador-participa-da-posse-do-novo-procurador-geral-de-justica-da-bahia\/","og_locale":"pt_PT","og_type":"article","og_title":"Governador participa da posse do novo procurador-geral de Justi\u00e7a da Bahia - Brasil not\u00edcias","og_description":"O governador Jer\u00f4nimo Rodrigues participou, na tarde desta sexta-feira (1\u00b0), do ato de posse do promotor de Justi\u00e7a Pedro Maia,","og_url":"https:\/\/brasilnoticias.org\/site\/governador-participa-da-posse-do-novo-procurador-geral-de-justica-da-bahia\/","og_site_name":"Brasil not\u00edcias","article_published_time":"2024-03-02T20:57:16+00:00","og_image":[{"width":1600,"height":991,"url":"https:\/\/brasilnoticias.org\/site\/wp-content\/uploads\/2024\/03\/Fotos-Matheus-LandimGOVBAApp-Image-2024-03-01-at-19.43.41-1.jpeg","type":"image\/jpeg"}],"author":"Reda\u00e7\u00e3o","twitter_card":"summary_large_image","twitter_misc":{"Escrito por":"Reda\u00e7\u00e3o","Tempo estimado de leitura":"1 minuto"},"schema":{"@context":"https:\/\/schema.org","@graph":[{"@type":"Article","@id":"https:\/\/brasilnoticias.org\/site\/governador-participa-da-posse-do-novo-procurador-geral-de-justica-da-bahia\/#article","isPartOf":{"@id":"https:\/\/brasilnoticias.org\/site\/governador-participa-da-posse-do-novo-procurador-geral-de-justica-da-bahia\/"},"author":{"name":"Reda\u00e7\u00e3o","@id":"https:\/\/brasilnoticias.org\/site\/#\/schema\/person\/03bbbfe6c7634ad18c26444ea39049fa"},"headline":"Governador participa da posse do novo procurador-geral de Justi\u00e7a da Bahia","datePublished":"2024-03-02T20:57:16+00:00","mainEntityOfPage":{"@id":"https:\/\/brasilnoticias.org\/site\/governador-participa-da-posse-do-novo-procurador-geral-de-justica-da-bahia\/"},"wordCount":246,"commentCount":0,"publisher":{"@id":"https:\/\/brasilnoticias.org\/site\/#organization"},"image":{"@id":"https:\/\/brasilnoticias.org\/site\/governador-participa-da-posse-do-novo-procurador-geral-de-justica-da-bahia\/#primaryimage"},"thumbnailUrl":"https:\/\/brasilnoticias.org\/site\/wp-content\/uploads\/2024\/03\/Fotos-Matheus-LandimGOVBAApp-Image-2024-03-01-at-19.43.41-1.jpeg","articleSection":["Justi\u00e7a","\u00daltimas"],"inLanguage":"pt-PT","potentialAction":[{"@type":"CommentAction","name":"Comment","target":["https:\/\/brasilnoticias.org\/site\/governador-participa-da-posse-do-novo-procurador-geral-de-justica-da-bahia\/#respond"]}]},{"@type":"WebPage","@id":"https:\/\/brasilnoticias.org\/site\/governador-participa-da-posse-do-novo-procurador-geral-de-justica-da-bahia\/","url":"https:\/\/brasilnoticias.org\/site\/governador-participa-da-posse-do-novo-procurador-geral-de-justica-da-bahia\/","name":"Governador participa da posse do novo procurador-geral de Justi\u00e7a da Bahia - Brasil not\u00edcias","isPartOf":{"@id":"https:\/\/brasilnoticias.org\/site\/#website"},"primaryImageOfPage":{"@id":"https:\/\/brasilnoticias.org\/site\/governador-participa-da-posse-do-novo-procurador-geral-de-justica-da-bahia\/#primaryimage"},"image":{"@id":"https:\/\/brasilnoticias.org\/site\/governador-participa-da-posse-do-novo-procurador-geral-de-justica-da-bahia\/#primaryimage"},"thumbnailUrl":"https:\/\/brasilnoticias.org\/site\/wp-content\/uploads\/2024\/03\/Fotos-Matheus-LandimGOVBAApp-Image-2024-03-01-at-19.43.41-1.jpeg","datePublished":"2024-03-02T20:57:16+00:00","breadcrumb":{"@id":"https:\/\/brasilnoticias.org\/site\/governador-participa-da-posse-do-novo-procurador-geral-de-justica-da-bahia\/#breadcrumb"},"inLanguage":"pt-PT","potentialAction":[{"@type":"ReadAction","target":["https:\/\/brasilnoticias.org\/site\/governador-participa-da-posse-do-novo-procurador-geral-de-justica-da-bahia\/"]}]},{"@type":"ImageObject","inLanguage":"pt-PT","@id":"https:\/\/brasilnoticias.org\/site\/governador-participa-da-posse-do-novo-procurador-geral-de-justica-da-bahia\/#primaryimage","url":"https:\/\/brasilnoticias.org\/site\/wp-content\/uploads\/2024\/03\/Fotos-Matheus-LandimGOVBAApp-Image-2024-03-01-at-19.43.41-1.jpeg","contentUrl":"https:\/\/brasilnoticias.org\/site\/wp-content\/uploads\/2024\/03\/Fotos-Matheus-LandimGOVBAApp-Image-2024-03-01-at-19.43.41-1.jpeg","width":1600,"height":991},{"@type":"BreadcrumbList","@id":"https:\/\/brasilnoticias.org\/site\/governador-participa-da-posse-do-novo-procurador-geral-de-justica-da-bahia\/#breadcrumb","itemListElement":[{"@type":"ListItem","position":1,"name":"In\u00edcio","item":"https:\/\/brasilnoticias.org\/site\/"},{"@type":"ListItem","position":2,"name":"Governador participa da posse do novo procurador-geral de Justi\u00e7a da Bahia"}]},{"@type":"WebSite","@id":"https:\/\/brasilnoticias.org\/site\/#website","url":"https:\/\/brasilnoticias.org\/site\/","name":"Brasil not\u00edcias","description":"Brasil not\u00edcias","publisher":{"@id":"https:\/\/brasilnoticias.org\/site\/#organization"},"potentialAction":[{"@type":"SearchAction","target":{"@type":"EntryPoint","urlTemplate":"https:\/\/brasilnoticias.org\/site\/?s={search_term_string}"},"query-input":{"@type":"PropertyValueSpecification","valueRequired":true,"valueName":"search_term_string"}}],"inLanguage":"pt-PT"},{"@type":"Organization","@id":"https:\/\/brasilnoticias.org\/site\/#organization","name":"Brasil not\u00edcias","url":"https:\/\/brasilnoticias.org\/site\/","logo":{"@type":"ImageObject","inLanguage":"pt-PT","@id":"https:\/\/brasilnoticias.org\/site\/#\/schema\/logo\/image\/","url":"https:\/\/brasilnoticias.org\/site\/wp-content\/uploads\/2022\/05\/cropped-brasilnoticias-mini.jpg","contentUrl":"https:\/\/brasilnoticias.org\/site\/wp-content\/uploads\/2022\/05\/cropped-brasilnoticias-mini.jpg","width":314,"height":86,"caption":"Brasil not\u00edcias"},"image":{"@id":"https:\/\/brasilnoticias.org\/site\/#\/schema\/logo\/image\/"}},{"@type":"Person","@id":"https:\/\/brasilnoticias.org\/site\/#\/schema\/person\/03bbbfe6c7634ad18c26444ea39049fa","name":"Reda\u00e7\u00e3o","image":{"@type":"ImageObject","inLanguage":"pt-PT","@id":"https:\/\/brasilnoticias.org\/site\/#\/schema\/person\/image\/","url":"https:\/\/secure.gravatar.com\/avatar\/9ecaf7327a696cb23ad926fedded5f1f04d7049de9e445375d55b48c001a6e42?s=96&d=mm&r=g","contentUrl":"https:\/\/secure.gravatar.com\/avatar\/9ecaf7327a696cb23ad926fedded5f1f04d7049de9e445375d55b48c001a6e42?s=96&d=mm&r=g","caption":"Reda\u00e7\u00e3o"},"url":"https:\/\/brasilnoticias.org\/site\/author\/henrique\/"}]}},"_links":{"self":[{"href":"https:\/\/brasilnoticias.org\/site\/wp-json\/wp\/v2\/posts\/12943","targetHints":{"allow":["GET"]}}],"collection":[{"href":"https:\/\/brasilnoticias.org\/site\/wp-json\/wp\/v2\/posts"}],"about":[{"href":"https:\/\/brasilnoticias.org\/site\/wp-json\/wp\/v2\/types\/post"}],"author":[{"embeddable":true,"href":"https:\/\/brasilnoticias.org\/site\/wp-json\/wp\/v2\/users\/4"}],"replies":[{"embeddable":true,"href":"https:\/\/brasilnoticias.org\/site\/wp-json\/wp\/v2\/comments?post=12943"}],"version-history":[{"count":1,"href":"https:\/\/brasilnoticias.org\/site\/wp-json\/wp\/v2\/posts\/12943\/revisions"}],"predecessor-version":[{"id":12945,"href":"https:\/\/brasilnoticias.org\/site\/wp-json\/wp\/v2\/posts\/12943\/revisions\/12945"}],"wp:featuredmedia":[{"embeddable":true,"href":"https:\/\/brasilnoticias.org\/site\/wp-json\/wp\/v2\/media\/12944"}],"wp:attachment":[{"href":"https:\/\/brasilnoticias.org\/site\/wp-json\/wp\/v2\/media?parent=12943"}],"wp:term":[{"taxonomy":"category","embeddable":true,"href":"https:\/\/brasilnoticias.org\/site\/wp-json\/wp\/v2\/categories?post=12943"},{"taxonomy":"post_tag","embeddable":true,"href":"https:\/\/brasilnoticias.org\/site\/wp-json\/wp\/v2\/tags?post=12943"}],"curies":[{"name":"wp","href":"https:\/\/api.w.org\/{rel}","templated":true}]}}