{"id":12946,"date":"2024-03-02T17:58:24","date_gmt":"2024-03-02T20:58:24","guid":{"rendered":"https:\/\/brasilnoticias.org\/site\/?p=12946"},"modified":"2024-03-02T17:58:24","modified_gmt":"2024-03-02T20:58:24","slug":"dia-d-contra-a-dengue-convoca-populacao-a-eliminar-focos-do-mosquito","status":"publish","type":"post","link":"https:\/\/brasilnoticias.org\/site\/dia-d-contra-a-dengue-convoca-populacao-a-eliminar-focos-do-mosquito\/","title":{"rendered":"Dia D contra a dengue convoca popula\u00e7\u00e3o a eliminar focos do mosquito"},"content":{"rendered":"<p>O Minist\u00e9rio da Sa\u00fade realiza neste s\u00e1bado (2), em todo o pa\u00eds, o Dia D de Mobiliza\u00e7\u00e3o contra a Dengue. O objetivo do evento, denominado Brasil unido contra a dengue, \u00e9 fazer uma a\u00e7\u00e3o integrada de mobiliza\u00e7\u00e3o nacional em todas os estados, convocando a sociedade civil, influenciadores digitais, m\u00eddia e atores locais para conscientizar a popula\u00e7\u00e3o sobre caracter\u00edsticas da dengue e procedimentos de preven\u00e7\u00e3o.<\/p>\n<p>Com o tema Dez minutos contra a dengue, a mobiliza\u00e7\u00e3o nacional pretende refor\u00e7ar as a\u00e7\u00f5es de preven\u00e7\u00e3o e elimina\u00e7\u00e3o dos focos do mosquito. Segundo o Minist\u00e9rio, a a\u00e7\u00e3o ter\u00e1 a participa\u00e7\u00e3o maci\u00e7a de agentes de sa\u00fade, ministros, governadores, prefeitos e secret\u00e1rios para serem porta-vozes do combate ao mosquito Aedes aegypti.<\/p>\n<p>Nesta semana, a ministra da Sa\u00fade, N\u00edsia Trindade, se reuniu com os secret\u00e1rios estaduais de Sa\u00fade do pa\u00eds para mobilizar os estados em torno da iniciativa e refor\u00e7ar as a\u00e7\u00f5es de preven\u00e7\u00e3o e elimina\u00e7\u00e3o dos focos do mosquito. Durante o encontro, a ministra enfatizou a necessidade da uni\u00e3o dos entes da federa\u00e7\u00e3o para o enfrentamento do surto da doen\u00e7a.<\/p>\n<p>\u201cEste \u00e9 um momento de aten\u00e7\u00e3o n\u00e3o s\u00f3 das autoridades sanit\u00e1rias, do Minist\u00e9rio da Sa\u00fade, mas tamb\u00e9m de toda a sociedade\u201d, alertou.<\/p>\n<p>Desde o in\u00edcio do ano, o Brasil registrou 1.038.475 casos prov\u00e1veis de dengue e 258 mortes confirmadas pela doen\u00e7a. Outros 651 \u00f3bitos est\u00e3o em investiga\u00e7\u00e3o. O coeficiente de incid\u00eancia da dengue no pa\u00eds neste momento \u00e9 de 511,4 casos para cada grupo de 100 mil habitantes, segundo o Painel de Monitoramento das Arboviroses.<\/p>\n<p>Campanha<br \/>\nO governo federal lan\u00e7ou recentemente a campanha Dez minutos contra a dengue. O conte\u00fado sugere ao cidad\u00e3o que separe dez minutos por semana para o combate \u00e0 dengue, j\u00e1 que cerca de 75% dos criadouros est\u00e3o nos domic\u00edlios.<\/p>\n<p>A ideia \u00e9 que esse tempo \u00e9 suficiente para garantir que caixas d\u00b4\u00e1gua estejam bem fechadas, jogar areia nos vasos de planta, garantir que os sacos de lixo estejam bem amarrados, conferir calhas, evitar pneus em locais descobertos, n\u00e3o acumular sucatas e entulhos e esvaziar garrafas PET, potes e vasos.<\/p>\n<p>Informa\u00e7\u00f5es da Ag\u00eancia Brasil \/ Foto: Ag\u00eancia Brasil<\/p>\n","protected":false},"excerpt":{"rendered":"<p>O Minist\u00e9rio da Sa\u00fade realiza neste s\u00e1bado (2), em todo o pa\u00eds, o Dia D de Mobiliza\u00e7\u00e3o contra a Dengue.<\/p>\n","protected":false},"author":4,"featured_media":12947,"comment_status":"open","ping_status":"open","sticky":false,"template":"","format":"standard","meta":{"colormag_page_container_layout":"default_layout","colormag_page_sidebar_layout":"default_layout","_FSMCFIC_featured_image_caption":"","_FSMCFIC_featured_image_nocaption":"","_FSMCFIC_featured_image_hide":"","footnotes":""},"categories":[2,1],"tags":[],"class_list":["post-12946","post","type-post","status-publish","format-standard","has-post-thumbnail","hentry","category-noticias","category-ultimas"],"yoast_head":"<!-- This site is optimized with the Yoast SEO plugin v27.1.1 - https:\/\/yoast.com\/product\/yoast-seo-wordpress\/ -->\n<title>Dia D contra a dengue convoca popula\u00e7\u00e3o a eliminar focos do mosquito - Brasil not\u00edcias<\/title>\n<meta name=\"robots\" content=\"index, follow, max-snippet:-1, max-image-preview:large, max-video-preview:-1\" \/>\n<link rel=\"canonical\" href=\"https:\/\/brasilnoticias.org\/site\/dia-d-contra-a-dengue-convoca-populacao-a-eliminar-focos-do-mosquito\/\" \/>\n<meta property=\"og:locale\" content=\"pt_PT\" \/>\n<meta property=\"og:type\" content=\"article\" \/>\n<meta property=\"og:title\" content=\"Dia D contra a dengue convoca popula\u00e7\u00e3o a eliminar focos do mosquito - Brasil not\u00edcias\" \/>\n<meta property=\"og:description\" content=\"O Minist\u00e9rio da Sa\u00fade realiza neste s\u00e1bado (2), em todo o pa\u00eds, o Dia D de Mobiliza\u00e7\u00e3o contra a Dengue.\" \/>\n<meta property=\"og:url\" content=\"https:\/\/brasilnoticias.org\/site\/dia-d-contra-a-dengue-convoca-populacao-a-eliminar-focos-do-mosquito\/\" \/>\n<meta property=\"og:site_name\" content=\"Brasil not\u00edcias\" \/>\n<meta property=\"article:published_time\" content=\"2024-03-02T20:58:24+00:00\" \/>\n<meta property=\"og:image\" content=\"https:\/\/brasilnoticias.org\/site\/wp-content\/uploads\/2024\/03\/IMG_0675-1024x613-1.webp\" \/>\n\t<meta property=\"og:image:width\" content=\"1024\" \/>\n\t<meta property=\"og:image:height\" content=\"613\" \/>\n\t<meta property=\"og:image:type\" content=\"image\/webp\" \/>\n<meta name=\"author\" content=\"Reda\u00e7\u00e3o\" \/>\n<meta name=\"twitter:card\" content=\"summary_large_image\" \/>\n<meta name=\"twitter:label1\" content=\"Escrito por\" \/>\n\t<meta name=\"twitter:data1\" content=\"Reda\u00e7\u00e3o\" \/>\n\t<meta name=\"twitter:label2\" content=\"Tempo estimado de leitura\" \/>\n\t<meta name=\"twitter:data2\" content=\"1 minuto\" \/>\n<script type=\"application\/ld+json\" class=\"yoast-schema-graph\">{\"@context\":\"https:\/\/schema.org\",\"@graph\":[{\"@type\":\"Article\",\"@id\":\"https:\/\/brasilnoticias.org\/site\/dia-d-contra-a-dengue-convoca-populacao-a-eliminar-focos-do-mosquito\/#article\",\"isPartOf\":{\"@id\":\"https:\/\/brasilnoticias.org\/site\/dia-d-contra-a-dengue-convoca-populacao-a-eliminar-focos-do-mosquito\/\"},\"author\":{\"name\":\"Reda\u00e7\u00e3o\",\"@id\":\"https:\/\/brasilnoticias.org\/site\/#\/schema\/person\/03bbbfe6c7634ad18c26444ea39049fa\"},\"headline\":\"Dia D contra a dengue convoca popula\u00e7\u00e3o a eliminar focos do mosquito\",\"datePublished\":\"2024-03-02T20:58:24+00:00\",\"mainEntityOfPage\":{\"@id\":\"https:\/\/brasilnoticias.org\/site\/dia-d-contra-a-dengue-convoca-populacao-a-eliminar-focos-do-mosquito\/\"},\"wordCount\":401,\"commentCount\":0,\"publisher\":{\"@id\":\"https:\/\/brasilnoticias.org\/site\/#organization\"},\"image\":{\"@id\":\"https:\/\/brasilnoticias.org\/site\/dia-d-contra-a-dengue-convoca-populacao-a-eliminar-focos-do-mosquito\/#primaryimage\"},\"thumbnailUrl\":\"https:\/\/brasilnoticias.org\/site\/wp-content\/uploads\/2024\/03\/IMG_0675-1024x613-1.webp\",\"articleSection\":[\"Not\u00edcias\",\"\u00daltimas\"],\"inLanguage\":\"pt-PT\",\"potentialAction\":[{\"@type\":\"CommentAction\",\"name\":\"Comment\",\"target\":[\"https:\/\/brasilnoticias.org\/site\/dia-d-contra-a-dengue-convoca-populacao-a-eliminar-focos-do-mosquito\/#respond\"]}]},{\"@type\":\"WebPage\",\"@id\":\"https:\/\/brasilnoticias.org\/site\/dia-d-contra-a-dengue-convoca-populacao-a-eliminar-focos-do-mosquito\/\",\"url\":\"https:\/\/brasilnoticias.org\/site\/dia-d-contra-a-dengue-convoca-populacao-a-eliminar-focos-do-mosquito\/\",\"name\":\"Dia D contra a dengue convoca popula\u00e7\u00e3o a eliminar focos do mosquito - Brasil not\u00edcias\",\"isPartOf\":{\"@id\":\"https:\/\/brasilnoticias.org\/site\/#website\"},\"primaryImageOfPage\":{\"@id\":\"https:\/\/brasilnoticias.org\/site\/dia-d-contra-a-dengue-convoca-populacao-a-eliminar-focos-do-mosquito\/#primaryimage\"},\"image\":{\"@id\":\"https:\/\/brasilnoticias.org\/site\/dia-d-contra-a-dengue-convoca-populacao-a-eliminar-focos-do-mosquito\/#primaryimage\"},\"thumbnailUrl\":\"https:\/\/brasilnoticias.org\/site\/wp-content\/uploads\/2024\/03\/IMG_0675-1024x613-1.webp\",\"datePublished\":\"2024-03-02T20:58:24+00:00\",\"breadcrumb\":{\"@id\":\"https:\/\/brasilnoticias.org\/site\/dia-d-contra-a-dengue-convoca-populacao-a-eliminar-focos-do-mosquito\/#breadcrumb\"},\"inLanguage\":\"pt-PT\",\"potentialAction\":[{\"@type\":\"ReadAction\",\"target\":[\"https:\/\/brasilnoticias.org\/site\/dia-d-contra-a-dengue-convoca-populacao-a-eliminar-focos-do-mosquito\/\"]}]},{\"@type\":\"ImageObject\",\"inLanguage\":\"pt-PT\",\"@id\":\"https:\/\/brasilnoticias.org\/site\/dia-d-contra-a-dengue-convoca-populacao-a-eliminar-focos-do-mosquito\/#primaryimage\",\"url\":\"https:\/\/brasilnoticias.org\/site\/wp-content\/uploads\/2024\/03\/IMG_0675-1024x613-1.webp\",\"contentUrl\":\"https:\/\/brasilnoticias.org\/site\/wp-content\/uploads\/2024\/03\/IMG_0675-1024x613-1.webp\",\"width\":1024,\"height\":613},{\"@type\":\"BreadcrumbList\",\"@id\":\"https:\/\/brasilnoticias.org\/site\/dia-d-contra-a-dengue-convoca-populacao-a-eliminar-focos-do-mosquito\/#breadcrumb\",\"itemListElement\":[{\"@type\":\"ListItem\",\"position\":1,\"name\":\"In\u00edcio\",\"item\":\"https:\/\/brasilnoticias.org\/site\/\"},{\"@type\":\"ListItem\",\"position\":2,\"name\":\"Dia D contra a dengue convoca popula\u00e7\u00e3o a eliminar focos do mosquito\"}]},{\"@type\":\"WebSite\",\"@id\":\"https:\/\/brasilnoticias.org\/site\/#website\",\"url\":\"https:\/\/brasilnoticias.org\/site\/\",\"name\":\"Brasil not\u00edcias\",\"description\":\"Brasil not\u00edcias\",\"publisher\":{\"@id\":\"https:\/\/brasilnoticias.org\/site\/#organization\"},\"potentialAction\":[{\"@type\":\"SearchAction\",\"target\":{\"@type\":\"EntryPoint\",\"urlTemplate\":\"https:\/\/brasilnoticias.org\/site\/?s={search_term_string}\"},\"query-input\":{\"@type\":\"PropertyValueSpecification\",\"valueRequired\":true,\"valueName\":\"search_term_string\"}}],\"inLanguage\":\"pt-PT\"},{\"@type\":\"Organization\",\"@id\":\"https:\/\/brasilnoticias.org\/site\/#organization\",\"name\":\"Brasil not\u00edcias\",\"url\":\"https:\/\/brasilnoticias.org\/site\/\",\"logo\":{\"@type\":\"ImageObject\",\"inLanguage\":\"pt-PT\",\"@id\":\"https:\/\/brasilnoticias.org\/site\/#\/schema\/logo\/image\/\",\"url\":\"https:\/\/brasilnoticias.org\/site\/wp-content\/uploads\/2022\/05\/cropped-brasilnoticias-mini.jpg\",\"contentUrl\":\"https:\/\/brasilnoticias.org\/site\/wp-content\/uploads\/2022\/05\/cropped-brasilnoticias-mini.jpg\",\"width\":314,\"height\":86,\"caption\":\"Brasil not\u00edcias\"},\"image\":{\"@id\":\"https:\/\/brasilnoticias.org\/site\/#\/schema\/logo\/image\/\"}},{\"@type\":\"Person\",\"@id\":\"https:\/\/brasilnoticias.org\/site\/#\/schema\/person\/03bbbfe6c7634ad18c26444ea39049fa\",\"name\":\"Reda\u00e7\u00e3o\",\"image\":{\"@type\":\"ImageObject\",\"inLanguage\":\"pt-PT\",\"@id\":\"https:\/\/brasilnoticias.org\/site\/#\/schema\/person\/image\/\",\"url\":\"https:\/\/secure.gravatar.com\/avatar\/9ecaf7327a696cb23ad926fedded5f1f04d7049de9e445375d55b48c001a6e42?s=96&d=mm&r=g\",\"contentUrl\":\"https:\/\/secure.gravatar.com\/avatar\/9ecaf7327a696cb23ad926fedded5f1f04d7049de9e445375d55b48c001a6e42?s=96&d=mm&r=g\",\"caption\":\"Reda\u00e7\u00e3o\"},\"url\":\"https:\/\/brasilnoticias.org\/site\/author\/henrique\/\"}]}<\/script>\n<!-- \/ Yoast SEO plugin. -->","yoast_head_json":{"title":"Dia D contra a dengue convoca popula\u00e7\u00e3o a eliminar focos do mosquito - Brasil not\u00edcias","robots":{"index":"index","follow":"follow","max-snippet":"max-snippet:-1","max-image-preview":"max-image-preview:large","max-video-preview":"max-video-preview:-1"},"canonical":"https:\/\/brasilnoticias.org\/site\/dia-d-contra-a-dengue-convoca-populacao-a-eliminar-focos-do-mosquito\/","og_locale":"pt_PT","og_type":"article","og_title":"Dia D contra a dengue convoca popula\u00e7\u00e3o a eliminar focos do mosquito - Brasil not\u00edcias","og_description":"O Minist\u00e9rio da Sa\u00fade realiza neste s\u00e1bado (2), em todo o pa\u00eds, o Dia D de Mobiliza\u00e7\u00e3o contra a Dengue.","og_url":"https:\/\/brasilnoticias.org\/site\/dia-d-contra-a-dengue-convoca-populacao-a-eliminar-focos-do-mosquito\/","og_site_name":"Brasil not\u00edcias","article_published_time":"2024-03-02T20:58:24+00:00","og_image":[{"width":1024,"height":613,"url":"https:\/\/brasilnoticias.org\/site\/wp-content\/uploads\/2024\/03\/IMG_0675-1024x613-1.webp","type":"image\/webp"}],"author":"Reda\u00e7\u00e3o","twitter_card":"summary_large_image","twitter_misc":{"Escrito por":"Reda\u00e7\u00e3o","Tempo estimado de leitura":"1 minuto"},"schema":{"@context":"https:\/\/schema.org","@graph":[{"@type":"Article","@id":"https:\/\/brasilnoticias.org\/site\/dia-d-contra-a-dengue-convoca-populacao-a-eliminar-focos-do-mosquito\/#article","isPartOf":{"@id":"https:\/\/brasilnoticias.org\/site\/dia-d-contra-a-dengue-convoca-populacao-a-eliminar-focos-do-mosquito\/"},"author":{"name":"Reda\u00e7\u00e3o","@id":"https:\/\/brasilnoticias.org\/site\/#\/schema\/person\/03bbbfe6c7634ad18c26444ea39049fa"},"headline":"Dia D contra a dengue convoca popula\u00e7\u00e3o a eliminar focos do mosquito","datePublished":"2024-03-02T20:58:24+00:00","mainEntityOfPage":{"@id":"https:\/\/brasilnoticias.org\/site\/dia-d-contra-a-dengue-convoca-populacao-a-eliminar-focos-do-mosquito\/"},"wordCount":401,"commentCount":0,"publisher":{"@id":"https:\/\/brasilnoticias.org\/site\/#organization"},"image":{"@id":"https:\/\/brasilnoticias.org\/site\/dia-d-contra-a-dengue-convoca-populacao-a-eliminar-focos-do-mosquito\/#primaryimage"},"thumbnailUrl":"https:\/\/brasilnoticias.org\/site\/wp-content\/uploads\/2024\/03\/IMG_0675-1024x613-1.webp","articleSection":["Not\u00edcias","\u00daltimas"],"inLanguage":"pt-PT","potentialAction":[{"@type":"CommentAction","name":"Comment","target":["https:\/\/brasilnoticias.org\/site\/dia-d-contra-a-dengue-convoca-populacao-a-eliminar-focos-do-mosquito\/#respond"]}]},{"@type":"WebPage","@id":"https:\/\/brasilnoticias.org\/site\/dia-d-contra-a-dengue-convoca-populacao-a-eliminar-focos-do-mosquito\/","url":"https:\/\/brasilnoticias.org\/site\/dia-d-contra-a-dengue-convoca-populacao-a-eliminar-focos-do-mosquito\/","name":"Dia D contra a dengue convoca popula\u00e7\u00e3o a eliminar focos do mosquito - Brasil not\u00edcias","isPartOf":{"@id":"https:\/\/brasilnoticias.org\/site\/#website"},"primaryImageOfPage":{"@id":"https:\/\/brasilnoticias.org\/site\/dia-d-contra-a-dengue-convoca-populacao-a-eliminar-focos-do-mosquito\/#primaryimage"},"image":{"@id":"https:\/\/brasilnoticias.org\/site\/dia-d-contra-a-dengue-convoca-populacao-a-eliminar-focos-do-mosquito\/#primaryimage"},"thumbnailUrl":"https:\/\/brasilnoticias.org\/site\/wp-content\/uploads\/2024\/03\/IMG_0675-1024x613-1.webp","datePublished":"2024-03-02T20:58:24+00:00","breadcrumb":{"@id":"https:\/\/brasilnoticias.org\/site\/dia-d-contra-a-dengue-convoca-populacao-a-eliminar-focos-do-mosquito\/#breadcrumb"},"inLanguage":"pt-PT","potentialAction":[{"@type":"ReadAction","target":["https:\/\/brasilnoticias.org\/site\/dia-d-contra-a-dengue-convoca-populacao-a-eliminar-focos-do-mosquito\/"]}]},{"@type":"ImageObject","inLanguage":"pt-PT","@id":"https:\/\/brasilnoticias.org\/site\/dia-d-contra-a-dengue-convoca-populacao-a-eliminar-focos-do-mosquito\/#primaryimage","url":"https:\/\/brasilnoticias.org\/site\/wp-content\/uploads\/2024\/03\/IMG_0675-1024x613-1.webp","contentUrl":"https:\/\/brasilnoticias.org\/site\/wp-content\/uploads\/2024\/03\/IMG_0675-1024x613-1.webp","width":1024,"height":613},{"@type":"BreadcrumbList","@id":"https:\/\/brasilnoticias.org\/site\/dia-d-contra-a-dengue-convoca-populacao-a-eliminar-focos-do-mosquito\/#breadcrumb","itemListElement":[{"@type":"ListItem","position":1,"name":"In\u00edcio","item":"https:\/\/brasilnoticias.org\/site\/"},{"@type":"ListItem","position":2,"name":"Dia D contra a dengue convoca popula\u00e7\u00e3o a eliminar focos do mosquito"}]},{"@type":"WebSite","@id":"https:\/\/brasilnoticias.org\/site\/#website","url":"https:\/\/brasilnoticias.org\/site\/","name":"Brasil not\u00edcias","description":"Brasil not\u00edcias","publisher":{"@id":"https:\/\/brasilnoticias.org\/site\/#organization"},"potentialAction":[{"@type":"SearchAction","target":{"@type":"EntryPoint","urlTemplate":"https:\/\/brasilnoticias.org\/site\/?s={search_term_string}"},"query-input":{"@type":"PropertyValueSpecification","valueRequired":true,"valueName":"search_term_string"}}],"inLanguage":"pt-PT"},{"@type":"Organization","@id":"https:\/\/brasilnoticias.org\/site\/#organization","name":"Brasil not\u00edcias","url":"https:\/\/brasilnoticias.org\/site\/","logo":{"@type":"ImageObject","inLanguage":"pt-PT","@id":"https:\/\/brasilnoticias.org\/site\/#\/schema\/logo\/image\/","url":"https:\/\/brasilnoticias.org\/site\/wp-content\/uploads\/2022\/05\/cropped-brasilnoticias-mini.jpg","contentUrl":"https:\/\/brasilnoticias.org\/site\/wp-content\/uploads\/2022\/05\/cropped-brasilnoticias-mini.jpg","width":314,"height":86,"caption":"Brasil not\u00edcias"},"image":{"@id":"https:\/\/brasilnoticias.org\/site\/#\/schema\/logo\/image\/"}},{"@type":"Person","@id":"https:\/\/brasilnoticias.org\/site\/#\/schema\/person\/03bbbfe6c7634ad18c26444ea39049fa","name":"Reda\u00e7\u00e3o","image":{"@type":"ImageObject","inLanguage":"pt-PT","@id":"https:\/\/brasilnoticias.org\/site\/#\/schema\/person\/image\/","url":"https:\/\/secure.gravatar.com\/avatar\/9ecaf7327a696cb23ad926fedded5f1f04d7049de9e445375d55b48c001a6e42?s=96&d=mm&r=g","contentUrl":"https:\/\/secure.gravatar.com\/avatar\/9ecaf7327a696cb23ad926fedded5f1f04d7049de9e445375d55b48c001a6e42?s=96&d=mm&r=g","caption":"Reda\u00e7\u00e3o"},"url":"https:\/\/brasilnoticias.org\/site\/author\/henrique\/"}]}},"_links":{"self":[{"href":"https:\/\/brasilnoticias.org\/site\/wp-json\/wp\/v2\/posts\/12946","targetHints":{"allow":["GET"]}}],"collection":[{"href":"https:\/\/brasilnoticias.org\/site\/wp-json\/wp\/v2\/posts"}],"about":[{"href":"https:\/\/brasilnoticias.org\/site\/wp-json\/wp\/v2\/types\/post"}],"author":[{"embeddable":true,"href":"https:\/\/brasilnoticias.org\/site\/wp-json\/wp\/v2\/users\/4"}],"replies":[{"embeddable":true,"href":"https:\/\/brasilnoticias.org\/site\/wp-json\/wp\/v2\/comments?post=12946"}],"version-history":[{"count":1,"href":"https:\/\/brasilnoticias.org\/site\/wp-json\/wp\/v2\/posts\/12946\/revisions"}],"predecessor-version":[{"id":12948,"href":"https:\/\/brasilnoticias.org\/site\/wp-json\/wp\/v2\/posts\/12946\/revisions\/12948"}],"wp:featuredmedia":[{"embeddable":true,"href":"https:\/\/brasilnoticias.org\/site\/wp-json\/wp\/v2\/media\/12947"}],"wp:attachment":[{"href":"https:\/\/brasilnoticias.org\/site\/wp-json\/wp\/v2\/media?parent=12946"}],"wp:term":[{"taxonomy":"category","embeddable":true,"href":"https:\/\/brasilnoticias.org\/site\/wp-json\/wp\/v2\/categories?post=12946"},{"taxonomy":"post_tag","embeddable":true,"href":"https:\/\/brasilnoticias.org\/site\/wp-json\/wp\/v2\/tags?post=12946"}],"curies":[{"name":"wp","href":"https:\/\/api.w.org\/{rel}","templated":true}]}}