{"id":12955,"date":"2024-03-02T18:01:52","date_gmt":"2024-03-02T21:01:52","guid":{"rendered":"https:\/\/brasilnoticias.org\/site\/?p=12955"},"modified":"2024-03-02T18:01:52","modified_gmt":"2024-03-02T21:01:52","slug":"ex-comandante-do-exercito-confirma-reunioes-sobre-minuta-do-golpe-afirmam-fontes-da-pf","status":"publish","type":"post","link":"https:\/\/brasilnoticias.org\/site\/ex-comandante-do-exercito-confirma-reunioes-sobre-minuta-do-golpe-afirmam-fontes-da-pf\/","title":{"rendered":"Ex-comandante do Ex\u00e9rcito confirma reuni\u00f5es sobre \u201cminuta do golpe\u201d, afirmam fontes da PF"},"content":{"rendered":"<p>Depoimento com o ex-comandante do Ex\u00e9rcito e general da reserva Marco Ant\u00f4nio Freire Gomes durou oito horas<\/p>\n<p>O ex-comandante do Ex\u00e9rcito e general da reserva Marco Ant\u00f4nio Freire Gomes confirmou \u00e0 Pol\u00edcia Federal que presenciou encontros nos quais houve discuss\u00f5es sobre os termos da &#8220;minuta do golpe&#8221;. As informa\u00e7\u00f5es foram fornecidas \u00e0 CNN por fontes ligadas \u00e0 investiga\u00e7\u00e3o.<\/p>\n<p>Ainda de acordo com a CNN, o depoimento completo do ex-comandante \u00e9 mantido em sigilo para evitar que as investiga\u00e7\u00f5es sejam comprometidas. Ele esteve na sede da PF em Bras\u00edlia (DF) at\u00e9 as duas horas da manh\u00e3 deste s\u00e1bado. At\u00e9 o momento, Freire Gomes foi o investigado com o depoimento mais longo, com oito horas. Houve a oitiva, leitura e ap\u00f3s uma revis\u00e3o de todas as informa\u00e7\u00f5es. Ele respondeu a todas as perguntas.<\/p>\n<p>Os encontros para tratar da &#8220;minuta do golpe&#8221; foram citados na dela\u00e7\u00e3o do ex-ajudante de ordens de Bolsonaro (PL), o tenente-coronel Mauro Cid. Em uma das reuni\u00f5es citadas, o ex-mandat\u00e1rio teria se reunido com a c\u00fapula do Ex\u00e9rcito, Marinha e Aeron\u00e1utica para discutir detalhes de um poss\u00edvel plano de golpe. Ela teria acontecido enquanto Bolsonaro estava na presid\u00eancia, ap\u00f3s as elei\u00e7\u00f5es de 2022.<\/p>\n<p>Foto: Alan Santos\/PR<br \/>\nPor: Metro1 <\/p>\n","protected":false},"excerpt":{"rendered":"<p>Depoimento com o ex-comandante do Ex\u00e9rcito e general da reserva Marco Ant\u00f4nio Freire Gomes durou oito horas O ex-comandante do<\/p>\n","protected":false},"author":4,"featured_media":12956,"comment_status":"open","ping_status":"open","sticky":false,"template":"","format":"standard","meta":{"colormag_page_container_layout":"default_layout","colormag_page_sidebar_layout":"default_layout","_FSMCFIC_featured_image_caption":"","_FSMCFIC_featured_image_nocaption":"","_FSMCFIC_featured_image_hide":"","footnotes":""},"categories":[5,1],"tags":[],"class_list":["post-12955","post","type-post","status-publish","format-standard","has-post-thumbnail","hentry","category-politica","category-ultimas"],"yoast_head":"<!-- This site is optimized with the Yoast SEO plugin v27.1.1 - https:\/\/yoast.com\/product\/yoast-seo-wordpress\/ -->\n<title>Ex-comandante do Ex\u00e9rcito confirma reuni\u00f5es sobre \u201cminuta do golpe\u201d, afirmam fontes da PF - Brasil not\u00edcias<\/title>\n<meta name=\"robots\" content=\"index, follow, max-snippet:-1, max-image-preview:large, max-video-preview:-1\" \/>\n<link rel=\"canonical\" href=\"https:\/\/brasilnoticias.org\/site\/ex-comandante-do-exercito-confirma-reunioes-sobre-minuta-do-golpe-afirmam-fontes-da-pf\/\" \/>\n<meta property=\"og:locale\" content=\"pt_PT\" \/>\n<meta property=\"og:type\" content=\"article\" \/>\n<meta property=\"og:title\" content=\"Ex-comandante do Ex\u00e9rcito confirma reuni\u00f5es sobre \u201cminuta do golpe\u201d, afirmam fontes da PF - Brasil not\u00edcias\" \/>\n<meta property=\"og:description\" content=\"Depoimento com o ex-comandante do Ex\u00e9rcito e general da reserva Marco Ant\u00f4nio Freire Gomes durou oito horas O ex-comandante do\" \/>\n<meta property=\"og:url\" content=\"https:\/\/brasilnoticias.org\/site\/ex-comandante-do-exercito-confirma-reunioes-sobre-minuta-do-golpe-afirmam-fontes-da-pf\/\" \/>\n<meta property=\"og:site_name\" content=\"Brasil not\u00edcias\" \/>\n<meta property=\"article:published_time\" content=\"2024-03-02T21:01:52+00:00\" \/>\n<meta property=\"og:image\" content=\"https:\/\/brasilnoticias.org\/site\/wp-content\/uploads\/2024\/03\/146870ex-comandante-do-exercito-confirma-reunioes-sobre-minuta-do-golpe-afirmam-fontes-da-pf-3.jpg\" \/>\n\t<meta property=\"og:image:width\" content=\"1600\" \/>\n\t<meta property=\"og:image:height\" content=\"752\" \/>\n\t<meta property=\"og:image:type\" content=\"image\/jpeg\" \/>\n<meta name=\"author\" content=\"Reda\u00e7\u00e3o\" \/>\n<meta name=\"twitter:card\" content=\"summary_large_image\" \/>\n<meta name=\"twitter:label1\" content=\"Escrito por\" \/>\n\t<meta name=\"twitter:data1\" content=\"Reda\u00e7\u00e3o\" \/>\n\t<meta name=\"twitter:label2\" content=\"Tempo estimado de leitura\" \/>\n\t<meta name=\"twitter:data2\" content=\"1 minuto\" \/>\n<script type=\"application\/ld+json\" class=\"yoast-schema-graph\">{\"@context\":\"https:\/\/schema.org\",\"@graph\":[{\"@type\":\"Article\",\"@id\":\"https:\/\/brasilnoticias.org\/site\/ex-comandante-do-exercito-confirma-reunioes-sobre-minuta-do-golpe-afirmam-fontes-da-pf\/#article\",\"isPartOf\":{\"@id\":\"https:\/\/brasilnoticias.org\/site\/ex-comandante-do-exercito-confirma-reunioes-sobre-minuta-do-golpe-afirmam-fontes-da-pf\/\"},\"author\":{\"name\":\"Reda\u00e7\u00e3o\",\"@id\":\"https:\/\/brasilnoticias.org\/site\/#\/schema\/person\/03bbbfe6c7634ad18c26444ea39049fa\"},\"headline\":\"Ex-comandante do Ex\u00e9rcito confirma reuni\u00f5es sobre \u201cminuta do golpe\u201d, afirmam fontes da PF\",\"datePublished\":\"2024-03-02T21:01:52+00:00\",\"mainEntityOfPage\":{\"@id\":\"https:\/\/brasilnoticias.org\/site\/ex-comandante-do-exercito-confirma-reunioes-sobre-minuta-do-golpe-afirmam-fontes-da-pf\/\"},\"wordCount\":234,\"commentCount\":0,\"publisher\":{\"@id\":\"https:\/\/brasilnoticias.org\/site\/#organization\"},\"image\":{\"@id\":\"https:\/\/brasilnoticias.org\/site\/ex-comandante-do-exercito-confirma-reunioes-sobre-minuta-do-golpe-afirmam-fontes-da-pf\/#primaryimage\"},\"thumbnailUrl\":\"https:\/\/brasilnoticias.org\/site\/wp-content\/uploads\/2024\/03\/146870ex-comandante-do-exercito-confirma-reunioes-sobre-minuta-do-golpe-afirmam-fontes-da-pf-3.jpg\",\"articleSection\":[\"Pol\u00edtica\",\"\u00daltimas\"],\"inLanguage\":\"pt-PT\",\"potentialAction\":[{\"@type\":\"CommentAction\",\"name\":\"Comment\",\"target\":[\"https:\/\/brasilnoticias.org\/site\/ex-comandante-do-exercito-confirma-reunioes-sobre-minuta-do-golpe-afirmam-fontes-da-pf\/#respond\"]}]},{\"@type\":\"WebPage\",\"@id\":\"https:\/\/brasilnoticias.org\/site\/ex-comandante-do-exercito-confirma-reunioes-sobre-minuta-do-golpe-afirmam-fontes-da-pf\/\",\"url\":\"https:\/\/brasilnoticias.org\/site\/ex-comandante-do-exercito-confirma-reunioes-sobre-minuta-do-golpe-afirmam-fontes-da-pf\/\",\"name\":\"Ex-comandante do Ex\u00e9rcito confirma reuni\u00f5es sobre \u201cminuta do golpe\u201d, afirmam fontes da PF - Brasil not\u00edcias\",\"isPartOf\":{\"@id\":\"https:\/\/brasilnoticias.org\/site\/#website\"},\"primaryImageOfPage\":{\"@id\":\"https:\/\/brasilnoticias.org\/site\/ex-comandante-do-exercito-confirma-reunioes-sobre-minuta-do-golpe-afirmam-fontes-da-pf\/#primaryimage\"},\"image\":{\"@id\":\"https:\/\/brasilnoticias.org\/site\/ex-comandante-do-exercito-confirma-reunioes-sobre-minuta-do-golpe-afirmam-fontes-da-pf\/#primaryimage\"},\"thumbnailUrl\":\"https:\/\/brasilnoticias.org\/site\/wp-content\/uploads\/2024\/03\/146870ex-comandante-do-exercito-confirma-reunioes-sobre-minuta-do-golpe-afirmam-fontes-da-pf-3.jpg\",\"datePublished\":\"2024-03-02T21:01:52+00:00\",\"breadcrumb\":{\"@id\":\"https:\/\/brasilnoticias.org\/site\/ex-comandante-do-exercito-confirma-reunioes-sobre-minuta-do-golpe-afirmam-fontes-da-pf\/#breadcrumb\"},\"inLanguage\":\"pt-PT\",\"potentialAction\":[{\"@type\":\"ReadAction\",\"target\":[\"https:\/\/brasilnoticias.org\/site\/ex-comandante-do-exercito-confirma-reunioes-sobre-minuta-do-golpe-afirmam-fontes-da-pf\/\"]}]},{\"@type\":\"ImageObject\",\"inLanguage\":\"pt-PT\",\"@id\":\"https:\/\/brasilnoticias.org\/site\/ex-comandante-do-exercito-confirma-reunioes-sobre-minuta-do-golpe-afirmam-fontes-da-pf\/#primaryimage\",\"url\":\"https:\/\/brasilnoticias.org\/site\/wp-content\/uploads\/2024\/03\/146870ex-comandante-do-exercito-confirma-reunioes-sobre-minuta-do-golpe-afirmam-fontes-da-pf-3.jpg\",\"contentUrl\":\"https:\/\/brasilnoticias.org\/site\/wp-content\/uploads\/2024\/03\/146870ex-comandante-do-exercito-confirma-reunioes-sobre-minuta-do-golpe-afirmam-fontes-da-pf-3.jpg\",\"width\":1600,\"height\":752},{\"@type\":\"BreadcrumbList\",\"@id\":\"https:\/\/brasilnoticias.org\/site\/ex-comandante-do-exercito-confirma-reunioes-sobre-minuta-do-golpe-afirmam-fontes-da-pf\/#breadcrumb\",\"itemListElement\":[{\"@type\":\"ListItem\",\"position\":1,\"name\":\"In\u00edcio\",\"item\":\"https:\/\/brasilnoticias.org\/site\/\"},{\"@type\":\"ListItem\",\"position\":2,\"name\":\"Ex-comandante do Ex\u00e9rcito confirma reuni\u00f5es sobre \u201cminuta do golpe\u201d, afirmam fontes da PF\"}]},{\"@type\":\"WebSite\",\"@id\":\"https:\/\/brasilnoticias.org\/site\/#website\",\"url\":\"https:\/\/brasilnoticias.org\/site\/\",\"name\":\"Brasil not\u00edcias\",\"description\":\"Brasil not\u00edcias\",\"publisher\":{\"@id\":\"https:\/\/brasilnoticias.org\/site\/#organization\"},\"potentialAction\":[{\"@type\":\"SearchAction\",\"target\":{\"@type\":\"EntryPoint\",\"urlTemplate\":\"https:\/\/brasilnoticias.org\/site\/?s={search_term_string}\"},\"query-input\":{\"@type\":\"PropertyValueSpecification\",\"valueRequired\":true,\"valueName\":\"search_term_string\"}}],\"inLanguage\":\"pt-PT\"},{\"@type\":\"Organization\",\"@id\":\"https:\/\/brasilnoticias.org\/site\/#organization\",\"name\":\"Brasil not\u00edcias\",\"url\":\"https:\/\/brasilnoticias.org\/site\/\",\"logo\":{\"@type\":\"ImageObject\",\"inLanguage\":\"pt-PT\",\"@id\":\"https:\/\/brasilnoticias.org\/site\/#\/schema\/logo\/image\/\",\"url\":\"https:\/\/brasilnoticias.org\/site\/wp-content\/uploads\/2022\/05\/cropped-brasilnoticias-mini.jpg\",\"contentUrl\":\"https:\/\/brasilnoticias.org\/site\/wp-content\/uploads\/2022\/05\/cropped-brasilnoticias-mini.jpg\",\"width\":314,\"height\":86,\"caption\":\"Brasil not\u00edcias\"},\"image\":{\"@id\":\"https:\/\/brasilnoticias.org\/site\/#\/schema\/logo\/image\/\"}},{\"@type\":\"Person\",\"@id\":\"https:\/\/brasilnoticias.org\/site\/#\/schema\/person\/03bbbfe6c7634ad18c26444ea39049fa\",\"name\":\"Reda\u00e7\u00e3o\",\"image\":{\"@type\":\"ImageObject\",\"inLanguage\":\"pt-PT\",\"@id\":\"https:\/\/brasilnoticias.org\/site\/#\/schema\/person\/image\/\",\"url\":\"https:\/\/secure.gravatar.com\/avatar\/9ecaf7327a696cb23ad926fedded5f1f04d7049de9e445375d55b48c001a6e42?s=96&d=mm&r=g\",\"contentUrl\":\"https:\/\/secure.gravatar.com\/avatar\/9ecaf7327a696cb23ad926fedded5f1f04d7049de9e445375d55b48c001a6e42?s=96&d=mm&r=g\",\"caption\":\"Reda\u00e7\u00e3o\"},\"url\":\"https:\/\/brasilnoticias.org\/site\/author\/henrique\/\"}]}<\/script>\n<!-- \/ Yoast SEO plugin. -->","yoast_head_json":{"title":"Ex-comandante do Ex\u00e9rcito confirma reuni\u00f5es sobre \u201cminuta do golpe\u201d, afirmam fontes da PF - Brasil not\u00edcias","robots":{"index":"index","follow":"follow","max-snippet":"max-snippet:-1","max-image-preview":"max-image-preview:large","max-video-preview":"max-video-preview:-1"},"canonical":"https:\/\/brasilnoticias.org\/site\/ex-comandante-do-exercito-confirma-reunioes-sobre-minuta-do-golpe-afirmam-fontes-da-pf\/","og_locale":"pt_PT","og_type":"article","og_title":"Ex-comandante do Ex\u00e9rcito confirma reuni\u00f5es sobre \u201cminuta do golpe\u201d, afirmam fontes da PF - Brasil not\u00edcias","og_description":"Depoimento com o ex-comandante do Ex\u00e9rcito e general da reserva Marco Ant\u00f4nio Freire Gomes durou oito horas O ex-comandante do","og_url":"https:\/\/brasilnoticias.org\/site\/ex-comandante-do-exercito-confirma-reunioes-sobre-minuta-do-golpe-afirmam-fontes-da-pf\/","og_site_name":"Brasil not\u00edcias","article_published_time":"2024-03-02T21:01:52+00:00","og_image":[{"width":1600,"height":752,"url":"https:\/\/brasilnoticias.org\/site\/wp-content\/uploads\/2024\/03\/146870ex-comandante-do-exercito-confirma-reunioes-sobre-minuta-do-golpe-afirmam-fontes-da-pf-3.jpg","type":"image\/jpeg"}],"author":"Reda\u00e7\u00e3o","twitter_card":"summary_large_image","twitter_misc":{"Escrito por":"Reda\u00e7\u00e3o","Tempo estimado de leitura":"1 minuto"},"schema":{"@context":"https:\/\/schema.org","@graph":[{"@type":"Article","@id":"https:\/\/brasilnoticias.org\/site\/ex-comandante-do-exercito-confirma-reunioes-sobre-minuta-do-golpe-afirmam-fontes-da-pf\/#article","isPartOf":{"@id":"https:\/\/brasilnoticias.org\/site\/ex-comandante-do-exercito-confirma-reunioes-sobre-minuta-do-golpe-afirmam-fontes-da-pf\/"},"author":{"name":"Reda\u00e7\u00e3o","@id":"https:\/\/brasilnoticias.org\/site\/#\/schema\/person\/03bbbfe6c7634ad18c26444ea39049fa"},"headline":"Ex-comandante do Ex\u00e9rcito confirma reuni\u00f5es sobre \u201cminuta do golpe\u201d, afirmam fontes da PF","datePublished":"2024-03-02T21:01:52+00:00","mainEntityOfPage":{"@id":"https:\/\/brasilnoticias.org\/site\/ex-comandante-do-exercito-confirma-reunioes-sobre-minuta-do-golpe-afirmam-fontes-da-pf\/"},"wordCount":234,"commentCount":0,"publisher":{"@id":"https:\/\/brasilnoticias.org\/site\/#organization"},"image":{"@id":"https:\/\/brasilnoticias.org\/site\/ex-comandante-do-exercito-confirma-reunioes-sobre-minuta-do-golpe-afirmam-fontes-da-pf\/#primaryimage"},"thumbnailUrl":"https:\/\/brasilnoticias.org\/site\/wp-content\/uploads\/2024\/03\/146870ex-comandante-do-exercito-confirma-reunioes-sobre-minuta-do-golpe-afirmam-fontes-da-pf-3.jpg","articleSection":["Pol\u00edtica","\u00daltimas"],"inLanguage":"pt-PT","potentialAction":[{"@type":"CommentAction","name":"Comment","target":["https:\/\/brasilnoticias.org\/site\/ex-comandante-do-exercito-confirma-reunioes-sobre-minuta-do-golpe-afirmam-fontes-da-pf\/#respond"]}]},{"@type":"WebPage","@id":"https:\/\/brasilnoticias.org\/site\/ex-comandante-do-exercito-confirma-reunioes-sobre-minuta-do-golpe-afirmam-fontes-da-pf\/","url":"https:\/\/brasilnoticias.org\/site\/ex-comandante-do-exercito-confirma-reunioes-sobre-minuta-do-golpe-afirmam-fontes-da-pf\/","name":"Ex-comandante do Ex\u00e9rcito confirma reuni\u00f5es sobre \u201cminuta do golpe\u201d, afirmam fontes da PF - Brasil not\u00edcias","isPartOf":{"@id":"https:\/\/brasilnoticias.org\/site\/#website"},"primaryImageOfPage":{"@id":"https:\/\/brasilnoticias.org\/site\/ex-comandante-do-exercito-confirma-reunioes-sobre-minuta-do-golpe-afirmam-fontes-da-pf\/#primaryimage"},"image":{"@id":"https:\/\/brasilnoticias.org\/site\/ex-comandante-do-exercito-confirma-reunioes-sobre-minuta-do-golpe-afirmam-fontes-da-pf\/#primaryimage"},"thumbnailUrl":"https:\/\/brasilnoticias.org\/site\/wp-content\/uploads\/2024\/03\/146870ex-comandante-do-exercito-confirma-reunioes-sobre-minuta-do-golpe-afirmam-fontes-da-pf-3.jpg","datePublished":"2024-03-02T21:01:52+00:00","breadcrumb":{"@id":"https:\/\/brasilnoticias.org\/site\/ex-comandante-do-exercito-confirma-reunioes-sobre-minuta-do-golpe-afirmam-fontes-da-pf\/#breadcrumb"},"inLanguage":"pt-PT","potentialAction":[{"@type":"ReadAction","target":["https:\/\/brasilnoticias.org\/site\/ex-comandante-do-exercito-confirma-reunioes-sobre-minuta-do-golpe-afirmam-fontes-da-pf\/"]}]},{"@type":"ImageObject","inLanguage":"pt-PT","@id":"https:\/\/brasilnoticias.org\/site\/ex-comandante-do-exercito-confirma-reunioes-sobre-minuta-do-golpe-afirmam-fontes-da-pf\/#primaryimage","url":"https:\/\/brasilnoticias.org\/site\/wp-content\/uploads\/2024\/03\/146870ex-comandante-do-exercito-confirma-reunioes-sobre-minuta-do-golpe-afirmam-fontes-da-pf-3.jpg","contentUrl":"https:\/\/brasilnoticias.org\/site\/wp-content\/uploads\/2024\/03\/146870ex-comandante-do-exercito-confirma-reunioes-sobre-minuta-do-golpe-afirmam-fontes-da-pf-3.jpg","width":1600,"height":752},{"@type":"BreadcrumbList","@id":"https:\/\/brasilnoticias.org\/site\/ex-comandante-do-exercito-confirma-reunioes-sobre-minuta-do-golpe-afirmam-fontes-da-pf\/#breadcrumb","itemListElement":[{"@type":"ListItem","position":1,"name":"In\u00edcio","item":"https:\/\/brasilnoticias.org\/site\/"},{"@type":"ListItem","position":2,"name":"Ex-comandante do Ex\u00e9rcito confirma reuni\u00f5es sobre \u201cminuta do golpe\u201d, afirmam fontes da PF"}]},{"@type":"WebSite","@id":"https:\/\/brasilnoticias.org\/site\/#website","url":"https:\/\/brasilnoticias.org\/site\/","name":"Brasil not\u00edcias","description":"Brasil not\u00edcias","publisher":{"@id":"https:\/\/brasilnoticias.org\/site\/#organization"},"potentialAction":[{"@type":"SearchAction","target":{"@type":"EntryPoint","urlTemplate":"https:\/\/brasilnoticias.org\/site\/?s={search_term_string}"},"query-input":{"@type":"PropertyValueSpecification","valueRequired":true,"valueName":"search_term_string"}}],"inLanguage":"pt-PT"},{"@type":"Organization","@id":"https:\/\/brasilnoticias.org\/site\/#organization","name":"Brasil not\u00edcias","url":"https:\/\/brasilnoticias.org\/site\/","logo":{"@type":"ImageObject","inLanguage":"pt-PT","@id":"https:\/\/brasilnoticias.org\/site\/#\/schema\/logo\/image\/","url":"https:\/\/brasilnoticias.org\/site\/wp-content\/uploads\/2022\/05\/cropped-brasilnoticias-mini.jpg","contentUrl":"https:\/\/brasilnoticias.org\/site\/wp-content\/uploads\/2022\/05\/cropped-brasilnoticias-mini.jpg","width":314,"height":86,"caption":"Brasil not\u00edcias"},"image":{"@id":"https:\/\/brasilnoticias.org\/site\/#\/schema\/logo\/image\/"}},{"@type":"Person","@id":"https:\/\/brasilnoticias.org\/site\/#\/schema\/person\/03bbbfe6c7634ad18c26444ea39049fa","name":"Reda\u00e7\u00e3o","image":{"@type":"ImageObject","inLanguage":"pt-PT","@id":"https:\/\/brasilnoticias.org\/site\/#\/schema\/person\/image\/","url":"https:\/\/secure.gravatar.com\/avatar\/9ecaf7327a696cb23ad926fedded5f1f04d7049de9e445375d55b48c001a6e42?s=96&d=mm&r=g","contentUrl":"https:\/\/secure.gravatar.com\/avatar\/9ecaf7327a696cb23ad926fedded5f1f04d7049de9e445375d55b48c001a6e42?s=96&d=mm&r=g","caption":"Reda\u00e7\u00e3o"},"url":"https:\/\/brasilnoticias.org\/site\/author\/henrique\/"}]}},"_links":{"self":[{"href":"https:\/\/brasilnoticias.org\/site\/wp-json\/wp\/v2\/posts\/12955","targetHints":{"allow":["GET"]}}],"collection":[{"href":"https:\/\/brasilnoticias.org\/site\/wp-json\/wp\/v2\/posts"}],"about":[{"href":"https:\/\/brasilnoticias.org\/site\/wp-json\/wp\/v2\/types\/post"}],"author":[{"embeddable":true,"href":"https:\/\/brasilnoticias.org\/site\/wp-json\/wp\/v2\/users\/4"}],"replies":[{"embeddable":true,"href":"https:\/\/brasilnoticias.org\/site\/wp-json\/wp\/v2\/comments?post=12955"}],"version-history":[{"count":1,"href":"https:\/\/brasilnoticias.org\/site\/wp-json\/wp\/v2\/posts\/12955\/revisions"}],"predecessor-version":[{"id":12957,"href":"https:\/\/brasilnoticias.org\/site\/wp-json\/wp\/v2\/posts\/12955\/revisions\/12957"}],"wp:featuredmedia":[{"embeddable":true,"href":"https:\/\/brasilnoticias.org\/site\/wp-json\/wp\/v2\/media\/12956"}],"wp:attachment":[{"href":"https:\/\/brasilnoticias.org\/site\/wp-json\/wp\/v2\/media?parent=12955"}],"wp:term":[{"taxonomy":"category","embeddable":true,"href":"https:\/\/brasilnoticias.org\/site\/wp-json\/wp\/v2\/categories?post=12955"},{"taxonomy":"post_tag","embeddable":true,"href":"https:\/\/brasilnoticias.org\/site\/wp-json\/wp\/v2\/tags?post=12955"}],"curies":[{"name":"wp","href":"https:\/\/api.w.org\/{rel}","templated":true}]}}