{"id":12968,"date":"2024-03-03T20:27:26","date_gmt":"2024-03-03T23:27:26","guid":{"rendered":"https:\/\/brasilnoticias.org\/site\/?p=12968"},"modified":"2024-03-03T20:27:26","modified_gmt":"2024-03-03T23:27:26","slug":"natal-decreta-situacao-de-emergencia-por-aumento-no-numero-de-casos-de-dengue","status":"publish","type":"post","link":"https:\/\/brasilnoticias.org\/site\/natal-decreta-situacao-de-emergencia-por-aumento-no-numero-de-casos-de-dengue\/","title":{"rendered":"Natal decreta situa\u00e7\u00e3o de emerg\u00eancia por aumento no n\u00famero de casos de dengue"},"content":{"rendered":"<p>A cidade registrou 700 notifica\u00e7\u00f5es de casos de aborviroses nos dois primeiros meses de 2024<\/p>\n<p>A Prefeitura de Natal, no Rio Grande do Norte, declarou situa\u00e7\u00e3o de emerg\u00eancia devido \u00e0 epidemia de dengue na cidade, neste s\u00e1bado (2). O decreto foi publicado no Di\u00e1rio Oficial do Munic\u00edpio.De acordo com o texto, o monitoramento de casos de arboviroses, como a dengue, teve um &#8220;aumento exponencial por semanas consecutivas&#8221;, com concentra\u00e7\u00e3o de casos suspeitos em diferentes regi\u00f5es da cidade.<\/p>\n<p>A capital potiguar registrou 692 ocorr\u00eancias de arboviroses entre janeiro e fevereiro, dos quais 655 s\u00e3o casos prov\u00e1veis de dengue, e o restante, de chikungunya e zika, segundo a Prefeitura. O decreto tem prazo de 90 dias e pode ser prorrogado, caso haja necessidade.<\/p>\n<p>O munic\u00edpio recebeu 18,8 mil doses de vacina contra a dengue para serem aplicadas em crian\u00e7as e adolescentes com idades entre 10 e 14 anos. Mas, segundo a Secretaria Municipal de Sa\u00fade, a procura da popula\u00e7\u00e3o tem sido muito baixa. Apenas 4.800 doses foram aplicadas. A informa\u00e7\u00e3o foi divulgada pelo portal g1. <\/p>\n<p>Outros estados como Acre, Minas Gerais, Goi\u00e1s, Rio de Janeiro, Santa Catarina, al\u00e9m do Distrito Federal, tamb\u00e9m decretaram situa\u00e7\u00e3o de emerg\u00eancia.<\/p>\n<p>Foto: Marcelo Camargo\/Ag\u00eancia Brasil<br \/>\nPor: Metro1<\/p>\n","protected":false},"excerpt":{"rendered":"<p>A cidade registrou 700 notifica\u00e7\u00f5es de casos de aborviroses nos dois primeiros meses de 2024 A Prefeitura de Natal, no<\/p>\n","protected":false},"author":4,"featured_media":12969,"comment_status":"open","ping_status":"open","sticky":false,"template":"","format":"standard","meta":{"colormag_page_container_layout":"default_layout","colormag_page_sidebar_layout":"default_layout","_FSMCFIC_featured_image_caption":"","_FSMCFIC_featured_image_nocaption":"","_FSMCFIC_featured_image_hide":"","footnotes":""},"categories":[2,1],"tags":[],"class_list":["post-12968","post","type-post","status-publish","format-standard","has-post-thumbnail","hentry","category-noticias","category-ultimas"],"yoast_head":"<!-- This site is optimized with the Yoast SEO plugin v27.1.1 - https:\/\/yoast.com\/product\/yoast-seo-wordpress\/ -->\n<title>Natal decreta situa\u00e7\u00e3o de emerg\u00eancia por aumento no n\u00famero de casos de dengue - Brasil not\u00edcias<\/title>\n<meta name=\"robots\" content=\"index, follow, max-snippet:-1, max-image-preview:large, max-video-preview:-1\" \/>\n<link rel=\"canonical\" href=\"https:\/\/brasilnoticias.org\/site\/natal-decreta-situacao-de-emergencia-por-aumento-no-numero-de-casos-de-dengue\/\" \/>\n<meta property=\"og:locale\" content=\"pt_PT\" \/>\n<meta property=\"og:type\" content=\"article\" \/>\n<meta property=\"og:title\" content=\"Natal decreta situa\u00e7\u00e3o de emerg\u00eancia por aumento no n\u00famero de casos de dengue - Brasil not\u00edcias\" \/>\n<meta property=\"og:description\" content=\"A cidade registrou 700 notifica\u00e7\u00f5es de casos de aborviroses nos dois primeiros meses de 2024 A Prefeitura de Natal, no\" \/>\n<meta property=\"og:url\" content=\"https:\/\/brasilnoticias.org\/site\/natal-decreta-situacao-de-emergencia-por-aumento-no-numero-de-casos-de-dengue\/\" \/>\n<meta property=\"og:site_name\" content=\"Brasil not\u00edcias\" \/>\n<meta property=\"article:published_time\" content=\"2024-03-03T23:27:26+00:00\" \/>\n<meta property=\"og:image\" content=\"https:\/\/brasilnoticias.org\/site\/wp-content\/uploads\/2024\/03\/146892natal-decreta-situacao-de-emergencia-por-aumento-no-numero-de-casos-de-dengue-3.jpg\" \/>\n\t<meta property=\"og:image:width\" content=\"1600\" \/>\n\t<meta property=\"og:image:height\" content=\"752\" \/>\n\t<meta property=\"og:image:type\" content=\"image\/jpeg\" \/>\n<meta name=\"author\" content=\"Reda\u00e7\u00e3o\" \/>\n<meta name=\"twitter:card\" content=\"summary_large_image\" \/>\n<meta name=\"twitter:label1\" content=\"Escrito por\" \/>\n\t<meta name=\"twitter:data1\" content=\"Reda\u00e7\u00e3o\" \/>\n<script type=\"application\/ld+json\" class=\"yoast-schema-graph\">{\"@context\":\"https:\/\/schema.org\",\"@graph\":[{\"@type\":\"Article\",\"@id\":\"https:\/\/brasilnoticias.org\/site\/natal-decreta-situacao-de-emergencia-por-aumento-no-numero-de-casos-de-dengue\/#article\",\"isPartOf\":{\"@id\":\"https:\/\/brasilnoticias.org\/site\/natal-decreta-situacao-de-emergencia-por-aumento-no-numero-de-casos-de-dengue\/\"},\"author\":{\"name\":\"Reda\u00e7\u00e3o\",\"@id\":\"https:\/\/brasilnoticias.org\/site\/#\/schema\/person\/03bbbfe6c7634ad18c26444ea39049fa\"},\"headline\":\"Natal decreta situa\u00e7\u00e3o de emerg\u00eancia por aumento no n\u00famero de casos de dengue\",\"datePublished\":\"2024-03-03T23:27:26+00:00\",\"mainEntityOfPage\":{\"@id\":\"https:\/\/brasilnoticias.org\/site\/natal-decreta-situacao-de-emergencia-por-aumento-no-numero-de-casos-de-dengue\/\"},\"wordCount\":229,\"commentCount\":0,\"publisher\":{\"@id\":\"https:\/\/brasilnoticias.org\/site\/#organization\"},\"image\":{\"@id\":\"https:\/\/brasilnoticias.org\/site\/natal-decreta-situacao-de-emergencia-por-aumento-no-numero-de-casos-de-dengue\/#primaryimage\"},\"thumbnailUrl\":\"https:\/\/brasilnoticias.org\/site\/wp-content\/uploads\/2024\/03\/146892natal-decreta-situacao-de-emergencia-por-aumento-no-numero-de-casos-de-dengue-3.jpg\",\"articleSection\":[\"Not\u00edcias\",\"\u00daltimas\"],\"inLanguage\":\"pt-PT\",\"potentialAction\":[{\"@type\":\"CommentAction\",\"name\":\"Comment\",\"target\":[\"https:\/\/brasilnoticias.org\/site\/natal-decreta-situacao-de-emergencia-por-aumento-no-numero-de-casos-de-dengue\/#respond\"]}]},{\"@type\":\"WebPage\",\"@id\":\"https:\/\/brasilnoticias.org\/site\/natal-decreta-situacao-de-emergencia-por-aumento-no-numero-de-casos-de-dengue\/\",\"url\":\"https:\/\/brasilnoticias.org\/site\/natal-decreta-situacao-de-emergencia-por-aumento-no-numero-de-casos-de-dengue\/\",\"name\":\"Natal decreta situa\u00e7\u00e3o de emerg\u00eancia por aumento no n\u00famero de casos de dengue - Brasil not\u00edcias\",\"isPartOf\":{\"@id\":\"https:\/\/brasilnoticias.org\/site\/#website\"},\"primaryImageOfPage\":{\"@id\":\"https:\/\/brasilnoticias.org\/site\/natal-decreta-situacao-de-emergencia-por-aumento-no-numero-de-casos-de-dengue\/#primaryimage\"},\"image\":{\"@id\":\"https:\/\/brasilnoticias.org\/site\/natal-decreta-situacao-de-emergencia-por-aumento-no-numero-de-casos-de-dengue\/#primaryimage\"},\"thumbnailUrl\":\"https:\/\/brasilnoticias.org\/site\/wp-content\/uploads\/2024\/03\/146892natal-decreta-situacao-de-emergencia-por-aumento-no-numero-de-casos-de-dengue-3.jpg\",\"datePublished\":\"2024-03-03T23:27:26+00:00\",\"breadcrumb\":{\"@id\":\"https:\/\/brasilnoticias.org\/site\/natal-decreta-situacao-de-emergencia-por-aumento-no-numero-de-casos-de-dengue\/#breadcrumb\"},\"inLanguage\":\"pt-PT\",\"potentialAction\":[{\"@type\":\"ReadAction\",\"target\":[\"https:\/\/brasilnoticias.org\/site\/natal-decreta-situacao-de-emergencia-por-aumento-no-numero-de-casos-de-dengue\/\"]}]},{\"@type\":\"ImageObject\",\"inLanguage\":\"pt-PT\",\"@id\":\"https:\/\/brasilnoticias.org\/site\/natal-decreta-situacao-de-emergencia-por-aumento-no-numero-de-casos-de-dengue\/#primaryimage\",\"url\":\"https:\/\/brasilnoticias.org\/site\/wp-content\/uploads\/2024\/03\/146892natal-decreta-situacao-de-emergencia-por-aumento-no-numero-de-casos-de-dengue-3.jpg\",\"contentUrl\":\"https:\/\/brasilnoticias.org\/site\/wp-content\/uploads\/2024\/03\/146892natal-decreta-situacao-de-emergencia-por-aumento-no-numero-de-casos-de-dengue-3.jpg\",\"width\":1600,\"height\":752},{\"@type\":\"BreadcrumbList\",\"@id\":\"https:\/\/brasilnoticias.org\/site\/natal-decreta-situacao-de-emergencia-por-aumento-no-numero-de-casos-de-dengue\/#breadcrumb\",\"itemListElement\":[{\"@type\":\"ListItem\",\"position\":1,\"name\":\"In\u00edcio\",\"item\":\"https:\/\/brasilnoticias.org\/site\/\"},{\"@type\":\"ListItem\",\"position\":2,\"name\":\"Natal decreta situa\u00e7\u00e3o de emerg\u00eancia por aumento no n\u00famero de casos de dengue\"}]},{\"@type\":\"WebSite\",\"@id\":\"https:\/\/brasilnoticias.org\/site\/#website\",\"url\":\"https:\/\/brasilnoticias.org\/site\/\",\"name\":\"Brasil not\u00edcias\",\"description\":\"Brasil not\u00edcias\",\"publisher\":{\"@id\":\"https:\/\/brasilnoticias.org\/site\/#organization\"},\"potentialAction\":[{\"@type\":\"SearchAction\",\"target\":{\"@type\":\"EntryPoint\",\"urlTemplate\":\"https:\/\/brasilnoticias.org\/site\/?s={search_term_string}\"},\"query-input\":{\"@type\":\"PropertyValueSpecification\",\"valueRequired\":true,\"valueName\":\"search_term_string\"}}],\"inLanguage\":\"pt-PT\"},{\"@type\":\"Organization\",\"@id\":\"https:\/\/brasilnoticias.org\/site\/#organization\",\"name\":\"Brasil not\u00edcias\",\"url\":\"https:\/\/brasilnoticias.org\/site\/\",\"logo\":{\"@type\":\"ImageObject\",\"inLanguage\":\"pt-PT\",\"@id\":\"https:\/\/brasilnoticias.org\/site\/#\/schema\/logo\/image\/\",\"url\":\"https:\/\/brasilnoticias.org\/site\/wp-content\/uploads\/2022\/05\/cropped-brasilnoticias-mini.jpg\",\"contentUrl\":\"https:\/\/brasilnoticias.org\/site\/wp-content\/uploads\/2022\/05\/cropped-brasilnoticias-mini.jpg\",\"width\":314,\"height\":86,\"caption\":\"Brasil not\u00edcias\"},\"image\":{\"@id\":\"https:\/\/brasilnoticias.org\/site\/#\/schema\/logo\/image\/\"}},{\"@type\":\"Person\",\"@id\":\"https:\/\/brasilnoticias.org\/site\/#\/schema\/person\/03bbbfe6c7634ad18c26444ea39049fa\",\"name\":\"Reda\u00e7\u00e3o\",\"image\":{\"@type\":\"ImageObject\",\"inLanguage\":\"pt-PT\",\"@id\":\"https:\/\/brasilnoticias.org\/site\/#\/schema\/person\/image\/\",\"url\":\"https:\/\/secure.gravatar.com\/avatar\/9ecaf7327a696cb23ad926fedded5f1f04d7049de9e445375d55b48c001a6e42?s=96&d=mm&r=g\",\"contentUrl\":\"https:\/\/secure.gravatar.com\/avatar\/9ecaf7327a696cb23ad926fedded5f1f04d7049de9e445375d55b48c001a6e42?s=96&d=mm&r=g\",\"caption\":\"Reda\u00e7\u00e3o\"},\"url\":\"https:\/\/brasilnoticias.org\/site\/author\/henrique\/\"}]}<\/script>\n<!-- \/ Yoast SEO plugin. -->","yoast_head_json":{"title":"Natal decreta situa\u00e7\u00e3o de emerg\u00eancia por aumento no n\u00famero de casos de dengue - Brasil not\u00edcias","robots":{"index":"index","follow":"follow","max-snippet":"max-snippet:-1","max-image-preview":"max-image-preview:large","max-video-preview":"max-video-preview:-1"},"canonical":"https:\/\/brasilnoticias.org\/site\/natal-decreta-situacao-de-emergencia-por-aumento-no-numero-de-casos-de-dengue\/","og_locale":"pt_PT","og_type":"article","og_title":"Natal decreta situa\u00e7\u00e3o de emerg\u00eancia por aumento no n\u00famero de casos de dengue - Brasil not\u00edcias","og_description":"A cidade registrou 700 notifica\u00e7\u00f5es de casos de aborviroses nos dois primeiros meses de 2024 A Prefeitura de Natal, no","og_url":"https:\/\/brasilnoticias.org\/site\/natal-decreta-situacao-de-emergencia-por-aumento-no-numero-de-casos-de-dengue\/","og_site_name":"Brasil not\u00edcias","article_published_time":"2024-03-03T23:27:26+00:00","og_image":[{"width":1600,"height":752,"url":"https:\/\/brasilnoticias.org\/site\/wp-content\/uploads\/2024\/03\/146892natal-decreta-situacao-de-emergencia-por-aumento-no-numero-de-casos-de-dengue-3.jpg","type":"image\/jpeg"}],"author":"Reda\u00e7\u00e3o","twitter_card":"summary_large_image","twitter_misc":{"Escrito por":"Reda\u00e7\u00e3o"},"schema":{"@context":"https:\/\/schema.org","@graph":[{"@type":"Article","@id":"https:\/\/brasilnoticias.org\/site\/natal-decreta-situacao-de-emergencia-por-aumento-no-numero-de-casos-de-dengue\/#article","isPartOf":{"@id":"https:\/\/brasilnoticias.org\/site\/natal-decreta-situacao-de-emergencia-por-aumento-no-numero-de-casos-de-dengue\/"},"author":{"name":"Reda\u00e7\u00e3o","@id":"https:\/\/brasilnoticias.org\/site\/#\/schema\/person\/03bbbfe6c7634ad18c26444ea39049fa"},"headline":"Natal decreta situa\u00e7\u00e3o de emerg\u00eancia por aumento no n\u00famero de casos de dengue","datePublished":"2024-03-03T23:27:26+00:00","mainEntityOfPage":{"@id":"https:\/\/brasilnoticias.org\/site\/natal-decreta-situacao-de-emergencia-por-aumento-no-numero-de-casos-de-dengue\/"},"wordCount":229,"commentCount":0,"publisher":{"@id":"https:\/\/brasilnoticias.org\/site\/#organization"},"image":{"@id":"https:\/\/brasilnoticias.org\/site\/natal-decreta-situacao-de-emergencia-por-aumento-no-numero-de-casos-de-dengue\/#primaryimage"},"thumbnailUrl":"https:\/\/brasilnoticias.org\/site\/wp-content\/uploads\/2024\/03\/146892natal-decreta-situacao-de-emergencia-por-aumento-no-numero-de-casos-de-dengue-3.jpg","articleSection":["Not\u00edcias","\u00daltimas"],"inLanguage":"pt-PT","potentialAction":[{"@type":"CommentAction","name":"Comment","target":["https:\/\/brasilnoticias.org\/site\/natal-decreta-situacao-de-emergencia-por-aumento-no-numero-de-casos-de-dengue\/#respond"]}]},{"@type":"WebPage","@id":"https:\/\/brasilnoticias.org\/site\/natal-decreta-situacao-de-emergencia-por-aumento-no-numero-de-casos-de-dengue\/","url":"https:\/\/brasilnoticias.org\/site\/natal-decreta-situacao-de-emergencia-por-aumento-no-numero-de-casos-de-dengue\/","name":"Natal decreta situa\u00e7\u00e3o de emerg\u00eancia por aumento no n\u00famero de casos de dengue - Brasil not\u00edcias","isPartOf":{"@id":"https:\/\/brasilnoticias.org\/site\/#website"},"primaryImageOfPage":{"@id":"https:\/\/brasilnoticias.org\/site\/natal-decreta-situacao-de-emergencia-por-aumento-no-numero-de-casos-de-dengue\/#primaryimage"},"image":{"@id":"https:\/\/brasilnoticias.org\/site\/natal-decreta-situacao-de-emergencia-por-aumento-no-numero-de-casos-de-dengue\/#primaryimage"},"thumbnailUrl":"https:\/\/brasilnoticias.org\/site\/wp-content\/uploads\/2024\/03\/146892natal-decreta-situacao-de-emergencia-por-aumento-no-numero-de-casos-de-dengue-3.jpg","datePublished":"2024-03-03T23:27:26+00:00","breadcrumb":{"@id":"https:\/\/brasilnoticias.org\/site\/natal-decreta-situacao-de-emergencia-por-aumento-no-numero-de-casos-de-dengue\/#breadcrumb"},"inLanguage":"pt-PT","potentialAction":[{"@type":"ReadAction","target":["https:\/\/brasilnoticias.org\/site\/natal-decreta-situacao-de-emergencia-por-aumento-no-numero-de-casos-de-dengue\/"]}]},{"@type":"ImageObject","inLanguage":"pt-PT","@id":"https:\/\/brasilnoticias.org\/site\/natal-decreta-situacao-de-emergencia-por-aumento-no-numero-de-casos-de-dengue\/#primaryimage","url":"https:\/\/brasilnoticias.org\/site\/wp-content\/uploads\/2024\/03\/146892natal-decreta-situacao-de-emergencia-por-aumento-no-numero-de-casos-de-dengue-3.jpg","contentUrl":"https:\/\/brasilnoticias.org\/site\/wp-content\/uploads\/2024\/03\/146892natal-decreta-situacao-de-emergencia-por-aumento-no-numero-de-casos-de-dengue-3.jpg","width":1600,"height":752},{"@type":"BreadcrumbList","@id":"https:\/\/brasilnoticias.org\/site\/natal-decreta-situacao-de-emergencia-por-aumento-no-numero-de-casos-de-dengue\/#breadcrumb","itemListElement":[{"@type":"ListItem","position":1,"name":"In\u00edcio","item":"https:\/\/brasilnoticias.org\/site\/"},{"@type":"ListItem","position":2,"name":"Natal decreta situa\u00e7\u00e3o de emerg\u00eancia por aumento no n\u00famero de casos de dengue"}]},{"@type":"WebSite","@id":"https:\/\/brasilnoticias.org\/site\/#website","url":"https:\/\/brasilnoticias.org\/site\/","name":"Brasil not\u00edcias","description":"Brasil not\u00edcias","publisher":{"@id":"https:\/\/brasilnoticias.org\/site\/#organization"},"potentialAction":[{"@type":"SearchAction","target":{"@type":"EntryPoint","urlTemplate":"https:\/\/brasilnoticias.org\/site\/?s={search_term_string}"},"query-input":{"@type":"PropertyValueSpecification","valueRequired":true,"valueName":"search_term_string"}}],"inLanguage":"pt-PT"},{"@type":"Organization","@id":"https:\/\/brasilnoticias.org\/site\/#organization","name":"Brasil not\u00edcias","url":"https:\/\/brasilnoticias.org\/site\/","logo":{"@type":"ImageObject","inLanguage":"pt-PT","@id":"https:\/\/brasilnoticias.org\/site\/#\/schema\/logo\/image\/","url":"https:\/\/brasilnoticias.org\/site\/wp-content\/uploads\/2022\/05\/cropped-brasilnoticias-mini.jpg","contentUrl":"https:\/\/brasilnoticias.org\/site\/wp-content\/uploads\/2022\/05\/cropped-brasilnoticias-mini.jpg","width":314,"height":86,"caption":"Brasil not\u00edcias"},"image":{"@id":"https:\/\/brasilnoticias.org\/site\/#\/schema\/logo\/image\/"}},{"@type":"Person","@id":"https:\/\/brasilnoticias.org\/site\/#\/schema\/person\/03bbbfe6c7634ad18c26444ea39049fa","name":"Reda\u00e7\u00e3o","image":{"@type":"ImageObject","inLanguage":"pt-PT","@id":"https:\/\/brasilnoticias.org\/site\/#\/schema\/person\/image\/","url":"https:\/\/secure.gravatar.com\/avatar\/9ecaf7327a696cb23ad926fedded5f1f04d7049de9e445375d55b48c001a6e42?s=96&d=mm&r=g","contentUrl":"https:\/\/secure.gravatar.com\/avatar\/9ecaf7327a696cb23ad926fedded5f1f04d7049de9e445375d55b48c001a6e42?s=96&d=mm&r=g","caption":"Reda\u00e7\u00e3o"},"url":"https:\/\/brasilnoticias.org\/site\/author\/henrique\/"}]}},"_links":{"self":[{"href":"https:\/\/brasilnoticias.org\/site\/wp-json\/wp\/v2\/posts\/12968","targetHints":{"allow":["GET"]}}],"collection":[{"href":"https:\/\/brasilnoticias.org\/site\/wp-json\/wp\/v2\/posts"}],"about":[{"href":"https:\/\/brasilnoticias.org\/site\/wp-json\/wp\/v2\/types\/post"}],"author":[{"embeddable":true,"href":"https:\/\/brasilnoticias.org\/site\/wp-json\/wp\/v2\/users\/4"}],"replies":[{"embeddable":true,"href":"https:\/\/brasilnoticias.org\/site\/wp-json\/wp\/v2\/comments?post=12968"}],"version-history":[{"count":1,"href":"https:\/\/brasilnoticias.org\/site\/wp-json\/wp\/v2\/posts\/12968\/revisions"}],"predecessor-version":[{"id":12970,"href":"https:\/\/brasilnoticias.org\/site\/wp-json\/wp\/v2\/posts\/12968\/revisions\/12970"}],"wp:featuredmedia":[{"embeddable":true,"href":"https:\/\/brasilnoticias.org\/site\/wp-json\/wp\/v2\/media\/12969"}],"wp:attachment":[{"href":"https:\/\/brasilnoticias.org\/site\/wp-json\/wp\/v2\/media?parent=12968"}],"wp:term":[{"taxonomy":"category","embeddable":true,"href":"https:\/\/brasilnoticias.org\/site\/wp-json\/wp\/v2\/categories?post=12968"},{"taxonomy":"post_tag","embeddable":true,"href":"https:\/\/brasilnoticias.org\/site\/wp-json\/wp\/v2\/tags?post=12968"}],"curies":[{"name":"wp","href":"https:\/\/api.w.org\/{rel}","templated":true}]}}