{"id":1298,"date":"2022-09-01T13:33:48","date_gmt":"2022-09-01T16:33:48","guid":{"rendered":"https:\/\/brasilnoticias.org\/site\/?p=1298"},"modified":"2022-09-01T13:33:48","modified_gmt":"2022-09-01T16:33:48","slug":"familia-pede-justica-apos-morte-de-irmaos-na-bahia-e-aponta-execucao","status":"publish","type":"post","link":"https:\/\/brasilnoticias.org\/site\/familia-pede-justica-apos-morte-de-irmaos-na-bahia-e-aponta-execucao\/","title":{"rendered":"Fam\u00edlia pede justi\u00e7a ap\u00f3s morte de irm\u00e3os na Bahia e aponta execu\u00e7\u00e3o"},"content":{"rendered":"<p>Um caso chocante resultou na morte de dois irm\u00e3os em\u00a0<a href=\"https:\/\/www.bnews.com.br\/noticias\/policia\/lider-do-trafico-em-itacare-e-interceptado-em-operacao-policial.html\">Itacar\u00e9<\/a>, na Bahia, na madrugada do dia 24 de junho deste ano. As v\u00edtimas, chamadas por Igor e Ot\u00e1vio, foram executadas, de acordo com a fam\u00edlia. Os dois homens trabalhavam em um s\u00edtio, o qual a fam\u00edlia aponta que o propriet\u00e1rio era pai de um criminoso, morto no mesmo dia.<\/p>\n<p>Em uma p\u00e1gina da rede social Instagram, de prenome &#8220;Justi\u00e7a Por Igor e Ot\u00e1vio&#8221;, parentes dos jovens relatam todo o caso. Em um dos trechos das publica\u00e7\u00f5es, eles indicam que o ato foi realizado por &#8220;oito policiais da Pol\u00edcia Militar de Itacar\u00e9, alguns sem farda e com capuz&#8221;. Ainda segundo os relatos, Igor levou um tiro na perna, al\u00e9m de ter sido torturado ao lado do irm\u00e3o, Ot\u00e1vio.<\/p>\n<p>Um terceiro trecho acrescenta que um amigo das v\u00edtimas, que estava dormindo no momento da suposta invas\u00e3o dos agentes, entrou em combate com um dos policiais, reconheceu dois, mas acabou levando um tiro de rasp\u00e3o. No entanto, ele sobreviveu ao atentado realizado no s\u00edtio.<\/p>\n<p>&#8220;Testemunhas disseram que o policial, conhecido como &#8216;Cear\u00e1&#8217;, foi reconhecido pela v\u00edtima que sobreviveu e guardou em sua caminhonete algumas ferramentas dos meus filhos. Duas motosserra stihl e uma serra circular makita. Quando cheguei de manh\u00e3 estava tudo em ordem, nada fora do lugar dentro de casa. Mas quando voltei l\u00e1 na segunda-feira, antes de partir para enterrar meu filho, estava tudo revirado, uma bagun\u00e7a que eles deixaram depois de ir na ocorr\u00eancia&#8221;, descreveu a m\u00e3e dos homens, que n\u00e3o teve o nome revelado, em uma publica\u00e7\u00e3o divulgada na \u00faltima quarta-feira (31), no perfil &#8220;Justi\u00e7a por Igor e Ot\u00e1vio&#8221;.<\/p>\n<p>Ainda no mesmo relato, a m\u00e3e das duas v\u00edtimas aponta que dois policiais foram denunciados e reconhecidos pelo sobrevivente ao Minist\u00e9rio P\u00fablico da Bahia (MP-BA) e ao delegado Ricardo Ribeiro, da Policial Civil de Itacar\u00e9, h\u00e1 mais de dois meses. Al\u00e9m disso, ela afirma que agentes da categoria teriam invadido o s\u00edtio. &#8220;Deixaram bilhetes de amea\u00e7a e v\u00e1rios tiros na porta onde mor\u00e1vamos&#8221;, destaca.<\/p>\n<p>Ainda segundo os relatos, publicados em um perfil criado na rede social, os pais das v\u00edtimas estiveram no local no dia seguinte ao caso e encontraram os corpos deixados no s\u00edtio. Os depoimentos, divulgados no perfil, acrescentam que os policiais t\u00eam tentado intimidar os parentes de Igor e Ot\u00e1vio.<\/p>\n<p>&#8220;Eles destru\u00edram sonhos dos meus filhos e da nossa fam\u00edlia toda. Estamos em estado de choque, sem norte na vida. Hoje em dia preciso de rem\u00e9dios para dormir, porque quando fecho os olhos, s\u00f3 lembro da cena de ver meus filhos no ch\u00e3o&#8221;, cita.<\/p>\n<p>A reportagem do\u00a0<strong>BNews<\/strong>\u00a0entrou em contato com o Minist\u00e9rio P\u00fablico da Bahia (MP-BA) e com a Pol\u00edcia Civil de Itacar\u00e9, mas, at\u00e9 o fechamento desta mat\u00e9ria, n\u00e3o obteve retorno. Assim que tivermos uma resposta, atualizaremos esta mat\u00e9ria.<\/p>\n<p>\u00c0s 9h57 desta quinta-feira (01), a assessoria de imprensa da PC-BA emitiu um posicionamento onde alega que o inqu\u00e9rito policial est\u00e1 em andamento pela Delegacia Territorial de Itacar\u00e9. &#8220;Oitivas est\u00e3o sendo realizadas e as testemunhas est\u00e3o sendo ouvidas, portanto todo o trabalho de pol\u00edcia judici\u00e1ria est\u00e1 sendo realizado. Mais detalhes n\u00e3o est\u00e3o sendo divulgados neste momento, para n\u00e3o atrapalhar o decorrer da investiga\u00e7\u00e3o&#8221;, diz a nota oficial.<\/p>\n<p>&nbsp;<\/p>\n<p>&nbsp;<\/p>\n<p>&nbsp;<\/p>\n<p>Bnews<\/p>\n","protected":false},"excerpt":{"rendered":"<p>Um caso chocante resultou na morte de dois irm\u00e3os em\u00a0Itacar\u00e9, na Bahia, na madrugada do dia 24 de junho deste<\/p>\n","protected":false},"author":2,"featured_media":1299,"comment_status":"open","ping_status":"open","sticky":false,"template":"","format":"standard","meta":{"colormag_page_container_layout":"default_layout","colormag_page_sidebar_layout":"default_layout","_FSMCFIC_featured_image_caption":"","_FSMCFIC_featured_image_nocaption":"","_FSMCFIC_featured_image_hide":"","footnotes":""},"categories":[2,1],"tags":[],"class_list":["post-1298","post","type-post","status-publish","format-standard","has-post-thumbnail","hentry","category-noticias","category-ultimas"],"yoast_head":"<!-- This site is optimized with the Yoast SEO plugin v27.1.1 - https:\/\/yoast.com\/product\/yoast-seo-wordpress\/ -->\n<title>Fam\u00edlia pede justi\u00e7a ap\u00f3s morte de irm\u00e3os na Bahia e aponta execu\u00e7\u00e3o - Brasil not\u00edcias<\/title>\n<meta name=\"robots\" content=\"index, follow, max-snippet:-1, max-image-preview:large, max-video-preview:-1\" \/>\n<link rel=\"canonical\" href=\"https:\/\/brasilnoticias.org\/site\/familia-pede-justica-apos-morte-de-irmaos-na-bahia-e-aponta-execucao\/\" \/>\n<meta property=\"og:locale\" content=\"pt_PT\" \/>\n<meta property=\"og:type\" content=\"article\" \/>\n<meta property=\"og:title\" content=\"Fam\u00edlia pede justi\u00e7a ap\u00f3s morte de irm\u00e3os na Bahia e aponta execu\u00e7\u00e3o - Brasil not\u00edcias\" \/>\n<meta property=\"og:description\" content=\"Um caso chocante resultou na morte de dois irm\u00e3os em\u00a0Itacar\u00e9, na Bahia, na madrugada do dia 24 de junho deste\" \/>\n<meta property=\"og:url\" content=\"https:\/\/brasilnoticias.org\/site\/familia-pede-justica-apos-morte-de-irmaos-na-bahia-e-aponta-execucao\/\" \/>\n<meta property=\"og:site_name\" content=\"Brasil not\u00edcias\" \/>\n<meta property=\"article:published_time\" content=\"2022-09-01T16:33:48+00:00\" \/>\n<meta property=\"og:image\" content=\"https:\/\/brasilnoticias.org\/site\/wp-content\/uploads\/2022\/09\/irmaos_2_crctshC_widelg-1.jpg\" \/>\n\t<meta property=\"og:image:width\" content=\"800\" \/>\n\t<meta property=\"og:image:height\" content=\"450\" \/>\n\t<meta property=\"og:image:type\" content=\"image\/jpeg\" \/>\n<meta name=\"author\" content=\"Reda\u00e7\u00e3o\" \/>\n<meta name=\"twitter:card\" content=\"summary_large_image\" \/>\n<meta name=\"twitter:label1\" content=\"Escrito por\" \/>\n\t<meta name=\"twitter:data1\" content=\"Reda\u00e7\u00e3o\" \/>\n\t<meta name=\"twitter:label2\" content=\"Tempo estimado de leitura\" \/>\n\t<meta name=\"twitter:data2\" content=\"3 minutos\" \/>\n<script type=\"application\/ld+json\" class=\"yoast-schema-graph\">{\"@context\":\"https:\/\/schema.org\",\"@graph\":[{\"@type\":\"Article\",\"@id\":\"https:\/\/brasilnoticias.org\/site\/familia-pede-justica-apos-morte-de-irmaos-na-bahia-e-aponta-execucao\/#article\",\"isPartOf\":{\"@id\":\"https:\/\/brasilnoticias.org\/site\/familia-pede-justica-apos-morte-de-irmaos-na-bahia-e-aponta-execucao\/\"},\"author\":{\"name\":\"Reda\u00e7\u00e3o\",\"@id\":\"https:\/\/brasilnoticias.org\/site\/#\/schema\/person\/f609fa847b5314f1c8b983342f34c798\"},\"headline\":\"Fam\u00edlia pede justi\u00e7a ap\u00f3s morte de irm\u00e3os na Bahia e aponta execu\u00e7\u00e3o\",\"datePublished\":\"2022-09-01T16:33:48+00:00\",\"mainEntityOfPage\":{\"@id\":\"https:\/\/brasilnoticias.org\/site\/familia-pede-justica-apos-morte-de-irmaos-na-bahia-e-aponta-execucao\/\"},\"wordCount\":611,\"commentCount\":0,\"publisher\":{\"@id\":\"https:\/\/brasilnoticias.org\/site\/#organization\"},\"image\":{\"@id\":\"https:\/\/brasilnoticias.org\/site\/familia-pede-justica-apos-morte-de-irmaos-na-bahia-e-aponta-execucao\/#primaryimage\"},\"thumbnailUrl\":\"https:\/\/brasilnoticias.org\/site\/wp-content\/uploads\/2022\/09\/irmaos_2_crctshC_widelg-1.jpg\",\"articleSection\":[\"Not\u00edcias\",\"\u00daltimas\"],\"inLanguage\":\"pt-PT\",\"potentialAction\":[{\"@type\":\"CommentAction\",\"name\":\"Comment\",\"target\":[\"https:\/\/brasilnoticias.org\/site\/familia-pede-justica-apos-morte-de-irmaos-na-bahia-e-aponta-execucao\/#respond\"]}]},{\"@type\":\"WebPage\",\"@id\":\"https:\/\/brasilnoticias.org\/site\/familia-pede-justica-apos-morte-de-irmaos-na-bahia-e-aponta-execucao\/\",\"url\":\"https:\/\/brasilnoticias.org\/site\/familia-pede-justica-apos-morte-de-irmaos-na-bahia-e-aponta-execucao\/\",\"name\":\"Fam\u00edlia pede justi\u00e7a ap\u00f3s morte de irm\u00e3os na Bahia e aponta execu\u00e7\u00e3o - Brasil not\u00edcias\",\"isPartOf\":{\"@id\":\"https:\/\/brasilnoticias.org\/site\/#website\"},\"primaryImageOfPage\":{\"@id\":\"https:\/\/brasilnoticias.org\/site\/familia-pede-justica-apos-morte-de-irmaos-na-bahia-e-aponta-execucao\/#primaryimage\"},\"image\":{\"@id\":\"https:\/\/brasilnoticias.org\/site\/familia-pede-justica-apos-morte-de-irmaos-na-bahia-e-aponta-execucao\/#primaryimage\"},\"thumbnailUrl\":\"https:\/\/brasilnoticias.org\/site\/wp-content\/uploads\/2022\/09\/irmaos_2_crctshC_widelg-1.jpg\",\"datePublished\":\"2022-09-01T16:33:48+00:00\",\"breadcrumb\":{\"@id\":\"https:\/\/brasilnoticias.org\/site\/familia-pede-justica-apos-morte-de-irmaos-na-bahia-e-aponta-execucao\/#breadcrumb\"},\"inLanguage\":\"pt-PT\",\"potentialAction\":[{\"@type\":\"ReadAction\",\"target\":[\"https:\/\/brasilnoticias.org\/site\/familia-pede-justica-apos-morte-de-irmaos-na-bahia-e-aponta-execucao\/\"]}]},{\"@type\":\"ImageObject\",\"inLanguage\":\"pt-PT\",\"@id\":\"https:\/\/brasilnoticias.org\/site\/familia-pede-justica-apos-morte-de-irmaos-na-bahia-e-aponta-execucao\/#primaryimage\",\"url\":\"https:\/\/brasilnoticias.org\/site\/wp-content\/uploads\/2022\/09\/irmaos_2_crctshC_widelg-1.jpg\",\"contentUrl\":\"https:\/\/brasilnoticias.org\/site\/wp-content\/uploads\/2022\/09\/irmaos_2_crctshC_widelg-1.jpg\",\"width\":800,\"height\":450},{\"@type\":\"BreadcrumbList\",\"@id\":\"https:\/\/brasilnoticias.org\/site\/familia-pede-justica-apos-morte-de-irmaos-na-bahia-e-aponta-execucao\/#breadcrumb\",\"itemListElement\":[{\"@type\":\"ListItem\",\"position\":1,\"name\":\"In\u00edcio\",\"item\":\"https:\/\/brasilnoticias.org\/site\/\"},{\"@type\":\"ListItem\",\"position\":2,\"name\":\"Fam\u00edlia pede justi\u00e7a ap\u00f3s morte de irm\u00e3os na Bahia e aponta execu\u00e7\u00e3o\"}]},{\"@type\":\"WebSite\",\"@id\":\"https:\/\/brasilnoticias.org\/site\/#website\",\"url\":\"https:\/\/brasilnoticias.org\/site\/\",\"name\":\"Brasil not\u00edcias\",\"description\":\"Brasil not\u00edcias\",\"publisher\":{\"@id\":\"https:\/\/brasilnoticias.org\/site\/#organization\"},\"potentialAction\":[{\"@type\":\"SearchAction\",\"target\":{\"@type\":\"EntryPoint\",\"urlTemplate\":\"https:\/\/brasilnoticias.org\/site\/?s={search_term_string}\"},\"query-input\":{\"@type\":\"PropertyValueSpecification\",\"valueRequired\":true,\"valueName\":\"search_term_string\"}}],\"inLanguage\":\"pt-PT\"},{\"@type\":\"Organization\",\"@id\":\"https:\/\/brasilnoticias.org\/site\/#organization\",\"name\":\"Brasil not\u00edcias\",\"url\":\"https:\/\/brasilnoticias.org\/site\/\",\"logo\":{\"@type\":\"ImageObject\",\"inLanguage\":\"pt-PT\",\"@id\":\"https:\/\/brasilnoticias.org\/site\/#\/schema\/logo\/image\/\",\"url\":\"https:\/\/brasilnoticias.org\/site\/wp-content\/uploads\/2022\/05\/cropped-brasilnoticias-mini.jpg\",\"contentUrl\":\"https:\/\/brasilnoticias.org\/site\/wp-content\/uploads\/2022\/05\/cropped-brasilnoticias-mini.jpg\",\"width\":314,\"height\":86,\"caption\":\"Brasil not\u00edcias\"},\"image\":{\"@id\":\"https:\/\/brasilnoticias.org\/site\/#\/schema\/logo\/image\/\"}},{\"@type\":\"Person\",\"@id\":\"https:\/\/brasilnoticias.org\/site\/#\/schema\/person\/f609fa847b5314f1c8b983342f34c798\",\"name\":\"Reda\u00e7\u00e3o\",\"image\":{\"@type\":\"ImageObject\",\"inLanguage\":\"pt-PT\",\"@id\":\"https:\/\/brasilnoticias.org\/site\/#\/schema\/person\/image\/\",\"url\":\"https:\/\/secure.gravatar.com\/avatar\/447284c06c1ad8b46465a36de9cd0d8326b73387a22799b8b1ffb1fbcff2ed0c?s=96&d=mm&r=g\",\"contentUrl\":\"https:\/\/secure.gravatar.com\/avatar\/447284c06c1ad8b46465a36de9cd0d8326b73387a22799b8b1ffb1fbcff2ed0c?s=96&d=mm&r=g\",\"caption\":\"Reda\u00e7\u00e3o\"},\"url\":\"https:\/\/brasilnoticias.org\/site\/author\/redacao\/\"}]}<\/script>\n<!-- \/ Yoast SEO plugin. -->","yoast_head_json":{"title":"Fam\u00edlia pede justi\u00e7a ap\u00f3s morte de irm\u00e3os na Bahia e aponta execu\u00e7\u00e3o - Brasil not\u00edcias","robots":{"index":"index","follow":"follow","max-snippet":"max-snippet:-1","max-image-preview":"max-image-preview:large","max-video-preview":"max-video-preview:-1"},"canonical":"https:\/\/brasilnoticias.org\/site\/familia-pede-justica-apos-morte-de-irmaos-na-bahia-e-aponta-execucao\/","og_locale":"pt_PT","og_type":"article","og_title":"Fam\u00edlia pede justi\u00e7a ap\u00f3s morte de irm\u00e3os na Bahia e aponta execu\u00e7\u00e3o - Brasil not\u00edcias","og_description":"Um caso chocante resultou na morte de dois irm\u00e3os em\u00a0Itacar\u00e9, na Bahia, na madrugada do dia 24 de junho deste","og_url":"https:\/\/brasilnoticias.org\/site\/familia-pede-justica-apos-morte-de-irmaos-na-bahia-e-aponta-execucao\/","og_site_name":"Brasil not\u00edcias","article_published_time":"2022-09-01T16:33:48+00:00","og_image":[{"width":800,"height":450,"url":"https:\/\/brasilnoticias.org\/site\/wp-content\/uploads\/2022\/09\/irmaos_2_crctshC_widelg-1.jpg","type":"image\/jpeg"}],"author":"Reda\u00e7\u00e3o","twitter_card":"summary_large_image","twitter_misc":{"Escrito por":"Reda\u00e7\u00e3o","Tempo estimado de leitura":"3 minutos"},"schema":{"@context":"https:\/\/schema.org","@graph":[{"@type":"Article","@id":"https:\/\/brasilnoticias.org\/site\/familia-pede-justica-apos-morte-de-irmaos-na-bahia-e-aponta-execucao\/#article","isPartOf":{"@id":"https:\/\/brasilnoticias.org\/site\/familia-pede-justica-apos-morte-de-irmaos-na-bahia-e-aponta-execucao\/"},"author":{"name":"Reda\u00e7\u00e3o","@id":"https:\/\/brasilnoticias.org\/site\/#\/schema\/person\/f609fa847b5314f1c8b983342f34c798"},"headline":"Fam\u00edlia pede justi\u00e7a ap\u00f3s morte de irm\u00e3os na Bahia e aponta execu\u00e7\u00e3o","datePublished":"2022-09-01T16:33:48+00:00","mainEntityOfPage":{"@id":"https:\/\/brasilnoticias.org\/site\/familia-pede-justica-apos-morte-de-irmaos-na-bahia-e-aponta-execucao\/"},"wordCount":611,"commentCount":0,"publisher":{"@id":"https:\/\/brasilnoticias.org\/site\/#organization"},"image":{"@id":"https:\/\/brasilnoticias.org\/site\/familia-pede-justica-apos-morte-de-irmaos-na-bahia-e-aponta-execucao\/#primaryimage"},"thumbnailUrl":"https:\/\/brasilnoticias.org\/site\/wp-content\/uploads\/2022\/09\/irmaos_2_crctshC_widelg-1.jpg","articleSection":["Not\u00edcias","\u00daltimas"],"inLanguage":"pt-PT","potentialAction":[{"@type":"CommentAction","name":"Comment","target":["https:\/\/brasilnoticias.org\/site\/familia-pede-justica-apos-morte-de-irmaos-na-bahia-e-aponta-execucao\/#respond"]}]},{"@type":"WebPage","@id":"https:\/\/brasilnoticias.org\/site\/familia-pede-justica-apos-morte-de-irmaos-na-bahia-e-aponta-execucao\/","url":"https:\/\/brasilnoticias.org\/site\/familia-pede-justica-apos-morte-de-irmaos-na-bahia-e-aponta-execucao\/","name":"Fam\u00edlia pede justi\u00e7a ap\u00f3s morte de irm\u00e3os na Bahia e aponta execu\u00e7\u00e3o - Brasil not\u00edcias","isPartOf":{"@id":"https:\/\/brasilnoticias.org\/site\/#website"},"primaryImageOfPage":{"@id":"https:\/\/brasilnoticias.org\/site\/familia-pede-justica-apos-morte-de-irmaos-na-bahia-e-aponta-execucao\/#primaryimage"},"image":{"@id":"https:\/\/brasilnoticias.org\/site\/familia-pede-justica-apos-morte-de-irmaos-na-bahia-e-aponta-execucao\/#primaryimage"},"thumbnailUrl":"https:\/\/brasilnoticias.org\/site\/wp-content\/uploads\/2022\/09\/irmaos_2_crctshC_widelg-1.jpg","datePublished":"2022-09-01T16:33:48+00:00","breadcrumb":{"@id":"https:\/\/brasilnoticias.org\/site\/familia-pede-justica-apos-morte-de-irmaos-na-bahia-e-aponta-execucao\/#breadcrumb"},"inLanguage":"pt-PT","potentialAction":[{"@type":"ReadAction","target":["https:\/\/brasilnoticias.org\/site\/familia-pede-justica-apos-morte-de-irmaos-na-bahia-e-aponta-execucao\/"]}]},{"@type":"ImageObject","inLanguage":"pt-PT","@id":"https:\/\/brasilnoticias.org\/site\/familia-pede-justica-apos-morte-de-irmaos-na-bahia-e-aponta-execucao\/#primaryimage","url":"https:\/\/brasilnoticias.org\/site\/wp-content\/uploads\/2022\/09\/irmaos_2_crctshC_widelg-1.jpg","contentUrl":"https:\/\/brasilnoticias.org\/site\/wp-content\/uploads\/2022\/09\/irmaos_2_crctshC_widelg-1.jpg","width":800,"height":450},{"@type":"BreadcrumbList","@id":"https:\/\/brasilnoticias.org\/site\/familia-pede-justica-apos-morte-de-irmaos-na-bahia-e-aponta-execucao\/#breadcrumb","itemListElement":[{"@type":"ListItem","position":1,"name":"In\u00edcio","item":"https:\/\/brasilnoticias.org\/site\/"},{"@type":"ListItem","position":2,"name":"Fam\u00edlia pede justi\u00e7a ap\u00f3s morte de irm\u00e3os na Bahia e aponta execu\u00e7\u00e3o"}]},{"@type":"WebSite","@id":"https:\/\/brasilnoticias.org\/site\/#website","url":"https:\/\/brasilnoticias.org\/site\/","name":"Brasil not\u00edcias","description":"Brasil not\u00edcias","publisher":{"@id":"https:\/\/brasilnoticias.org\/site\/#organization"},"potentialAction":[{"@type":"SearchAction","target":{"@type":"EntryPoint","urlTemplate":"https:\/\/brasilnoticias.org\/site\/?s={search_term_string}"},"query-input":{"@type":"PropertyValueSpecification","valueRequired":true,"valueName":"search_term_string"}}],"inLanguage":"pt-PT"},{"@type":"Organization","@id":"https:\/\/brasilnoticias.org\/site\/#organization","name":"Brasil not\u00edcias","url":"https:\/\/brasilnoticias.org\/site\/","logo":{"@type":"ImageObject","inLanguage":"pt-PT","@id":"https:\/\/brasilnoticias.org\/site\/#\/schema\/logo\/image\/","url":"https:\/\/brasilnoticias.org\/site\/wp-content\/uploads\/2022\/05\/cropped-brasilnoticias-mini.jpg","contentUrl":"https:\/\/brasilnoticias.org\/site\/wp-content\/uploads\/2022\/05\/cropped-brasilnoticias-mini.jpg","width":314,"height":86,"caption":"Brasil not\u00edcias"},"image":{"@id":"https:\/\/brasilnoticias.org\/site\/#\/schema\/logo\/image\/"}},{"@type":"Person","@id":"https:\/\/brasilnoticias.org\/site\/#\/schema\/person\/f609fa847b5314f1c8b983342f34c798","name":"Reda\u00e7\u00e3o","image":{"@type":"ImageObject","inLanguage":"pt-PT","@id":"https:\/\/brasilnoticias.org\/site\/#\/schema\/person\/image\/","url":"https:\/\/secure.gravatar.com\/avatar\/447284c06c1ad8b46465a36de9cd0d8326b73387a22799b8b1ffb1fbcff2ed0c?s=96&d=mm&r=g","contentUrl":"https:\/\/secure.gravatar.com\/avatar\/447284c06c1ad8b46465a36de9cd0d8326b73387a22799b8b1ffb1fbcff2ed0c?s=96&d=mm&r=g","caption":"Reda\u00e7\u00e3o"},"url":"https:\/\/brasilnoticias.org\/site\/author\/redacao\/"}]}},"_links":{"self":[{"href":"https:\/\/brasilnoticias.org\/site\/wp-json\/wp\/v2\/posts\/1298","targetHints":{"allow":["GET"]}}],"collection":[{"href":"https:\/\/brasilnoticias.org\/site\/wp-json\/wp\/v2\/posts"}],"about":[{"href":"https:\/\/brasilnoticias.org\/site\/wp-json\/wp\/v2\/types\/post"}],"author":[{"embeddable":true,"href":"https:\/\/brasilnoticias.org\/site\/wp-json\/wp\/v2\/users\/2"}],"replies":[{"embeddable":true,"href":"https:\/\/brasilnoticias.org\/site\/wp-json\/wp\/v2\/comments?post=1298"}],"version-history":[{"count":1,"href":"https:\/\/brasilnoticias.org\/site\/wp-json\/wp\/v2\/posts\/1298\/revisions"}],"predecessor-version":[{"id":1300,"href":"https:\/\/brasilnoticias.org\/site\/wp-json\/wp\/v2\/posts\/1298\/revisions\/1300"}],"wp:featuredmedia":[{"embeddable":true,"href":"https:\/\/brasilnoticias.org\/site\/wp-json\/wp\/v2\/media\/1299"}],"wp:attachment":[{"href":"https:\/\/brasilnoticias.org\/site\/wp-json\/wp\/v2\/media?parent=1298"}],"wp:term":[{"taxonomy":"category","embeddable":true,"href":"https:\/\/brasilnoticias.org\/site\/wp-json\/wp\/v2\/categories?post=1298"},{"taxonomy":"post_tag","embeddable":true,"href":"https:\/\/brasilnoticias.org\/site\/wp-json\/wp\/v2\/tags?post=1298"}],"curies":[{"name":"wp","href":"https:\/\/api.w.org\/{rel}","templated":true}]}}