{"id":12987,"date":"2024-03-04T17:20:25","date_gmt":"2024-03-04T20:20:25","guid":{"rendered":"https:\/\/brasilnoticias.org\/site\/?p=12987"},"modified":"2024-03-04T17:20:25","modified_gmt":"2024-03-04T20:20:25","slug":"bahia-nao-esta-em-epidemia-de-dengue-diz-ministra-da-saude","status":"publish","type":"post","link":"https:\/\/brasilnoticias.org\/site\/bahia-nao-esta-em-epidemia-de-dengue-diz-ministra-da-saude\/","title":{"rendered":"\u2018Bahia n\u00e3o est\u00e1 em epidemia de dengue\u2019, diz ministra da Sa\u00fade"},"content":{"rendered":"<p>Estado confirma 23 mil casos prov\u00e1veis da doen\u00e7a, mas ministra ressalta que situa\u00e7\u00e3o<\/p>\n<p>A Bahia j\u00e1 confirma 23 mil casos prov\u00e1veis de dengue, com oito mortes confirmadas de dengue desde janeiro. Apesar de reconhecer a gravidade da situa\u00e7\u00e3o, a ministra da Sa\u00fade N\u00edsia Trindade Lima, ponderou, em visita a Salvador, que o estado ainda n\u00e3o est\u00e1 em epidemia de dengue. Segundo a Secretaria de Sa\u00fade da Bahia (Sesab), os 417 munic\u00edpios baianos, 64 j\u00e1 decretaram epidemia da doen\u00e7a, mas a m\u00e9dia de casos no estad0 ainda n\u00e3o configura epidemia.<\/p>\n<p>De acordo com a ministra, o Brasil teve um aumento explosivo este ano em algumas regi\u00f5es e Nordeste \u00e9 a de menor incid\u00eancia. No \u00faltimo s\u00e1bado (2\/3), dia nacional de mobiliza\u00e7\u00e3o contra a dengue, a ministra visitou as instala\u00e7\u00f5es do Instituto Couto Maia, em Salvador, acompanhada da secret\u00e1ria da Sa\u00fade da Bahia, Roberta Santana.<\/p>\n<p>Ap\u00f3s conversar com pacientes, a ministra da Sa\u00fade reiterou a import\u00e2ncia da preven\u00e7\u00e3o \u00e0 doen\u00e7a. \u201cA mobiliza\u00e7\u00e3o e a conscientiza\u00e7\u00e3o s\u00e3o nossas principais armas nesse combate. Cada indiv\u00edduo tem um papel crucial, e juntos, podemos reduzir significativamente a incid\u00eancia da dengue. A preven\u00e7\u00e3o \u00e9 a chave, e cada a\u00e7\u00e3o conta. Bastam dez minutos para verificar se em casa tem algum foco do mosquito\u201d, destacou a titular da pasta federal.<\/p>\n<p>Confira a reportagem completa: <\/p>\n<p><iframe loading=\"lazy\" width=\"640\" height=\"360\" src=\"https:\/\/www.youtube.com\/embed\/IUli9rA39mo\" title=\"Ministra da Sa\u00fade fala sobre epidemia de dengue na Bahia\" frameborder=\"0\" allow=\"accelerometer; autoplay; clipboard-write; encrypted-media; gyroscope; picture-in-picture; web-share\" allowfullscreen><\/iframe><\/p>\n<p>Foto: Marcelo Camargo\/Ag\u00eancia Brasil<br \/>\nAratu On<\/p>\n","protected":false},"excerpt":{"rendered":"<p>Estado confirma 23 mil casos prov\u00e1veis da doen\u00e7a, mas ministra ressalta que situa\u00e7\u00e3o A Bahia j\u00e1 confirma 23 mil casos<\/p>\n","protected":false},"author":4,"featured_media":12988,"comment_status":"open","ping_status":"open","sticky":false,"template":"","format":"standard","meta":{"colormag_page_container_layout":"default_layout","colormag_page_sidebar_layout":"default_layout","_FSMCFIC_featured_image_caption":"","_FSMCFIC_featured_image_nocaption":"","_FSMCFIC_featured_image_hide":"","footnotes":""},"categories":[2,1],"tags":[],"class_list":["post-12987","post","type-post","status-publish","format-standard","has-post-thumbnail","hentry","category-noticias","category-ultimas"],"yoast_head":"<!-- This site is optimized with the Yoast SEO plugin v27.1.1 - https:\/\/yoast.com\/product\/yoast-seo-wordpress\/ -->\n<title>\u2018Bahia n\u00e3o est\u00e1 em epidemia de dengue\u2019, diz ministra da Sa\u00fade - Brasil not\u00edcias<\/title>\n<meta name=\"robots\" content=\"index, follow, max-snippet:-1, max-image-preview:large, max-video-preview:-1\" \/>\n<link rel=\"canonical\" href=\"https:\/\/brasilnoticias.org\/site\/bahia-nao-esta-em-epidemia-de-dengue-diz-ministra-da-saude\/\" \/>\n<meta property=\"og:locale\" content=\"pt_PT\" \/>\n<meta property=\"og:type\" content=\"article\" \/>\n<meta property=\"og:title\" content=\"\u2018Bahia n\u00e3o est\u00e1 em epidemia de dengue\u2019, diz ministra da Sa\u00fade - Brasil not\u00edcias\" \/>\n<meta property=\"og:description\" content=\"Estado confirma 23 mil casos prov\u00e1veis da doen\u00e7a, mas ministra ressalta que situa\u00e7\u00e3o A Bahia j\u00e1 confirma 23 mil casos\" \/>\n<meta property=\"og:url\" content=\"https:\/\/brasilnoticias.org\/site\/bahia-nao-esta-em-epidemia-de-dengue-diz-ministra-da-saude\/\" \/>\n<meta property=\"og:site_name\" content=\"Brasil not\u00edcias\" \/>\n<meta property=\"article:published_time\" content=\"2024-03-04T20:20:25+00:00\" \/>\n<meta property=\"og:image\" content=\"https:\/\/brasilnoticias.org\/site\/wp-content\/uploads\/2024\/03\/ministra-da-saude.jpg\" \/>\n\t<meta property=\"og:image:width\" content=\"960\" \/>\n\t<meta property=\"og:image:height\" content=\"500\" \/>\n\t<meta property=\"og:image:type\" content=\"image\/jpeg\" \/>\n<meta name=\"author\" content=\"Reda\u00e7\u00e3o\" \/>\n<meta name=\"twitter:card\" content=\"summary_large_image\" \/>\n<meta name=\"twitter:label1\" content=\"Escrito por\" \/>\n\t<meta name=\"twitter:data1\" content=\"Reda\u00e7\u00e3o\" \/>\n\t<meta name=\"twitter:label2\" content=\"Tempo estimado de leitura\" \/>\n\t<meta name=\"twitter:data2\" content=\"1 minuto\" \/>\n<script type=\"application\/ld+json\" class=\"yoast-schema-graph\">{\"@context\":\"https:\/\/schema.org\",\"@graph\":[{\"@type\":\"Article\",\"@id\":\"https:\/\/brasilnoticias.org\/site\/bahia-nao-esta-em-epidemia-de-dengue-diz-ministra-da-saude\/#article\",\"isPartOf\":{\"@id\":\"https:\/\/brasilnoticias.org\/site\/bahia-nao-esta-em-epidemia-de-dengue-diz-ministra-da-saude\/\"},\"author\":{\"name\":\"Reda\u00e7\u00e3o\",\"@id\":\"https:\/\/brasilnoticias.org\/site\/#\/schema\/person\/03bbbfe6c7634ad18c26444ea39049fa\"},\"headline\":\"\u2018Bahia n\u00e3o est\u00e1 em epidemia de dengue\u2019, diz ministra da Sa\u00fade\",\"datePublished\":\"2024-03-04T20:20:25+00:00\",\"mainEntityOfPage\":{\"@id\":\"https:\/\/brasilnoticias.org\/site\/bahia-nao-esta-em-epidemia-de-dengue-diz-ministra-da-saude\/\"},\"wordCount\":261,\"commentCount\":0,\"publisher\":{\"@id\":\"https:\/\/brasilnoticias.org\/site\/#organization\"},\"image\":{\"@id\":\"https:\/\/brasilnoticias.org\/site\/bahia-nao-esta-em-epidemia-de-dengue-diz-ministra-da-saude\/#primaryimage\"},\"thumbnailUrl\":\"https:\/\/brasilnoticias.org\/site\/wp-content\/uploads\/2024\/03\/ministra-da-saude.jpg\",\"articleSection\":[\"Not\u00edcias\",\"\u00daltimas\"],\"inLanguage\":\"pt-PT\",\"potentialAction\":[{\"@type\":\"CommentAction\",\"name\":\"Comment\",\"target\":[\"https:\/\/brasilnoticias.org\/site\/bahia-nao-esta-em-epidemia-de-dengue-diz-ministra-da-saude\/#respond\"]}]},{\"@type\":\"WebPage\",\"@id\":\"https:\/\/brasilnoticias.org\/site\/bahia-nao-esta-em-epidemia-de-dengue-diz-ministra-da-saude\/\",\"url\":\"https:\/\/brasilnoticias.org\/site\/bahia-nao-esta-em-epidemia-de-dengue-diz-ministra-da-saude\/\",\"name\":\"\u2018Bahia n\u00e3o est\u00e1 em epidemia de dengue\u2019, diz ministra da Sa\u00fade - Brasil not\u00edcias\",\"isPartOf\":{\"@id\":\"https:\/\/brasilnoticias.org\/site\/#website\"},\"primaryImageOfPage\":{\"@id\":\"https:\/\/brasilnoticias.org\/site\/bahia-nao-esta-em-epidemia-de-dengue-diz-ministra-da-saude\/#primaryimage\"},\"image\":{\"@id\":\"https:\/\/brasilnoticias.org\/site\/bahia-nao-esta-em-epidemia-de-dengue-diz-ministra-da-saude\/#primaryimage\"},\"thumbnailUrl\":\"https:\/\/brasilnoticias.org\/site\/wp-content\/uploads\/2024\/03\/ministra-da-saude.jpg\",\"datePublished\":\"2024-03-04T20:20:25+00:00\",\"breadcrumb\":{\"@id\":\"https:\/\/brasilnoticias.org\/site\/bahia-nao-esta-em-epidemia-de-dengue-diz-ministra-da-saude\/#breadcrumb\"},\"inLanguage\":\"pt-PT\",\"potentialAction\":[{\"@type\":\"ReadAction\",\"target\":[\"https:\/\/brasilnoticias.org\/site\/bahia-nao-esta-em-epidemia-de-dengue-diz-ministra-da-saude\/\"]}]},{\"@type\":\"ImageObject\",\"inLanguage\":\"pt-PT\",\"@id\":\"https:\/\/brasilnoticias.org\/site\/bahia-nao-esta-em-epidemia-de-dengue-diz-ministra-da-saude\/#primaryimage\",\"url\":\"https:\/\/brasilnoticias.org\/site\/wp-content\/uploads\/2024\/03\/ministra-da-saude.jpg\",\"contentUrl\":\"https:\/\/brasilnoticias.org\/site\/wp-content\/uploads\/2024\/03\/ministra-da-saude.jpg\",\"width\":960,\"height\":500},{\"@type\":\"BreadcrumbList\",\"@id\":\"https:\/\/brasilnoticias.org\/site\/bahia-nao-esta-em-epidemia-de-dengue-diz-ministra-da-saude\/#breadcrumb\",\"itemListElement\":[{\"@type\":\"ListItem\",\"position\":1,\"name\":\"In\u00edcio\",\"item\":\"https:\/\/brasilnoticias.org\/site\/\"},{\"@type\":\"ListItem\",\"position\":2,\"name\":\"\u2018Bahia n\u00e3o est\u00e1 em epidemia de dengue\u2019, diz ministra da Sa\u00fade\"}]},{\"@type\":\"WebSite\",\"@id\":\"https:\/\/brasilnoticias.org\/site\/#website\",\"url\":\"https:\/\/brasilnoticias.org\/site\/\",\"name\":\"Brasil not\u00edcias\",\"description\":\"Brasil not\u00edcias\",\"publisher\":{\"@id\":\"https:\/\/brasilnoticias.org\/site\/#organization\"},\"potentialAction\":[{\"@type\":\"SearchAction\",\"target\":{\"@type\":\"EntryPoint\",\"urlTemplate\":\"https:\/\/brasilnoticias.org\/site\/?s={search_term_string}\"},\"query-input\":{\"@type\":\"PropertyValueSpecification\",\"valueRequired\":true,\"valueName\":\"search_term_string\"}}],\"inLanguage\":\"pt-PT\"},{\"@type\":\"Organization\",\"@id\":\"https:\/\/brasilnoticias.org\/site\/#organization\",\"name\":\"Brasil not\u00edcias\",\"url\":\"https:\/\/brasilnoticias.org\/site\/\",\"logo\":{\"@type\":\"ImageObject\",\"inLanguage\":\"pt-PT\",\"@id\":\"https:\/\/brasilnoticias.org\/site\/#\/schema\/logo\/image\/\",\"url\":\"https:\/\/brasilnoticias.org\/site\/wp-content\/uploads\/2022\/05\/cropped-brasilnoticias-mini.jpg\",\"contentUrl\":\"https:\/\/brasilnoticias.org\/site\/wp-content\/uploads\/2022\/05\/cropped-brasilnoticias-mini.jpg\",\"width\":314,\"height\":86,\"caption\":\"Brasil not\u00edcias\"},\"image\":{\"@id\":\"https:\/\/brasilnoticias.org\/site\/#\/schema\/logo\/image\/\"}},{\"@type\":\"Person\",\"@id\":\"https:\/\/brasilnoticias.org\/site\/#\/schema\/person\/03bbbfe6c7634ad18c26444ea39049fa\",\"name\":\"Reda\u00e7\u00e3o\",\"image\":{\"@type\":\"ImageObject\",\"inLanguage\":\"pt-PT\",\"@id\":\"https:\/\/brasilnoticias.org\/site\/#\/schema\/person\/image\/\",\"url\":\"https:\/\/secure.gravatar.com\/avatar\/9ecaf7327a696cb23ad926fedded5f1f04d7049de9e445375d55b48c001a6e42?s=96&d=mm&r=g\",\"contentUrl\":\"https:\/\/secure.gravatar.com\/avatar\/9ecaf7327a696cb23ad926fedded5f1f04d7049de9e445375d55b48c001a6e42?s=96&d=mm&r=g\",\"caption\":\"Reda\u00e7\u00e3o\"},\"url\":\"https:\/\/brasilnoticias.org\/site\/author\/henrique\/\"}]}<\/script>\n<!-- \/ Yoast SEO plugin. -->","yoast_head_json":{"title":"\u2018Bahia n\u00e3o est\u00e1 em epidemia de dengue\u2019, diz ministra da Sa\u00fade - Brasil not\u00edcias","robots":{"index":"index","follow":"follow","max-snippet":"max-snippet:-1","max-image-preview":"max-image-preview:large","max-video-preview":"max-video-preview:-1"},"canonical":"https:\/\/brasilnoticias.org\/site\/bahia-nao-esta-em-epidemia-de-dengue-diz-ministra-da-saude\/","og_locale":"pt_PT","og_type":"article","og_title":"\u2018Bahia n\u00e3o est\u00e1 em epidemia de dengue\u2019, diz ministra da Sa\u00fade - Brasil not\u00edcias","og_description":"Estado confirma 23 mil casos prov\u00e1veis da doen\u00e7a, mas ministra ressalta que situa\u00e7\u00e3o A Bahia j\u00e1 confirma 23 mil casos","og_url":"https:\/\/brasilnoticias.org\/site\/bahia-nao-esta-em-epidemia-de-dengue-diz-ministra-da-saude\/","og_site_name":"Brasil not\u00edcias","article_published_time":"2024-03-04T20:20:25+00:00","og_image":[{"width":960,"height":500,"url":"https:\/\/brasilnoticias.org\/site\/wp-content\/uploads\/2024\/03\/ministra-da-saude.jpg","type":"image\/jpeg"}],"author":"Reda\u00e7\u00e3o","twitter_card":"summary_large_image","twitter_misc":{"Escrito por":"Reda\u00e7\u00e3o","Tempo estimado de leitura":"1 minuto"},"schema":{"@context":"https:\/\/schema.org","@graph":[{"@type":"Article","@id":"https:\/\/brasilnoticias.org\/site\/bahia-nao-esta-em-epidemia-de-dengue-diz-ministra-da-saude\/#article","isPartOf":{"@id":"https:\/\/brasilnoticias.org\/site\/bahia-nao-esta-em-epidemia-de-dengue-diz-ministra-da-saude\/"},"author":{"name":"Reda\u00e7\u00e3o","@id":"https:\/\/brasilnoticias.org\/site\/#\/schema\/person\/03bbbfe6c7634ad18c26444ea39049fa"},"headline":"\u2018Bahia n\u00e3o est\u00e1 em epidemia de dengue\u2019, diz ministra da Sa\u00fade","datePublished":"2024-03-04T20:20:25+00:00","mainEntityOfPage":{"@id":"https:\/\/brasilnoticias.org\/site\/bahia-nao-esta-em-epidemia-de-dengue-diz-ministra-da-saude\/"},"wordCount":261,"commentCount":0,"publisher":{"@id":"https:\/\/brasilnoticias.org\/site\/#organization"},"image":{"@id":"https:\/\/brasilnoticias.org\/site\/bahia-nao-esta-em-epidemia-de-dengue-diz-ministra-da-saude\/#primaryimage"},"thumbnailUrl":"https:\/\/brasilnoticias.org\/site\/wp-content\/uploads\/2024\/03\/ministra-da-saude.jpg","articleSection":["Not\u00edcias","\u00daltimas"],"inLanguage":"pt-PT","potentialAction":[{"@type":"CommentAction","name":"Comment","target":["https:\/\/brasilnoticias.org\/site\/bahia-nao-esta-em-epidemia-de-dengue-diz-ministra-da-saude\/#respond"]}]},{"@type":"WebPage","@id":"https:\/\/brasilnoticias.org\/site\/bahia-nao-esta-em-epidemia-de-dengue-diz-ministra-da-saude\/","url":"https:\/\/brasilnoticias.org\/site\/bahia-nao-esta-em-epidemia-de-dengue-diz-ministra-da-saude\/","name":"\u2018Bahia n\u00e3o est\u00e1 em epidemia de dengue\u2019, diz ministra da Sa\u00fade - Brasil not\u00edcias","isPartOf":{"@id":"https:\/\/brasilnoticias.org\/site\/#website"},"primaryImageOfPage":{"@id":"https:\/\/brasilnoticias.org\/site\/bahia-nao-esta-em-epidemia-de-dengue-diz-ministra-da-saude\/#primaryimage"},"image":{"@id":"https:\/\/brasilnoticias.org\/site\/bahia-nao-esta-em-epidemia-de-dengue-diz-ministra-da-saude\/#primaryimage"},"thumbnailUrl":"https:\/\/brasilnoticias.org\/site\/wp-content\/uploads\/2024\/03\/ministra-da-saude.jpg","datePublished":"2024-03-04T20:20:25+00:00","breadcrumb":{"@id":"https:\/\/brasilnoticias.org\/site\/bahia-nao-esta-em-epidemia-de-dengue-diz-ministra-da-saude\/#breadcrumb"},"inLanguage":"pt-PT","potentialAction":[{"@type":"ReadAction","target":["https:\/\/brasilnoticias.org\/site\/bahia-nao-esta-em-epidemia-de-dengue-diz-ministra-da-saude\/"]}]},{"@type":"ImageObject","inLanguage":"pt-PT","@id":"https:\/\/brasilnoticias.org\/site\/bahia-nao-esta-em-epidemia-de-dengue-diz-ministra-da-saude\/#primaryimage","url":"https:\/\/brasilnoticias.org\/site\/wp-content\/uploads\/2024\/03\/ministra-da-saude.jpg","contentUrl":"https:\/\/brasilnoticias.org\/site\/wp-content\/uploads\/2024\/03\/ministra-da-saude.jpg","width":960,"height":500},{"@type":"BreadcrumbList","@id":"https:\/\/brasilnoticias.org\/site\/bahia-nao-esta-em-epidemia-de-dengue-diz-ministra-da-saude\/#breadcrumb","itemListElement":[{"@type":"ListItem","position":1,"name":"In\u00edcio","item":"https:\/\/brasilnoticias.org\/site\/"},{"@type":"ListItem","position":2,"name":"\u2018Bahia n\u00e3o est\u00e1 em epidemia de dengue\u2019, diz ministra da Sa\u00fade"}]},{"@type":"WebSite","@id":"https:\/\/brasilnoticias.org\/site\/#website","url":"https:\/\/brasilnoticias.org\/site\/","name":"Brasil not\u00edcias","description":"Brasil not\u00edcias","publisher":{"@id":"https:\/\/brasilnoticias.org\/site\/#organization"},"potentialAction":[{"@type":"SearchAction","target":{"@type":"EntryPoint","urlTemplate":"https:\/\/brasilnoticias.org\/site\/?s={search_term_string}"},"query-input":{"@type":"PropertyValueSpecification","valueRequired":true,"valueName":"search_term_string"}}],"inLanguage":"pt-PT"},{"@type":"Organization","@id":"https:\/\/brasilnoticias.org\/site\/#organization","name":"Brasil not\u00edcias","url":"https:\/\/brasilnoticias.org\/site\/","logo":{"@type":"ImageObject","inLanguage":"pt-PT","@id":"https:\/\/brasilnoticias.org\/site\/#\/schema\/logo\/image\/","url":"https:\/\/brasilnoticias.org\/site\/wp-content\/uploads\/2022\/05\/cropped-brasilnoticias-mini.jpg","contentUrl":"https:\/\/brasilnoticias.org\/site\/wp-content\/uploads\/2022\/05\/cropped-brasilnoticias-mini.jpg","width":314,"height":86,"caption":"Brasil not\u00edcias"},"image":{"@id":"https:\/\/brasilnoticias.org\/site\/#\/schema\/logo\/image\/"}},{"@type":"Person","@id":"https:\/\/brasilnoticias.org\/site\/#\/schema\/person\/03bbbfe6c7634ad18c26444ea39049fa","name":"Reda\u00e7\u00e3o","image":{"@type":"ImageObject","inLanguage":"pt-PT","@id":"https:\/\/brasilnoticias.org\/site\/#\/schema\/person\/image\/","url":"https:\/\/secure.gravatar.com\/avatar\/9ecaf7327a696cb23ad926fedded5f1f04d7049de9e445375d55b48c001a6e42?s=96&d=mm&r=g","contentUrl":"https:\/\/secure.gravatar.com\/avatar\/9ecaf7327a696cb23ad926fedded5f1f04d7049de9e445375d55b48c001a6e42?s=96&d=mm&r=g","caption":"Reda\u00e7\u00e3o"},"url":"https:\/\/brasilnoticias.org\/site\/author\/henrique\/"}]}},"_links":{"self":[{"href":"https:\/\/brasilnoticias.org\/site\/wp-json\/wp\/v2\/posts\/12987","targetHints":{"allow":["GET"]}}],"collection":[{"href":"https:\/\/brasilnoticias.org\/site\/wp-json\/wp\/v2\/posts"}],"about":[{"href":"https:\/\/brasilnoticias.org\/site\/wp-json\/wp\/v2\/types\/post"}],"author":[{"embeddable":true,"href":"https:\/\/brasilnoticias.org\/site\/wp-json\/wp\/v2\/users\/4"}],"replies":[{"embeddable":true,"href":"https:\/\/brasilnoticias.org\/site\/wp-json\/wp\/v2\/comments?post=12987"}],"version-history":[{"count":1,"href":"https:\/\/brasilnoticias.org\/site\/wp-json\/wp\/v2\/posts\/12987\/revisions"}],"predecessor-version":[{"id":12989,"href":"https:\/\/brasilnoticias.org\/site\/wp-json\/wp\/v2\/posts\/12987\/revisions\/12989"}],"wp:featuredmedia":[{"embeddable":true,"href":"https:\/\/brasilnoticias.org\/site\/wp-json\/wp\/v2\/media\/12988"}],"wp:attachment":[{"href":"https:\/\/brasilnoticias.org\/site\/wp-json\/wp\/v2\/media?parent=12987"}],"wp:term":[{"taxonomy":"category","embeddable":true,"href":"https:\/\/brasilnoticias.org\/site\/wp-json\/wp\/v2\/categories?post=12987"},{"taxonomy":"post_tag","embeddable":true,"href":"https:\/\/brasilnoticias.org\/site\/wp-json\/wp\/v2\/tags?post=12987"}],"curies":[{"name":"wp","href":"https:\/\/api.w.org\/{rel}","templated":true}]}}