{"id":13018,"date":"2024-03-06T18:24:15","date_gmt":"2024-03-06T21:24:15","guid":{"rendered":"https:\/\/brasilnoticias.org\/site\/?p=13018"},"modified":"2024-03-06T18:24:15","modified_gmt":"2024-03-06T21:24:15","slug":"policia-conclui-que-jovem-vitima-de-ataques-forjou-prints-com-whindersson-nunes","status":"publish","type":"post","link":"https:\/\/brasilnoticias.org\/site\/policia-conclui-que-jovem-vitima-de-ataques-forjou-prints-com-whindersson-nunes\/","title":{"rendered":"Pol\u00edcia conclui que jovem v\u00edtima de ataques forjou prints com Whindersson Nunes"},"content":{"rendered":"<p>Uma jovem de dezoito anos foi indiciada por incita\u00e7\u00e3o ao suic\u00eddio, aponta Pol\u00edcia Civil<\/p>\n<p>A Pol\u00edcia Civil de Minas Gerais concluiu as investiga\u00e7\u00f5es sobre o suic\u00eddio de J\u00e9ssica Vit\u00f3ria Canedo, ap\u00f3s ataques por um suposto caso com o humorista Whindersson Nunes. A corpora\u00e7\u00e3o divulgou nesta quarta-feira (6), que a jovem foi quem forjou os prints e enviou \u00e0 p\u00e1ginas de fofoca do Instagram atrav\u00e9s de tr\u00eas perfis falsos.<\/p>\n<p>A descoberta foi poss\u00edvel ap\u00f3s a Pol\u00edcia Civil ter acesso ao celular de J\u00e9ssica. Assim que a informa\u00e7\u00e3o passou a ser divulgada em p\u00e1ginas na internet, ela come\u00e7ou a receber amea\u00e7as e incentivos de suic\u00eddio. Por conta disso, uma jovem de dezoito anos, do Rio de Janeiro, foi indiciada no caso. Sua identidade n\u00e3o foi divulgada.<\/p>\n<p>&#8220;O humorista foi ouvido no inqu\u00e9rito e negou qualquer tipo de conversa com ela. N\u00f3s temos as provas e estamos convictos de que todas essas not\u00edcias partiram da pr\u00f3pria jovem. Foi confirmado pela equipe de sa\u00fade que ela estava em tratamento psiqui\u00e1trico&#8221;, disse o delegado respons\u00e1vel pela investiga\u00e7\u00e3o, Felipe Oliveira.<\/p>\n<p>O caso aconteceu em 20 de dezembro de 2023, quando J\u00e9ssica Vit\u00f3ria ingeriu uma alta dosagem de medicamentos. Ap\u00f3s dois dias internada no Hospital Santa Casa em Minas Gerais ela n\u00e3o resistiu. Ao todo, oito pessoas foram ouvidas no inqu\u00e9rito: a m\u00e3e de J\u00e9ssica, In\u00eas de Oliveira; Whindersson Nunes; o respons\u00e1vel pela p\u00e1gina Fofoca Santa; o respons\u00e1vel pela p\u00e1gina Alfinetei; o propriet\u00e1rio da p\u00e1gina Choquei, Raphael de Souza; duas amigas de J\u00e9ssica e uma suspeita de incitar o suic\u00eddio<\/p>\n<p>Foto: Reprodu\u00e7\u00e3o<br \/>\nPor: Metro1<\/p>\n","protected":false},"excerpt":{"rendered":"<p>Uma jovem de dezoito anos foi indiciada por incita\u00e7\u00e3o ao suic\u00eddio, aponta Pol\u00edcia Civil A Pol\u00edcia Civil de Minas Gerais<\/p>\n","protected":false},"author":4,"featured_media":13019,"comment_status":"open","ping_status":"open","sticky":false,"template":"","format":"standard","meta":{"colormag_page_container_layout":"default_layout","colormag_page_sidebar_layout":"default_layout","_FSMCFIC_featured_image_caption":"","_FSMCFIC_featured_image_nocaption":"","_FSMCFIC_featured_image_hide":"","footnotes":""},"categories":[3,1],"tags":[],"class_list":["post-13018","post","type-post","status-publish","format-standard","has-post-thumbnail","hentry","category-policia","category-ultimas"],"yoast_head":"<!-- This site is optimized with the Yoast SEO plugin v27.1.1 - https:\/\/yoast.com\/product\/yoast-seo-wordpress\/ -->\n<title>Pol\u00edcia conclui que jovem v\u00edtima de ataques forjou prints com Whindersson Nunes - Brasil not\u00edcias<\/title>\n<meta name=\"robots\" content=\"index, follow, max-snippet:-1, max-image-preview:large, max-video-preview:-1\" \/>\n<link rel=\"canonical\" href=\"https:\/\/brasilnoticias.org\/site\/policia-conclui-que-jovem-vitima-de-ataques-forjou-prints-com-whindersson-nunes\/\" \/>\n<meta property=\"og:locale\" content=\"pt_PT\" \/>\n<meta property=\"og:type\" content=\"article\" \/>\n<meta property=\"og:title\" content=\"Pol\u00edcia conclui que jovem v\u00edtima de ataques forjou prints com Whindersson Nunes - Brasil not\u00edcias\" \/>\n<meta property=\"og:description\" content=\"Uma jovem de dezoito anos foi indiciada por incita\u00e7\u00e3o ao suic\u00eddio, aponta Pol\u00edcia Civil A Pol\u00edcia Civil de Minas Gerais\" \/>\n<meta property=\"og:url\" content=\"https:\/\/brasilnoticias.org\/site\/policia-conclui-que-jovem-vitima-de-ataques-forjou-prints-com-whindersson-nunes\/\" \/>\n<meta property=\"og:site_name\" content=\"Brasil not\u00edcias\" \/>\n<meta property=\"article:published_time\" content=\"2024-03-06T21:24:15+00:00\" \/>\n<meta property=\"og:image\" content=\"https:\/\/brasilnoticias.org\/site\/wp-content\/uploads\/2024\/03\/147021policia-conclui-que-jovem-vitima-de-ataques-forjou-prints-com-whindersson-nunes-3.jpg\" \/>\n\t<meta property=\"og:image:width\" content=\"1600\" \/>\n\t<meta property=\"og:image:height\" content=\"752\" \/>\n\t<meta property=\"og:image:type\" content=\"image\/jpeg\" \/>\n<meta name=\"author\" content=\"Reda\u00e7\u00e3o\" \/>\n<meta name=\"twitter:card\" content=\"summary_large_image\" \/>\n<meta name=\"twitter:label1\" content=\"Escrito por\" \/>\n\t<meta name=\"twitter:data1\" content=\"Reda\u00e7\u00e3o\" \/>\n\t<meta name=\"twitter:label2\" content=\"Tempo estimado de leitura\" \/>\n\t<meta name=\"twitter:data2\" content=\"1 minuto\" \/>\n<script type=\"application\/ld+json\" class=\"yoast-schema-graph\">{\"@context\":\"https:\/\/schema.org\",\"@graph\":[{\"@type\":\"Article\",\"@id\":\"https:\/\/brasilnoticias.org\/site\/policia-conclui-que-jovem-vitima-de-ataques-forjou-prints-com-whindersson-nunes\/#article\",\"isPartOf\":{\"@id\":\"https:\/\/brasilnoticias.org\/site\/policia-conclui-que-jovem-vitima-de-ataques-forjou-prints-com-whindersson-nunes\/\"},\"author\":{\"name\":\"Reda\u00e7\u00e3o\",\"@id\":\"https:\/\/brasilnoticias.org\/site\/#\/schema\/person\/03bbbfe6c7634ad18c26444ea39049fa\"},\"headline\":\"Pol\u00edcia conclui que jovem v\u00edtima de ataques forjou prints com Whindersson Nunes\",\"datePublished\":\"2024-03-06T21:24:15+00:00\",\"mainEntityOfPage\":{\"@id\":\"https:\/\/brasilnoticias.org\/site\/policia-conclui-que-jovem-vitima-de-ataques-forjou-prints-com-whindersson-nunes\/\"},\"wordCount\":315,\"commentCount\":0,\"publisher\":{\"@id\":\"https:\/\/brasilnoticias.org\/site\/#organization\"},\"image\":{\"@id\":\"https:\/\/brasilnoticias.org\/site\/policia-conclui-que-jovem-vitima-de-ataques-forjou-prints-com-whindersson-nunes\/#primaryimage\"},\"thumbnailUrl\":\"https:\/\/brasilnoticias.org\/site\/wp-content\/uploads\/2024\/03\/147021policia-conclui-que-jovem-vitima-de-ataques-forjou-prints-com-whindersson-nunes-3.jpg\",\"articleSection\":[\"Pol\u00edcia\",\"\u00daltimas\"],\"inLanguage\":\"pt-PT\",\"potentialAction\":[{\"@type\":\"CommentAction\",\"name\":\"Comment\",\"target\":[\"https:\/\/brasilnoticias.org\/site\/policia-conclui-que-jovem-vitima-de-ataques-forjou-prints-com-whindersson-nunes\/#respond\"]}]},{\"@type\":\"WebPage\",\"@id\":\"https:\/\/brasilnoticias.org\/site\/policia-conclui-que-jovem-vitima-de-ataques-forjou-prints-com-whindersson-nunes\/\",\"url\":\"https:\/\/brasilnoticias.org\/site\/policia-conclui-que-jovem-vitima-de-ataques-forjou-prints-com-whindersson-nunes\/\",\"name\":\"Pol\u00edcia conclui que jovem v\u00edtima de ataques forjou prints com Whindersson Nunes - Brasil not\u00edcias\",\"isPartOf\":{\"@id\":\"https:\/\/brasilnoticias.org\/site\/#website\"},\"primaryImageOfPage\":{\"@id\":\"https:\/\/brasilnoticias.org\/site\/policia-conclui-que-jovem-vitima-de-ataques-forjou-prints-com-whindersson-nunes\/#primaryimage\"},\"image\":{\"@id\":\"https:\/\/brasilnoticias.org\/site\/policia-conclui-que-jovem-vitima-de-ataques-forjou-prints-com-whindersson-nunes\/#primaryimage\"},\"thumbnailUrl\":\"https:\/\/brasilnoticias.org\/site\/wp-content\/uploads\/2024\/03\/147021policia-conclui-que-jovem-vitima-de-ataques-forjou-prints-com-whindersson-nunes-3.jpg\",\"datePublished\":\"2024-03-06T21:24:15+00:00\",\"breadcrumb\":{\"@id\":\"https:\/\/brasilnoticias.org\/site\/policia-conclui-que-jovem-vitima-de-ataques-forjou-prints-com-whindersson-nunes\/#breadcrumb\"},\"inLanguage\":\"pt-PT\",\"potentialAction\":[{\"@type\":\"ReadAction\",\"target\":[\"https:\/\/brasilnoticias.org\/site\/policia-conclui-que-jovem-vitima-de-ataques-forjou-prints-com-whindersson-nunes\/\"]}]},{\"@type\":\"ImageObject\",\"inLanguage\":\"pt-PT\",\"@id\":\"https:\/\/brasilnoticias.org\/site\/policia-conclui-que-jovem-vitima-de-ataques-forjou-prints-com-whindersson-nunes\/#primaryimage\",\"url\":\"https:\/\/brasilnoticias.org\/site\/wp-content\/uploads\/2024\/03\/147021policia-conclui-que-jovem-vitima-de-ataques-forjou-prints-com-whindersson-nunes-3.jpg\",\"contentUrl\":\"https:\/\/brasilnoticias.org\/site\/wp-content\/uploads\/2024\/03\/147021policia-conclui-que-jovem-vitima-de-ataques-forjou-prints-com-whindersson-nunes-3.jpg\",\"width\":1600,\"height\":752},{\"@type\":\"BreadcrumbList\",\"@id\":\"https:\/\/brasilnoticias.org\/site\/policia-conclui-que-jovem-vitima-de-ataques-forjou-prints-com-whindersson-nunes\/#breadcrumb\",\"itemListElement\":[{\"@type\":\"ListItem\",\"position\":1,\"name\":\"In\u00edcio\",\"item\":\"https:\/\/brasilnoticias.org\/site\/\"},{\"@type\":\"ListItem\",\"position\":2,\"name\":\"Pol\u00edcia conclui que jovem v\u00edtima de ataques forjou prints com Whindersson Nunes\"}]},{\"@type\":\"WebSite\",\"@id\":\"https:\/\/brasilnoticias.org\/site\/#website\",\"url\":\"https:\/\/brasilnoticias.org\/site\/\",\"name\":\"Brasil not\u00edcias\",\"description\":\"Brasil not\u00edcias\",\"publisher\":{\"@id\":\"https:\/\/brasilnoticias.org\/site\/#organization\"},\"potentialAction\":[{\"@type\":\"SearchAction\",\"target\":{\"@type\":\"EntryPoint\",\"urlTemplate\":\"https:\/\/brasilnoticias.org\/site\/?s={search_term_string}\"},\"query-input\":{\"@type\":\"PropertyValueSpecification\",\"valueRequired\":true,\"valueName\":\"search_term_string\"}}],\"inLanguage\":\"pt-PT\"},{\"@type\":\"Organization\",\"@id\":\"https:\/\/brasilnoticias.org\/site\/#organization\",\"name\":\"Brasil not\u00edcias\",\"url\":\"https:\/\/brasilnoticias.org\/site\/\",\"logo\":{\"@type\":\"ImageObject\",\"inLanguage\":\"pt-PT\",\"@id\":\"https:\/\/brasilnoticias.org\/site\/#\/schema\/logo\/image\/\",\"url\":\"https:\/\/brasilnoticias.org\/site\/wp-content\/uploads\/2022\/05\/cropped-brasilnoticias-mini.jpg\",\"contentUrl\":\"https:\/\/brasilnoticias.org\/site\/wp-content\/uploads\/2022\/05\/cropped-brasilnoticias-mini.jpg\",\"width\":314,\"height\":86,\"caption\":\"Brasil not\u00edcias\"},\"image\":{\"@id\":\"https:\/\/brasilnoticias.org\/site\/#\/schema\/logo\/image\/\"}},{\"@type\":\"Person\",\"@id\":\"https:\/\/brasilnoticias.org\/site\/#\/schema\/person\/03bbbfe6c7634ad18c26444ea39049fa\",\"name\":\"Reda\u00e7\u00e3o\",\"image\":{\"@type\":\"ImageObject\",\"inLanguage\":\"pt-PT\",\"@id\":\"https:\/\/brasilnoticias.org\/site\/#\/schema\/person\/image\/\",\"url\":\"https:\/\/secure.gravatar.com\/avatar\/9ecaf7327a696cb23ad926fedded5f1f04d7049de9e445375d55b48c001a6e42?s=96&d=mm&r=g\",\"contentUrl\":\"https:\/\/secure.gravatar.com\/avatar\/9ecaf7327a696cb23ad926fedded5f1f04d7049de9e445375d55b48c001a6e42?s=96&d=mm&r=g\",\"caption\":\"Reda\u00e7\u00e3o\"},\"url\":\"https:\/\/brasilnoticias.org\/site\/author\/henrique\/\"}]}<\/script>\n<!-- \/ Yoast SEO plugin. -->","yoast_head_json":{"title":"Pol\u00edcia conclui que jovem v\u00edtima de ataques forjou prints com Whindersson Nunes - Brasil not\u00edcias","robots":{"index":"index","follow":"follow","max-snippet":"max-snippet:-1","max-image-preview":"max-image-preview:large","max-video-preview":"max-video-preview:-1"},"canonical":"https:\/\/brasilnoticias.org\/site\/policia-conclui-que-jovem-vitima-de-ataques-forjou-prints-com-whindersson-nunes\/","og_locale":"pt_PT","og_type":"article","og_title":"Pol\u00edcia conclui que jovem v\u00edtima de ataques forjou prints com Whindersson Nunes - Brasil not\u00edcias","og_description":"Uma jovem de dezoito anos foi indiciada por incita\u00e7\u00e3o ao suic\u00eddio, aponta Pol\u00edcia Civil A Pol\u00edcia Civil de Minas Gerais","og_url":"https:\/\/brasilnoticias.org\/site\/policia-conclui-que-jovem-vitima-de-ataques-forjou-prints-com-whindersson-nunes\/","og_site_name":"Brasil not\u00edcias","article_published_time":"2024-03-06T21:24:15+00:00","og_image":[{"width":1600,"height":752,"url":"https:\/\/brasilnoticias.org\/site\/wp-content\/uploads\/2024\/03\/147021policia-conclui-que-jovem-vitima-de-ataques-forjou-prints-com-whindersson-nunes-3.jpg","type":"image\/jpeg"}],"author":"Reda\u00e7\u00e3o","twitter_card":"summary_large_image","twitter_misc":{"Escrito por":"Reda\u00e7\u00e3o","Tempo estimado de leitura":"1 minuto"},"schema":{"@context":"https:\/\/schema.org","@graph":[{"@type":"Article","@id":"https:\/\/brasilnoticias.org\/site\/policia-conclui-que-jovem-vitima-de-ataques-forjou-prints-com-whindersson-nunes\/#article","isPartOf":{"@id":"https:\/\/brasilnoticias.org\/site\/policia-conclui-que-jovem-vitima-de-ataques-forjou-prints-com-whindersson-nunes\/"},"author":{"name":"Reda\u00e7\u00e3o","@id":"https:\/\/brasilnoticias.org\/site\/#\/schema\/person\/03bbbfe6c7634ad18c26444ea39049fa"},"headline":"Pol\u00edcia conclui que jovem v\u00edtima de ataques forjou prints com Whindersson Nunes","datePublished":"2024-03-06T21:24:15+00:00","mainEntityOfPage":{"@id":"https:\/\/brasilnoticias.org\/site\/policia-conclui-que-jovem-vitima-de-ataques-forjou-prints-com-whindersson-nunes\/"},"wordCount":315,"commentCount":0,"publisher":{"@id":"https:\/\/brasilnoticias.org\/site\/#organization"},"image":{"@id":"https:\/\/brasilnoticias.org\/site\/policia-conclui-que-jovem-vitima-de-ataques-forjou-prints-com-whindersson-nunes\/#primaryimage"},"thumbnailUrl":"https:\/\/brasilnoticias.org\/site\/wp-content\/uploads\/2024\/03\/147021policia-conclui-que-jovem-vitima-de-ataques-forjou-prints-com-whindersson-nunes-3.jpg","articleSection":["Pol\u00edcia","\u00daltimas"],"inLanguage":"pt-PT","potentialAction":[{"@type":"CommentAction","name":"Comment","target":["https:\/\/brasilnoticias.org\/site\/policia-conclui-que-jovem-vitima-de-ataques-forjou-prints-com-whindersson-nunes\/#respond"]}]},{"@type":"WebPage","@id":"https:\/\/brasilnoticias.org\/site\/policia-conclui-que-jovem-vitima-de-ataques-forjou-prints-com-whindersson-nunes\/","url":"https:\/\/brasilnoticias.org\/site\/policia-conclui-que-jovem-vitima-de-ataques-forjou-prints-com-whindersson-nunes\/","name":"Pol\u00edcia conclui que jovem v\u00edtima de ataques forjou prints com Whindersson Nunes - Brasil not\u00edcias","isPartOf":{"@id":"https:\/\/brasilnoticias.org\/site\/#website"},"primaryImageOfPage":{"@id":"https:\/\/brasilnoticias.org\/site\/policia-conclui-que-jovem-vitima-de-ataques-forjou-prints-com-whindersson-nunes\/#primaryimage"},"image":{"@id":"https:\/\/brasilnoticias.org\/site\/policia-conclui-que-jovem-vitima-de-ataques-forjou-prints-com-whindersson-nunes\/#primaryimage"},"thumbnailUrl":"https:\/\/brasilnoticias.org\/site\/wp-content\/uploads\/2024\/03\/147021policia-conclui-que-jovem-vitima-de-ataques-forjou-prints-com-whindersson-nunes-3.jpg","datePublished":"2024-03-06T21:24:15+00:00","breadcrumb":{"@id":"https:\/\/brasilnoticias.org\/site\/policia-conclui-que-jovem-vitima-de-ataques-forjou-prints-com-whindersson-nunes\/#breadcrumb"},"inLanguage":"pt-PT","potentialAction":[{"@type":"ReadAction","target":["https:\/\/brasilnoticias.org\/site\/policia-conclui-que-jovem-vitima-de-ataques-forjou-prints-com-whindersson-nunes\/"]}]},{"@type":"ImageObject","inLanguage":"pt-PT","@id":"https:\/\/brasilnoticias.org\/site\/policia-conclui-que-jovem-vitima-de-ataques-forjou-prints-com-whindersson-nunes\/#primaryimage","url":"https:\/\/brasilnoticias.org\/site\/wp-content\/uploads\/2024\/03\/147021policia-conclui-que-jovem-vitima-de-ataques-forjou-prints-com-whindersson-nunes-3.jpg","contentUrl":"https:\/\/brasilnoticias.org\/site\/wp-content\/uploads\/2024\/03\/147021policia-conclui-que-jovem-vitima-de-ataques-forjou-prints-com-whindersson-nunes-3.jpg","width":1600,"height":752},{"@type":"BreadcrumbList","@id":"https:\/\/brasilnoticias.org\/site\/policia-conclui-que-jovem-vitima-de-ataques-forjou-prints-com-whindersson-nunes\/#breadcrumb","itemListElement":[{"@type":"ListItem","position":1,"name":"In\u00edcio","item":"https:\/\/brasilnoticias.org\/site\/"},{"@type":"ListItem","position":2,"name":"Pol\u00edcia conclui que jovem v\u00edtima de ataques forjou prints com Whindersson Nunes"}]},{"@type":"WebSite","@id":"https:\/\/brasilnoticias.org\/site\/#website","url":"https:\/\/brasilnoticias.org\/site\/","name":"Brasil not\u00edcias","description":"Brasil not\u00edcias","publisher":{"@id":"https:\/\/brasilnoticias.org\/site\/#organization"},"potentialAction":[{"@type":"SearchAction","target":{"@type":"EntryPoint","urlTemplate":"https:\/\/brasilnoticias.org\/site\/?s={search_term_string}"},"query-input":{"@type":"PropertyValueSpecification","valueRequired":true,"valueName":"search_term_string"}}],"inLanguage":"pt-PT"},{"@type":"Organization","@id":"https:\/\/brasilnoticias.org\/site\/#organization","name":"Brasil not\u00edcias","url":"https:\/\/brasilnoticias.org\/site\/","logo":{"@type":"ImageObject","inLanguage":"pt-PT","@id":"https:\/\/brasilnoticias.org\/site\/#\/schema\/logo\/image\/","url":"https:\/\/brasilnoticias.org\/site\/wp-content\/uploads\/2022\/05\/cropped-brasilnoticias-mini.jpg","contentUrl":"https:\/\/brasilnoticias.org\/site\/wp-content\/uploads\/2022\/05\/cropped-brasilnoticias-mini.jpg","width":314,"height":86,"caption":"Brasil not\u00edcias"},"image":{"@id":"https:\/\/brasilnoticias.org\/site\/#\/schema\/logo\/image\/"}},{"@type":"Person","@id":"https:\/\/brasilnoticias.org\/site\/#\/schema\/person\/03bbbfe6c7634ad18c26444ea39049fa","name":"Reda\u00e7\u00e3o","image":{"@type":"ImageObject","inLanguage":"pt-PT","@id":"https:\/\/brasilnoticias.org\/site\/#\/schema\/person\/image\/","url":"https:\/\/secure.gravatar.com\/avatar\/9ecaf7327a696cb23ad926fedded5f1f04d7049de9e445375d55b48c001a6e42?s=96&d=mm&r=g","contentUrl":"https:\/\/secure.gravatar.com\/avatar\/9ecaf7327a696cb23ad926fedded5f1f04d7049de9e445375d55b48c001a6e42?s=96&d=mm&r=g","caption":"Reda\u00e7\u00e3o"},"url":"https:\/\/brasilnoticias.org\/site\/author\/henrique\/"}]}},"_links":{"self":[{"href":"https:\/\/brasilnoticias.org\/site\/wp-json\/wp\/v2\/posts\/13018","targetHints":{"allow":["GET"]}}],"collection":[{"href":"https:\/\/brasilnoticias.org\/site\/wp-json\/wp\/v2\/posts"}],"about":[{"href":"https:\/\/brasilnoticias.org\/site\/wp-json\/wp\/v2\/types\/post"}],"author":[{"embeddable":true,"href":"https:\/\/brasilnoticias.org\/site\/wp-json\/wp\/v2\/users\/4"}],"replies":[{"embeddable":true,"href":"https:\/\/brasilnoticias.org\/site\/wp-json\/wp\/v2\/comments?post=13018"}],"version-history":[{"count":1,"href":"https:\/\/brasilnoticias.org\/site\/wp-json\/wp\/v2\/posts\/13018\/revisions"}],"predecessor-version":[{"id":13020,"href":"https:\/\/brasilnoticias.org\/site\/wp-json\/wp\/v2\/posts\/13018\/revisions\/13020"}],"wp:featuredmedia":[{"embeddable":true,"href":"https:\/\/brasilnoticias.org\/site\/wp-json\/wp\/v2\/media\/13019"}],"wp:attachment":[{"href":"https:\/\/brasilnoticias.org\/site\/wp-json\/wp\/v2\/media?parent=13018"}],"wp:term":[{"taxonomy":"category","embeddable":true,"href":"https:\/\/brasilnoticias.org\/site\/wp-json\/wp\/v2\/categories?post=13018"},{"taxonomy":"post_tag","embeddable":true,"href":"https:\/\/brasilnoticias.org\/site\/wp-json\/wp\/v2\/tags?post=13018"}],"curies":[{"name":"wp","href":"https:\/\/api.w.org\/{rel}","templated":true}]}}