{"id":13021,"date":"2024-03-06T18:25:21","date_gmt":"2024-03-06T21:25:21","guid":{"rendered":"https:\/\/brasilnoticias.org\/site\/?p=13021"},"modified":"2024-03-06T18:25:21","modified_gmt":"2024-03-06T21:25:21","slug":"pane-no-instagram-e-facebook-gera-prejuizo-de-r-167-bilhoes-a-mark-zuckerberg","status":"publish","type":"post","link":"https:\/\/brasilnoticias.org\/site\/pane-no-instagram-e-facebook-gera-prejuizo-de-r-167-bilhoes-a-mark-zuckerberg\/","title":{"rendered":"Pane no Instagram e Facebook gera preju\u00edzo de R$ 16,7 bilh\u00f5es a Mark Zuckerberg"},"content":{"rendered":"<p>As redes sociais, administradas pela Meta, ficaram fora do ar por cerca de duas horas e fizeram as a\u00e7\u00f5es do grupo cair<\/p>\n<p>A pane que atingiu as redes sociais Facebook, Instagram e WhatsApp Business, todas administradas pela Meta, no in\u00edcio da tarde desta ter\u00e7a (5), gerou um preju\u00edzo potencial consider\u00e1vel para Mark Zuckerberg, fundador e CEO da empresa, que possui cerca de 13% de seu capital: US$ 3,38 bilh\u00f5es (R$ 16,7 bilh\u00f5es).<\/p>\n<p>A instabilidade come\u00e7ou \u00e0s 12 horas (hor\u00e1rio de Bras\u00edlia) e durou cerca de duas horas. \u201cHoje cedo, um problema t\u00e9cnico fez com que as pessoas tivessem dificuldade de acesso a alguns dos nossos servi\u00e7os\u201d, escreveu Andy Stone, porta-voz da Meta, em um post no X, antigo Twitter. E concluiu: \u201cResolvemos o problema o mais r\u00e1pido poss\u00edvel e pedimos desculpas por qualquer inconveniente a todos os afetados\u201d.<\/p>\n<p>Listadas na Nasdaq, as a\u00e7\u00f5es da Meta chegaram a cair 2,02%, recuando para um m\u00ednimo de US$ 488,10 (R$ 2.421) ante o fechamento de US$ 498,19 (R$ 2.471) da segunda-feira (4). A queda foi respons\u00e1vel pela perda potencial de Zuckerberg, mencionada no in\u00edcio. <\/p>\n<p>A interrup\u00e7\u00e3o causou problemas tamb\u00e9m para marketeiros pol\u00edticos, pois aconteceu bem no dia da Super Ter\u00e7a, em que 16 estados americanos escolhem os representantes para a elei\u00e7\u00e3o presidencial. As campanhas dependem fortemente de plataformas como Facebook e Instagram para chegar aos eleitores.<\/p>\n<p>Mark Zuckerberg \u00e9 a quarta pessoa mais rica na lista da Forbes, com um patrim\u00f4nio de US$ 171,7 bilh\u00f5es (R$ 851,6 bilh\u00f5es). Sua posi\u00e7\u00e3o n\u00e3o foi amea\u00e7ada pelo preju\u00edzo, pois a diferen\u00e7a dele para o quinto lugar, pertencente ao bilion\u00e1rio Larry Ellison, fundador da Oracle, \u00e9 de US$ 33,8 bilh\u00f5es (R$ 167,7 bilh\u00f5es).<\/p>\n<p>Foto: Divulga\u00e7\u00e3o<br \/>\nPor: Metro1<\/p>\n","protected":false},"excerpt":{"rendered":"<p>As redes sociais, administradas pela Meta, ficaram fora do ar por cerca de duas horas e fizeram as a\u00e7\u00f5es do<\/p>\n","protected":false},"author":4,"featured_media":13022,"comment_status":"open","ping_status":"open","sticky":false,"template":"","format":"standard","meta":{"colormag_page_container_layout":"default_layout","colormag_page_sidebar_layout":"default_layout","_FSMCFIC_featured_image_caption":"","_FSMCFIC_featured_image_nocaption":"","_FSMCFIC_featured_image_hide":"","footnotes":""},"categories":[8,1],"tags":[],"class_list":["post-13021","post","type-post","status-publish","format-standard","has-post-thumbnail","hentry","category-entretenimento","category-ultimas"],"yoast_head":"<!-- This site is optimized with the Yoast SEO plugin v27.1.1 - https:\/\/yoast.com\/product\/yoast-seo-wordpress\/ -->\n<title>Pane no Instagram e Facebook gera preju\u00edzo de R$ 16,7 bilh\u00f5es a Mark Zuckerberg - Brasil not\u00edcias<\/title>\n<meta name=\"robots\" content=\"index, follow, max-snippet:-1, max-image-preview:large, max-video-preview:-1\" \/>\n<link rel=\"canonical\" href=\"https:\/\/brasilnoticias.org\/site\/pane-no-instagram-e-facebook-gera-prejuizo-de-r-167-bilhoes-a-mark-zuckerberg\/\" \/>\n<meta property=\"og:locale\" content=\"pt_PT\" \/>\n<meta property=\"og:type\" content=\"article\" \/>\n<meta property=\"og:title\" content=\"Pane no Instagram e Facebook gera preju\u00edzo de R$ 16,7 bilh\u00f5es a Mark Zuckerberg - Brasil not\u00edcias\" \/>\n<meta property=\"og:description\" content=\"As redes sociais, administradas pela Meta, ficaram fora do ar por cerca de duas horas e fizeram as a\u00e7\u00f5es do\" \/>\n<meta property=\"og:url\" content=\"https:\/\/brasilnoticias.org\/site\/pane-no-instagram-e-facebook-gera-prejuizo-de-r-167-bilhoes-a-mark-zuckerberg\/\" \/>\n<meta property=\"og:site_name\" content=\"Brasil not\u00edcias\" \/>\n<meta property=\"article:published_time\" content=\"2024-03-06T21:25:21+00:00\" \/>\n<meta property=\"og:image\" content=\"https:\/\/brasilnoticias.org\/site\/wp-content\/uploads\/2024\/03\/147009pane-no-instagram-e-facebook-gera-prejuizo-de-r-167-bilhoes-a-mark-zuckerberg-3.jpg\" \/>\n\t<meta property=\"og:image:width\" content=\"1600\" \/>\n\t<meta property=\"og:image:height\" content=\"752\" \/>\n\t<meta property=\"og:image:type\" content=\"image\/jpeg\" \/>\n<meta name=\"author\" content=\"Reda\u00e7\u00e3o\" \/>\n<meta name=\"twitter:card\" content=\"summary_large_image\" \/>\n<meta name=\"twitter:label1\" content=\"Escrito por\" \/>\n\t<meta name=\"twitter:data1\" content=\"Reda\u00e7\u00e3o\" \/>\n\t<meta name=\"twitter:label2\" content=\"Tempo estimado de leitura\" \/>\n\t<meta name=\"twitter:data2\" content=\"1 minuto\" \/>\n<script type=\"application\/ld+json\" class=\"yoast-schema-graph\">{\"@context\":\"https:\/\/schema.org\",\"@graph\":[{\"@type\":\"Article\",\"@id\":\"https:\/\/brasilnoticias.org\/site\/pane-no-instagram-e-facebook-gera-prejuizo-de-r-167-bilhoes-a-mark-zuckerberg\/#article\",\"isPartOf\":{\"@id\":\"https:\/\/brasilnoticias.org\/site\/pane-no-instagram-e-facebook-gera-prejuizo-de-r-167-bilhoes-a-mark-zuckerberg\/\"},\"author\":{\"name\":\"Reda\u00e7\u00e3o\",\"@id\":\"https:\/\/brasilnoticias.org\/site\/#\/schema\/person\/03bbbfe6c7634ad18c26444ea39049fa\"},\"headline\":\"Pane no Instagram e Facebook gera preju\u00edzo de R$ 16,7 bilh\u00f5es a Mark Zuckerberg\",\"datePublished\":\"2024-03-06T21:25:21+00:00\",\"mainEntityOfPage\":{\"@id\":\"https:\/\/brasilnoticias.org\/site\/pane-no-instagram-e-facebook-gera-prejuizo-de-r-167-bilhoes-a-mark-zuckerberg\/\"},\"wordCount\":312,\"commentCount\":0,\"publisher\":{\"@id\":\"https:\/\/brasilnoticias.org\/site\/#organization\"},\"image\":{\"@id\":\"https:\/\/brasilnoticias.org\/site\/pane-no-instagram-e-facebook-gera-prejuizo-de-r-167-bilhoes-a-mark-zuckerberg\/#primaryimage\"},\"thumbnailUrl\":\"https:\/\/brasilnoticias.org\/site\/wp-content\/uploads\/2024\/03\/147009pane-no-instagram-e-facebook-gera-prejuizo-de-r-167-bilhoes-a-mark-zuckerberg-3.jpg\",\"articleSection\":[\"Entretenimento\",\"\u00daltimas\"],\"inLanguage\":\"pt-PT\",\"potentialAction\":[{\"@type\":\"CommentAction\",\"name\":\"Comment\",\"target\":[\"https:\/\/brasilnoticias.org\/site\/pane-no-instagram-e-facebook-gera-prejuizo-de-r-167-bilhoes-a-mark-zuckerberg\/#respond\"]}]},{\"@type\":\"WebPage\",\"@id\":\"https:\/\/brasilnoticias.org\/site\/pane-no-instagram-e-facebook-gera-prejuizo-de-r-167-bilhoes-a-mark-zuckerberg\/\",\"url\":\"https:\/\/brasilnoticias.org\/site\/pane-no-instagram-e-facebook-gera-prejuizo-de-r-167-bilhoes-a-mark-zuckerberg\/\",\"name\":\"Pane no Instagram e Facebook gera preju\u00edzo de R$ 16,7 bilh\u00f5es a Mark Zuckerberg - Brasil not\u00edcias\",\"isPartOf\":{\"@id\":\"https:\/\/brasilnoticias.org\/site\/#website\"},\"primaryImageOfPage\":{\"@id\":\"https:\/\/brasilnoticias.org\/site\/pane-no-instagram-e-facebook-gera-prejuizo-de-r-167-bilhoes-a-mark-zuckerberg\/#primaryimage\"},\"image\":{\"@id\":\"https:\/\/brasilnoticias.org\/site\/pane-no-instagram-e-facebook-gera-prejuizo-de-r-167-bilhoes-a-mark-zuckerberg\/#primaryimage\"},\"thumbnailUrl\":\"https:\/\/brasilnoticias.org\/site\/wp-content\/uploads\/2024\/03\/147009pane-no-instagram-e-facebook-gera-prejuizo-de-r-167-bilhoes-a-mark-zuckerberg-3.jpg\",\"datePublished\":\"2024-03-06T21:25:21+00:00\",\"breadcrumb\":{\"@id\":\"https:\/\/brasilnoticias.org\/site\/pane-no-instagram-e-facebook-gera-prejuizo-de-r-167-bilhoes-a-mark-zuckerberg\/#breadcrumb\"},\"inLanguage\":\"pt-PT\",\"potentialAction\":[{\"@type\":\"ReadAction\",\"target\":[\"https:\/\/brasilnoticias.org\/site\/pane-no-instagram-e-facebook-gera-prejuizo-de-r-167-bilhoes-a-mark-zuckerberg\/\"]}]},{\"@type\":\"ImageObject\",\"inLanguage\":\"pt-PT\",\"@id\":\"https:\/\/brasilnoticias.org\/site\/pane-no-instagram-e-facebook-gera-prejuizo-de-r-167-bilhoes-a-mark-zuckerberg\/#primaryimage\",\"url\":\"https:\/\/brasilnoticias.org\/site\/wp-content\/uploads\/2024\/03\/147009pane-no-instagram-e-facebook-gera-prejuizo-de-r-167-bilhoes-a-mark-zuckerberg-3.jpg\",\"contentUrl\":\"https:\/\/brasilnoticias.org\/site\/wp-content\/uploads\/2024\/03\/147009pane-no-instagram-e-facebook-gera-prejuizo-de-r-167-bilhoes-a-mark-zuckerberg-3.jpg\",\"width\":1600,\"height\":752},{\"@type\":\"BreadcrumbList\",\"@id\":\"https:\/\/brasilnoticias.org\/site\/pane-no-instagram-e-facebook-gera-prejuizo-de-r-167-bilhoes-a-mark-zuckerberg\/#breadcrumb\",\"itemListElement\":[{\"@type\":\"ListItem\",\"position\":1,\"name\":\"In\u00edcio\",\"item\":\"https:\/\/brasilnoticias.org\/site\/\"},{\"@type\":\"ListItem\",\"position\":2,\"name\":\"Pane no Instagram e Facebook gera preju\u00edzo de R$ 16,7 bilh\u00f5es a Mark Zuckerberg\"}]},{\"@type\":\"WebSite\",\"@id\":\"https:\/\/brasilnoticias.org\/site\/#website\",\"url\":\"https:\/\/brasilnoticias.org\/site\/\",\"name\":\"Brasil not\u00edcias\",\"description\":\"Brasil not\u00edcias\",\"publisher\":{\"@id\":\"https:\/\/brasilnoticias.org\/site\/#organization\"},\"potentialAction\":[{\"@type\":\"SearchAction\",\"target\":{\"@type\":\"EntryPoint\",\"urlTemplate\":\"https:\/\/brasilnoticias.org\/site\/?s={search_term_string}\"},\"query-input\":{\"@type\":\"PropertyValueSpecification\",\"valueRequired\":true,\"valueName\":\"search_term_string\"}}],\"inLanguage\":\"pt-PT\"},{\"@type\":\"Organization\",\"@id\":\"https:\/\/brasilnoticias.org\/site\/#organization\",\"name\":\"Brasil not\u00edcias\",\"url\":\"https:\/\/brasilnoticias.org\/site\/\",\"logo\":{\"@type\":\"ImageObject\",\"inLanguage\":\"pt-PT\",\"@id\":\"https:\/\/brasilnoticias.org\/site\/#\/schema\/logo\/image\/\",\"url\":\"https:\/\/brasilnoticias.org\/site\/wp-content\/uploads\/2022\/05\/cropped-brasilnoticias-mini.jpg\",\"contentUrl\":\"https:\/\/brasilnoticias.org\/site\/wp-content\/uploads\/2022\/05\/cropped-brasilnoticias-mini.jpg\",\"width\":314,\"height\":86,\"caption\":\"Brasil not\u00edcias\"},\"image\":{\"@id\":\"https:\/\/brasilnoticias.org\/site\/#\/schema\/logo\/image\/\"}},{\"@type\":\"Person\",\"@id\":\"https:\/\/brasilnoticias.org\/site\/#\/schema\/person\/03bbbfe6c7634ad18c26444ea39049fa\",\"name\":\"Reda\u00e7\u00e3o\",\"image\":{\"@type\":\"ImageObject\",\"inLanguage\":\"pt-PT\",\"@id\":\"https:\/\/brasilnoticias.org\/site\/#\/schema\/person\/image\/\",\"url\":\"https:\/\/secure.gravatar.com\/avatar\/9ecaf7327a696cb23ad926fedded5f1f04d7049de9e445375d55b48c001a6e42?s=96&d=mm&r=g\",\"contentUrl\":\"https:\/\/secure.gravatar.com\/avatar\/9ecaf7327a696cb23ad926fedded5f1f04d7049de9e445375d55b48c001a6e42?s=96&d=mm&r=g\",\"caption\":\"Reda\u00e7\u00e3o\"},\"url\":\"https:\/\/brasilnoticias.org\/site\/author\/henrique\/\"}]}<\/script>\n<!-- \/ Yoast SEO plugin. -->","yoast_head_json":{"title":"Pane no Instagram e Facebook gera preju\u00edzo de R$ 16,7 bilh\u00f5es a Mark Zuckerberg - Brasil not\u00edcias","robots":{"index":"index","follow":"follow","max-snippet":"max-snippet:-1","max-image-preview":"max-image-preview:large","max-video-preview":"max-video-preview:-1"},"canonical":"https:\/\/brasilnoticias.org\/site\/pane-no-instagram-e-facebook-gera-prejuizo-de-r-167-bilhoes-a-mark-zuckerberg\/","og_locale":"pt_PT","og_type":"article","og_title":"Pane no Instagram e Facebook gera preju\u00edzo de R$ 16,7 bilh\u00f5es a Mark Zuckerberg - Brasil not\u00edcias","og_description":"As redes sociais, administradas pela Meta, ficaram fora do ar por cerca de duas horas e fizeram as a\u00e7\u00f5es do","og_url":"https:\/\/brasilnoticias.org\/site\/pane-no-instagram-e-facebook-gera-prejuizo-de-r-167-bilhoes-a-mark-zuckerberg\/","og_site_name":"Brasil not\u00edcias","article_published_time":"2024-03-06T21:25:21+00:00","og_image":[{"width":1600,"height":752,"url":"https:\/\/brasilnoticias.org\/site\/wp-content\/uploads\/2024\/03\/147009pane-no-instagram-e-facebook-gera-prejuizo-de-r-167-bilhoes-a-mark-zuckerberg-3.jpg","type":"image\/jpeg"}],"author":"Reda\u00e7\u00e3o","twitter_card":"summary_large_image","twitter_misc":{"Escrito por":"Reda\u00e7\u00e3o","Tempo estimado de leitura":"1 minuto"},"schema":{"@context":"https:\/\/schema.org","@graph":[{"@type":"Article","@id":"https:\/\/brasilnoticias.org\/site\/pane-no-instagram-e-facebook-gera-prejuizo-de-r-167-bilhoes-a-mark-zuckerberg\/#article","isPartOf":{"@id":"https:\/\/brasilnoticias.org\/site\/pane-no-instagram-e-facebook-gera-prejuizo-de-r-167-bilhoes-a-mark-zuckerberg\/"},"author":{"name":"Reda\u00e7\u00e3o","@id":"https:\/\/brasilnoticias.org\/site\/#\/schema\/person\/03bbbfe6c7634ad18c26444ea39049fa"},"headline":"Pane no Instagram e Facebook gera preju\u00edzo de R$ 16,7 bilh\u00f5es a Mark Zuckerberg","datePublished":"2024-03-06T21:25:21+00:00","mainEntityOfPage":{"@id":"https:\/\/brasilnoticias.org\/site\/pane-no-instagram-e-facebook-gera-prejuizo-de-r-167-bilhoes-a-mark-zuckerberg\/"},"wordCount":312,"commentCount":0,"publisher":{"@id":"https:\/\/brasilnoticias.org\/site\/#organization"},"image":{"@id":"https:\/\/brasilnoticias.org\/site\/pane-no-instagram-e-facebook-gera-prejuizo-de-r-167-bilhoes-a-mark-zuckerberg\/#primaryimage"},"thumbnailUrl":"https:\/\/brasilnoticias.org\/site\/wp-content\/uploads\/2024\/03\/147009pane-no-instagram-e-facebook-gera-prejuizo-de-r-167-bilhoes-a-mark-zuckerberg-3.jpg","articleSection":["Entretenimento","\u00daltimas"],"inLanguage":"pt-PT","potentialAction":[{"@type":"CommentAction","name":"Comment","target":["https:\/\/brasilnoticias.org\/site\/pane-no-instagram-e-facebook-gera-prejuizo-de-r-167-bilhoes-a-mark-zuckerberg\/#respond"]}]},{"@type":"WebPage","@id":"https:\/\/brasilnoticias.org\/site\/pane-no-instagram-e-facebook-gera-prejuizo-de-r-167-bilhoes-a-mark-zuckerberg\/","url":"https:\/\/brasilnoticias.org\/site\/pane-no-instagram-e-facebook-gera-prejuizo-de-r-167-bilhoes-a-mark-zuckerberg\/","name":"Pane no Instagram e Facebook gera preju\u00edzo de R$ 16,7 bilh\u00f5es a Mark Zuckerberg - Brasil not\u00edcias","isPartOf":{"@id":"https:\/\/brasilnoticias.org\/site\/#website"},"primaryImageOfPage":{"@id":"https:\/\/brasilnoticias.org\/site\/pane-no-instagram-e-facebook-gera-prejuizo-de-r-167-bilhoes-a-mark-zuckerberg\/#primaryimage"},"image":{"@id":"https:\/\/brasilnoticias.org\/site\/pane-no-instagram-e-facebook-gera-prejuizo-de-r-167-bilhoes-a-mark-zuckerberg\/#primaryimage"},"thumbnailUrl":"https:\/\/brasilnoticias.org\/site\/wp-content\/uploads\/2024\/03\/147009pane-no-instagram-e-facebook-gera-prejuizo-de-r-167-bilhoes-a-mark-zuckerberg-3.jpg","datePublished":"2024-03-06T21:25:21+00:00","breadcrumb":{"@id":"https:\/\/brasilnoticias.org\/site\/pane-no-instagram-e-facebook-gera-prejuizo-de-r-167-bilhoes-a-mark-zuckerberg\/#breadcrumb"},"inLanguage":"pt-PT","potentialAction":[{"@type":"ReadAction","target":["https:\/\/brasilnoticias.org\/site\/pane-no-instagram-e-facebook-gera-prejuizo-de-r-167-bilhoes-a-mark-zuckerberg\/"]}]},{"@type":"ImageObject","inLanguage":"pt-PT","@id":"https:\/\/brasilnoticias.org\/site\/pane-no-instagram-e-facebook-gera-prejuizo-de-r-167-bilhoes-a-mark-zuckerberg\/#primaryimage","url":"https:\/\/brasilnoticias.org\/site\/wp-content\/uploads\/2024\/03\/147009pane-no-instagram-e-facebook-gera-prejuizo-de-r-167-bilhoes-a-mark-zuckerberg-3.jpg","contentUrl":"https:\/\/brasilnoticias.org\/site\/wp-content\/uploads\/2024\/03\/147009pane-no-instagram-e-facebook-gera-prejuizo-de-r-167-bilhoes-a-mark-zuckerberg-3.jpg","width":1600,"height":752},{"@type":"BreadcrumbList","@id":"https:\/\/brasilnoticias.org\/site\/pane-no-instagram-e-facebook-gera-prejuizo-de-r-167-bilhoes-a-mark-zuckerberg\/#breadcrumb","itemListElement":[{"@type":"ListItem","position":1,"name":"In\u00edcio","item":"https:\/\/brasilnoticias.org\/site\/"},{"@type":"ListItem","position":2,"name":"Pane no Instagram e Facebook gera preju\u00edzo de R$ 16,7 bilh\u00f5es a Mark Zuckerberg"}]},{"@type":"WebSite","@id":"https:\/\/brasilnoticias.org\/site\/#website","url":"https:\/\/brasilnoticias.org\/site\/","name":"Brasil not\u00edcias","description":"Brasil not\u00edcias","publisher":{"@id":"https:\/\/brasilnoticias.org\/site\/#organization"},"potentialAction":[{"@type":"SearchAction","target":{"@type":"EntryPoint","urlTemplate":"https:\/\/brasilnoticias.org\/site\/?s={search_term_string}"},"query-input":{"@type":"PropertyValueSpecification","valueRequired":true,"valueName":"search_term_string"}}],"inLanguage":"pt-PT"},{"@type":"Organization","@id":"https:\/\/brasilnoticias.org\/site\/#organization","name":"Brasil not\u00edcias","url":"https:\/\/brasilnoticias.org\/site\/","logo":{"@type":"ImageObject","inLanguage":"pt-PT","@id":"https:\/\/brasilnoticias.org\/site\/#\/schema\/logo\/image\/","url":"https:\/\/brasilnoticias.org\/site\/wp-content\/uploads\/2022\/05\/cropped-brasilnoticias-mini.jpg","contentUrl":"https:\/\/brasilnoticias.org\/site\/wp-content\/uploads\/2022\/05\/cropped-brasilnoticias-mini.jpg","width":314,"height":86,"caption":"Brasil not\u00edcias"},"image":{"@id":"https:\/\/brasilnoticias.org\/site\/#\/schema\/logo\/image\/"}},{"@type":"Person","@id":"https:\/\/brasilnoticias.org\/site\/#\/schema\/person\/03bbbfe6c7634ad18c26444ea39049fa","name":"Reda\u00e7\u00e3o","image":{"@type":"ImageObject","inLanguage":"pt-PT","@id":"https:\/\/brasilnoticias.org\/site\/#\/schema\/person\/image\/","url":"https:\/\/secure.gravatar.com\/avatar\/9ecaf7327a696cb23ad926fedded5f1f04d7049de9e445375d55b48c001a6e42?s=96&d=mm&r=g","contentUrl":"https:\/\/secure.gravatar.com\/avatar\/9ecaf7327a696cb23ad926fedded5f1f04d7049de9e445375d55b48c001a6e42?s=96&d=mm&r=g","caption":"Reda\u00e7\u00e3o"},"url":"https:\/\/brasilnoticias.org\/site\/author\/henrique\/"}]}},"_links":{"self":[{"href":"https:\/\/brasilnoticias.org\/site\/wp-json\/wp\/v2\/posts\/13021","targetHints":{"allow":["GET"]}}],"collection":[{"href":"https:\/\/brasilnoticias.org\/site\/wp-json\/wp\/v2\/posts"}],"about":[{"href":"https:\/\/brasilnoticias.org\/site\/wp-json\/wp\/v2\/types\/post"}],"author":[{"embeddable":true,"href":"https:\/\/brasilnoticias.org\/site\/wp-json\/wp\/v2\/users\/4"}],"replies":[{"embeddable":true,"href":"https:\/\/brasilnoticias.org\/site\/wp-json\/wp\/v2\/comments?post=13021"}],"version-history":[{"count":1,"href":"https:\/\/brasilnoticias.org\/site\/wp-json\/wp\/v2\/posts\/13021\/revisions"}],"predecessor-version":[{"id":13023,"href":"https:\/\/brasilnoticias.org\/site\/wp-json\/wp\/v2\/posts\/13021\/revisions\/13023"}],"wp:featuredmedia":[{"embeddable":true,"href":"https:\/\/brasilnoticias.org\/site\/wp-json\/wp\/v2\/media\/13022"}],"wp:attachment":[{"href":"https:\/\/brasilnoticias.org\/site\/wp-json\/wp\/v2\/media?parent=13021"}],"wp:term":[{"taxonomy":"category","embeddable":true,"href":"https:\/\/brasilnoticias.org\/site\/wp-json\/wp\/v2\/categories?post=13021"},{"taxonomy":"post_tag","embeddable":true,"href":"https:\/\/brasilnoticias.org\/site\/wp-json\/wp\/v2\/tags?post=13021"}],"curies":[{"name":"wp","href":"https:\/\/api.w.org\/{rel}","templated":true}]}}