{"id":13024,"date":"2024-03-06T18:26:41","date_gmt":"2024-03-06T21:26:41","guid":{"rendered":"https:\/\/brasilnoticias.org\/site\/?p=13024"},"modified":"2024-03-06T18:26:41","modified_gmt":"2024-03-06T21:26:41","slug":"deputado-nikolas-ferreira-presidira-comissao-de-educacao-na-camara","status":"publish","type":"post","link":"https:\/\/brasilnoticias.org\/site\/deputado-nikolas-ferreira-presidira-comissao-de-educacao-na-camara\/","title":{"rendered":"Deputado Nikolas Ferreira presidir\u00e1 Comiss\u00e3o de Educa\u00e7\u00e3o na C\u00e2mara"},"content":{"rendered":"<p>A bancada do PL escolheu o deputado federal Nikolas Ferreira (PL-MG) para presidir a Comiss\u00e3o de Educa\u00e7\u00e3o na C\u00e2mara dos Deputados. Essa decis\u00e3o interna do partido \u00e9 vista como uma forma de provoca\u00e7\u00e3o ao governo Lula.<\/p>\n<p>Segundo apura\u00e7\u00e3o do Poder360, Nikolas foi convencido a aceitar o cargo. A instala\u00e7\u00e3o das comiss\u00f5es est\u00e1 marcada para esta quarta-feira (6). Na v\u00e9spera, os l\u00edderes partid\u00e1rios se reuniram para deliberar sobre a distribui\u00e7\u00e3o das comiss\u00f5es.<\/p>\n<p>Al\u00e9m da Comiss\u00e3o de Educa\u00e7\u00e3o, o PL tamb\u00e9m ficar\u00e1 respons\u00e1vel pela CCJ (Comiss\u00e3o de Constitui\u00e7\u00e3o e Justi\u00e7a), a Comiss\u00e3o do Esporte e a Comiss\u00e3o de Seguran\u00e7a P\u00fablica e Combate ao Crime Organizado.<\/p>\n<p>Foto: Reprodu\u00e7\u00e3o\/Redes sociais<br \/>\nPor: Metro1<\/p>\n","protected":false},"excerpt":{"rendered":"<p>A bancada do PL escolheu o deputado federal Nikolas Ferreira (PL-MG) para presidir a Comiss\u00e3o de Educa\u00e7\u00e3o na C\u00e2mara dos<\/p>\n","protected":false},"author":4,"featured_media":13025,"comment_status":"open","ping_status":"open","sticky":false,"template":"","format":"standard","meta":{"colormag_page_container_layout":"default_layout","colormag_page_sidebar_layout":"default_layout","_FSMCFIC_featured_image_caption":"","_FSMCFIC_featured_image_nocaption":"","_FSMCFIC_featured_image_hide":"","footnotes":""},"categories":[5,1],"tags":[],"class_list":["post-13024","post","type-post","status-publish","format-standard","has-post-thumbnail","hentry","category-politica","category-ultimas"],"yoast_head":"<!-- This site is optimized with the Yoast SEO plugin v27.1.1 - https:\/\/yoast.com\/product\/yoast-seo-wordpress\/ -->\n<title>Deputado Nikolas Ferreira presidir\u00e1 Comiss\u00e3o de Educa\u00e7\u00e3o na C\u00e2mara - Brasil not\u00edcias<\/title>\n<meta name=\"robots\" content=\"index, follow, max-snippet:-1, max-image-preview:large, max-video-preview:-1\" \/>\n<link rel=\"canonical\" href=\"https:\/\/brasilnoticias.org\/site\/deputado-nikolas-ferreira-presidira-comissao-de-educacao-na-camara\/\" \/>\n<meta property=\"og:locale\" content=\"pt_PT\" \/>\n<meta property=\"og:type\" content=\"article\" \/>\n<meta property=\"og:title\" content=\"Deputado Nikolas Ferreira presidir\u00e1 Comiss\u00e3o de Educa\u00e7\u00e3o na C\u00e2mara - Brasil not\u00edcias\" \/>\n<meta property=\"og:description\" content=\"A bancada do PL escolheu o deputado federal Nikolas Ferreira (PL-MG) para presidir a Comiss\u00e3o de Educa\u00e7\u00e3o na C\u00e2mara dos\" \/>\n<meta property=\"og:url\" content=\"https:\/\/brasilnoticias.org\/site\/deputado-nikolas-ferreira-presidira-comissao-de-educacao-na-camara\/\" \/>\n<meta property=\"og:site_name\" content=\"Brasil not\u00edcias\" \/>\n<meta property=\"article:published_time\" content=\"2024-03-06T21:26:41+00:00\" \/>\n<meta property=\"og:image\" content=\"https:\/\/brasilnoticias.org\/site\/wp-content\/uploads\/2024\/03\/147036deputado-nikolas-ferreira-presidira-comissao-de-educacao-na-camara-3.jpg\" \/>\n\t<meta property=\"og:image:width\" content=\"1600\" \/>\n\t<meta property=\"og:image:height\" content=\"752\" \/>\n\t<meta property=\"og:image:type\" content=\"image\/jpeg\" \/>\n<meta name=\"author\" content=\"Reda\u00e7\u00e3o\" \/>\n<meta name=\"twitter:card\" content=\"summary_large_image\" \/>\n<meta name=\"twitter:label1\" content=\"Escrito por\" \/>\n\t<meta name=\"twitter:data1\" content=\"Reda\u00e7\u00e3o\" \/>\n\t<meta name=\"twitter:label2\" content=\"Tempo estimado de leitura\" \/>\n\t<meta name=\"twitter:data2\" content=\"1 minuto\" \/>\n<script type=\"application\/ld+json\" class=\"yoast-schema-graph\">{\"@context\":\"https:\/\/schema.org\",\"@graph\":[{\"@type\":\"Article\",\"@id\":\"https:\/\/brasilnoticias.org\/site\/deputado-nikolas-ferreira-presidira-comissao-de-educacao-na-camara\/#article\",\"isPartOf\":{\"@id\":\"https:\/\/brasilnoticias.org\/site\/deputado-nikolas-ferreira-presidira-comissao-de-educacao-na-camara\/\"},\"author\":{\"name\":\"Reda\u00e7\u00e3o\",\"@id\":\"https:\/\/brasilnoticias.org\/site\/#\/schema\/person\/03bbbfe6c7634ad18c26444ea39049fa\"},\"headline\":\"Deputado Nikolas Ferreira presidir\u00e1 Comiss\u00e3o de Educa\u00e7\u00e3o na C\u00e2mara\",\"datePublished\":\"2024-03-06T21:26:41+00:00\",\"mainEntityOfPage\":{\"@id\":\"https:\/\/brasilnoticias.org\/site\/deputado-nikolas-ferreira-presidira-comissao-de-educacao-na-camara\/\"},\"wordCount\":145,\"commentCount\":0,\"publisher\":{\"@id\":\"https:\/\/brasilnoticias.org\/site\/#organization\"},\"image\":{\"@id\":\"https:\/\/brasilnoticias.org\/site\/deputado-nikolas-ferreira-presidira-comissao-de-educacao-na-camara\/#primaryimage\"},\"thumbnailUrl\":\"https:\/\/brasilnoticias.org\/site\/wp-content\/uploads\/2024\/03\/147036deputado-nikolas-ferreira-presidira-comissao-de-educacao-na-camara-3.jpg\",\"articleSection\":[\"Pol\u00edtica\",\"\u00daltimas\"],\"inLanguage\":\"pt-PT\",\"potentialAction\":[{\"@type\":\"CommentAction\",\"name\":\"Comment\",\"target\":[\"https:\/\/brasilnoticias.org\/site\/deputado-nikolas-ferreira-presidira-comissao-de-educacao-na-camara\/#respond\"]}]},{\"@type\":\"WebPage\",\"@id\":\"https:\/\/brasilnoticias.org\/site\/deputado-nikolas-ferreira-presidira-comissao-de-educacao-na-camara\/\",\"url\":\"https:\/\/brasilnoticias.org\/site\/deputado-nikolas-ferreira-presidira-comissao-de-educacao-na-camara\/\",\"name\":\"Deputado Nikolas Ferreira presidir\u00e1 Comiss\u00e3o de Educa\u00e7\u00e3o na C\u00e2mara - Brasil not\u00edcias\",\"isPartOf\":{\"@id\":\"https:\/\/brasilnoticias.org\/site\/#website\"},\"primaryImageOfPage\":{\"@id\":\"https:\/\/brasilnoticias.org\/site\/deputado-nikolas-ferreira-presidira-comissao-de-educacao-na-camara\/#primaryimage\"},\"image\":{\"@id\":\"https:\/\/brasilnoticias.org\/site\/deputado-nikolas-ferreira-presidira-comissao-de-educacao-na-camara\/#primaryimage\"},\"thumbnailUrl\":\"https:\/\/brasilnoticias.org\/site\/wp-content\/uploads\/2024\/03\/147036deputado-nikolas-ferreira-presidira-comissao-de-educacao-na-camara-3.jpg\",\"datePublished\":\"2024-03-06T21:26:41+00:00\",\"breadcrumb\":{\"@id\":\"https:\/\/brasilnoticias.org\/site\/deputado-nikolas-ferreira-presidira-comissao-de-educacao-na-camara\/#breadcrumb\"},\"inLanguage\":\"pt-PT\",\"potentialAction\":[{\"@type\":\"ReadAction\",\"target\":[\"https:\/\/brasilnoticias.org\/site\/deputado-nikolas-ferreira-presidira-comissao-de-educacao-na-camara\/\"]}]},{\"@type\":\"ImageObject\",\"inLanguage\":\"pt-PT\",\"@id\":\"https:\/\/brasilnoticias.org\/site\/deputado-nikolas-ferreira-presidira-comissao-de-educacao-na-camara\/#primaryimage\",\"url\":\"https:\/\/brasilnoticias.org\/site\/wp-content\/uploads\/2024\/03\/147036deputado-nikolas-ferreira-presidira-comissao-de-educacao-na-camara-3.jpg\",\"contentUrl\":\"https:\/\/brasilnoticias.org\/site\/wp-content\/uploads\/2024\/03\/147036deputado-nikolas-ferreira-presidira-comissao-de-educacao-na-camara-3.jpg\",\"width\":1600,\"height\":752},{\"@type\":\"BreadcrumbList\",\"@id\":\"https:\/\/brasilnoticias.org\/site\/deputado-nikolas-ferreira-presidira-comissao-de-educacao-na-camara\/#breadcrumb\",\"itemListElement\":[{\"@type\":\"ListItem\",\"position\":1,\"name\":\"In\u00edcio\",\"item\":\"https:\/\/brasilnoticias.org\/site\/\"},{\"@type\":\"ListItem\",\"position\":2,\"name\":\"Deputado Nikolas Ferreira presidir\u00e1 Comiss\u00e3o de Educa\u00e7\u00e3o na C\u00e2mara\"}]},{\"@type\":\"WebSite\",\"@id\":\"https:\/\/brasilnoticias.org\/site\/#website\",\"url\":\"https:\/\/brasilnoticias.org\/site\/\",\"name\":\"Brasil not\u00edcias\",\"description\":\"Brasil not\u00edcias\",\"publisher\":{\"@id\":\"https:\/\/brasilnoticias.org\/site\/#organization\"},\"potentialAction\":[{\"@type\":\"SearchAction\",\"target\":{\"@type\":\"EntryPoint\",\"urlTemplate\":\"https:\/\/brasilnoticias.org\/site\/?s={search_term_string}\"},\"query-input\":{\"@type\":\"PropertyValueSpecification\",\"valueRequired\":true,\"valueName\":\"search_term_string\"}}],\"inLanguage\":\"pt-PT\"},{\"@type\":\"Organization\",\"@id\":\"https:\/\/brasilnoticias.org\/site\/#organization\",\"name\":\"Brasil not\u00edcias\",\"url\":\"https:\/\/brasilnoticias.org\/site\/\",\"logo\":{\"@type\":\"ImageObject\",\"inLanguage\":\"pt-PT\",\"@id\":\"https:\/\/brasilnoticias.org\/site\/#\/schema\/logo\/image\/\",\"url\":\"https:\/\/brasilnoticias.org\/site\/wp-content\/uploads\/2022\/05\/cropped-brasilnoticias-mini.jpg\",\"contentUrl\":\"https:\/\/brasilnoticias.org\/site\/wp-content\/uploads\/2022\/05\/cropped-brasilnoticias-mini.jpg\",\"width\":314,\"height\":86,\"caption\":\"Brasil not\u00edcias\"},\"image\":{\"@id\":\"https:\/\/brasilnoticias.org\/site\/#\/schema\/logo\/image\/\"}},{\"@type\":\"Person\",\"@id\":\"https:\/\/brasilnoticias.org\/site\/#\/schema\/person\/03bbbfe6c7634ad18c26444ea39049fa\",\"name\":\"Reda\u00e7\u00e3o\",\"image\":{\"@type\":\"ImageObject\",\"inLanguage\":\"pt-PT\",\"@id\":\"https:\/\/brasilnoticias.org\/site\/#\/schema\/person\/image\/\",\"url\":\"https:\/\/secure.gravatar.com\/avatar\/9ecaf7327a696cb23ad926fedded5f1f04d7049de9e445375d55b48c001a6e42?s=96&d=mm&r=g\",\"contentUrl\":\"https:\/\/secure.gravatar.com\/avatar\/9ecaf7327a696cb23ad926fedded5f1f04d7049de9e445375d55b48c001a6e42?s=96&d=mm&r=g\",\"caption\":\"Reda\u00e7\u00e3o\"},\"url\":\"https:\/\/brasilnoticias.org\/site\/author\/henrique\/\"}]}<\/script>\n<!-- \/ Yoast SEO plugin. -->","yoast_head_json":{"title":"Deputado Nikolas Ferreira presidir\u00e1 Comiss\u00e3o de Educa\u00e7\u00e3o na C\u00e2mara - Brasil not\u00edcias","robots":{"index":"index","follow":"follow","max-snippet":"max-snippet:-1","max-image-preview":"max-image-preview:large","max-video-preview":"max-video-preview:-1"},"canonical":"https:\/\/brasilnoticias.org\/site\/deputado-nikolas-ferreira-presidira-comissao-de-educacao-na-camara\/","og_locale":"pt_PT","og_type":"article","og_title":"Deputado Nikolas Ferreira presidir\u00e1 Comiss\u00e3o de Educa\u00e7\u00e3o na C\u00e2mara - Brasil not\u00edcias","og_description":"A bancada do PL escolheu o deputado federal Nikolas Ferreira (PL-MG) para presidir a Comiss\u00e3o de Educa\u00e7\u00e3o na C\u00e2mara dos","og_url":"https:\/\/brasilnoticias.org\/site\/deputado-nikolas-ferreira-presidira-comissao-de-educacao-na-camara\/","og_site_name":"Brasil not\u00edcias","article_published_time":"2024-03-06T21:26:41+00:00","og_image":[{"width":1600,"height":752,"url":"https:\/\/brasilnoticias.org\/site\/wp-content\/uploads\/2024\/03\/147036deputado-nikolas-ferreira-presidira-comissao-de-educacao-na-camara-3.jpg","type":"image\/jpeg"}],"author":"Reda\u00e7\u00e3o","twitter_card":"summary_large_image","twitter_misc":{"Escrito por":"Reda\u00e7\u00e3o","Tempo estimado de leitura":"1 minuto"},"schema":{"@context":"https:\/\/schema.org","@graph":[{"@type":"Article","@id":"https:\/\/brasilnoticias.org\/site\/deputado-nikolas-ferreira-presidira-comissao-de-educacao-na-camara\/#article","isPartOf":{"@id":"https:\/\/brasilnoticias.org\/site\/deputado-nikolas-ferreira-presidira-comissao-de-educacao-na-camara\/"},"author":{"name":"Reda\u00e7\u00e3o","@id":"https:\/\/brasilnoticias.org\/site\/#\/schema\/person\/03bbbfe6c7634ad18c26444ea39049fa"},"headline":"Deputado Nikolas Ferreira presidir\u00e1 Comiss\u00e3o de Educa\u00e7\u00e3o na C\u00e2mara","datePublished":"2024-03-06T21:26:41+00:00","mainEntityOfPage":{"@id":"https:\/\/brasilnoticias.org\/site\/deputado-nikolas-ferreira-presidira-comissao-de-educacao-na-camara\/"},"wordCount":145,"commentCount":0,"publisher":{"@id":"https:\/\/brasilnoticias.org\/site\/#organization"},"image":{"@id":"https:\/\/brasilnoticias.org\/site\/deputado-nikolas-ferreira-presidira-comissao-de-educacao-na-camara\/#primaryimage"},"thumbnailUrl":"https:\/\/brasilnoticias.org\/site\/wp-content\/uploads\/2024\/03\/147036deputado-nikolas-ferreira-presidira-comissao-de-educacao-na-camara-3.jpg","articleSection":["Pol\u00edtica","\u00daltimas"],"inLanguage":"pt-PT","potentialAction":[{"@type":"CommentAction","name":"Comment","target":["https:\/\/brasilnoticias.org\/site\/deputado-nikolas-ferreira-presidira-comissao-de-educacao-na-camara\/#respond"]}]},{"@type":"WebPage","@id":"https:\/\/brasilnoticias.org\/site\/deputado-nikolas-ferreira-presidira-comissao-de-educacao-na-camara\/","url":"https:\/\/brasilnoticias.org\/site\/deputado-nikolas-ferreira-presidira-comissao-de-educacao-na-camara\/","name":"Deputado Nikolas Ferreira presidir\u00e1 Comiss\u00e3o de Educa\u00e7\u00e3o na C\u00e2mara - Brasil not\u00edcias","isPartOf":{"@id":"https:\/\/brasilnoticias.org\/site\/#website"},"primaryImageOfPage":{"@id":"https:\/\/brasilnoticias.org\/site\/deputado-nikolas-ferreira-presidira-comissao-de-educacao-na-camara\/#primaryimage"},"image":{"@id":"https:\/\/brasilnoticias.org\/site\/deputado-nikolas-ferreira-presidira-comissao-de-educacao-na-camara\/#primaryimage"},"thumbnailUrl":"https:\/\/brasilnoticias.org\/site\/wp-content\/uploads\/2024\/03\/147036deputado-nikolas-ferreira-presidira-comissao-de-educacao-na-camara-3.jpg","datePublished":"2024-03-06T21:26:41+00:00","breadcrumb":{"@id":"https:\/\/brasilnoticias.org\/site\/deputado-nikolas-ferreira-presidira-comissao-de-educacao-na-camara\/#breadcrumb"},"inLanguage":"pt-PT","potentialAction":[{"@type":"ReadAction","target":["https:\/\/brasilnoticias.org\/site\/deputado-nikolas-ferreira-presidira-comissao-de-educacao-na-camara\/"]}]},{"@type":"ImageObject","inLanguage":"pt-PT","@id":"https:\/\/brasilnoticias.org\/site\/deputado-nikolas-ferreira-presidira-comissao-de-educacao-na-camara\/#primaryimage","url":"https:\/\/brasilnoticias.org\/site\/wp-content\/uploads\/2024\/03\/147036deputado-nikolas-ferreira-presidira-comissao-de-educacao-na-camara-3.jpg","contentUrl":"https:\/\/brasilnoticias.org\/site\/wp-content\/uploads\/2024\/03\/147036deputado-nikolas-ferreira-presidira-comissao-de-educacao-na-camara-3.jpg","width":1600,"height":752},{"@type":"BreadcrumbList","@id":"https:\/\/brasilnoticias.org\/site\/deputado-nikolas-ferreira-presidira-comissao-de-educacao-na-camara\/#breadcrumb","itemListElement":[{"@type":"ListItem","position":1,"name":"In\u00edcio","item":"https:\/\/brasilnoticias.org\/site\/"},{"@type":"ListItem","position":2,"name":"Deputado Nikolas Ferreira presidir\u00e1 Comiss\u00e3o de Educa\u00e7\u00e3o na C\u00e2mara"}]},{"@type":"WebSite","@id":"https:\/\/brasilnoticias.org\/site\/#website","url":"https:\/\/brasilnoticias.org\/site\/","name":"Brasil not\u00edcias","description":"Brasil not\u00edcias","publisher":{"@id":"https:\/\/brasilnoticias.org\/site\/#organization"},"potentialAction":[{"@type":"SearchAction","target":{"@type":"EntryPoint","urlTemplate":"https:\/\/brasilnoticias.org\/site\/?s={search_term_string}"},"query-input":{"@type":"PropertyValueSpecification","valueRequired":true,"valueName":"search_term_string"}}],"inLanguage":"pt-PT"},{"@type":"Organization","@id":"https:\/\/brasilnoticias.org\/site\/#organization","name":"Brasil not\u00edcias","url":"https:\/\/brasilnoticias.org\/site\/","logo":{"@type":"ImageObject","inLanguage":"pt-PT","@id":"https:\/\/brasilnoticias.org\/site\/#\/schema\/logo\/image\/","url":"https:\/\/brasilnoticias.org\/site\/wp-content\/uploads\/2022\/05\/cropped-brasilnoticias-mini.jpg","contentUrl":"https:\/\/brasilnoticias.org\/site\/wp-content\/uploads\/2022\/05\/cropped-brasilnoticias-mini.jpg","width":314,"height":86,"caption":"Brasil not\u00edcias"},"image":{"@id":"https:\/\/brasilnoticias.org\/site\/#\/schema\/logo\/image\/"}},{"@type":"Person","@id":"https:\/\/brasilnoticias.org\/site\/#\/schema\/person\/03bbbfe6c7634ad18c26444ea39049fa","name":"Reda\u00e7\u00e3o","image":{"@type":"ImageObject","inLanguage":"pt-PT","@id":"https:\/\/brasilnoticias.org\/site\/#\/schema\/person\/image\/","url":"https:\/\/secure.gravatar.com\/avatar\/9ecaf7327a696cb23ad926fedded5f1f04d7049de9e445375d55b48c001a6e42?s=96&d=mm&r=g","contentUrl":"https:\/\/secure.gravatar.com\/avatar\/9ecaf7327a696cb23ad926fedded5f1f04d7049de9e445375d55b48c001a6e42?s=96&d=mm&r=g","caption":"Reda\u00e7\u00e3o"},"url":"https:\/\/brasilnoticias.org\/site\/author\/henrique\/"}]}},"_links":{"self":[{"href":"https:\/\/brasilnoticias.org\/site\/wp-json\/wp\/v2\/posts\/13024","targetHints":{"allow":["GET"]}}],"collection":[{"href":"https:\/\/brasilnoticias.org\/site\/wp-json\/wp\/v2\/posts"}],"about":[{"href":"https:\/\/brasilnoticias.org\/site\/wp-json\/wp\/v2\/types\/post"}],"author":[{"embeddable":true,"href":"https:\/\/brasilnoticias.org\/site\/wp-json\/wp\/v2\/users\/4"}],"replies":[{"embeddable":true,"href":"https:\/\/brasilnoticias.org\/site\/wp-json\/wp\/v2\/comments?post=13024"}],"version-history":[{"count":1,"href":"https:\/\/brasilnoticias.org\/site\/wp-json\/wp\/v2\/posts\/13024\/revisions"}],"predecessor-version":[{"id":13026,"href":"https:\/\/brasilnoticias.org\/site\/wp-json\/wp\/v2\/posts\/13024\/revisions\/13026"}],"wp:featuredmedia":[{"embeddable":true,"href":"https:\/\/brasilnoticias.org\/site\/wp-json\/wp\/v2\/media\/13025"}],"wp:attachment":[{"href":"https:\/\/brasilnoticias.org\/site\/wp-json\/wp\/v2\/media?parent=13024"}],"wp:term":[{"taxonomy":"category","embeddable":true,"href":"https:\/\/brasilnoticias.org\/site\/wp-json\/wp\/v2\/categories?post=13024"},{"taxonomy":"post_tag","embeddable":true,"href":"https:\/\/brasilnoticias.org\/site\/wp-json\/wp\/v2\/tags?post=13024"}],"curies":[{"name":"wp","href":"https:\/\/api.w.org\/{rel}","templated":true}]}}