{"id":13027,"date":"2024-03-08T19:32:59","date_gmt":"2024-03-08T22:32:59","guid":{"rendered":"https:\/\/brasilnoticias.org\/site\/?p=13027"},"modified":"2024-03-08T19:32:59","modified_gmt":"2024-03-08T22:32:59","slug":"areas-verdes-a-forca-da-grana-que-destroi-coisas-belas","status":"publish","type":"post","link":"https:\/\/brasilnoticias.org\/site\/areas-verdes-a-forca-da-grana-que-destroi-coisas-belas\/","title":{"rendered":"\u00c1reas verdes: A for\u00e7a da grana que destr\u00f3i coisas belas"},"content":{"rendered":"<p>Venda de patrim\u00f4nio ambiental pela prefeitura de Salvador exp\u00f5e o atropelo de leis em favor da especula\u00e7\u00e3o imobili\u00e1ria<\/p>\n<p>Em iniciativa absolutamente ilegal e marcada do princ\u00edpio ao fim por uma s\u00e9rie de irregularidades, a prefeitura de Salvador iniciou na quinta-feira o leil\u00e3o de 13 terrenos e \u00e1reas verdes que fazem parte do pacote de 40 im\u00f3veis desafetados por projeto de lei de autoria do Poder Executivo, aprovado pela C\u00e2mara de Vereadores em 20 de dezembro do ano do passado. N\u00e3o se questiona a prerrogativa que a administra\u00e7\u00e3o municipal tem de vender patrim\u00f4nio p\u00fablico sem utilidade pr\u00e1tica e reverter os recursos arrecadados em a\u00e7\u00f5es que beneficiem a popula\u00e7\u00e3o. Desde, \u00e9 claro, que proceda de acordo com as regras vigentes. No entanto, o que se v\u00ea \u00e9 o contr\u00e1rio. Vamos por partes.<\/p>\n<p>\u00c9 essencial que o cidad\u00e3o entenda o que est\u00e1 em jogo e onde os direitos que possui foram desrespeitados. Do modo com o qual o assunto tem sido tratado, muito provavelmente para dificultar o entendimento da imensa fatia da sociedade que desconhece o vocabul\u00e1rio jur\u00eddico, torna-se necess\u00e1rio abordar o tema com a clareza que ele exige. O que passa pela explica\u00e7\u00e3o do significado de desafetar, ato em que o Poder P\u00fablico abdica da finalidade destinada legalmente a determinado bem e, com isso, ganha respaldo para tocar o passo seguinte, a autoriza\u00e7\u00e3o para alien\u00e1-lo. Trocando em mi\u00fados, obt\u00e9m passe-livre para transferir a propriedade, seja por venda, doa\u00e7\u00e3o, permuta ou concess\u00e3o.<\/p>\n<p>Na esfera municipal, a desafeta\u00e7\u00e3o de im\u00f3veis que pertencem ao patrim\u00f4nio p\u00fablico &#8211; em suma, eu, voc\u00ea, n\u00f3s &#8211; e a consequente aliena\u00e7\u00e3o s\u00f3 podem ser feitas com a chancela do Legislativo, representado em Salvador e todas as demais cidades pela C\u00e2mara de Vereadores. At\u00e9 a\u00ed, tudo ocorreu dentro dos limites da lei com o projeto encaminhado pelo prefeito Bruno Reis. O problema est\u00e1 nas entrelinhas. Algo que a sabedoria popular sintetizou h\u00e1 s\u00e9culos atrav\u00e9s de uma conhecida express\u00e3o: &#8220;O diabo mora nos detalhes&#8221;.<\/p>\n<p>Ao pedir autoriza\u00e7\u00e3o para desafetar um punhado de terrenos, o prefeito ignorou dispositivos da legisla\u00e7\u00e3o que disciplina o uso e ocupa\u00e7\u00e3o do solo do Munic\u00edpio. Para efeito de ilustra\u00e7\u00e3o, \u00e9 ela quem impede, por exemplo, que f\u00e1bricas de produtos qu\u00edmicos ou de materiais inflam\u00e1veis sejam instaladas em \u00e1reas residenciais ou que empreiteiras tenham salvo-conduto para erguer um megacondom\u00ednio de luxo nas dunas de Stella Maris. Como algo ruim sempre pode piorar, a proposta atropelou a lei aprovada durante a gest\u00e3o do antecessor e padrinho pol\u00edtico do prefeito, sob promessas de proteger o que ainda restava de riqueza natural na cidade e evitar preju\u00edzos ao meio-ambiente. A realidade, como se pode constatar, \u00e9 diferente.<\/p>\n<p>No caso da aliena\u00e7\u00e3o de bens de uso comum, a exemplo de \u00e1reas verdes, h\u00e1 uma veda\u00e7\u00e3o legal, exceto em situa\u00e7\u00f5es especiais nas quais se comprove um claro e evidente interesse p\u00fablico. O que n\u00e3o se aplica \u00e0 inten\u00e7\u00e3o de vend\u00ea-las a investidores poderosos que atribuir\u00e3o, certamente, destino diverso do que se pode traduzir como bem-estar coletivo. Tal proibi\u00e7\u00e3o n\u00e3o deve ser ignorada pelo simples argumento de que os recursos p\u00fablicos obtidos com o neg\u00f3cio possam estar a servi\u00e7o de outro interesse p\u00fablico. <\/p>\n<p>\u00c1reas verdes t\u00eam o car\u00e1ter de bem p\u00fablico de uso comum do povo. S\u00e3o elas que garantem a cobertura vegetal do espa\u00e7o urbano e contribuem de modo significativo para a qualidade de vida e o equil\u00edbrio ambiental das cidades, em raz\u00e3o de m\u00faltiplas e relevantes fun\u00e7\u00f5es que exerce. Entre as quais, reduzir os n\u00edveis de polui\u00e7\u00e3o, de ru\u00eddos e da temperatura. A progressiva diminui\u00e7\u00e3o desses espa\u00e7os \u00e9 o que vem transformando Salvador em uma cidade feita de asfalto, cimento, concreto e a\u00e7o, cada vez mais quente e mais insuport\u00e1vel de se viver. Nesse sentido, a capital baiana trafega na contram\u00e3o de outros grandes centros de pa\u00edses desenvolvidos, onde a preserva\u00e7\u00e3o ambiental se sobrep\u00f5e aos interesses empresariais e ao predadorismo da especula\u00e7\u00e3o imobili\u00e1ria em toda sua ferocidade.<\/p>\n<p>Dentre os bens desafetados e dispon\u00edveis para a aliena\u00e7\u00e3o, a pol\u00eamica maior diz respeito \u00e0 \u00e1rea localizada na encosta do Corredor da Vit\u00f3ria,  enquadrada como \u00c1rea de Preserva\u00e7\u00e3o Permanente e protegida pelo C\u00f3digo Florestal, lei federal que tamb\u00e9m foi tratorizada pelo rolo-compressor da prefeitura. Esse espa\u00e7o foi doado ao Munic\u00edpio exatamente por sua qualifica\u00e7\u00e3o ambiental, como forma de viabilizar a constru\u00e7\u00e3o do ic\u00f4nico condom\u00ednio Mans\u00e3o Carlos Costa Pinto. <\/p>\n<p>Agora, a administra\u00e7\u00e3o p\u00fablica pretende vender tal \u00e1rea, blindada por leis de prote\u00e7\u00e3o em \u00e2mbito federal e municipal,  j\u00e1 destitu\u00edda de potencialidade construtiva, para grupos empresariais interessados em levantar um empreendimento imobili\u00e1rio de alto padr\u00e3o, e os direitos da coletividade que se danem! \u00c9 importante ressaltar que a desqualifica\u00e7\u00e3o de \u00e1reas verdes e de preserva\u00e7\u00e3o permanente para aliena\u00e7\u00e3o a empreendedores pode abrir um precedente perigoso. <\/p>\n<p>Mais especificamente o fato de que outras \u00e1reas semelhantes poder\u00e3o ser liberadas para os mesmos fins, com a participa\u00e7\u00e3o ilegal do Poder P\u00fablico e indiferente \u00e0 sustentabilidade ambiental. Diante de agress\u00f5es variadas a princ\u00edpios administrativos e normas legais, cabe a devida pondera\u00e7\u00e3o por parte da prefeitura de Salvador e a aten\u00e7\u00e3o vigilante por parte do Minist\u00e9rio P\u00fablico. \u00c9 urgente impedir que o bem coletivo seja sepultado pela for\u00e7a da grana que destr\u00f3i coisas belas.<\/p>\n<p>Foto: Reprodu\u00e7\u00e3o<br \/>\nPor: Da reda\u00e7\u00e3o<\/p>\n","protected":false},"excerpt":{"rendered":"<p>Venda de patrim\u00f4nio ambiental pela prefeitura de Salvador exp\u00f5e o atropelo de leis em favor da especula\u00e7\u00e3o imobili\u00e1ria Em iniciativa<\/p>\n","protected":false},"author":4,"featured_media":13028,"comment_status":"open","ping_status":"open","sticky":false,"template":"","format":"standard","meta":{"colormag_page_container_layout":"default_layout","colormag_page_sidebar_layout":"default_layout","_FSMCFIC_featured_image_caption":"","_FSMCFIC_featured_image_nocaption":"","_FSMCFIC_featured_image_hide":"","footnotes":""},"categories":[2,1],"tags":[],"class_list":["post-13027","post","type-post","status-publish","format-standard","has-post-thumbnail","hentry","category-noticias","category-ultimas"],"yoast_head":"<!-- This site is optimized with the Yoast SEO plugin v27.1.1 - https:\/\/yoast.com\/product\/yoast-seo-wordpress\/ -->\n<title>\u00c1reas verdes: A for\u00e7a da grana que destr\u00f3i coisas belas - Brasil not\u00edcias<\/title>\n<meta name=\"robots\" content=\"index, follow, max-snippet:-1, max-image-preview:large, max-video-preview:-1\" \/>\n<link rel=\"canonical\" href=\"https:\/\/brasilnoticias.org\/site\/areas-verdes-a-forca-da-grana-que-destroi-coisas-belas\/\" \/>\n<meta property=\"og:locale\" content=\"pt_PT\" \/>\n<meta property=\"og:type\" content=\"article\" \/>\n<meta property=\"og:title\" content=\"\u00c1reas verdes: A for\u00e7a da grana que destr\u00f3i coisas belas - Brasil not\u00edcias\" \/>\n<meta property=\"og:description\" content=\"Venda de patrim\u00f4nio ambiental pela prefeitura de Salvador exp\u00f5e o atropelo de leis em favor da especula\u00e7\u00e3o imobili\u00e1ria Em iniciativa\" \/>\n<meta property=\"og:url\" content=\"https:\/\/brasilnoticias.org\/site\/areas-verdes-a-forca-da-grana-que-destroi-coisas-belas\/\" \/>\n<meta property=\"og:site_name\" content=\"Brasil not\u00edcias\" \/>\n<meta property=\"article:published_time\" content=\"2024-03-08T22:32:59+00:00\" \/>\n<meta property=\"og:image\" content=\"https:\/\/brasilnoticias.org\/site\/wp-content\/uploads\/2024\/03\/147135areas-verdes-a-forca-da-grana-que-destroi-coisas-belas-3.jpg\" \/>\n\t<meta property=\"og:image:width\" content=\"1600\" \/>\n\t<meta property=\"og:image:height\" content=\"752\" \/>\n\t<meta property=\"og:image:type\" content=\"image\/jpeg\" \/>\n<meta name=\"author\" content=\"Reda\u00e7\u00e3o\" \/>\n<meta name=\"twitter:card\" content=\"summary_large_image\" \/>\n<meta name=\"twitter:label1\" content=\"Escrito por\" \/>\n\t<meta name=\"twitter:data1\" content=\"Reda\u00e7\u00e3o\" \/>\n<script type=\"application\/ld+json\" class=\"yoast-schema-graph\">{\"@context\":\"https:\/\/schema.org\",\"@graph\":[{\"@type\":\"Article\",\"@id\":\"https:\/\/brasilnoticias.org\/site\/areas-verdes-a-forca-da-grana-que-destroi-coisas-belas\/#article\",\"isPartOf\":{\"@id\":\"https:\/\/brasilnoticias.org\/site\/areas-verdes-a-forca-da-grana-que-destroi-coisas-belas\/\"},\"author\":{\"name\":\"Reda\u00e7\u00e3o\",\"@id\":\"https:\/\/brasilnoticias.org\/site\/#\/schema\/person\/03bbbfe6c7634ad18c26444ea39049fa\"},\"headline\":\"\u00c1reas verdes: A for\u00e7a da grana que destr\u00f3i coisas belas\",\"datePublished\":\"2024-03-08T22:32:59+00:00\",\"mainEntityOfPage\":{\"@id\":\"https:\/\/brasilnoticias.org\/site\/areas-verdes-a-forca-da-grana-que-destroi-coisas-belas\/\"},\"wordCount\":978,\"commentCount\":0,\"publisher\":{\"@id\":\"https:\/\/brasilnoticias.org\/site\/#organization\"},\"image\":{\"@id\":\"https:\/\/brasilnoticias.org\/site\/areas-verdes-a-forca-da-grana-que-destroi-coisas-belas\/#primaryimage\"},\"thumbnailUrl\":\"https:\/\/brasilnoticias.org\/site\/wp-content\/uploads\/2024\/03\/147135areas-verdes-a-forca-da-grana-que-destroi-coisas-belas-3.jpg\",\"articleSection\":[\"Not\u00edcias\",\"\u00daltimas\"],\"inLanguage\":\"pt-PT\",\"potentialAction\":[{\"@type\":\"CommentAction\",\"name\":\"Comment\",\"target\":[\"https:\/\/brasilnoticias.org\/site\/areas-verdes-a-forca-da-grana-que-destroi-coisas-belas\/#respond\"]}]},{\"@type\":\"WebPage\",\"@id\":\"https:\/\/brasilnoticias.org\/site\/areas-verdes-a-forca-da-grana-que-destroi-coisas-belas\/\",\"url\":\"https:\/\/brasilnoticias.org\/site\/areas-verdes-a-forca-da-grana-que-destroi-coisas-belas\/\",\"name\":\"\u00c1reas verdes: A for\u00e7a da grana que destr\u00f3i coisas belas - Brasil not\u00edcias\",\"isPartOf\":{\"@id\":\"https:\/\/brasilnoticias.org\/site\/#website\"},\"primaryImageOfPage\":{\"@id\":\"https:\/\/brasilnoticias.org\/site\/areas-verdes-a-forca-da-grana-que-destroi-coisas-belas\/#primaryimage\"},\"image\":{\"@id\":\"https:\/\/brasilnoticias.org\/site\/areas-verdes-a-forca-da-grana-que-destroi-coisas-belas\/#primaryimage\"},\"thumbnailUrl\":\"https:\/\/brasilnoticias.org\/site\/wp-content\/uploads\/2024\/03\/147135areas-verdes-a-forca-da-grana-que-destroi-coisas-belas-3.jpg\",\"datePublished\":\"2024-03-08T22:32:59+00:00\",\"breadcrumb\":{\"@id\":\"https:\/\/brasilnoticias.org\/site\/areas-verdes-a-forca-da-grana-que-destroi-coisas-belas\/#breadcrumb\"},\"inLanguage\":\"pt-PT\",\"potentialAction\":[{\"@type\":\"ReadAction\",\"target\":[\"https:\/\/brasilnoticias.org\/site\/areas-verdes-a-forca-da-grana-que-destroi-coisas-belas\/\"]}]},{\"@type\":\"ImageObject\",\"inLanguage\":\"pt-PT\",\"@id\":\"https:\/\/brasilnoticias.org\/site\/areas-verdes-a-forca-da-grana-que-destroi-coisas-belas\/#primaryimage\",\"url\":\"https:\/\/brasilnoticias.org\/site\/wp-content\/uploads\/2024\/03\/147135areas-verdes-a-forca-da-grana-que-destroi-coisas-belas-3.jpg\",\"contentUrl\":\"https:\/\/brasilnoticias.org\/site\/wp-content\/uploads\/2024\/03\/147135areas-verdes-a-forca-da-grana-que-destroi-coisas-belas-3.jpg\",\"width\":1600,\"height\":752},{\"@type\":\"BreadcrumbList\",\"@id\":\"https:\/\/brasilnoticias.org\/site\/areas-verdes-a-forca-da-grana-que-destroi-coisas-belas\/#breadcrumb\",\"itemListElement\":[{\"@type\":\"ListItem\",\"position\":1,\"name\":\"In\u00edcio\",\"item\":\"https:\/\/brasilnoticias.org\/site\/\"},{\"@type\":\"ListItem\",\"position\":2,\"name\":\"\u00c1reas verdes: A for\u00e7a da grana que destr\u00f3i coisas belas\"}]},{\"@type\":\"WebSite\",\"@id\":\"https:\/\/brasilnoticias.org\/site\/#website\",\"url\":\"https:\/\/brasilnoticias.org\/site\/\",\"name\":\"Brasil not\u00edcias\",\"description\":\"Brasil not\u00edcias\",\"publisher\":{\"@id\":\"https:\/\/brasilnoticias.org\/site\/#organization\"},\"potentialAction\":[{\"@type\":\"SearchAction\",\"target\":{\"@type\":\"EntryPoint\",\"urlTemplate\":\"https:\/\/brasilnoticias.org\/site\/?s={search_term_string}\"},\"query-input\":{\"@type\":\"PropertyValueSpecification\",\"valueRequired\":true,\"valueName\":\"search_term_string\"}}],\"inLanguage\":\"pt-PT\"},{\"@type\":\"Organization\",\"@id\":\"https:\/\/brasilnoticias.org\/site\/#organization\",\"name\":\"Brasil not\u00edcias\",\"url\":\"https:\/\/brasilnoticias.org\/site\/\",\"logo\":{\"@type\":\"ImageObject\",\"inLanguage\":\"pt-PT\",\"@id\":\"https:\/\/brasilnoticias.org\/site\/#\/schema\/logo\/image\/\",\"url\":\"https:\/\/brasilnoticias.org\/site\/wp-content\/uploads\/2022\/05\/cropped-brasilnoticias-mini.jpg\",\"contentUrl\":\"https:\/\/brasilnoticias.org\/site\/wp-content\/uploads\/2022\/05\/cropped-brasilnoticias-mini.jpg\",\"width\":314,\"height\":86,\"caption\":\"Brasil not\u00edcias\"},\"image\":{\"@id\":\"https:\/\/brasilnoticias.org\/site\/#\/schema\/logo\/image\/\"}},{\"@type\":\"Person\",\"@id\":\"https:\/\/brasilnoticias.org\/site\/#\/schema\/person\/03bbbfe6c7634ad18c26444ea39049fa\",\"name\":\"Reda\u00e7\u00e3o\",\"image\":{\"@type\":\"ImageObject\",\"inLanguage\":\"pt-PT\",\"@id\":\"https:\/\/brasilnoticias.org\/site\/#\/schema\/person\/image\/\",\"url\":\"https:\/\/secure.gravatar.com\/avatar\/9ecaf7327a696cb23ad926fedded5f1f04d7049de9e445375d55b48c001a6e42?s=96&d=mm&r=g\",\"contentUrl\":\"https:\/\/secure.gravatar.com\/avatar\/9ecaf7327a696cb23ad926fedded5f1f04d7049de9e445375d55b48c001a6e42?s=96&d=mm&r=g\",\"caption\":\"Reda\u00e7\u00e3o\"},\"url\":\"https:\/\/brasilnoticias.org\/site\/author\/henrique\/\"}]}<\/script>\n<!-- \/ Yoast SEO plugin. -->","yoast_head_json":{"title":"\u00c1reas verdes: A for\u00e7a da grana que destr\u00f3i coisas belas - Brasil not\u00edcias","robots":{"index":"index","follow":"follow","max-snippet":"max-snippet:-1","max-image-preview":"max-image-preview:large","max-video-preview":"max-video-preview:-1"},"canonical":"https:\/\/brasilnoticias.org\/site\/areas-verdes-a-forca-da-grana-que-destroi-coisas-belas\/","og_locale":"pt_PT","og_type":"article","og_title":"\u00c1reas verdes: A for\u00e7a da grana que destr\u00f3i coisas belas - Brasil not\u00edcias","og_description":"Venda de patrim\u00f4nio ambiental pela prefeitura de Salvador exp\u00f5e o atropelo de leis em favor da especula\u00e7\u00e3o imobili\u00e1ria Em iniciativa","og_url":"https:\/\/brasilnoticias.org\/site\/areas-verdes-a-forca-da-grana-que-destroi-coisas-belas\/","og_site_name":"Brasil not\u00edcias","article_published_time":"2024-03-08T22:32:59+00:00","og_image":[{"width":1600,"height":752,"url":"https:\/\/brasilnoticias.org\/site\/wp-content\/uploads\/2024\/03\/147135areas-verdes-a-forca-da-grana-que-destroi-coisas-belas-3.jpg","type":"image\/jpeg"}],"author":"Reda\u00e7\u00e3o","twitter_card":"summary_large_image","twitter_misc":{"Escrito por":"Reda\u00e7\u00e3o"},"schema":{"@context":"https:\/\/schema.org","@graph":[{"@type":"Article","@id":"https:\/\/brasilnoticias.org\/site\/areas-verdes-a-forca-da-grana-que-destroi-coisas-belas\/#article","isPartOf":{"@id":"https:\/\/brasilnoticias.org\/site\/areas-verdes-a-forca-da-grana-que-destroi-coisas-belas\/"},"author":{"name":"Reda\u00e7\u00e3o","@id":"https:\/\/brasilnoticias.org\/site\/#\/schema\/person\/03bbbfe6c7634ad18c26444ea39049fa"},"headline":"\u00c1reas verdes: A for\u00e7a da grana que destr\u00f3i coisas belas","datePublished":"2024-03-08T22:32:59+00:00","mainEntityOfPage":{"@id":"https:\/\/brasilnoticias.org\/site\/areas-verdes-a-forca-da-grana-que-destroi-coisas-belas\/"},"wordCount":978,"commentCount":0,"publisher":{"@id":"https:\/\/brasilnoticias.org\/site\/#organization"},"image":{"@id":"https:\/\/brasilnoticias.org\/site\/areas-verdes-a-forca-da-grana-que-destroi-coisas-belas\/#primaryimage"},"thumbnailUrl":"https:\/\/brasilnoticias.org\/site\/wp-content\/uploads\/2024\/03\/147135areas-verdes-a-forca-da-grana-que-destroi-coisas-belas-3.jpg","articleSection":["Not\u00edcias","\u00daltimas"],"inLanguage":"pt-PT","potentialAction":[{"@type":"CommentAction","name":"Comment","target":["https:\/\/brasilnoticias.org\/site\/areas-verdes-a-forca-da-grana-que-destroi-coisas-belas\/#respond"]}]},{"@type":"WebPage","@id":"https:\/\/brasilnoticias.org\/site\/areas-verdes-a-forca-da-grana-que-destroi-coisas-belas\/","url":"https:\/\/brasilnoticias.org\/site\/areas-verdes-a-forca-da-grana-que-destroi-coisas-belas\/","name":"\u00c1reas verdes: A for\u00e7a da grana que destr\u00f3i coisas belas - Brasil not\u00edcias","isPartOf":{"@id":"https:\/\/brasilnoticias.org\/site\/#website"},"primaryImageOfPage":{"@id":"https:\/\/brasilnoticias.org\/site\/areas-verdes-a-forca-da-grana-que-destroi-coisas-belas\/#primaryimage"},"image":{"@id":"https:\/\/brasilnoticias.org\/site\/areas-verdes-a-forca-da-grana-que-destroi-coisas-belas\/#primaryimage"},"thumbnailUrl":"https:\/\/brasilnoticias.org\/site\/wp-content\/uploads\/2024\/03\/147135areas-verdes-a-forca-da-grana-que-destroi-coisas-belas-3.jpg","datePublished":"2024-03-08T22:32:59+00:00","breadcrumb":{"@id":"https:\/\/brasilnoticias.org\/site\/areas-verdes-a-forca-da-grana-que-destroi-coisas-belas\/#breadcrumb"},"inLanguage":"pt-PT","potentialAction":[{"@type":"ReadAction","target":["https:\/\/brasilnoticias.org\/site\/areas-verdes-a-forca-da-grana-que-destroi-coisas-belas\/"]}]},{"@type":"ImageObject","inLanguage":"pt-PT","@id":"https:\/\/brasilnoticias.org\/site\/areas-verdes-a-forca-da-grana-que-destroi-coisas-belas\/#primaryimage","url":"https:\/\/brasilnoticias.org\/site\/wp-content\/uploads\/2024\/03\/147135areas-verdes-a-forca-da-grana-que-destroi-coisas-belas-3.jpg","contentUrl":"https:\/\/brasilnoticias.org\/site\/wp-content\/uploads\/2024\/03\/147135areas-verdes-a-forca-da-grana-que-destroi-coisas-belas-3.jpg","width":1600,"height":752},{"@type":"BreadcrumbList","@id":"https:\/\/brasilnoticias.org\/site\/areas-verdes-a-forca-da-grana-que-destroi-coisas-belas\/#breadcrumb","itemListElement":[{"@type":"ListItem","position":1,"name":"In\u00edcio","item":"https:\/\/brasilnoticias.org\/site\/"},{"@type":"ListItem","position":2,"name":"\u00c1reas verdes: A for\u00e7a da grana que destr\u00f3i coisas belas"}]},{"@type":"WebSite","@id":"https:\/\/brasilnoticias.org\/site\/#website","url":"https:\/\/brasilnoticias.org\/site\/","name":"Brasil not\u00edcias","description":"Brasil not\u00edcias","publisher":{"@id":"https:\/\/brasilnoticias.org\/site\/#organization"},"potentialAction":[{"@type":"SearchAction","target":{"@type":"EntryPoint","urlTemplate":"https:\/\/brasilnoticias.org\/site\/?s={search_term_string}"},"query-input":{"@type":"PropertyValueSpecification","valueRequired":true,"valueName":"search_term_string"}}],"inLanguage":"pt-PT"},{"@type":"Organization","@id":"https:\/\/brasilnoticias.org\/site\/#organization","name":"Brasil not\u00edcias","url":"https:\/\/brasilnoticias.org\/site\/","logo":{"@type":"ImageObject","inLanguage":"pt-PT","@id":"https:\/\/brasilnoticias.org\/site\/#\/schema\/logo\/image\/","url":"https:\/\/brasilnoticias.org\/site\/wp-content\/uploads\/2022\/05\/cropped-brasilnoticias-mini.jpg","contentUrl":"https:\/\/brasilnoticias.org\/site\/wp-content\/uploads\/2022\/05\/cropped-brasilnoticias-mini.jpg","width":314,"height":86,"caption":"Brasil not\u00edcias"},"image":{"@id":"https:\/\/brasilnoticias.org\/site\/#\/schema\/logo\/image\/"}},{"@type":"Person","@id":"https:\/\/brasilnoticias.org\/site\/#\/schema\/person\/03bbbfe6c7634ad18c26444ea39049fa","name":"Reda\u00e7\u00e3o","image":{"@type":"ImageObject","inLanguage":"pt-PT","@id":"https:\/\/brasilnoticias.org\/site\/#\/schema\/person\/image\/","url":"https:\/\/secure.gravatar.com\/avatar\/9ecaf7327a696cb23ad926fedded5f1f04d7049de9e445375d55b48c001a6e42?s=96&d=mm&r=g","contentUrl":"https:\/\/secure.gravatar.com\/avatar\/9ecaf7327a696cb23ad926fedded5f1f04d7049de9e445375d55b48c001a6e42?s=96&d=mm&r=g","caption":"Reda\u00e7\u00e3o"},"url":"https:\/\/brasilnoticias.org\/site\/author\/henrique\/"}]}},"_links":{"self":[{"href":"https:\/\/brasilnoticias.org\/site\/wp-json\/wp\/v2\/posts\/13027","targetHints":{"allow":["GET"]}}],"collection":[{"href":"https:\/\/brasilnoticias.org\/site\/wp-json\/wp\/v2\/posts"}],"about":[{"href":"https:\/\/brasilnoticias.org\/site\/wp-json\/wp\/v2\/types\/post"}],"author":[{"embeddable":true,"href":"https:\/\/brasilnoticias.org\/site\/wp-json\/wp\/v2\/users\/4"}],"replies":[{"embeddable":true,"href":"https:\/\/brasilnoticias.org\/site\/wp-json\/wp\/v2\/comments?post=13027"}],"version-history":[{"count":1,"href":"https:\/\/brasilnoticias.org\/site\/wp-json\/wp\/v2\/posts\/13027\/revisions"}],"predecessor-version":[{"id":13029,"href":"https:\/\/brasilnoticias.org\/site\/wp-json\/wp\/v2\/posts\/13027\/revisions\/13029"}],"wp:featuredmedia":[{"embeddable":true,"href":"https:\/\/brasilnoticias.org\/site\/wp-json\/wp\/v2\/media\/13028"}],"wp:attachment":[{"href":"https:\/\/brasilnoticias.org\/site\/wp-json\/wp\/v2\/media?parent=13027"}],"wp:term":[{"taxonomy":"category","embeddable":true,"href":"https:\/\/brasilnoticias.org\/site\/wp-json\/wp\/v2\/categories?post=13027"},{"taxonomy":"post_tag","embeddable":true,"href":"https:\/\/brasilnoticias.org\/site\/wp-json\/wp\/v2\/tags?post=13027"}],"curies":[{"name":"wp","href":"https:\/\/api.w.org\/{rel}","templated":true}]}}