{"id":13030,"date":"2024-03-08T19:42:33","date_gmt":"2024-03-08T22:42:33","guid":{"rendered":"https:\/\/brasilnoticias.org\/site\/?p=13030"},"modified":"2024-03-08T19:42:33","modified_gmt":"2024-03-08T22:42:33","slug":"morre-filha-do-cantor-tatau-esse-e-meu-momento-de-dor-lamenta-artista","status":"publish","type":"post","link":"https:\/\/brasilnoticias.org\/site\/morre-filha-do-cantor-tatau-esse-e-meu-momento-de-dor-lamenta-artista\/","title":{"rendered":"Morre filha do cantor Tatau: &#8220;esse \u00e9 meu momento de dor&#8221;, lamenta artista"},"content":{"rendered":"<p>Segundo a assessoria do artista, Tamilis tratava um c\u00e2ncer<\/p>\n<p>O cantor baiano, Tatau, informou atrav\u00e9s das redes sociais a morte da filha Tamilis Dorea. O artista publicou uma foto com a filha lamentando o ocorrido. &#8220;Descanse em paz, minha filha! Sempre vou te amar! &#x2665;&#xfe0f;&#8221;, escreveu.<\/p>\n<p>Segundo a assessoria do artista, Tamilis tratava um c\u00e2ncer. Nas redes sociais, Tatau informou que &#8220;os \u00faltimos meses foram dif\u00edceis&#8221;. &#8220;S\u00e3o meses subindo no palco, no trio, no avi\u00e3o, viajando de \u00f4nibus sem deixar transparecer minhas batalhas internas. A m\u00fasica \u00e9 meu alimento, ela me d\u00e1 for\u00e7a, mas nem sempre a gente consegue ser forte o tempo todo e hoje o guerreiro sentiu o golpe. Esse \u00e9 meu momento de dor&#8221;, lamentou.<\/p>\n<p>Na publica\u00e7\u00e3o, o baiano falou sobre a personalidade da filha. &#8220;Tamilis, sempre foi uma garota\/mulher muito turrona, cabe\u00e7a dura e que me dava muito trabalho, mas o seu sorriso abria qualquer fechadura, era cativante! Comigo sempre muito carinhosa, amorosa e uma filha que amava ser m\u00e3e, ela me deu minha primeira neta e me mostrou uma outra forma de enxergar o amor&#8221;. O sepultamento acontecer\u00e1 nesta sexta, \u00e0s 16h30, no cemit\u00e9rio Campo Santo.<\/p>\n<p>Foto: Reprodu\u00e7\u00e3o\/Redes sociais<br \/>\nPor: Metro1<\/p>\n","protected":false},"excerpt":{"rendered":"<p>Segundo a assessoria do artista, Tamilis tratava um c\u00e2ncer O cantor baiano, Tatau, informou atrav\u00e9s das redes sociais a morte<\/p>\n","protected":false},"author":4,"featured_media":13031,"comment_status":"open","ping_status":"open","sticky":false,"template":"","format":"standard","meta":{"colormag_page_container_layout":"default_layout","colormag_page_sidebar_layout":"default_layout","_FSMCFIC_featured_image_caption":"","_FSMCFIC_featured_image_nocaption":"","_FSMCFIC_featured_image_hide":"","footnotes":""},"categories":[2,1],"tags":[],"class_list":["post-13030","post","type-post","status-publish","format-standard","has-post-thumbnail","hentry","category-noticias","category-ultimas"],"yoast_head":"<!-- This site is optimized with the Yoast SEO plugin v27.1.1 - https:\/\/yoast.com\/product\/yoast-seo-wordpress\/ -->\n<title>Morre filha do cantor Tatau: &quot;esse \u00e9 meu momento de dor&quot;, lamenta artista - Brasil not\u00edcias<\/title>\n<meta name=\"robots\" content=\"index, follow, max-snippet:-1, max-image-preview:large, max-video-preview:-1\" \/>\n<link rel=\"canonical\" href=\"https:\/\/brasilnoticias.org\/site\/morre-filha-do-cantor-tatau-esse-e-meu-momento-de-dor-lamenta-artista\/\" \/>\n<meta property=\"og:locale\" content=\"pt_PT\" \/>\n<meta property=\"og:type\" content=\"article\" \/>\n<meta property=\"og:title\" content=\"Morre filha do cantor Tatau: &quot;esse \u00e9 meu momento de dor&quot;, lamenta artista - Brasil not\u00edcias\" \/>\n<meta property=\"og:description\" content=\"Segundo a assessoria do artista, Tamilis tratava um c\u00e2ncer O cantor baiano, Tatau, informou atrav\u00e9s das redes sociais a morte\" \/>\n<meta property=\"og:url\" content=\"https:\/\/brasilnoticias.org\/site\/morre-filha-do-cantor-tatau-esse-e-meu-momento-de-dor-lamenta-artista\/\" \/>\n<meta property=\"og:site_name\" content=\"Brasil not\u00edcias\" \/>\n<meta property=\"article:published_time\" content=\"2024-03-08T22:42:33+00:00\" \/>\n<meta property=\"og:image\" content=\"https:\/\/brasilnoticias.org\/site\/wp-content\/uploads\/2024\/03\/147126morre-filha-do-cantor-tatau-esse-e-meu-momento-de-dor-lamenta-artista-3.jpg\" \/>\n\t<meta property=\"og:image:width\" content=\"1600\" \/>\n\t<meta property=\"og:image:height\" content=\"752\" \/>\n\t<meta property=\"og:image:type\" content=\"image\/jpeg\" \/>\n<meta name=\"author\" content=\"Reda\u00e7\u00e3o\" \/>\n<meta name=\"twitter:card\" content=\"summary_large_image\" \/>\n<meta name=\"twitter:label1\" content=\"Escrito por\" \/>\n\t<meta name=\"twitter:data1\" content=\"Reda\u00e7\u00e3o\" \/>\n\t<meta name=\"twitter:label2\" content=\"Tempo estimado de leitura\" \/>\n\t<meta name=\"twitter:data2\" content=\"1 minuto\" \/>\n<script type=\"application\/ld+json\" class=\"yoast-schema-graph\">{\"@context\":\"https:\/\/schema.org\",\"@graph\":[{\"@type\":\"Article\",\"@id\":\"https:\/\/brasilnoticias.org\/site\/morre-filha-do-cantor-tatau-esse-e-meu-momento-de-dor-lamenta-artista\/#article\",\"isPartOf\":{\"@id\":\"https:\/\/brasilnoticias.org\/site\/morre-filha-do-cantor-tatau-esse-e-meu-momento-de-dor-lamenta-artista\/\"},\"author\":{\"name\":\"Reda\u00e7\u00e3o\",\"@id\":\"https:\/\/brasilnoticias.org\/site\/#\/schema\/person\/03bbbfe6c7634ad18c26444ea39049fa\"},\"headline\":\"Morre filha do cantor Tatau: &#8220;esse \u00e9 meu momento de dor&#8221;, lamenta artista\",\"datePublished\":\"2024-03-08T22:42:33+00:00\",\"mainEntityOfPage\":{\"@id\":\"https:\/\/brasilnoticias.org\/site\/morre-filha-do-cantor-tatau-esse-e-meu-momento-de-dor-lamenta-artista\/\"},\"wordCount\":223,\"commentCount\":0,\"publisher\":{\"@id\":\"https:\/\/brasilnoticias.org\/site\/#organization\"},\"image\":{\"@id\":\"https:\/\/brasilnoticias.org\/site\/morre-filha-do-cantor-tatau-esse-e-meu-momento-de-dor-lamenta-artista\/#primaryimage\"},\"thumbnailUrl\":\"https:\/\/brasilnoticias.org\/site\/wp-content\/uploads\/2024\/03\/147126morre-filha-do-cantor-tatau-esse-e-meu-momento-de-dor-lamenta-artista-3.jpg\",\"articleSection\":[\"Not\u00edcias\",\"\u00daltimas\"],\"inLanguage\":\"pt-PT\",\"potentialAction\":[{\"@type\":\"CommentAction\",\"name\":\"Comment\",\"target\":[\"https:\/\/brasilnoticias.org\/site\/morre-filha-do-cantor-tatau-esse-e-meu-momento-de-dor-lamenta-artista\/#respond\"]}]},{\"@type\":\"WebPage\",\"@id\":\"https:\/\/brasilnoticias.org\/site\/morre-filha-do-cantor-tatau-esse-e-meu-momento-de-dor-lamenta-artista\/\",\"url\":\"https:\/\/brasilnoticias.org\/site\/morre-filha-do-cantor-tatau-esse-e-meu-momento-de-dor-lamenta-artista\/\",\"name\":\"Morre filha do cantor Tatau: \\\"esse \u00e9 meu momento de dor\\\", lamenta artista - Brasil not\u00edcias\",\"isPartOf\":{\"@id\":\"https:\/\/brasilnoticias.org\/site\/#website\"},\"primaryImageOfPage\":{\"@id\":\"https:\/\/brasilnoticias.org\/site\/morre-filha-do-cantor-tatau-esse-e-meu-momento-de-dor-lamenta-artista\/#primaryimage\"},\"image\":{\"@id\":\"https:\/\/brasilnoticias.org\/site\/morre-filha-do-cantor-tatau-esse-e-meu-momento-de-dor-lamenta-artista\/#primaryimage\"},\"thumbnailUrl\":\"https:\/\/brasilnoticias.org\/site\/wp-content\/uploads\/2024\/03\/147126morre-filha-do-cantor-tatau-esse-e-meu-momento-de-dor-lamenta-artista-3.jpg\",\"datePublished\":\"2024-03-08T22:42:33+00:00\",\"breadcrumb\":{\"@id\":\"https:\/\/brasilnoticias.org\/site\/morre-filha-do-cantor-tatau-esse-e-meu-momento-de-dor-lamenta-artista\/#breadcrumb\"},\"inLanguage\":\"pt-PT\",\"potentialAction\":[{\"@type\":\"ReadAction\",\"target\":[\"https:\/\/brasilnoticias.org\/site\/morre-filha-do-cantor-tatau-esse-e-meu-momento-de-dor-lamenta-artista\/\"]}]},{\"@type\":\"ImageObject\",\"inLanguage\":\"pt-PT\",\"@id\":\"https:\/\/brasilnoticias.org\/site\/morre-filha-do-cantor-tatau-esse-e-meu-momento-de-dor-lamenta-artista\/#primaryimage\",\"url\":\"https:\/\/brasilnoticias.org\/site\/wp-content\/uploads\/2024\/03\/147126morre-filha-do-cantor-tatau-esse-e-meu-momento-de-dor-lamenta-artista-3.jpg\",\"contentUrl\":\"https:\/\/brasilnoticias.org\/site\/wp-content\/uploads\/2024\/03\/147126morre-filha-do-cantor-tatau-esse-e-meu-momento-de-dor-lamenta-artista-3.jpg\",\"width\":1600,\"height\":752},{\"@type\":\"BreadcrumbList\",\"@id\":\"https:\/\/brasilnoticias.org\/site\/morre-filha-do-cantor-tatau-esse-e-meu-momento-de-dor-lamenta-artista\/#breadcrumb\",\"itemListElement\":[{\"@type\":\"ListItem\",\"position\":1,\"name\":\"In\u00edcio\",\"item\":\"https:\/\/brasilnoticias.org\/site\/\"},{\"@type\":\"ListItem\",\"position\":2,\"name\":\"Morre filha do cantor Tatau: &#8220;esse \u00e9 meu momento de dor&#8221;, lamenta artista\"}]},{\"@type\":\"WebSite\",\"@id\":\"https:\/\/brasilnoticias.org\/site\/#website\",\"url\":\"https:\/\/brasilnoticias.org\/site\/\",\"name\":\"Brasil not\u00edcias\",\"description\":\"Brasil not\u00edcias\",\"publisher\":{\"@id\":\"https:\/\/brasilnoticias.org\/site\/#organization\"},\"potentialAction\":[{\"@type\":\"SearchAction\",\"target\":{\"@type\":\"EntryPoint\",\"urlTemplate\":\"https:\/\/brasilnoticias.org\/site\/?s={search_term_string}\"},\"query-input\":{\"@type\":\"PropertyValueSpecification\",\"valueRequired\":true,\"valueName\":\"search_term_string\"}}],\"inLanguage\":\"pt-PT\"},{\"@type\":\"Organization\",\"@id\":\"https:\/\/brasilnoticias.org\/site\/#organization\",\"name\":\"Brasil not\u00edcias\",\"url\":\"https:\/\/brasilnoticias.org\/site\/\",\"logo\":{\"@type\":\"ImageObject\",\"inLanguage\":\"pt-PT\",\"@id\":\"https:\/\/brasilnoticias.org\/site\/#\/schema\/logo\/image\/\",\"url\":\"https:\/\/brasilnoticias.org\/site\/wp-content\/uploads\/2022\/05\/cropped-brasilnoticias-mini.jpg\",\"contentUrl\":\"https:\/\/brasilnoticias.org\/site\/wp-content\/uploads\/2022\/05\/cropped-brasilnoticias-mini.jpg\",\"width\":314,\"height\":86,\"caption\":\"Brasil not\u00edcias\"},\"image\":{\"@id\":\"https:\/\/brasilnoticias.org\/site\/#\/schema\/logo\/image\/\"}},{\"@type\":\"Person\",\"@id\":\"https:\/\/brasilnoticias.org\/site\/#\/schema\/person\/03bbbfe6c7634ad18c26444ea39049fa\",\"name\":\"Reda\u00e7\u00e3o\",\"image\":{\"@type\":\"ImageObject\",\"inLanguage\":\"pt-PT\",\"@id\":\"https:\/\/brasilnoticias.org\/site\/#\/schema\/person\/image\/\",\"url\":\"https:\/\/secure.gravatar.com\/avatar\/9ecaf7327a696cb23ad926fedded5f1f04d7049de9e445375d55b48c001a6e42?s=96&d=mm&r=g\",\"contentUrl\":\"https:\/\/secure.gravatar.com\/avatar\/9ecaf7327a696cb23ad926fedded5f1f04d7049de9e445375d55b48c001a6e42?s=96&d=mm&r=g\",\"caption\":\"Reda\u00e7\u00e3o\"},\"url\":\"https:\/\/brasilnoticias.org\/site\/author\/henrique\/\"}]}<\/script>\n<!-- \/ Yoast SEO plugin. -->","yoast_head_json":{"title":"Morre filha do cantor Tatau: \"esse \u00e9 meu momento de dor\", lamenta artista - Brasil not\u00edcias","robots":{"index":"index","follow":"follow","max-snippet":"max-snippet:-1","max-image-preview":"max-image-preview:large","max-video-preview":"max-video-preview:-1"},"canonical":"https:\/\/brasilnoticias.org\/site\/morre-filha-do-cantor-tatau-esse-e-meu-momento-de-dor-lamenta-artista\/","og_locale":"pt_PT","og_type":"article","og_title":"Morre filha do cantor Tatau: \"esse \u00e9 meu momento de dor\", lamenta artista - Brasil not\u00edcias","og_description":"Segundo a assessoria do artista, Tamilis tratava um c\u00e2ncer O cantor baiano, Tatau, informou atrav\u00e9s das redes sociais a morte","og_url":"https:\/\/brasilnoticias.org\/site\/morre-filha-do-cantor-tatau-esse-e-meu-momento-de-dor-lamenta-artista\/","og_site_name":"Brasil not\u00edcias","article_published_time":"2024-03-08T22:42:33+00:00","og_image":[{"width":1600,"height":752,"url":"https:\/\/brasilnoticias.org\/site\/wp-content\/uploads\/2024\/03\/147126morre-filha-do-cantor-tatau-esse-e-meu-momento-de-dor-lamenta-artista-3.jpg","type":"image\/jpeg"}],"author":"Reda\u00e7\u00e3o","twitter_card":"summary_large_image","twitter_misc":{"Escrito por":"Reda\u00e7\u00e3o","Tempo estimado de leitura":"1 minuto"},"schema":{"@context":"https:\/\/schema.org","@graph":[{"@type":"Article","@id":"https:\/\/brasilnoticias.org\/site\/morre-filha-do-cantor-tatau-esse-e-meu-momento-de-dor-lamenta-artista\/#article","isPartOf":{"@id":"https:\/\/brasilnoticias.org\/site\/morre-filha-do-cantor-tatau-esse-e-meu-momento-de-dor-lamenta-artista\/"},"author":{"name":"Reda\u00e7\u00e3o","@id":"https:\/\/brasilnoticias.org\/site\/#\/schema\/person\/03bbbfe6c7634ad18c26444ea39049fa"},"headline":"Morre filha do cantor Tatau: &#8220;esse \u00e9 meu momento de dor&#8221;, lamenta artista","datePublished":"2024-03-08T22:42:33+00:00","mainEntityOfPage":{"@id":"https:\/\/brasilnoticias.org\/site\/morre-filha-do-cantor-tatau-esse-e-meu-momento-de-dor-lamenta-artista\/"},"wordCount":223,"commentCount":0,"publisher":{"@id":"https:\/\/brasilnoticias.org\/site\/#organization"},"image":{"@id":"https:\/\/brasilnoticias.org\/site\/morre-filha-do-cantor-tatau-esse-e-meu-momento-de-dor-lamenta-artista\/#primaryimage"},"thumbnailUrl":"https:\/\/brasilnoticias.org\/site\/wp-content\/uploads\/2024\/03\/147126morre-filha-do-cantor-tatau-esse-e-meu-momento-de-dor-lamenta-artista-3.jpg","articleSection":["Not\u00edcias","\u00daltimas"],"inLanguage":"pt-PT","potentialAction":[{"@type":"CommentAction","name":"Comment","target":["https:\/\/brasilnoticias.org\/site\/morre-filha-do-cantor-tatau-esse-e-meu-momento-de-dor-lamenta-artista\/#respond"]}]},{"@type":"WebPage","@id":"https:\/\/brasilnoticias.org\/site\/morre-filha-do-cantor-tatau-esse-e-meu-momento-de-dor-lamenta-artista\/","url":"https:\/\/brasilnoticias.org\/site\/morre-filha-do-cantor-tatau-esse-e-meu-momento-de-dor-lamenta-artista\/","name":"Morre filha do cantor Tatau: \"esse \u00e9 meu momento de dor\", lamenta artista - Brasil not\u00edcias","isPartOf":{"@id":"https:\/\/brasilnoticias.org\/site\/#website"},"primaryImageOfPage":{"@id":"https:\/\/brasilnoticias.org\/site\/morre-filha-do-cantor-tatau-esse-e-meu-momento-de-dor-lamenta-artista\/#primaryimage"},"image":{"@id":"https:\/\/brasilnoticias.org\/site\/morre-filha-do-cantor-tatau-esse-e-meu-momento-de-dor-lamenta-artista\/#primaryimage"},"thumbnailUrl":"https:\/\/brasilnoticias.org\/site\/wp-content\/uploads\/2024\/03\/147126morre-filha-do-cantor-tatau-esse-e-meu-momento-de-dor-lamenta-artista-3.jpg","datePublished":"2024-03-08T22:42:33+00:00","breadcrumb":{"@id":"https:\/\/brasilnoticias.org\/site\/morre-filha-do-cantor-tatau-esse-e-meu-momento-de-dor-lamenta-artista\/#breadcrumb"},"inLanguage":"pt-PT","potentialAction":[{"@type":"ReadAction","target":["https:\/\/brasilnoticias.org\/site\/morre-filha-do-cantor-tatau-esse-e-meu-momento-de-dor-lamenta-artista\/"]}]},{"@type":"ImageObject","inLanguage":"pt-PT","@id":"https:\/\/brasilnoticias.org\/site\/morre-filha-do-cantor-tatau-esse-e-meu-momento-de-dor-lamenta-artista\/#primaryimage","url":"https:\/\/brasilnoticias.org\/site\/wp-content\/uploads\/2024\/03\/147126morre-filha-do-cantor-tatau-esse-e-meu-momento-de-dor-lamenta-artista-3.jpg","contentUrl":"https:\/\/brasilnoticias.org\/site\/wp-content\/uploads\/2024\/03\/147126morre-filha-do-cantor-tatau-esse-e-meu-momento-de-dor-lamenta-artista-3.jpg","width":1600,"height":752},{"@type":"BreadcrumbList","@id":"https:\/\/brasilnoticias.org\/site\/morre-filha-do-cantor-tatau-esse-e-meu-momento-de-dor-lamenta-artista\/#breadcrumb","itemListElement":[{"@type":"ListItem","position":1,"name":"In\u00edcio","item":"https:\/\/brasilnoticias.org\/site\/"},{"@type":"ListItem","position":2,"name":"Morre filha do cantor Tatau: &#8220;esse \u00e9 meu momento de dor&#8221;, lamenta artista"}]},{"@type":"WebSite","@id":"https:\/\/brasilnoticias.org\/site\/#website","url":"https:\/\/brasilnoticias.org\/site\/","name":"Brasil not\u00edcias","description":"Brasil not\u00edcias","publisher":{"@id":"https:\/\/brasilnoticias.org\/site\/#organization"},"potentialAction":[{"@type":"SearchAction","target":{"@type":"EntryPoint","urlTemplate":"https:\/\/brasilnoticias.org\/site\/?s={search_term_string}"},"query-input":{"@type":"PropertyValueSpecification","valueRequired":true,"valueName":"search_term_string"}}],"inLanguage":"pt-PT"},{"@type":"Organization","@id":"https:\/\/brasilnoticias.org\/site\/#organization","name":"Brasil not\u00edcias","url":"https:\/\/brasilnoticias.org\/site\/","logo":{"@type":"ImageObject","inLanguage":"pt-PT","@id":"https:\/\/brasilnoticias.org\/site\/#\/schema\/logo\/image\/","url":"https:\/\/brasilnoticias.org\/site\/wp-content\/uploads\/2022\/05\/cropped-brasilnoticias-mini.jpg","contentUrl":"https:\/\/brasilnoticias.org\/site\/wp-content\/uploads\/2022\/05\/cropped-brasilnoticias-mini.jpg","width":314,"height":86,"caption":"Brasil not\u00edcias"},"image":{"@id":"https:\/\/brasilnoticias.org\/site\/#\/schema\/logo\/image\/"}},{"@type":"Person","@id":"https:\/\/brasilnoticias.org\/site\/#\/schema\/person\/03bbbfe6c7634ad18c26444ea39049fa","name":"Reda\u00e7\u00e3o","image":{"@type":"ImageObject","inLanguage":"pt-PT","@id":"https:\/\/brasilnoticias.org\/site\/#\/schema\/person\/image\/","url":"https:\/\/secure.gravatar.com\/avatar\/9ecaf7327a696cb23ad926fedded5f1f04d7049de9e445375d55b48c001a6e42?s=96&d=mm&r=g","contentUrl":"https:\/\/secure.gravatar.com\/avatar\/9ecaf7327a696cb23ad926fedded5f1f04d7049de9e445375d55b48c001a6e42?s=96&d=mm&r=g","caption":"Reda\u00e7\u00e3o"},"url":"https:\/\/brasilnoticias.org\/site\/author\/henrique\/"}]}},"_links":{"self":[{"href":"https:\/\/brasilnoticias.org\/site\/wp-json\/wp\/v2\/posts\/13030","targetHints":{"allow":["GET"]}}],"collection":[{"href":"https:\/\/brasilnoticias.org\/site\/wp-json\/wp\/v2\/posts"}],"about":[{"href":"https:\/\/brasilnoticias.org\/site\/wp-json\/wp\/v2\/types\/post"}],"author":[{"embeddable":true,"href":"https:\/\/brasilnoticias.org\/site\/wp-json\/wp\/v2\/users\/4"}],"replies":[{"embeddable":true,"href":"https:\/\/brasilnoticias.org\/site\/wp-json\/wp\/v2\/comments?post=13030"}],"version-history":[{"count":1,"href":"https:\/\/brasilnoticias.org\/site\/wp-json\/wp\/v2\/posts\/13030\/revisions"}],"predecessor-version":[{"id":13032,"href":"https:\/\/brasilnoticias.org\/site\/wp-json\/wp\/v2\/posts\/13030\/revisions\/13032"}],"wp:featuredmedia":[{"embeddable":true,"href":"https:\/\/brasilnoticias.org\/site\/wp-json\/wp\/v2\/media\/13031"}],"wp:attachment":[{"href":"https:\/\/brasilnoticias.org\/site\/wp-json\/wp\/v2\/media?parent=13030"}],"wp:term":[{"taxonomy":"category","embeddable":true,"href":"https:\/\/brasilnoticias.org\/site\/wp-json\/wp\/v2\/categories?post=13030"},{"taxonomy":"post_tag","embeddable":true,"href":"https:\/\/brasilnoticias.org\/site\/wp-json\/wp\/v2\/tags?post=13030"}],"curies":[{"name":"wp","href":"https:\/\/api.w.org\/{rel}","templated":true}]}}