{"id":1304,"date":"2022-09-01T13:40:32","date_gmt":"2022-09-01T16:40:32","guid":{"rendered":"https:\/\/brasilnoticias.org\/site\/?p=1304"},"modified":"2022-09-01T13:40:32","modified_gmt":"2022-09-01T16:40:32","slug":"lojas-do-hiperideal-sao-acionadas-pelo-mp-na-justica-por-problemas-sanitarios","status":"publish","type":"post","link":"https:\/\/brasilnoticias.org\/site\/lojas-do-hiperideal-sao-acionadas-pelo-mp-na-justica-por-problemas-sanitarios\/","title":{"rendered":"Lojas do Hiperideal s\u00e3o acionadas pelo MP na Justi\u00e7a por problemas sanit\u00e1rios"},"content":{"rendered":"<p>A promotora de Justi\u00e7a\u00a0<a href=\"https:\/\/www.bnews.com.br\/tags\/joseane-suzart\" target=\"_blank\" rel=\"noopener\">Joseane Suzart<\/a>\u00a0do\u00a0<a href=\"https:\/\/www.bnews.com.br\/tags\/ministerio-publico-da-bahia\" target=\"_blank\" rel=\"noopener\">Minist\u00e9rio P\u00fablico da Bahia<\/a>, ajuizou hoje, dia 31, uma\u00a0<a href=\"https:\/\/www.bnews.com.br\/tags\/acao-civil-publica\" target=\"_blank\" rel=\"noopener\">A\u00e7\u00e3o Civil P\u00fablica<\/a>\u00a0contra 16 lojas do supermercado\u00a0<a href=\"https:\/\/www.bnews.com.br\/tags\/hiperideal\" target=\"_blank\" rel=\"noopener\">Hiperideal<\/a>\u00a0em Salvador e contra a\u00a0<a href=\"https:\/\/www.bnews.com.br\/noticias\/denuncia\/58423-mulher-compra-bolo-da-bauducco-mofado-no-gbarbosa-em-salvador.html\" target=\"_blank\" rel=\"noopener\">Bauducco<\/a>\u00a0por conta de irregularidades sanit\u00e1rias.\u00a0 Joseane pede em car\u00e1ter liminar na a\u00e7\u00e3o, que a Justi\u00e7a obrigue a rede de supermercados a cumprir as normas previstas nas resolu\u00e7\u00f5es da Ag\u00eancia Nacional de Vigil\u00e2ncia Sanit\u00e1ria (<a href=\"https:\/\/www.bnews.com.br\/tags\/anvisa\" target=\"_blank\" rel=\"noopener\">Anvisa<\/a>). As irregularidades foram apontadas pelas vistorias da Vigil\u00e2ncia Sanit\u00e1ria de Salvador (Visa) e pelo\u00a0<a href=\"https:\/\/www.bnews.com.br\/tags\/corpo-de-bombeiros\" target=\"_blank\" rel=\"noopener\">Corpo de Bombeiros<\/a>\u00a0que produziram relat\u00f3rios cuja a\u00e7\u00e3o foi embasada. Foram constatadas nas 16 unidades da rede supermercadista problemas referentes \u00e0 falta de salubridade, limpeza e higiene durante o armazenamento e com\u00e9rcio de g\u00eaneros aliment\u00edcios; bem como a falta de estruturas devidamente protegidas contra situa\u00e7\u00f5es de inc\u00eandio e p\u00e2nico. A Bauducco, por sua vez, foi acionada, em uma das unidades da rede, porque um cliente adquiriu um p\u00e3o de forma da marca que, apesar de estar na validade, continha larvas dentro do alimento. O evento foi comprovado por per\u00edcia t\u00e9cnica realizada ap\u00f3s o consumidor ter registrado reclama\u00e7\u00e3o em uma unidade policial.<\/p>\n<p>A a\u00e7\u00e3o pede que a Justi\u00e7a determine que as instala\u00e7\u00f5es, os equipamentos, os m\u00f3veis e os utens\u00edlios das lojas sejam mantidos em condi\u00e7\u00f5es higi\u00eanico-sanit\u00e1rias apropriadas. Pede tamb\u00e9m que sejam higienizados com frequ\u00eancia, mantendo os ambientes livres de vetores e pragas urbanas, dentre outras medidas. A A\u00e7\u00e3o Civil P\u00fablica requer ainda, que se determine a devolu\u00e7\u00e3o imediata aos fornecedores dos lotes das mat\u00e9rias-primas, dos ingredientes ou das embalagens reprovados ou com prazos de validade vencidos. Caso n\u00e3o haja possibilidade de remessa imediata, estes devem ser devidamente identificados e armazenados separadamente, determinando-se a sua destina\u00e7\u00e3o final, n\u00e3o os mantendo no estabelecimento comercial. A a\u00e7\u00e3o pede ainda que a Bauducco seja obrigada a efetivar o pagamento por danos morais coletivos j\u00e1 que a mesma possui responsabilidade objetiva e solid\u00e1ria pela comercializa\u00e7\u00e3o de alimento impr\u00f3prio efetivamente posto no mercado.<\/p>\n<p>&nbsp;<\/p>\n<p>&nbsp;<\/p>\n<p>&nbsp;<\/p>\n<p>Bnews<\/p>\n","protected":false},"excerpt":{"rendered":"<p>A promotora de Justi\u00e7a\u00a0Joseane Suzart\u00a0do\u00a0Minist\u00e9rio P\u00fablico da Bahia, ajuizou hoje, dia 31, uma\u00a0A\u00e7\u00e3o Civil P\u00fablica\u00a0contra 16 lojas do supermercado\u00a0Hiperideal\u00a0em Salvador<\/p>\n","protected":false},"author":2,"featured_media":1305,"comment_status":"open","ping_status":"open","sticky":false,"template":"","format":"standard","meta":{"colormag_page_container_layout":"default_layout","colormag_page_sidebar_layout":"default_layout","_FSMCFIC_featured_image_caption":"","_FSMCFIC_featured_image_nocaption":"","_FSMCFIC_featured_image_hide":"","footnotes":""},"categories":[7,1],"tags":[],"class_list":["post-1304","post","type-post","status-publish","format-standard","has-post-thumbnail","hentry","category-justica","category-ultimas"],"yoast_head":"<!-- This site is optimized with the Yoast SEO plugin v27.1.1 - https:\/\/yoast.com\/product\/yoast-seo-wordpress\/ -->\n<title>Lojas do Hiperideal s\u00e3o acionadas pelo MP na Justi\u00e7a por problemas sanit\u00e1rios - Brasil not\u00edcias<\/title>\n<meta name=\"robots\" content=\"index, follow, max-snippet:-1, max-image-preview:large, max-video-preview:-1\" \/>\n<link rel=\"canonical\" href=\"https:\/\/brasilnoticias.org\/site\/lojas-do-hiperideal-sao-acionadas-pelo-mp-na-justica-por-problemas-sanitarios\/\" \/>\n<meta property=\"og:locale\" content=\"pt_PT\" \/>\n<meta property=\"og:type\" content=\"article\" \/>\n<meta property=\"og:title\" content=\"Lojas do Hiperideal s\u00e3o acionadas pelo MP na Justi\u00e7a por problemas sanit\u00e1rios - Brasil not\u00edcias\" \/>\n<meta property=\"og:description\" content=\"A promotora de Justi\u00e7a\u00a0Joseane Suzart\u00a0do\u00a0Minist\u00e9rio P\u00fablico da Bahia, ajuizou hoje, dia 31, uma\u00a0A\u00e7\u00e3o Civil P\u00fablica\u00a0contra 16 lojas do supermercado\u00a0Hiperideal\u00a0em Salvador\" \/>\n<meta property=\"og:url\" content=\"https:\/\/brasilnoticias.org\/site\/lojas-do-hiperideal-sao-acionadas-pelo-mp-na-justica-por-problemas-sanitarios\/\" \/>\n<meta property=\"og:site_name\" content=\"Brasil not\u00edcias\" \/>\n<meta property=\"article:published_time\" content=\"2022-09-01T16:40:32+00:00\" \/>\n<meta property=\"og:image\" content=\"https:\/\/brasilnoticias.org\/site\/wp-content\/uploads\/2022\/09\/hiperideal_7DNwkRs_widemd.jpg\" \/>\n\t<meta property=\"og:image:width\" content=\"301\" \/>\n\t<meta property=\"og:image:height\" content=\"181\" \/>\n\t<meta property=\"og:image:type\" content=\"image\/jpeg\" \/>\n<meta name=\"author\" content=\"Reda\u00e7\u00e3o\" \/>\n<meta name=\"twitter:card\" content=\"summary_large_image\" \/>\n<meta name=\"twitter:label1\" content=\"Escrito por\" \/>\n\t<meta name=\"twitter:data1\" content=\"Reda\u00e7\u00e3o\" \/>\n\t<meta name=\"twitter:label2\" content=\"Tempo estimado de leitura\" \/>\n\t<meta name=\"twitter:data2\" content=\"2 minutos\" \/>\n<script type=\"application\/ld+json\" class=\"yoast-schema-graph\">{\"@context\":\"https:\/\/schema.org\",\"@graph\":[{\"@type\":\"Article\",\"@id\":\"https:\/\/brasilnoticias.org\/site\/lojas-do-hiperideal-sao-acionadas-pelo-mp-na-justica-por-problemas-sanitarios\/#article\",\"isPartOf\":{\"@id\":\"https:\/\/brasilnoticias.org\/site\/lojas-do-hiperideal-sao-acionadas-pelo-mp-na-justica-por-problemas-sanitarios\/\"},\"author\":{\"name\":\"Reda\u00e7\u00e3o\",\"@id\":\"https:\/\/brasilnoticias.org\/site\/#\/schema\/person\/f609fa847b5314f1c8b983342f34c798\"},\"headline\":\"Lojas do Hiperideal s\u00e3o acionadas pelo MP na Justi\u00e7a por problemas sanit\u00e1rios\",\"datePublished\":\"2022-09-01T16:40:32+00:00\",\"mainEntityOfPage\":{\"@id\":\"https:\/\/brasilnoticias.org\/site\/lojas-do-hiperideal-sao-acionadas-pelo-mp-na-justica-por-problemas-sanitarios\/\"},\"wordCount\":379,\"commentCount\":0,\"publisher\":{\"@id\":\"https:\/\/brasilnoticias.org\/site\/#organization\"},\"image\":{\"@id\":\"https:\/\/brasilnoticias.org\/site\/lojas-do-hiperideal-sao-acionadas-pelo-mp-na-justica-por-problemas-sanitarios\/#primaryimage\"},\"thumbnailUrl\":\"https:\/\/brasilnoticias.org\/site\/wp-content\/uploads\/2022\/09\/hiperideal_7DNwkRs_widemd.jpg\",\"articleSection\":[\"Justi\u00e7a\",\"\u00daltimas\"],\"inLanguage\":\"pt-PT\",\"potentialAction\":[{\"@type\":\"CommentAction\",\"name\":\"Comment\",\"target\":[\"https:\/\/brasilnoticias.org\/site\/lojas-do-hiperideal-sao-acionadas-pelo-mp-na-justica-por-problemas-sanitarios\/#respond\"]}]},{\"@type\":\"WebPage\",\"@id\":\"https:\/\/brasilnoticias.org\/site\/lojas-do-hiperideal-sao-acionadas-pelo-mp-na-justica-por-problemas-sanitarios\/\",\"url\":\"https:\/\/brasilnoticias.org\/site\/lojas-do-hiperideal-sao-acionadas-pelo-mp-na-justica-por-problemas-sanitarios\/\",\"name\":\"Lojas do Hiperideal s\u00e3o acionadas pelo MP na Justi\u00e7a por problemas sanit\u00e1rios - Brasil not\u00edcias\",\"isPartOf\":{\"@id\":\"https:\/\/brasilnoticias.org\/site\/#website\"},\"primaryImageOfPage\":{\"@id\":\"https:\/\/brasilnoticias.org\/site\/lojas-do-hiperideal-sao-acionadas-pelo-mp-na-justica-por-problemas-sanitarios\/#primaryimage\"},\"image\":{\"@id\":\"https:\/\/brasilnoticias.org\/site\/lojas-do-hiperideal-sao-acionadas-pelo-mp-na-justica-por-problemas-sanitarios\/#primaryimage\"},\"thumbnailUrl\":\"https:\/\/brasilnoticias.org\/site\/wp-content\/uploads\/2022\/09\/hiperideal_7DNwkRs_widemd.jpg\",\"datePublished\":\"2022-09-01T16:40:32+00:00\",\"breadcrumb\":{\"@id\":\"https:\/\/brasilnoticias.org\/site\/lojas-do-hiperideal-sao-acionadas-pelo-mp-na-justica-por-problemas-sanitarios\/#breadcrumb\"},\"inLanguage\":\"pt-PT\",\"potentialAction\":[{\"@type\":\"ReadAction\",\"target\":[\"https:\/\/brasilnoticias.org\/site\/lojas-do-hiperideal-sao-acionadas-pelo-mp-na-justica-por-problemas-sanitarios\/\"]}]},{\"@type\":\"ImageObject\",\"inLanguage\":\"pt-PT\",\"@id\":\"https:\/\/brasilnoticias.org\/site\/lojas-do-hiperideal-sao-acionadas-pelo-mp-na-justica-por-problemas-sanitarios\/#primaryimage\",\"url\":\"https:\/\/brasilnoticias.org\/site\/wp-content\/uploads\/2022\/09\/hiperideal_7DNwkRs_widemd.jpg\",\"contentUrl\":\"https:\/\/brasilnoticias.org\/site\/wp-content\/uploads\/2022\/09\/hiperideal_7DNwkRs_widemd.jpg\",\"width\":301,\"height\":181},{\"@type\":\"BreadcrumbList\",\"@id\":\"https:\/\/brasilnoticias.org\/site\/lojas-do-hiperideal-sao-acionadas-pelo-mp-na-justica-por-problemas-sanitarios\/#breadcrumb\",\"itemListElement\":[{\"@type\":\"ListItem\",\"position\":1,\"name\":\"In\u00edcio\",\"item\":\"https:\/\/brasilnoticias.org\/site\/\"},{\"@type\":\"ListItem\",\"position\":2,\"name\":\"Lojas do Hiperideal s\u00e3o acionadas pelo MP na Justi\u00e7a por problemas sanit\u00e1rios\"}]},{\"@type\":\"WebSite\",\"@id\":\"https:\/\/brasilnoticias.org\/site\/#website\",\"url\":\"https:\/\/brasilnoticias.org\/site\/\",\"name\":\"Brasil not\u00edcias\",\"description\":\"Brasil not\u00edcias\",\"publisher\":{\"@id\":\"https:\/\/brasilnoticias.org\/site\/#organization\"},\"potentialAction\":[{\"@type\":\"SearchAction\",\"target\":{\"@type\":\"EntryPoint\",\"urlTemplate\":\"https:\/\/brasilnoticias.org\/site\/?s={search_term_string}\"},\"query-input\":{\"@type\":\"PropertyValueSpecification\",\"valueRequired\":true,\"valueName\":\"search_term_string\"}}],\"inLanguage\":\"pt-PT\"},{\"@type\":\"Organization\",\"@id\":\"https:\/\/brasilnoticias.org\/site\/#organization\",\"name\":\"Brasil not\u00edcias\",\"url\":\"https:\/\/brasilnoticias.org\/site\/\",\"logo\":{\"@type\":\"ImageObject\",\"inLanguage\":\"pt-PT\",\"@id\":\"https:\/\/brasilnoticias.org\/site\/#\/schema\/logo\/image\/\",\"url\":\"https:\/\/brasilnoticias.org\/site\/wp-content\/uploads\/2022\/05\/cropped-brasilnoticias-mini.jpg\",\"contentUrl\":\"https:\/\/brasilnoticias.org\/site\/wp-content\/uploads\/2022\/05\/cropped-brasilnoticias-mini.jpg\",\"width\":314,\"height\":86,\"caption\":\"Brasil not\u00edcias\"},\"image\":{\"@id\":\"https:\/\/brasilnoticias.org\/site\/#\/schema\/logo\/image\/\"}},{\"@type\":\"Person\",\"@id\":\"https:\/\/brasilnoticias.org\/site\/#\/schema\/person\/f609fa847b5314f1c8b983342f34c798\",\"name\":\"Reda\u00e7\u00e3o\",\"image\":{\"@type\":\"ImageObject\",\"inLanguage\":\"pt-PT\",\"@id\":\"https:\/\/brasilnoticias.org\/site\/#\/schema\/person\/image\/\",\"url\":\"https:\/\/secure.gravatar.com\/avatar\/447284c06c1ad8b46465a36de9cd0d8326b73387a22799b8b1ffb1fbcff2ed0c?s=96&d=mm&r=g\",\"contentUrl\":\"https:\/\/secure.gravatar.com\/avatar\/447284c06c1ad8b46465a36de9cd0d8326b73387a22799b8b1ffb1fbcff2ed0c?s=96&d=mm&r=g\",\"caption\":\"Reda\u00e7\u00e3o\"},\"url\":\"https:\/\/brasilnoticias.org\/site\/author\/redacao\/\"}]}<\/script>\n<!-- \/ Yoast SEO plugin. -->","yoast_head_json":{"title":"Lojas do Hiperideal s\u00e3o acionadas pelo MP na Justi\u00e7a por problemas sanit\u00e1rios - Brasil not\u00edcias","robots":{"index":"index","follow":"follow","max-snippet":"max-snippet:-1","max-image-preview":"max-image-preview:large","max-video-preview":"max-video-preview:-1"},"canonical":"https:\/\/brasilnoticias.org\/site\/lojas-do-hiperideal-sao-acionadas-pelo-mp-na-justica-por-problemas-sanitarios\/","og_locale":"pt_PT","og_type":"article","og_title":"Lojas do Hiperideal s\u00e3o acionadas pelo MP na Justi\u00e7a por problemas sanit\u00e1rios - Brasil not\u00edcias","og_description":"A promotora de Justi\u00e7a\u00a0Joseane Suzart\u00a0do\u00a0Minist\u00e9rio P\u00fablico da Bahia, ajuizou hoje, dia 31, uma\u00a0A\u00e7\u00e3o Civil P\u00fablica\u00a0contra 16 lojas do supermercado\u00a0Hiperideal\u00a0em Salvador","og_url":"https:\/\/brasilnoticias.org\/site\/lojas-do-hiperideal-sao-acionadas-pelo-mp-na-justica-por-problemas-sanitarios\/","og_site_name":"Brasil not\u00edcias","article_published_time":"2022-09-01T16:40:32+00:00","og_image":[{"width":301,"height":181,"url":"https:\/\/brasilnoticias.org\/site\/wp-content\/uploads\/2022\/09\/hiperideal_7DNwkRs_widemd.jpg","type":"image\/jpeg"}],"author":"Reda\u00e7\u00e3o","twitter_card":"summary_large_image","twitter_misc":{"Escrito por":"Reda\u00e7\u00e3o","Tempo estimado de leitura":"2 minutos"},"schema":{"@context":"https:\/\/schema.org","@graph":[{"@type":"Article","@id":"https:\/\/brasilnoticias.org\/site\/lojas-do-hiperideal-sao-acionadas-pelo-mp-na-justica-por-problemas-sanitarios\/#article","isPartOf":{"@id":"https:\/\/brasilnoticias.org\/site\/lojas-do-hiperideal-sao-acionadas-pelo-mp-na-justica-por-problemas-sanitarios\/"},"author":{"name":"Reda\u00e7\u00e3o","@id":"https:\/\/brasilnoticias.org\/site\/#\/schema\/person\/f609fa847b5314f1c8b983342f34c798"},"headline":"Lojas do Hiperideal s\u00e3o acionadas pelo MP na Justi\u00e7a por problemas sanit\u00e1rios","datePublished":"2022-09-01T16:40:32+00:00","mainEntityOfPage":{"@id":"https:\/\/brasilnoticias.org\/site\/lojas-do-hiperideal-sao-acionadas-pelo-mp-na-justica-por-problemas-sanitarios\/"},"wordCount":379,"commentCount":0,"publisher":{"@id":"https:\/\/brasilnoticias.org\/site\/#organization"},"image":{"@id":"https:\/\/brasilnoticias.org\/site\/lojas-do-hiperideal-sao-acionadas-pelo-mp-na-justica-por-problemas-sanitarios\/#primaryimage"},"thumbnailUrl":"https:\/\/brasilnoticias.org\/site\/wp-content\/uploads\/2022\/09\/hiperideal_7DNwkRs_widemd.jpg","articleSection":["Justi\u00e7a","\u00daltimas"],"inLanguage":"pt-PT","potentialAction":[{"@type":"CommentAction","name":"Comment","target":["https:\/\/brasilnoticias.org\/site\/lojas-do-hiperideal-sao-acionadas-pelo-mp-na-justica-por-problemas-sanitarios\/#respond"]}]},{"@type":"WebPage","@id":"https:\/\/brasilnoticias.org\/site\/lojas-do-hiperideal-sao-acionadas-pelo-mp-na-justica-por-problemas-sanitarios\/","url":"https:\/\/brasilnoticias.org\/site\/lojas-do-hiperideal-sao-acionadas-pelo-mp-na-justica-por-problemas-sanitarios\/","name":"Lojas do Hiperideal s\u00e3o acionadas pelo MP na Justi\u00e7a por problemas sanit\u00e1rios - Brasil not\u00edcias","isPartOf":{"@id":"https:\/\/brasilnoticias.org\/site\/#website"},"primaryImageOfPage":{"@id":"https:\/\/brasilnoticias.org\/site\/lojas-do-hiperideal-sao-acionadas-pelo-mp-na-justica-por-problemas-sanitarios\/#primaryimage"},"image":{"@id":"https:\/\/brasilnoticias.org\/site\/lojas-do-hiperideal-sao-acionadas-pelo-mp-na-justica-por-problemas-sanitarios\/#primaryimage"},"thumbnailUrl":"https:\/\/brasilnoticias.org\/site\/wp-content\/uploads\/2022\/09\/hiperideal_7DNwkRs_widemd.jpg","datePublished":"2022-09-01T16:40:32+00:00","breadcrumb":{"@id":"https:\/\/brasilnoticias.org\/site\/lojas-do-hiperideal-sao-acionadas-pelo-mp-na-justica-por-problemas-sanitarios\/#breadcrumb"},"inLanguage":"pt-PT","potentialAction":[{"@type":"ReadAction","target":["https:\/\/brasilnoticias.org\/site\/lojas-do-hiperideal-sao-acionadas-pelo-mp-na-justica-por-problemas-sanitarios\/"]}]},{"@type":"ImageObject","inLanguage":"pt-PT","@id":"https:\/\/brasilnoticias.org\/site\/lojas-do-hiperideal-sao-acionadas-pelo-mp-na-justica-por-problemas-sanitarios\/#primaryimage","url":"https:\/\/brasilnoticias.org\/site\/wp-content\/uploads\/2022\/09\/hiperideal_7DNwkRs_widemd.jpg","contentUrl":"https:\/\/brasilnoticias.org\/site\/wp-content\/uploads\/2022\/09\/hiperideal_7DNwkRs_widemd.jpg","width":301,"height":181},{"@type":"BreadcrumbList","@id":"https:\/\/brasilnoticias.org\/site\/lojas-do-hiperideal-sao-acionadas-pelo-mp-na-justica-por-problemas-sanitarios\/#breadcrumb","itemListElement":[{"@type":"ListItem","position":1,"name":"In\u00edcio","item":"https:\/\/brasilnoticias.org\/site\/"},{"@type":"ListItem","position":2,"name":"Lojas do Hiperideal s\u00e3o acionadas pelo MP na Justi\u00e7a por problemas sanit\u00e1rios"}]},{"@type":"WebSite","@id":"https:\/\/brasilnoticias.org\/site\/#website","url":"https:\/\/brasilnoticias.org\/site\/","name":"Brasil not\u00edcias","description":"Brasil not\u00edcias","publisher":{"@id":"https:\/\/brasilnoticias.org\/site\/#organization"},"potentialAction":[{"@type":"SearchAction","target":{"@type":"EntryPoint","urlTemplate":"https:\/\/brasilnoticias.org\/site\/?s={search_term_string}"},"query-input":{"@type":"PropertyValueSpecification","valueRequired":true,"valueName":"search_term_string"}}],"inLanguage":"pt-PT"},{"@type":"Organization","@id":"https:\/\/brasilnoticias.org\/site\/#organization","name":"Brasil not\u00edcias","url":"https:\/\/brasilnoticias.org\/site\/","logo":{"@type":"ImageObject","inLanguage":"pt-PT","@id":"https:\/\/brasilnoticias.org\/site\/#\/schema\/logo\/image\/","url":"https:\/\/brasilnoticias.org\/site\/wp-content\/uploads\/2022\/05\/cropped-brasilnoticias-mini.jpg","contentUrl":"https:\/\/brasilnoticias.org\/site\/wp-content\/uploads\/2022\/05\/cropped-brasilnoticias-mini.jpg","width":314,"height":86,"caption":"Brasil not\u00edcias"},"image":{"@id":"https:\/\/brasilnoticias.org\/site\/#\/schema\/logo\/image\/"}},{"@type":"Person","@id":"https:\/\/brasilnoticias.org\/site\/#\/schema\/person\/f609fa847b5314f1c8b983342f34c798","name":"Reda\u00e7\u00e3o","image":{"@type":"ImageObject","inLanguage":"pt-PT","@id":"https:\/\/brasilnoticias.org\/site\/#\/schema\/person\/image\/","url":"https:\/\/secure.gravatar.com\/avatar\/447284c06c1ad8b46465a36de9cd0d8326b73387a22799b8b1ffb1fbcff2ed0c?s=96&d=mm&r=g","contentUrl":"https:\/\/secure.gravatar.com\/avatar\/447284c06c1ad8b46465a36de9cd0d8326b73387a22799b8b1ffb1fbcff2ed0c?s=96&d=mm&r=g","caption":"Reda\u00e7\u00e3o"},"url":"https:\/\/brasilnoticias.org\/site\/author\/redacao\/"}]}},"_links":{"self":[{"href":"https:\/\/brasilnoticias.org\/site\/wp-json\/wp\/v2\/posts\/1304","targetHints":{"allow":["GET"]}}],"collection":[{"href":"https:\/\/brasilnoticias.org\/site\/wp-json\/wp\/v2\/posts"}],"about":[{"href":"https:\/\/brasilnoticias.org\/site\/wp-json\/wp\/v2\/types\/post"}],"author":[{"embeddable":true,"href":"https:\/\/brasilnoticias.org\/site\/wp-json\/wp\/v2\/users\/2"}],"replies":[{"embeddable":true,"href":"https:\/\/brasilnoticias.org\/site\/wp-json\/wp\/v2\/comments?post=1304"}],"version-history":[{"count":1,"href":"https:\/\/brasilnoticias.org\/site\/wp-json\/wp\/v2\/posts\/1304\/revisions"}],"predecessor-version":[{"id":1306,"href":"https:\/\/brasilnoticias.org\/site\/wp-json\/wp\/v2\/posts\/1304\/revisions\/1306"}],"wp:featuredmedia":[{"embeddable":true,"href":"https:\/\/brasilnoticias.org\/site\/wp-json\/wp\/v2\/media\/1305"}],"wp:attachment":[{"href":"https:\/\/brasilnoticias.org\/site\/wp-json\/wp\/v2\/media?parent=1304"}],"wp:term":[{"taxonomy":"category","embeddable":true,"href":"https:\/\/brasilnoticias.org\/site\/wp-json\/wp\/v2\/categories?post=1304"},{"taxonomy":"post_tag","embeddable":true,"href":"https:\/\/brasilnoticias.org\/site\/wp-json\/wp\/v2\/tags?post=1304"}],"curies":[{"name":"wp","href":"https:\/\/api.w.org\/{rel}","templated":true}]}}