{"id":13051,"date":"2024-03-09T21:24:33","date_gmt":"2024-03-10T00:24:33","guid":{"rendered":"https:\/\/brasilnoticias.org\/site\/?p=13051"},"modified":"2024-03-09T21:24:33","modified_gmt":"2024-03-10T00:24:33","slug":"diego-castro-diz-que-presenca-de-bolsonaro-na-bahia-energiza-a-direita-e-o-pl-para-um-maior-lancamento-de-candidaturas","status":"publish","type":"post","link":"https:\/\/brasilnoticias.org\/site\/diego-castro-diz-que-presenca-de-bolsonaro-na-bahia-energiza-a-direita-e-o-pl-para-um-maior-lancamento-de-candidaturas\/","title":{"rendered":"Diego Castro diz que presen\u00e7a de Bolsonaro na Bahia \u2018energiza a Direita e o PL para um maior lan\u00e7amento de candidaturas\u2019"},"content":{"rendered":"<p>O evento, liderado por Michelle Bolsonaro, presidente nacional do movimento feminino do PL, teve como objetivo \u201cinspirar e incentivar\u201d a participa\u00e7\u00e3o das mulheres na pol\u00edtica brasileira<\/p>\n<p>Durante a estadia de Jair Bolsonaro (PL) em Salvador, o deputado estadual Diego Castro (PL) avaliou, em conversa com a imprensa, que a presen\u00e7a do ex-presidente marca um \u201cavan\u00e7o na representatividade\u201d do p\u00fablico de direita na Bahia. O parlamentar baiano, vale lembrar, recentemente prop\u00f4s uma honraria na Assembleia Legislativa da Bahia (AL-BA) em reconhecimento a Bolsonaro.<\/p>\n<p>\u201cO presidente Bolsonaro aqui na Bahia representa que o Nordeste tamb\u00e9m abra\u00e7a a Direita. Este \u00e9 um momento crucial em que as pr\u00e9-candidaturas est\u00e3o unidas, e sua presen\u00e7a fortalece essas alian\u00e7as e promove discuss\u00f5es sobre o futuro da nossa direita\u201d, afirmou Diego.<\/p>\n<p>\u201cA presen\u00e7a do presidente na Bahia energiza a Direita e o PL. Estamos comprometidos em lan\u00e7ar o maior n\u00famero poss\u00edvel de candidatos a prefeito e vereador para conquistar mais cadeiras nas institui\u00e7\u00f5es baianas. Essa \u00e9 a base da pol\u00edtica, tanto nacional quanto estadual, e a presen\u00e7a do presidente impulsiona nossos candidatos\u201d, acrescentou.<\/p>\n<p>Diego Castro ressaltou a orienta\u00e7\u00e3o clara de Bolsonaro: \u201cOnde o PT e seus aliados estiverem, estaremos do outro lado, e n\u00e3o vamos perder isso de vista\u201d.<\/p>\n<p>Al\u00e9m disso, nesta sexta-feira (8\/3), o deputado presenteou Bolsonaro com uma camisa do Vit\u00f3ria e o acompanhou tanto no almo\u00e7o quanto no jantar em Salvador, al\u00e9m da reuni\u00e3o realizada com correligion\u00e1rios do PL na Igreja Batista do Caminho das \u00c1rvores.<\/p>\n<p>Diego e Bolsonaro tamb\u00e9m estiveram presentes no encerramento do Encontro PL Mulher neste s\u00e1bado (9), no Centro de Conven\u00e7\u00f5es de Salvador, na orla da Boca do Rio. O evento, liderado por Michelle Bolsonaro, presidente nacional do movimento feminino do PL, teve como objetivo \u201cinspirar e incentivar\u201d a participa\u00e7\u00e3o das mulheres na pol\u00edtica brasileira.<\/p>\n<p>O presidente estadual do PL, Jo\u00e3o Roma, a vice-presidente da sigla na Bahia, Raissa Soares, e o deputado federal Capit\u00e3o Alden marcaram presen\u00e7a em todas as agendas com o ex-mandat\u00e1rio.<\/p>\n<p>Foto: Divulga\u00e7\u00e3o<br \/>\nAratu On<\/p>\n","protected":false},"excerpt":{"rendered":"<p>O evento, liderado por Michelle Bolsonaro, presidente nacional do movimento feminino do PL, teve como objetivo \u201cinspirar e incentivar\u201d a<\/p>\n","protected":false},"author":4,"featured_media":13052,"comment_status":"open","ping_status":"open","sticky":false,"template":"","format":"standard","meta":{"colormag_page_container_layout":"default_layout","colormag_page_sidebar_layout":"default_layout","_FSMCFIC_featured_image_caption":"","_FSMCFIC_featured_image_nocaption":"","_FSMCFIC_featured_image_hide":"","footnotes":""},"categories":[2,1],"tags":[],"class_list":["post-13051","post","type-post","status-publish","format-standard","has-post-thumbnail","hentry","category-noticias","category-ultimas"],"yoast_head":"<!-- This site is optimized with the Yoast SEO plugin v27.1.1 - https:\/\/yoast.com\/product\/yoast-seo-wordpress\/ -->\n<title>Diego Castro diz que presen\u00e7a de Bolsonaro na Bahia \u2018energiza a Direita e o PL para um maior lan\u00e7amento de candidaturas\u2019 - Brasil not\u00edcias<\/title>\n<meta name=\"robots\" content=\"index, follow, max-snippet:-1, max-image-preview:large, max-video-preview:-1\" \/>\n<link rel=\"canonical\" href=\"https:\/\/brasilnoticias.org\/site\/diego-castro-diz-que-presenca-de-bolsonaro-na-bahia-energiza-a-direita-e-o-pl-para-um-maior-lancamento-de-candidaturas\/\" \/>\n<meta property=\"og:locale\" content=\"pt_PT\" \/>\n<meta property=\"og:type\" content=\"article\" \/>\n<meta property=\"og:title\" content=\"Diego Castro diz que presen\u00e7a de Bolsonaro na Bahia \u2018energiza a Direita e o PL para um maior lan\u00e7amento de candidaturas\u2019 - Brasil not\u00edcias\" \/>\n<meta property=\"og:description\" content=\"O evento, liderado por Michelle Bolsonaro, presidente nacional do movimento feminino do PL, teve como objetivo \u201cinspirar e incentivar\u201d a\" \/>\n<meta property=\"og:url\" content=\"https:\/\/brasilnoticias.org\/site\/diego-castro-diz-que-presenca-de-bolsonaro-na-bahia-energiza-a-direita-e-o-pl-para-um-maior-lancamento-de-candidaturas\/\" \/>\n<meta property=\"og:site_name\" content=\"Brasil not\u00edcias\" \/>\n<meta property=\"article:published_time\" content=\"2024-03-10T00:24:33+00:00\" \/>\n<meta property=\"og:image\" content=\"https:\/\/brasilnoticias.org\/site\/wp-content\/uploads\/2024\/03\/fac5fea6-e344-4d57-ac2c-75f7d372a894-960x500-1.jpg\" \/>\n\t<meta property=\"og:image:width\" content=\"960\" \/>\n\t<meta property=\"og:image:height\" content=\"500\" \/>\n\t<meta property=\"og:image:type\" content=\"image\/jpeg\" \/>\n<meta name=\"author\" content=\"Reda\u00e7\u00e3o\" \/>\n<meta name=\"twitter:card\" content=\"summary_large_image\" \/>\n<meta name=\"twitter:label1\" content=\"Escrito por\" \/>\n\t<meta name=\"twitter:data1\" content=\"Reda\u00e7\u00e3o\" \/>\n\t<meta name=\"twitter:label2\" content=\"Tempo estimado de leitura\" \/>\n\t<meta name=\"twitter:data2\" content=\"1 minuto\" \/>\n<script type=\"application\/ld+json\" class=\"yoast-schema-graph\">{\"@context\":\"https:\/\/schema.org\",\"@graph\":[{\"@type\":\"Article\",\"@id\":\"https:\/\/brasilnoticias.org\/site\/diego-castro-diz-que-presenca-de-bolsonaro-na-bahia-energiza-a-direita-e-o-pl-para-um-maior-lancamento-de-candidaturas\/#article\",\"isPartOf\":{\"@id\":\"https:\/\/brasilnoticias.org\/site\/diego-castro-diz-que-presenca-de-bolsonaro-na-bahia-energiza-a-direita-e-o-pl-para-um-maior-lancamento-de-candidaturas\/\"},\"author\":{\"name\":\"Reda\u00e7\u00e3o\",\"@id\":\"https:\/\/brasilnoticias.org\/site\/#\/schema\/person\/03bbbfe6c7634ad18c26444ea39049fa\"},\"headline\":\"Diego Castro diz que presen\u00e7a de Bolsonaro na Bahia \u2018energiza a Direita e o PL para um maior lan\u00e7amento de candidaturas\u2019\",\"datePublished\":\"2024-03-10T00:24:33+00:00\",\"mainEntityOfPage\":{\"@id\":\"https:\/\/brasilnoticias.org\/site\/diego-castro-diz-que-presenca-de-bolsonaro-na-bahia-energiza-a-direita-e-o-pl-para-um-maior-lancamento-de-candidaturas\/\"},\"wordCount\":386,\"commentCount\":0,\"publisher\":{\"@id\":\"https:\/\/brasilnoticias.org\/site\/#organization\"},\"image\":{\"@id\":\"https:\/\/brasilnoticias.org\/site\/diego-castro-diz-que-presenca-de-bolsonaro-na-bahia-energiza-a-direita-e-o-pl-para-um-maior-lancamento-de-candidaturas\/#primaryimage\"},\"thumbnailUrl\":\"https:\/\/brasilnoticias.org\/site\/wp-content\/uploads\/2024\/03\/fac5fea6-e344-4d57-ac2c-75f7d372a894-960x500-1.jpg\",\"articleSection\":[\"Not\u00edcias\",\"\u00daltimas\"],\"inLanguage\":\"pt-PT\",\"potentialAction\":[{\"@type\":\"CommentAction\",\"name\":\"Comment\",\"target\":[\"https:\/\/brasilnoticias.org\/site\/diego-castro-diz-que-presenca-de-bolsonaro-na-bahia-energiza-a-direita-e-o-pl-para-um-maior-lancamento-de-candidaturas\/#respond\"]}]},{\"@type\":\"WebPage\",\"@id\":\"https:\/\/brasilnoticias.org\/site\/diego-castro-diz-que-presenca-de-bolsonaro-na-bahia-energiza-a-direita-e-o-pl-para-um-maior-lancamento-de-candidaturas\/\",\"url\":\"https:\/\/brasilnoticias.org\/site\/diego-castro-diz-que-presenca-de-bolsonaro-na-bahia-energiza-a-direita-e-o-pl-para-um-maior-lancamento-de-candidaturas\/\",\"name\":\"Diego Castro diz que presen\u00e7a de Bolsonaro na Bahia \u2018energiza a Direita e o PL para um maior lan\u00e7amento de candidaturas\u2019 - Brasil not\u00edcias\",\"isPartOf\":{\"@id\":\"https:\/\/brasilnoticias.org\/site\/#website\"},\"primaryImageOfPage\":{\"@id\":\"https:\/\/brasilnoticias.org\/site\/diego-castro-diz-que-presenca-de-bolsonaro-na-bahia-energiza-a-direita-e-o-pl-para-um-maior-lancamento-de-candidaturas\/#primaryimage\"},\"image\":{\"@id\":\"https:\/\/brasilnoticias.org\/site\/diego-castro-diz-que-presenca-de-bolsonaro-na-bahia-energiza-a-direita-e-o-pl-para-um-maior-lancamento-de-candidaturas\/#primaryimage\"},\"thumbnailUrl\":\"https:\/\/brasilnoticias.org\/site\/wp-content\/uploads\/2024\/03\/fac5fea6-e344-4d57-ac2c-75f7d372a894-960x500-1.jpg\",\"datePublished\":\"2024-03-10T00:24:33+00:00\",\"breadcrumb\":{\"@id\":\"https:\/\/brasilnoticias.org\/site\/diego-castro-diz-que-presenca-de-bolsonaro-na-bahia-energiza-a-direita-e-o-pl-para-um-maior-lancamento-de-candidaturas\/#breadcrumb\"},\"inLanguage\":\"pt-PT\",\"potentialAction\":[{\"@type\":\"ReadAction\",\"target\":[\"https:\/\/brasilnoticias.org\/site\/diego-castro-diz-que-presenca-de-bolsonaro-na-bahia-energiza-a-direita-e-o-pl-para-um-maior-lancamento-de-candidaturas\/\"]}]},{\"@type\":\"ImageObject\",\"inLanguage\":\"pt-PT\",\"@id\":\"https:\/\/brasilnoticias.org\/site\/diego-castro-diz-que-presenca-de-bolsonaro-na-bahia-energiza-a-direita-e-o-pl-para-um-maior-lancamento-de-candidaturas\/#primaryimage\",\"url\":\"https:\/\/brasilnoticias.org\/site\/wp-content\/uploads\/2024\/03\/fac5fea6-e344-4d57-ac2c-75f7d372a894-960x500-1.jpg\",\"contentUrl\":\"https:\/\/brasilnoticias.org\/site\/wp-content\/uploads\/2024\/03\/fac5fea6-e344-4d57-ac2c-75f7d372a894-960x500-1.jpg\",\"width\":960,\"height\":500},{\"@type\":\"BreadcrumbList\",\"@id\":\"https:\/\/brasilnoticias.org\/site\/diego-castro-diz-que-presenca-de-bolsonaro-na-bahia-energiza-a-direita-e-o-pl-para-um-maior-lancamento-de-candidaturas\/#breadcrumb\",\"itemListElement\":[{\"@type\":\"ListItem\",\"position\":1,\"name\":\"In\u00edcio\",\"item\":\"https:\/\/brasilnoticias.org\/site\/\"},{\"@type\":\"ListItem\",\"position\":2,\"name\":\"Diego Castro diz que presen\u00e7a de Bolsonaro na Bahia \u2018energiza a Direita e o PL para um maior lan\u00e7amento de candidaturas\u2019\"}]},{\"@type\":\"WebSite\",\"@id\":\"https:\/\/brasilnoticias.org\/site\/#website\",\"url\":\"https:\/\/brasilnoticias.org\/site\/\",\"name\":\"Brasil not\u00edcias\",\"description\":\"Brasil not\u00edcias\",\"publisher\":{\"@id\":\"https:\/\/brasilnoticias.org\/site\/#organization\"},\"potentialAction\":[{\"@type\":\"SearchAction\",\"target\":{\"@type\":\"EntryPoint\",\"urlTemplate\":\"https:\/\/brasilnoticias.org\/site\/?s={search_term_string}\"},\"query-input\":{\"@type\":\"PropertyValueSpecification\",\"valueRequired\":true,\"valueName\":\"search_term_string\"}}],\"inLanguage\":\"pt-PT\"},{\"@type\":\"Organization\",\"@id\":\"https:\/\/brasilnoticias.org\/site\/#organization\",\"name\":\"Brasil not\u00edcias\",\"url\":\"https:\/\/brasilnoticias.org\/site\/\",\"logo\":{\"@type\":\"ImageObject\",\"inLanguage\":\"pt-PT\",\"@id\":\"https:\/\/brasilnoticias.org\/site\/#\/schema\/logo\/image\/\",\"url\":\"https:\/\/brasilnoticias.org\/site\/wp-content\/uploads\/2022\/05\/cropped-brasilnoticias-mini.jpg\",\"contentUrl\":\"https:\/\/brasilnoticias.org\/site\/wp-content\/uploads\/2022\/05\/cropped-brasilnoticias-mini.jpg\",\"width\":314,\"height\":86,\"caption\":\"Brasil not\u00edcias\"},\"image\":{\"@id\":\"https:\/\/brasilnoticias.org\/site\/#\/schema\/logo\/image\/\"}},{\"@type\":\"Person\",\"@id\":\"https:\/\/brasilnoticias.org\/site\/#\/schema\/person\/03bbbfe6c7634ad18c26444ea39049fa\",\"name\":\"Reda\u00e7\u00e3o\",\"image\":{\"@type\":\"ImageObject\",\"inLanguage\":\"pt-PT\",\"@id\":\"https:\/\/brasilnoticias.org\/site\/#\/schema\/person\/image\/\",\"url\":\"https:\/\/secure.gravatar.com\/avatar\/9ecaf7327a696cb23ad926fedded5f1f04d7049de9e445375d55b48c001a6e42?s=96&d=mm&r=g\",\"contentUrl\":\"https:\/\/secure.gravatar.com\/avatar\/9ecaf7327a696cb23ad926fedded5f1f04d7049de9e445375d55b48c001a6e42?s=96&d=mm&r=g\",\"caption\":\"Reda\u00e7\u00e3o\"},\"url\":\"https:\/\/brasilnoticias.org\/site\/author\/henrique\/\"}]}<\/script>\n<!-- \/ Yoast SEO plugin. -->","yoast_head_json":{"title":"Diego Castro diz que presen\u00e7a de Bolsonaro na Bahia \u2018energiza a Direita e o PL para um maior lan\u00e7amento de candidaturas\u2019 - Brasil not\u00edcias","robots":{"index":"index","follow":"follow","max-snippet":"max-snippet:-1","max-image-preview":"max-image-preview:large","max-video-preview":"max-video-preview:-1"},"canonical":"https:\/\/brasilnoticias.org\/site\/diego-castro-diz-que-presenca-de-bolsonaro-na-bahia-energiza-a-direita-e-o-pl-para-um-maior-lancamento-de-candidaturas\/","og_locale":"pt_PT","og_type":"article","og_title":"Diego Castro diz que presen\u00e7a de Bolsonaro na Bahia \u2018energiza a Direita e o PL para um maior lan\u00e7amento de candidaturas\u2019 - Brasil not\u00edcias","og_description":"O evento, liderado por Michelle Bolsonaro, presidente nacional do movimento feminino do PL, teve como objetivo \u201cinspirar e incentivar\u201d a","og_url":"https:\/\/brasilnoticias.org\/site\/diego-castro-diz-que-presenca-de-bolsonaro-na-bahia-energiza-a-direita-e-o-pl-para-um-maior-lancamento-de-candidaturas\/","og_site_name":"Brasil not\u00edcias","article_published_time":"2024-03-10T00:24:33+00:00","og_image":[{"width":960,"height":500,"url":"https:\/\/brasilnoticias.org\/site\/wp-content\/uploads\/2024\/03\/fac5fea6-e344-4d57-ac2c-75f7d372a894-960x500-1.jpg","type":"image\/jpeg"}],"author":"Reda\u00e7\u00e3o","twitter_card":"summary_large_image","twitter_misc":{"Escrito por":"Reda\u00e7\u00e3o","Tempo estimado de leitura":"1 minuto"},"schema":{"@context":"https:\/\/schema.org","@graph":[{"@type":"Article","@id":"https:\/\/brasilnoticias.org\/site\/diego-castro-diz-que-presenca-de-bolsonaro-na-bahia-energiza-a-direita-e-o-pl-para-um-maior-lancamento-de-candidaturas\/#article","isPartOf":{"@id":"https:\/\/brasilnoticias.org\/site\/diego-castro-diz-que-presenca-de-bolsonaro-na-bahia-energiza-a-direita-e-o-pl-para-um-maior-lancamento-de-candidaturas\/"},"author":{"name":"Reda\u00e7\u00e3o","@id":"https:\/\/brasilnoticias.org\/site\/#\/schema\/person\/03bbbfe6c7634ad18c26444ea39049fa"},"headline":"Diego Castro diz que presen\u00e7a de Bolsonaro na Bahia \u2018energiza a Direita e o PL para um maior lan\u00e7amento de candidaturas\u2019","datePublished":"2024-03-10T00:24:33+00:00","mainEntityOfPage":{"@id":"https:\/\/brasilnoticias.org\/site\/diego-castro-diz-que-presenca-de-bolsonaro-na-bahia-energiza-a-direita-e-o-pl-para-um-maior-lancamento-de-candidaturas\/"},"wordCount":386,"commentCount":0,"publisher":{"@id":"https:\/\/brasilnoticias.org\/site\/#organization"},"image":{"@id":"https:\/\/brasilnoticias.org\/site\/diego-castro-diz-que-presenca-de-bolsonaro-na-bahia-energiza-a-direita-e-o-pl-para-um-maior-lancamento-de-candidaturas\/#primaryimage"},"thumbnailUrl":"https:\/\/brasilnoticias.org\/site\/wp-content\/uploads\/2024\/03\/fac5fea6-e344-4d57-ac2c-75f7d372a894-960x500-1.jpg","articleSection":["Not\u00edcias","\u00daltimas"],"inLanguage":"pt-PT","potentialAction":[{"@type":"CommentAction","name":"Comment","target":["https:\/\/brasilnoticias.org\/site\/diego-castro-diz-que-presenca-de-bolsonaro-na-bahia-energiza-a-direita-e-o-pl-para-um-maior-lancamento-de-candidaturas\/#respond"]}]},{"@type":"WebPage","@id":"https:\/\/brasilnoticias.org\/site\/diego-castro-diz-que-presenca-de-bolsonaro-na-bahia-energiza-a-direita-e-o-pl-para-um-maior-lancamento-de-candidaturas\/","url":"https:\/\/brasilnoticias.org\/site\/diego-castro-diz-que-presenca-de-bolsonaro-na-bahia-energiza-a-direita-e-o-pl-para-um-maior-lancamento-de-candidaturas\/","name":"Diego Castro diz que presen\u00e7a de Bolsonaro na Bahia \u2018energiza a Direita e o PL para um maior lan\u00e7amento de candidaturas\u2019 - Brasil not\u00edcias","isPartOf":{"@id":"https:\/\/brasilnoticias.org\/site\/#website"},"primaryImageOfPage":{"@id":"https:\/\/brasilnoticias.org\/site\/diego-castro-diz-que-presenca-de-bolsonaro-na-bahia-energiza-a-direita-e-o-pl-para-um-maior-lancamento-de-candidaturas\/#primaryimage"},"image":{"@id":"https:\/\/brasilnoticias.org\/site\/diego-castro-diz-que-presenca-de-bolsonaro-na-bahia-energiza-a-direita-e-o-pl-para-um-maior-lancamento-de-candidaturas\/#primaryimage"},"thumbnailUrl":"https:\/\/brasilnoticias.org\/site\/wp-content\/uploads\/2024\/03\/fac5fea6-e344-4d57-ac2c-75f7d372a894-960x500-1.jpg","datePublished":"2024-03-10T00:24:33+00:00","breadcrumb":{"@id":"https:\/\/brasilnoticias.org\/site\/diego-castro-diz-que-presenca-de-bolsonaro-na-bahia-energiza-a-direita-e-o-pl-para-um-maior-lancamento-de-candidaturas\/#breadcrumb"},"inLanguage":"pt-PT","potentialAction":[{"@type":"ReadAction","target":["https:\/\/brasilnoticias.org\/site\/diego-castro-diz-que-presenca-de-bolsonaro-na-bahia-energiza-a-direita-e-o-pl-para-um-maior-lancamento-de-candidaturas\/"]}]},{"@type":"ImageObject","inLanguage":"pt-PT","@id":"https:\/\/brasilnoticias.org\/site\/diego-castro-diz-que-presenca-de-bolsonaro-na-bahia-energiza-a-direita-e-o-pl-para-um-maior-lancamento-de-candidaturas\/#primaryimage","url":"https:\/\/brasilnoticias.org\/site\/wp-content\/uploads\/2024\/03\/fac5fea6-e344-4d57-ac2c-75f7d372a894-960x500-1.jpg","contentUrl":"https:\/\/brasilnoticias.org\/site\/wp-content\/uploads\/2024\/03\/fac5fea6-e344-4d57-ac2c-75f7d372a894-960x500-1.jpg","width":960,"height":500},{"@type":"BreadcrumbList","@id":"https:\/\/brasilnoticias.org\/site\/diego-castro-diz-que-presenca-de-bolsonaro-na-bahia-energiza-a-direita-e-o-pl-para-um-maior-lancamento-de-candidaturas\/#breadcrumb","itemListElement":[{"@type":"ListItem","position":1,"name":"In\u00edcio","item":"https:\/\/brasilnoticias.org\/site\/"},{"@type":"ListItem","position":2,"name":"Diego Castro diz que presen\u00e7a de Bolsonaro na Bahia \u2018energiza a Direita e o PL para um maior lan\u00e7amento de candidaturas\u2019"}]},{"@type":"WebSite","@id":"https:\/\/brasilnoticias.org\/site\/#website","url":"https:\/\/brasilnoticias.org\/site\/","name":"Brasil not\u00edcias","description":"Brasil not\u00edcias","publisher":{"@id":"https:\/\/brasilnoticias.org\/site\/#organization"},"potentialAction":[{"@type":"SearchAction","target":{"@type":"EntryPoint","urlTemplate":"https:\/\/brasilnoticias.org\/site\/?s={search_term_string}"},"query-input":{"@type":"PropertyValueSpecification","valueRequired":true,"valueName":"search_term_string"}}],"inLanguage":"pt-PT"},{"@type":"Organization","@id":"https:\/\/brasilnoticias.org\/site\/#organization","name":"Brasil not\u00edcias","url":"https:\/\/brasilnoticias.org\/site\/","logo":{"@type":"ImageObject","inLanguage":"pt-PT","@id":"https:\/\/brasilnoticias.org\/site\/#\/schema\/logo\/image\/","url":"https:\/\/brasilnoticias.org\/site\/wp-content\/uploads\/2022\/05\/cropped-brasilnoticias-mini.jpg","contentUrl":"https:\/\/brasilnoticias.org\/site\/wp-content\/uploads\/2022\/05\/cropped-brasilnoticias-mini.jpg","width":314,"height":86,"caption":"Brasil not\u00edcias"},"image":{"@id":"https:\/\/brasilnoticias.org\/site\/#\/schema\/logo\/image\/"}},{"@type":"Person","@id":"https:\/\/brasilnoticias.org\/site\/#\/schema\/person\/03bbbfe6c7634ad18c26444ea39049fa","name":"Reda\u00e7\u00e3o","image":{"@type":"ImageObject","inLanguage":"pt-PT","@id":"https:\/\/brasilnoticias.org\/site\/#\/schema\/person\/image\/","url":"https:\/\/secure.gravatar.com\/avatar\/9ecaf7327a696cb23ad926fedded5f1f04d7049de9e445375d55b48c001a6e42?s=96&d=mm&r=g","contentUrl":"https:\/\/secure.gravatar.com\/avatar\/9ecaf7327a696cb23ad926fedded5f1f04d7049de9e445375d55b48c001a6e42?s=96&d=mm&r=g","caption":"Reda\u00e7\u00e3o"},"url":"https:\/\/brasilnoticias.org\/site\/author\/henrique\/"}]}},"_links":{"self":[{"href":"https:\/\/brasilnoticias.org\/site\/wp-json\/wp\/v2\/posts\/13051","targetHints":{"allow":["GET"]}}],"collection":[{"href":"https:\/\/brasilnoticias.org\/site\/wp-json\/wp\/v2\/posts"}],"about":[{"href":"https:\/\/brasilnoticias.org\/site\/wp-json\/wp\/v2\/types\/post"}],"author":[{"embeddable":true,"href":"https:\/\/brasilnoticias.org\/site\/wp-json\/wp\/v2\/users\/4"}],"replies":[{"embeddable":true,"href":"https:\/\/brasilnoticias.org\/site\/wp-json\/wp\/v2\/comments?post=13051"}],"version-history":[{"count":1,"href":"https:\/\/brasilnoticias.org\/site\/wp-json\/wp\/v2\/posts\/13051\/revisions"}],"predecessor-version":[{"id":13053,"href":"https:\/\/brasilnoticias.org\/site\/wp-json\/wp\/v2\/posts\/13051\/revisions\/13053"}],"wp:featuredmedia":[{"embeddable":true,"href":"https:\/\/brasilnoticias.org\/site\/wp-json\/wp\/v2\/media\/13052"}],"wp:attachment":[{"href":"https:\/\/brasilnoticias.org\/site\/wp-json\/wp\/v2\/media?parent=13051"}],"wp:term":[{"taxonomy":"category","embeddable":true,"href":"https:\/\/brasilnoticias.org\/site\/wp-json\/wp\/v2\/categories?post=13051"},{"taxonomy":"post_tag","embeddable":true,"href":"https:\/\/brasilnoticias.org\/site\/wp-json\/wp\/v2\/tags?post=13051"}],"curies":[{"name":"wp","href":"https:\/\/api.w.org\/{rel}","templated":true}]}}