{"id":13109,"date":"2024-03-16T21:28:15","date_gmt":"2024-03-17T00:28:15","guid":{"rendered":"https:\/\/brasilnoticias.org\/site\/?p=13109"},"modified":"2024-03-16T21:28:15","modified_gmt":"2024-03-17T00:28:15","slug":"inema-faz-doacao-de-alimentos-apreendidos-durante-fiscalizacao-do-defeso","status":"publish","type":"post","link":"https:\/\/brasilnoticias.org\/site\/inema-faz-doacao-de-alimentos-apreendidos-durante-fiscalizacao-do-defeso\/","title":{"rendered":"Inema faz doa\u00e7\u00e3o de alimentos apreendidos durante fiscaliza\u00e7\u00e3o do defeso"},"content":{"rendered":"<p>O Instituto do Meio Ambiente e Recursos H\u00eddricos (Inema) realizou, na manh\u00e3 desta sexta-feira (15), a doa\u00e7\u00e3o de 104 lagostas e 7 kg de catados de caranguejo ao Col\u00e9gio Municipal Professora D\u00e1ulia Ang\u00e9lica, na cidade de Vera Cruz. Os alimentos foram apreendidos durante fiscaliza\u00e7\u00e3o realizada no munic\u00edpio, com o apoio da Pol\u00edcia Rodovi\u00e1ria Estadual (PRE), para coibir o com\u00e9rcio ilegal dos crust\u00e1ceos durante o per\u00edodo de reprodu\u00e7\u00e3o.<\/p>\n<p>A terceira etapa do defeso, em 2024, acontece at\u00e9 o dia 16 mar\u00e7o, e as equipes do Inema est\u00e3o percorrendo as principais cidades do litoral baiano, realizando blitz em pontos estrat\u00e9gicos, visitando as col\u00f4nias e portos de pesca, restaurantes, feiras e barracas de praia. Na oportunidade, os agentes verificam o cumprimento das restri\u00e7\u00f5es e distribuem panfletos informativos com todas as orienta\u00e7\u00f5es definidas na Portaria SAP\/MAPA n\u00b0 325, de 30\/12\/2020.<\/p>\n<p>A diretora do col\u00e9gio, Lunalva Caldas, recebeu a doa\u00e7\u00e3o, agradeceu ao Inema pela iniciativa e se colocou \u00e0 disposi\u00e7\u00e3o para realizar um trabalho educativo e de sensibiliza\u00e7\u00e3o sobre a import\u00e2ncia do defeso, junto aos alunos e familiares.<\/p>\n<p>A coordenadora t\u00e9cnica de fiscaliza\u00e7\u00e3o do Inema, Natali Lordello, explicou que no defeso os comerciantes devem, obrigatoriamente, estar com seus estoques declarados junto \u00e0 Superintend\u00eancia Federal do Minist\u00e9rio da Agricultura, Pecu\u00e1ria e Abastecimento. \u201cDurante fiscaliza\u00e7\u00e3o realizada na ilha constatamos a aus\u00eancia deste documento o que acarretou na apreens\u00e3o dos crust\u00e1ceos. Nestes casos, s\u00e3o verificadas se est\u00e3o em condi\u00e7\u00f5es ideais de consumo para, s\u00f3 assim, serem doados \u00e0s institui\u00e7\u00f5es mais pr\u00f3ximas do local da inspe\u00e7\u00e3o\u201d.<\/p>\n<p>Quem n\u00e3o apresentar a declara\u00e7\u00e3o de seu estoque ter\u00e1 o material apreendido e estar\u00e1 sujeito ao pagamento de multa de R$ 700,00 (setecentos reais) por indiv\u00edduo da esp\u00e9cie protegida, conforme previsto no Decreto Estadual 14.024\/2012.<\/p>\n<p>Este \u00e9 um momento essencial para a reprodu\u00e7\u00e3o da esp\u00e9cie, assegurando um futuro de equil\u00edbrio ambiental e garantia de renda para as fam\u00edlias que vivem desta atividade econ\u00f4mica. Ent\u00e3o, se voc\u00ea presenciou ou suspeita de pr\u00e1tica de pesca, captura ou com\u00e9rcio ilegal durante o defeso, denuncie! Ligue para 0800-071-1400 ou envie e-mail para denuncia@inema.ba.gov.br. Sua identidade ser\u00e1 preservada.<\/p>\n","protected":false},"excerpt":{"rendered":"<p>O Instituto do Meio Ambiente e Recursos H\u00eddricos (Inema) realizou, na manh\u00e3 desta sexta-feira (15), a doa\u00e7\u00e3o de 104 lagostas<\/p>\n","protected":false},"author":4,"featured_media":13110,"comment_status":"open","ping_status":"open","sticky":false,"template":"","format":"standard","meta":{"colormag_page_container_layout":"default_layout","colormag_page_sidebar_layout":"default_layout","_FSMCFIC_featured_image_caption":"","_FSMCFIC_featured_image_nocaption":"","_FSMCFIC_featured_image_hide":"","footnotes":""},"categories":[2,1],"tags":[],"class_list":["post-13109","post","type-post","status-publish","format-standard","has-post-thumbnail","hentry","category-noticias","category-ultimas"],"yoast_head":"<!-- This site is optimized with the Yoast SEO plugin v27.1.1 - https:\/\/yoast.com\/product\/yoast-seo-wordpress\/ -->\n<title>Inema faz doa\u00e7\u00e3o de alimentos apreendidos durante fiscaliza\u00e7\u00e3o do defeso - Brasil not\u00edcias<\/title>\n<meta name=\"robots\" content=\"index, follow, max-snippet:-1, max-image-preview:large, max-video-preview:-1\" \/>\n<link rel=\"canonical\" href=\"https:\/\/brasilnoticias.org\/site\/inema-faz-doacao-de-alimentos-apreendidos-durante-fiscalizacao-do-defeso\/\" \/>\n<meta property=\"og:locale\" content=\"pt_PT\" \/>\n<meta property=\"og:type\" content=\"article\" \/>\n<meta property=\"og:title\" content=\"Inema faz doa\u00e7\u00e3o de alimentos apreendidos durante fiscaliza\u00e7\u00e3o do defeso - Brasil not\u00edcias\" \/>\n<meta property=\"og:description\" content=\"O Instituto do Meio Ambiente e Recursos H\u00eddricos (Inema) realizou, na manh\u00e3 desta sexta-feira (15), a doa\u00e7\u00e3o de 104 lagostas\" \/>\n<meta property=\"og:url\" content=\"https:\/\/brasilnoticias.org\/site\/inema-faz-doacao-de-alimentos-apreendidos-durante-fiscalizacao-do-defeso\/\" \/>\n<meta property=\"og:site_name\" content=\"Brasil not\u00edcias\" \/>\n<meta property=\"article:published_time\" content=\"2024-03-17T00:28:15+00:00\" \/>\n<meta property=\"og:image\" content=\"https:\/\/brasilnoticias.org\/site\/wp-content\/uploads\/2024\/03\/IMAGEM_NOTICIA_0.jpg\" \/>\n\t<meta property=\"og:image:width\" content=\"850\" \/>\n\t<meta property=\"og:image:height\" content=\"400\" \/>\n\t<meta property=\"og:image:type\" content=\"image\/jpeg\" \/>\n<meta name=\"author\" content=\"Reda\u00e7\u00e3o\" \/>\n<meta name=\"twitter:card\" content=\"summary_large_image\" \/>\n<meta name=\"twitter:label1\" content=\"Escrito por\" \/>\n\t<meta name=\"twitter:data1\" content=\"Reda\u00e7\u00e3o\" \/>\n\t<meta name=\"twitter:label2\" content=\"Tempo estimado de leitura\" \/>\n\t<meta name=\"twitter:data2\" content=\"1 minuto\" \/>\n<script type=\"application\/ld+json\" class=\"yoast-schema-graph\">{\"@context\":\"https:\/\/schema.org\",\"@graph\":[{\"@type\":\"Article\",\"@id\":\"https:\/\/brasilnoticias.org\/site\/inema-faz-doacao-de-alimentos-apreendidos-durante-fiscalizacao-do-defeso\/#article\",\"isPartOf\":{\"@id\":\"https:\/\/brasilnoticias.org\/site\/inema-faz-doacao-de-alimentos-apreendidos-durante-fiscalizacao-do-defeso\/\"},\"author\":{\"name\":\"Reda\u00e7\u00e3o\",\"@id\":\"https:\/\/brasilnoticias.org\/site\/#\/schema\/person\/03bbbfe6c7634ad18c26444ea39049fa\"},\"headline\":\"Inema faz doa\u00e7\u00e3o de alimentos apreendidos durante fiscaliza\u00e7\u00e3o do defeso\",\"datePublished\":\"2024-03-17T00:28:15+00:00\",\"mainEntityOfPage\":{\"@id\":\"https:\/\/brasilnoticias.org\/site\/inema-faz-doacao-de-alimentos-apreendidos-durante-fiscalizacao-do-defeso\/\"},\"wordCount\":397,\"commentCount\":0,\"publisher\":{\"@id\":\"https:\/\/brasilnoticias.org\/site\/#organization\"},\"image\":{\"@id\":\"https:\/\/brasilnoticias.org\/site\/inema-faz-doacao-de-alimentos-apreendidos-durante-fiscalizacao-do-defeso\/#primaryimage\"},\"thumbnailUrl\":\"https:\/\/brasilnoticias.org\/site\/wp-content\/uploads\/2024\/03\/IMAGEM_NOTICIA_0.jpg\",\"articleSection\":[\"Not\u00edcias\",\"\u00daltimas\"],\"inLanguage\":\"pt-PT\",\"potentialAction\":[{\"@type\":\"CommentAction\",\"name\":\"Comment\",\"target\":[\"https:\/\/brasilnoticias.org\/site\/inema-faz-doacao-de-alimentos-apreendidos-durante-fiscalizacao-do-defeso\/#respond\"]}]},{\"@type\":\"WebPage\",\"@id\":\"https:\/\/brasilnoticias.org\/site\/inema-faz-doacao-de-alimentos-apreendidos-durante-fiscalizacao-do-defeso\/\",\"url\":\"https:\/\/brasilnoticias.org\/site\/inema-faz-doacao-de-alimentos-apreendidos-durante-fiscalizacao-do-defeso\/\",\"name\":\"Inema faz doa\u00e7\u00e3o de alimentos apreendidos durante fiscaliza\u00e7\u00e3o do defeso - Brasil not\u00edcias\",\"isPartOf\":{\"@id\":\"https:\/\/brasilnoticias.org\/site\/#website\"},\"primaryImageOfPage\":{\"@id\":\"https:\/\/brasilnoticias.org\/site\/inema-faz-doacao-de-alimentos-apreendidos-durante-fiscalizacao-do-defeso\/#primaryimage\"},\"image\":{\"@id\":\"https:\/\/brasilnoticias.org\/site\/inema-faz-doacao-de-alimentos-apreendidos-durante-fiscalizacao-do-defeso\/#primaryimage\"},\"thumbnailUrl\":\"https:\/\/brasilnoticias.org\/site\/wp-content\/uploads\/2024\/03\/IMAGEM_NOTICIA_0.jpg\",\"datePublished\":\"2024-03-17T00:28:15+00:00\",\"breadcrumb\":{\"@id\":\"https:\/\/brasilnoticias.org\/site\/inema-faz-doacao-de-alimentos-apreendidos-durante-fiscalizacao-do-defeso\/#breadcrumb\"},\"inLanguage\":\"pt-PT\",\"potentialAction\":[{\"@type\":\"ReadAction\",\"target\":[\"https:\/\/brasilnoticias.org\/site\/inema-faz-doacao-de-alimentos-apreendidos-durante-fiscalizacao-do-defeso\/\"]}]},{\"@type\":\"ImageObject\",\"inLanguage\":\"pt-PT\",\"@id\":\"https:\/\/brasilnoticias.org\/site\/inema-faz-doacao-de-alimentos-apreendidos-durante-fiscalizacao-do-defeso\/#primaryimage\",\"url\":\"https:\/\/brasilnoticias.org\/site\/wp-content\/uploads\/2024\/03\/IMAGEM_NOTICIA_0.jpg\",\"contentUrl\":\"https:\/\/brasilnoticias.org\/site\/wp-content\/uploads\/2024\/03\/IMAGEM_NOTICIA_0.jpg\",\"width\":850,\"height\":400},{\"@type\":\"BreadcrumbList\",\"@id\":\"https:\/\/brasilnoticias.org\/site\/inema-faz-doacao-de-alimentos-apreendidos-durante-fiscalizacao-do-defeso\/#breadcrumb\",\"itemListElement\":[{\"@type\":\"ListItem\",\"position\":1,\"name\":\"In\u00edcio\",\"item\":\"https:\/\/brasilnoticias.org\/site\/\"},{\"@type\":\"ListItem\",\"position\":2,\"name\":\"Inema faz doa\u00e7\u00e3o de alimentos apreendidos durante fiscaliza\u00e7\u00e3o do defeso\"}]},{\"@type\":\"WebSite\",\"@id\":\"https:\/\/brasilnoticias.org\/site\/#website\",\"url\":\"https:\/\/brasilnoticias.org\/site\/\",\"name\":\"Brasil not\u00edcias\",\"description\":\"Brasil not\u00edcias\",\"publisher\":{\"@id\":\"https:\/\/brasilnoticias.org\/site\/#organization\"},\"potentialAction\":[{\"@type\":\"SearchAction\",\"target\":{\"@type\":\"EntryPoint\",\"urlTemplate\":\"https:\/\/brasilnoticias.org\/site\/?s={search_term_string}\"},\"query-input\":{\"@type\":\"PropertyValueSpecification\",\"valueRequired\":true,\"valueName\":\"search_term_string\"}}],\"inLanguage\":\"pt-PT\"},{\"@type\":\"Organization\",\"@id\":\"https:\/\/brasilnoticias.org\/site\/#organization\",\"name\":\"Brasil not\u00edcias\",\"url\":\"https:\/\/brasilnoticias.org\/site\/\",\"logo\":{\"@type\":\"ImageObject\",\"inLanguage\":\"pt-PT\",\"@id\":\"https:\/\/brasilnoticias.org\/site\/#\/schema\/logo\/image\/\",\"url\":\"https:\/\/brasilnoticias.org\/site\/wp-content\/uploads\/2022\/05\/cropped-brasilnoticias-mini.jpg\",\"contentUrl\":\"https:\/\/brasilnoticias.org\/site\/wp-content\/uploads\/2022\/05\/cropped-brasilnoticias-mini.jpg\",\"width\":314,\"height\":86,\"caption\":\"Brasil not\u00edcias\"},\"image\":{\"@id\":\"https:\/\/brasilnoticias.org\/site\/#\/schema\/logo\/image\/\"}},{\"@type\":\"Person\",\"@id\":\"https:\/\/brasilnoticias.org\/site\/#\/schema\/person\/03bbbfe6c7634ad18c26444ea39049fa\",\"name\":\"Reda\u00e7\u00e3o\",\"image\":{\"@type\":\"ImageObject\",\"inLanguage\":\"pt-PT\",\"@id\":\"https:\/\/brasilnoticias.org\/site\/#\/schema\/person\/image\/\",\"url\":\"https:\/\/secure.gravatar.com\/avatar\/9ecaf7327a696cb23ad926fedded5f1f04d7049de9e445375d55b48c001a6e42?s=96&d=mm&r=g\",\"contentUrl\":\"https:\/\/secure.gravatar.com\/avatar\/9ecaf7327a696cb23ad926fedded5f1f04d7049de9e445375d55b48c001a6e42?s=96&d=mm&r=g\",\"caption\":\"Reda\u00e7\u00e3o\"},\"url\":\"https:\/\/brasilnoticias.org\/site\/author\/henrique\/\"}]}<\/script>\n<!-- \/ Yoast SEO plugin. -->","yoast_head_json":{"title":"Inema faz doa\u00e7\u00e3o de alimentos apreendidos durante fiscaliza\u00e7\u00e3o do defeso - Brasil not\u00edcias","robots":{"index":"index","follow":"follow","max-snippet":"max-snippet:-1","max-image-preview":"max-image-preview:large","max-video-preview":"max-video-preview:-1"},"canonical":"https:\/\/brasilnoticias.org\/site\/inema-faz-doacao-de-alimentos-apreendidos-durante-fiscalizacao-do-defeso\/","og_locale":"pt_PT","og_type":"article","og_title":"Inema faz doa\u00e7\u00e3o de alimentos apreendidos durante fiscaliza\u00e7\u00e3o do defeso - Brasil not\u00edcias","og_description":"O Instituto do Meio Ambiente e Recursos H\u00eddricos (Inema) realizou, na manh\u00e3 desta sexta-feira (15), a doa\u00e7\u00e3o de 104 lagostas","og_url":"https:\/\/brasilnoticias.org\/site\/inema-faz-doacao-de-alimentos-apreendidos-durante-fiscalizacao-do-defeso\/","og_site_name":"Brasil not\u00edcias","article_published_time":"2024-03-17T00:28:15+00:00","og_image":[{"width":850,"height":400,"url":"https:\/\/brasilnoticias.org\/site\/wp-content\/uploads\/2024\/03\/IMAGEM_NOTICIA_0.jpg","type":"image\/jpeg"}],"author":"Reda\u00e7\u00e3o","twitter_card":"summary_large_image","twitter_misc":{"Escrito por":"Reda\u00e7\u00e3o","Tempo estimado de leitura":"1 minuto"},"schema":{"@context":"https:\/\/schema.org","@graph":[{"@type":"Article","@id":"https:\/\/brasilnoticias.org\/site\/inema-faz-doacao-de-alimentos-apreendidos-durante-fiscalizacao-do-defeso\/#article","isPartOf":{"@id":"https:\/\/brasilnoticias.org\/site\/inema-faz-doacao-de-alimentos-apreendidos-durante-fiscalizacao-do-defeso\/"},"author":{"name":"Reda\u00e7\u00e3o","@id":"https:\/\/brasilnoticias.org\/site\/#\/schema\/person\/03bbbfe6c7634ad18c26444ea39049fa"},"headline":"Inema faz doa\u00e7\u00e3o de alimentos apreendidos durante fiscaliza\u00e7\u00e3o do defeso","datePublished":"2024-03-17T00:28:15+00:00","mainEntityOfPage":{"@id":"https:\/\/brasilnoticias.org\/site\/inema-faz-doacao-de-alimentos-apreendidos-durante-fiscalizacao-do-defeso\/"},"wordCount":397,"commentCount":0,"publisher":{"@id":"https:\/\/brasilnoticias.org\/site\/#organization"},"image":{"@id":"https:\/\/brasilnoticias.org\/site\/inema-faz-doacao-de-alimentos-apreendidos-durante-fiscalizacao-do-defeso\/#primaryimage"},"thumbnailUrl":"https:\/\/brasilnoticias.org\/site\/wp-content\/uploads\/2024\/03\/IMAGEM_NOTICIA_0.jpg","articleSection":["Not\u00edcias","\u00daltimas"],"inLanguage":"pt-PT","potentialAction":[{"@type":"CommentAction","name":"Comment","target":["https:\/\/brasilnoticias.org\/site\/inema-faz-doacao-de-alimentos-apreendidos-durante-fiscalizacao-do-defeso\/#respond"]}]},{"@type":"WebPage","@id":"https:\/\/brasilnoticias.org\/site\/inema-faz-doacao-de-alimentos-apreendidos-durante-fiscalizacao-do-defeso\/","url":"https:\/\/brasilnoticias.org\/site\/inema-faz-doacao-de-alimentos-apreendidos-durante-fiscalizacao-do-defeso\/","name":"Inema faz doa\u00e7\u00e3o de alimentos apreendidos durante fiscaliza\u00e7\u00e3o do defeso - Brasil not\u00edcias","isPartOf":{"@id":"https:\/\/brasilnoticias.org\/site\/#website"},"primaryImageOfPage":{"@id":"https:\/\/brasilnoticias.org\/site\/inema-faz-doacao-de-alimentos-apreendidos-durante-fiscalizacao-do-defeso\/#primaryimage"},"image":{"@id":"https:\/\/brasilnoticias.org\/site\/inema-faz-doacao-de-alimentos-apreendidos-durante-fiscalizacao-do-defeso\/#primaryimage"},"thumbnailUrl":"https:\/\/brasilnoticias.org\/site\/wp-content\/uploads\/2024\/03\/IMAGEM_NOTICIA_0.jpg","datePublished":"2024-03-17T00:28:15+00:00","breadcrumb":{"@id":"https:\/\/brasilnoticias.org\/site\/inema-faz-doacao-de-alimentos-apreendidos-durante-fiscalizacao-do-defeso\/#breadcrumb"},"inLanguage":"pt-PT","potentialAction":[{"@type":"ReadAction","target":["https:\/\/brasilnoticias.org\/site\/inema-faz-doacao-de-alimentos-apreendidos-durante-fiscalizacao-do-defeso\/"]}]},{"@type":"ImageObject","inLanguage":"pt-PT","@id":"https:\/\/brasilnoticias.org\/site\/inema-faz-doacao-de-alimentos-apreendidos-durante-fiscalizacao-do-defeso\/#primaryimage","url":"https:\/\/brasilnoticias.org\/site\/wp-content\/uploads\/2024\/03\/IMAGEM_NOTICIA_0.jpg","contentUrl":"https:\/\/brasilnoticias.org\/site\/wp-content\/uploads\/2024\/03\/IMAGEM_NOTICIA_0.jpg","width":850,"height":400},{"@type":"BreadcrumbList","@id":"https:\/\/brasilnoticias.org\/site\/inema-faz-doacao-de-alimentos-apreendidos-durante-fiscalizacao-do-defeso\/#breadcrumb","itemListElement":[{"@type":"ListItem","position":1,"name":"In\u00edcio","item":"https:\/\/brasilnoticias.org\/site\/"},{"@type":"ListItem","position":2,"name":"Inema faz doa\u00e7\u00e3o de alimentos apreendidos durante fiscaliza\u00e7\u00e3o do defeso"}]},{"@type":"WebSite","@id":"https:\/\/brasilnoticias.org\/site\/#website","url":"https:\/\/brasilnoticias.org\/site\/","name":"Brasil not\u00edcias","description":"Brasil not\u00edcias","publisher":{"@id":"https:\/\/brasilnoticias.org\/site\/#organization"},"potentialAction":[{"@type":"SearchAction","target":{"@type":"EntryPoint","urlTemplate":"https:\/\/brasilnoticias.org\/site\/?s={search_term_string}"},"query-input":{"@type":"PropertyValueSpecification","valueRequired":true,"valueName":"search_term_string"}}],"inLanguage":"pt-PT"},{"@type":"Organization","@id":"https:\/\/brasilnoticias.org\/site\/#organization","name":"Brasil not\u00edcias","url":"https:\/\/brasilnoticias.org\/site\/","logo":{"@type":"ImageObject","inLanguage":"pt-PT","@id":"https:\/\/brasilnoticias.org\/site\/#\/schema\/logo\/image\/","url":"https:\/\/brasilnoticias.org\/site\/wp-content\/uploads\/2022\/05\/cropped-brasilnoticias-mini.jpg","contentUrl":"https:\/\/brasilnoticias.org\/site\/wp-content\/uploads\/2022\/05\/cropped-brasilnoticias-mini.jpg","width":314,"height":86,"caption":"Brasil not\u00edcias"},"image":{"@id":"https:\/\/brasilnoticias.org\/site\/#\/schema\/logo\/image\/"}},{"@type":"Person","@id":"https:\/\/brasilnoticias.org\/site\/#\/schema\/person\/03bbbfe6c7634ad18c26444ea39049fa","name":"Reda\u00e7\u00e3o","image":{"@type":"ImageObject","inLanguage":"pt-PT","@id":"https:\/\/brasilnoticias.org\/site\/#\/schema\/person\/image\/","url":"https:\/\/secure.gravatar.com\/avatar\/9ecaf7327a696cb23ad926fedded5f1f04d7049de9e445375d55b48c001a6e42?s=96&d=mm&r=g","contentUrl":"https:\/\/secure.gravatar.com\/avatar\/9ecaf7327a696cb23ad926fedded5f1f04d7049de9e445375d55b48c001a6e42?s=96&d=mm&r=g","caption":"Reda\u00e7\u00e3o"},"url":"https:\/\/brasilnoticias.org\/site\/author\/henrique\/"}]}},"_links":{"self":[{"href":"https:\/\/brasilnoticias.org\/site\/wp-json\/wp\/v2\/posts\/13109","targetHints":{"allow":["GET"]}}],"collection":[{"href":"https:\/\/brasilnoticias.org\/site\/wp-json\/wp\/v2\/posts"}],"about":[{"href":"https:\/\/brasilnoticias.org\/site\/wp-json\/wp\/v2\/types\/post"}],"author":[{"embeddable":true,"href":"https:\/\/brasilnoticias.org\/site\/wp-json\/wp\/v2\/users\/4"}],"replies":[{"embeddable":true,"href":"https:\/\/brasilnoticias.org\/site\/wp-json\/wp\/v2\/comments?post=13109"}],"version-history":[{"count":1,"href":"https:\/\/brasilnoticias.org\/site\/wp-json\/wp\/v2\/posts\/13109\/revisions"}],"predecessor-version":[{"id":13111,"href":"https:\/\/brasilnoticias.org\/site\/wp-json\/wp\/v2\/posts\/13109\/revisions\/13111"}],"wp:featuredmedia":[{"embeddable":true,"href":"https:\/\/brasilnoticias.org\/site\/wp-json\/wp\/v2\/media\/13110"}],"wp:attachment":[{"href":"https:\/\/brasilnoticias.org\/site\/wp-json\/wp\/v2\/media?parent=13109"}],"wp:term":[{"taxonomy":"category","embeddable":true,"href":"https:\/\/brasilnoticias.org\/site\/wp-json\/wp\/v2\/categories?post=13109"},{"taxonomy":"post_tag","embeddable":true,"href":"https:\/\/brasilnoticias.org\/site\/wp-json\/wp\/v2\/tags?post=13109"}],"curies":[{"name":"wp","href":"https:\/\/api.w.org\/{rel}","templated":true}]}}