{"id":13115,"date":"2024-03-16T21:30:37","date_gmt":"2024-03-17T00:30:37","guid":{"rendered":"https:\/\/brasilnoticias.org\/site\/?p=13115"},"modified":"2024-03-16T21:30:37","modified_gmt":"2024-03-17T00:30:37","slug":"pl-quer-semana-de-prevencao-a-violencia-contra-crianca-e-adolescente","status":"publish","type":"post","link":"https:\/\/brasilnoticias.org\/site\/pl-quer-semana-de-prevencao-a-violencia-contra-crianca-e-adolescente\/","title":{"rendered":"PL quer Semana de Preven\u00e7\u00e3o \u00e0 Viol\u00eancia contra Crian\u00e7a e Adolescente"},"content":{"rendered":"<p>O Projeto de Lei 20.383\/2013, de autoria do deputado Jos\u00e9 de Arimateia (Republicanos), que prop\u00f5e a cria\u00e7\u00e3o da Semana Estadual de Preven\u00e7\u00e3o \u00e0 Viol\u00eancia contra Crian\u00e7as e Adolescentes na Bahia, foi aprovado com parecer favor\u00e1vel da Comiss\u00e3o de Seguran\u00e7a P\u00fablica e Direitos Humanos da Assembleia Legislativa da Bahia (ALBA), na reuni\u00e3o ordin\u00e1ria da manh\u00e3 de ontem (12).<\/p>\n<p>No documento, o parlamentar citou dados do ano passado, divulgados pelo Minist\u00e9rio dos Direitos Humanos e Cidadania, que registrou, pelo Disque 100, mais de 17 mil viola\u00e7\u00f5es sexuais de janeiro a abril de 2023, 69,3 mil den\u00fancias e 397 mil viola\u00e7\u00f5es de direitos humanos de menores.<\/p>\n<p>A quest\u00e3o, segundo Arimateia, \u00e9 de elevado interesse p\u00fablico e os dados mostram a necessidade de fortalecimento de medidas que proporcionem \u00e0s crian\u00e7as e aos adolescentes uma vida livre de viol\u00eancias. \u201cA iniciativa surgiu na tentativa de gerar reflex\u00e3o e an\u00e1lise da pol\u00edtica estadual de preven\u00e7\u00e3o \u00e0 viol\u00eancia, que tanto atinge a juventude.\u201d<\/p>\n<p>Entre os objetivos da campanha, est\u00e3o:<\/p>\n<p>I \u2013 Confec\u00e7\u00e3o de cartazes, folders e materiais informativos, com mensagens que incentivem, orientem e conscientizem sobre a import\u00e2ncia do tema.<\/p>\n<p>II \u2013 Promover a reflex\u00e3o, a conscientiza\u00e7\u00e3o e a an\u00e1lise da pol\u00edtica estadual de preven\u00e7\u00e3o \u00e0 viol\u00eancia que atinge esta comunidade.<\/p>\n<p>III \u2013 Parceria com os Conselhos Tutelares para a realiza\u00e7\u00e3o de campanhas educativas, em conjunto com a Secretaria de Educa\u00e7\u00e3o do Estado.<\/p>\n<p>Conforme o PL, a Semana Estadual de Preven\u00e7\u00e3o \u00e0 Viol\u00eancia contra Crian\u00e7as e Adolescentes ser\u00e1 realizada anualmente na segunda quinzena de julho.<\/p>\n","protected":false},"excerpt":{"rendered":"<p>O Projeto de Lei 20.383\/2013, de autoria do deputado Jos\u00e9 de Arimateia (Republicanos), que prop\u00f5e a cria\u00e7\u00e3o da Semana Estadual<\/p>\n","protected":false},"author":4,"featured_media":13116,"comment_status":"open","ping_status":"open","sticky":false,"template":"","format":"standard","meta":{"colormag_page_container_layout":"default_layout","colormag_page_sidebar_layout":"default_layout","_FSMCFIC_featured_image_caption":"","_FSMCFIC_featured_image_nocaption":"","_FSMCFIC_featured_image_hide":"","footnotes":""},"categories":[5,1],"tags":[],"class_list":["post-13115","post","type-post","status-publish","format-standard","has-post-thumbnail","hentry","category-politica","category-ultimas"],"yoast_head":"<!-- This site is optimized with the Yoast SEO plugin v27.1.1 - https:\/\/yoast.com\/product\/yoast-seo-wordpress\/ -->\n<title>PL quer Semana de Preven\u00e7\u00e3o \u00e0 Viol\u00eancia contra Crian\u00e7a e Adolescente - Brasil not\u00edcias<\/title>\n<meta name=\"robots\" content=\"index, follow, max-snippet:-1, max-image-preview:large, max-video-preview:-1\" \/>\n<link rel=\"canonical\" href=\"https:\/\/brasilnoticias.org\/site\/pl-quer-semana-de-prevencao-a-violencia-contra-crianca-e-adolescente\/\" \/>\n<meta property=\"og:locale\" content=\"pt_PT\" \/>\n<meta property=\"og:type\" content=\"article\" \/>\n<meta property=\"og:title\" content=\"PL quer Semana de Preven\u00e7\u00e3o \u00e0 Viol\u00eancia contra Crian\u00e7a e Adolescente - Brasil not\u00edcias\" \/>\n<meta property=\"og:description\" content=\"O Projeto de Lei 20.383\/2013, de autoria do deputado Jos\u00e9 de Arimateia (Republicanos), que prop\u00f5e a cria\u00e7\u00e3o da Semana Estadual\" \/>\n<meta property=\"og:url\" content=\"https:\/\/brasilnoticias.org\/site\/pl-quer-semana-de-prevencao-a-violencia-contra-crianca-e-adolescente\/\" \/>\n<meta property=\"og:site_name\" content=\"Brasil not\u00edcias\" \/>\n<meta property=\"article:published_time\" content=\"2024-03-17T00:30:37+00:00\" \/>\n<meta property=\"og:image\" content=\"https:\/\/brasilnoticias.org\/site\/wp-content\/uploads\/2024\/03\/IMAGEM_NOTICIA_2-1-1.jpg\" \/>\n\t<meta property=\"og:image:width\" content=\"300\" \/>\n\t<meta property=\"og:image:height\" content=\"200\" \/>\n\t<meta property=\"og:image:type\" content=\"image\/jpeg\" \/>\n<meta name=\"author\" content=\"Reda\u00e7\u00e3o\" \/>\n<meta name=\"twitter:card\" content=\"summary_large_image\" \/>\n<meta name=\"twitter:label1\" content=\"Escrito por\" \/>\n\t<meta name=\"twitter:data1\" content=\"Reda\u00e7\u00e3o\" \/>\n<script type=\"application\/ld+json\" class=\"yoast-schema-graph\">{\"@context\":\"https:\/\/schema.org\",\"@graph\":[{\"@type\":\"Article\",\"@id\":\"https:\/\/brasilnoticias.org\/site\/pl-quer-semana-de-prevencao-a-violencia-contra-crianca-e-adolescente\/#article\",\"isPartOf\":{\"@id\":\"https:\/\/brasilnoticias.org\/site\/pl-quer-semana-de-prevencao-a-violencia-contra-crianca-e-adolescente\/\"},\"author\":{\"name\":\"Reda\u00e7\u00e3o\",\"@id\":\"https:\/\/brasilnoticias.org\/site\/#\/schema\/person\/03bbbfe6c7634ad18c26444ea39049fa\"},\"headline\":\"PL quer Semana de Preven\u00e7\u00e3o \u00e0 Viol\u00eancia contra Crian\u00e7a e Adolescente\",\"datePublished\":\"2024-03-17T00:30:37+00:00\",\"mainEntityOfPage\":{\"@id\":\"https:\/\/brasilnoticias.org\/site\/pl-quer-semana-de-prevencao-a-violencia-contra-crianca-e-adolescente\/\"},\"wordCount\":284,\"commentCount\":0,\"publisher\":{\"@id\":\"https:\/\/brasilnoticias.org\/site\/#organization\"},\"image\":{\"@id\":\"https:\/\/brasilnoticias.org\/site\/pl-quer-semana-de-prevencao-a-violencia-contra-crianca-e-adolescente\/#primaryimage\"},\"thumbnailUrl\":\"https:\/\/brasilnoticias.org\/site\/wp-content\/uploads\/2024\/03\/IMAGEM_NOTICIA_2-1-1.jpg\",\"articleSection\":[\"Pol\u00edtica\",\"\u00daltimas\"],\"inLanguage\":\"pt-PT\",\"potentialAction\":[{\"@type\":\"CommentAction\",\"name\":\"Comment\",\"target\":[\"https:\/\/brasilnoticias.org\/site\/pl-quer-semana-de-prevencao-a-violencia-contra-crianca-e-adolescente\/#respond\"]}]},{\"@type\":\"WebPage\",\"@id\":\"https:\/\/brasilnoticias.org\/site\/pl-quer-semana-de-prevencao-a-violencia-contra-crianca-e-adolescente\/\",\"url\":\"https:\/\/brasilnoticias.org\/site\/pl-quer-semana-de-prevencao-a-violencia-contra-crianca-e-adolescente\/\",\"name\":\"PL quer Semana de Preven\u00e7\u00e3o \u00e0 Viol\u00eancia contra Crian\u00e7a e Adolescente - Brasil not\u00edcias\",\"isPartOf\":{\"@id\":\"https:\/\/brasilnoticias.org\/site\/#website\"},\"primaryImageOfPage\":{\"@id\":\"https:\/\/brasilnoticias.org\/site\/pl-quer-semana-de-prevencao-a-violencia-contra-crianca-e-adolescente\/#primaryimage\"},\"image\":{\"@id\":\"https:\/\/brasilnoticias.org\/site\/pl-quer-semana-de-prevencao-a-violencia-contra-crianca-e-adolescente\/#primaryimage\"},\"thumbnailUrl\":\"https:\/\/brasilnoticias.org\/site\/wp-content\/uploads\/2024\/03\/IMAGEM_NOTICIA_2-1-1.jpg\",\"datePublished\":\"2024-03-17T00:30:37+00:00\",\"breadcrumb\":{\"@id\":\"https:\/\/brasilnoticias.org\/site\/pl-quer-semana-de-prevencao-a-violencia-contra-crianca-e-adolescente\/#breadcrumb\"},\"inLanguage\":\"pt-PT\",\"potentialAction\":[{\"@type\":\"ReadAction\",\"target\":[\"https:\/\/brasilnoticias.org\/site\/pl-quer-semana-de-prevencao-a-violencia-contra-crianca-e-adolescente\/\"]}]},{\"@type\":\"ImageObject\",\"inLanguage\":\"pt-PT\",\"@id\":\"https:\/\/brasilnoticias.org\/site\/pl-quer-semana-de-prevencao-a-violencia-contra-crianca-e-adolescente\/#primaryimage\",\"url\":\"https:\/\/brasilnoticias.org\/site\/wp-content\/uploads\/2024\/03\/IMAGEM_NOTICIA_2-1-1.jpg\",\"contentUrl\":\"https:\/\/brasilnoticias.org\/site\/wp-content\/uploads\/2024\/03\/IMAGEM_NOTICIA_2-1-1.jpg\",\"width\":300,\"height\":200},{\"@type\":\"BreadcrumbList\",\"@id\":\"https:\/\/brasilnoticias.org\/site\/pl-quer-semana-de-prevencao-a-violencia-contra-crianca-e-adolescente\/#breadcrumb\",\"itemListElement\":[{\"@type\":\"ListItem\",\"position\":1,\"name\":\"In\u00edcio\",\"item\":\"https:\/\/brasilnoticias.org\/site\/\"},{\"@type\":\"ListItem\",\"position\":2,\"name\":\"PL quer Semana de Preven\u00e7\u00e3o \u00e0 Viol\u00eancia contra Crian\u00e7a e Adolescente\"}]},{\"@type\":\"WebSite\",\"@id\":\"https:\/\/brasilnoticias.org\/site\/#website\",\"url\":\"https:\/\/brasilnoticias.org\/site\/\",\"name\":\"Brasil not\u00edcias\",\"description\":\"Brasil not\u00edcias\",\"publisher\":{\"@id\":\"https:\/\/brasilnoticias.org\/site\/#organization\"},\"potentialAction\":[{\"@type\":\"SearchAction\",\"target\":{\"@type\":\"EntryPoint\",\"urlTemplate\":\"https:\/\/brasilnoticias.org\/site\/?s={search_term_string}\"},\"query-input\":{\"@type\":\"PropertyValueSpecification\",\"valueRequired\":true,\"valueName\":\"search_term_string\"}}],\"inLanguage\":\"pt-PT\"},{\"@type\":\"Organization\",\"@id\":\"https:\/\/brasilnoticias.org\/site\/#organization\",\"name\":\"Brasil not\u00edcias\",\"url\":\"https:\/\/brasilnoticias.org\/site\/\",\"logo\":{\"@type\":\"ImageObject\",\"inLanguage\":\"pt-PT\",\"@id\":\"https:\/\/brasilnoticias.org\/site\/#\/schema\/logo\/image\/\",\"url\":\"https:\/\/brasilnoticias.org\/site\/wp-content\/uploads\/2022\/05\/cropped-brasilnoticias-mini.jpg\",\"contentUrl\":\"https:\/\/brasilnoticias.org\/site\/wp-content\/uploads\/2022\/05\/cropped-brasilnoticias-mini.jpg\",\"width\":314,\"height\":86,\"caption\":\"Brasil not\u00edcias\"},\"image\":{\"@id\":\"https:\/\/brasilnoticias.org\/site\/#\/schema\/logo\/image\/\"}},{\"@type\":\"Person\",\"@id\":\"https:\/\/brasilnoticias.org\/site\/#\/schema\/person\/03bbbfe6c7634ad18c26444ea39049fa\",\"name\":\"Reda\u00e7\u00e3o\",\"image\":{\"@type\":\"ImageObject\",\"inLanguage\":\"pt-PT\",\"@id\":\"https:\/\/brasilnoticias.org\/site\/#\/schema\/person\/image\/\",\"url\":\"https:\/\/secure.gravatar.com\/avatar\/9ecaf7327a696cb23ad926fedded5f1f04d7049de9e445375d55b48c001a6e42?s=96&d=mm&r=g\",\"contentUrl\":\"https:\/\/secure.gravatar.com\/avatar\/9ecaf7327a696cb23ad926fedded5f1f04d7049de9e445375d55b48c001a6e42?s=96&d=mm&r=g\",\"caption\":\"Reda\u00e7\u00e3o\"},\"url\":\"https:\/\/brasilnoticias.org\/site\/author\/henrique\/\"}]}<\/script>\n<!-- \/ Yoast SEO plugin. -->","yoast_head_json":{"title":"PL quer Semana de Preven\u00e7\u00e3o \u00e0 Viol\u00eancia contra Crian\u00e7a e Adolescente - Brasil not\u00edcias","robots":{"index":"index","follow":"follow","max-snippet":"max-snippet:-1","max-image-preview":"max-image-preview:large","max-video-preview":"max-video-preview:-1"},"canonical":"https:\/\/brasilnoticias.org\/site\/pl-quer-semana-de-prevencao-a-violencia-contra-crianca-e-adolescente\/","og_locale":"pt_PT","og_type":"article","og_title":"PL quer Semana de Preven\u00e7\u00e3o \u00e0 Viol\u00eancia contra Crian\u00e7a e Adolescente - Brasil not\u00edcias","og_description":"O Projeto de Lei 20.383\/2013, de autoria do deputado Jos\u00e9 de Arimateia (Republicanos), que prop\u00f5e a cria\u00e7\u00e3o da Semana Estadual","og_url":"https:\/\/brasilnoticias.org\/site\/pl-quer-semana-de-prevencao-a-violencia-contra-crianca-e-adolescente\/","og_site_name":"Brasil not\u00edcias","article_published_time":"2024-03-17T00:30:37+00:00","og_image":[{"width":300,"height":200,"url":"https:\/\/brasilnoticias.org\/site\/wp-content\/uploads\/2024\/03\/IMAGEM_NOTICIA_2-1-1.jpg","type":"image\/jpeg"}],"author":"Reda\u00e7\u00e3o","twitter_card":"summary_large_image","twitter_misc":{"Escrito por":"Reda\u00e7\u00e3o"},"schema":{"@context":"https:\/\/schema.org","@graph":[{"@type":"Article","@id":"https:\/\/brasilnoticias.org\/site\/pl-quer-semana-de-prevencao-a-violencia-contra-crianca-e-adolescente\/#article","isPartOf":{"@id":"https:\/\/brasilnoticias.org\/site\/pl-quer-semana-de-prevencao-a-violencia-contra-crianca-e-adolescente\/"},"author":{"name":"Reda\u00e7\u00e3o","@id":"https:\/\/brasilnoticias.org\/site\/#\/schema\/person\/03bbbfe6c7634ad18c26444ea39049fa"},"headline":"PL quer Semana de Preven\u00e7\u00e3o \u00e0 Viol\u00eancia contra Crian\u00e7a e Adolescente","datePublished":"2024-03-17T00:30:37+00:00","mainEntityOfPage":{"@id":"https:\/\/brasilnoticias.org\/site\/pl-quer-semana-de-prevencao-a-violencia-contra-crianca-e-adolescente\/"},"wordCount":284,"commentCount":0,"publisher":{"@id":"https:\/\/brasilnoticias.org\/site\/#organization"},"image":{"@id":"https:\/\/brasilnoticias.org\/site\/pl-quer-semana-de-prevencao-a-violencia-contra-crianca-e-adolescente\/#primaryimage"},"thumbnailUrl":"https:\/\/brasilnoticias.org\/site\/wp-content\/uploads\/2024\/03\/IMAGEM_NOTICIA_2-1-1.jpg","articleSection":["Pol\u00edtica","\u00daltimas"],"inLanguage":"pt-PT","potentialAction":[{"@type":"CommentAction","name":"Comment","target":["https:\/\/brasilnoticias.org\/site\/pl-quer-semana-de-prevencao-a-violencia-contra-crianca-e-adolescente\/#respond"]}]},{"@type":"WebPage","@id":"https:\/\/brasilnoticias.org\/site\/pl-quer-semana-de-prevencao-a-violencia-contra-crianca-e-adolescente\/","url":"https:\/\/brasilnoticias.org\/site\/pl-quer-semana-de-prevencao-a-violencia-contra-crianca-e-adolescente\/","name":"PL quer Semana de Preven\u00e7\u00e3o \u00e0 Viol\u00eancia contra Crian\u00e7a e Adolescente - Brasil not\u00edcias","isPartOf":{"@id":"https:\/\/brasilnoticias.org\/site\/#website"},"primaryImageOfPage":{"@id":"https:\/\/brasilnoticias.org\/site\/pl-quer-semana-de-prevencao-a-violencia-contra-crianca-e-adolescente\/#primaryimage"},"image":{"@id":"https:\/\/brasilnoticias.org\/site\/pl-quer-semana-de-prevencao-a-violencia-contra-crianca-e-adolescente\/#primaryimage"},"thumbnailUrl":"https:\/\/brasilnoticias.org\/site\/wp-content\/uploads\/2024\/03\/IMAGEM_NOTICIA_2-1-1.jpg","datePublished":"2024-03-17T00:30:37+00:00","breadcrumb":{"@id":"https:\/\/brasilnoticias.org\/site\/pl-quer-semana-de-prevencao-a-violencia-contra-crianca-e-adolescente\/#breadcrumb"},"inLanguage":"pt-PT","potentialAction":[{"@type":"ReadAction","target":["https:\/\/brasilnoticias.org\/site\/pl-quer-semana-de-prevencao-a-violencia-contra-crianca-e-adolescente\/"]}]},{"@type":"ImageObject","inLanguage":"pt-PT","@id":"https:\/\/brasilnoticias.org\/site\/pl-quer-semana-de-prevencao-a-violencia-contra-crianca-e-adolescente\/#primaryimage","url":"https:\/\/brasilnoticias.org\/site\/wp-content\/uploads\/2024\/03\/IMAGEM_NOTICIA_2-1-1.jpg","contentUrl":"https:\/\/brasilnoticias.org\/site\/wp-content\/uploads\/2024\/03\/IMAGEM_NOTICIA_2-1-1.jpg","width":300,"height":200},{"@type":"BreadcrumbList","@id":"https:\/\/brasilnoticias.org\/site\/pl-quer-semana-de-prevencao-a-violencia-contra-crianca-e-adolescente\/#breadcrumb","itemListElement":[{"@type":"ListItem","position":1,"name":"In\u00edcio","item":"https:\/\/brasilnoticias.org\/site\/"},{"@type":"ListItem","position":2,"name":"PL quer Semana de Preven\u00e7\u00e3o \u00e0 Viol\u00eancia contra Crian\u00e7a e Adolescente"}]},{"@type":"WebSite","@id":"https:\/\/brasilnoticias.org\/site\/#website","url":"https:\/\/brasilnoticias.org\/site\/","name":"Brasil not\u00edcias","description":"Brasil not\u00edcias","publisher":{"@id":"https:\/\/brasilnoticias.org\/site\/#organization"},"potentialAction":[{"@type":"SearchAction","target":{"@type":"EntryPoint","urlTemplate":"https:\/\/brasilnoticias.org\/site\/?s={search_term_string}"},"query-input":{"@type":"PropertyValueSpecification","valueRequired":true,"valueName":"search_term_string"}}],"inLanguage":"pt-PT"},{"@type":"Organization","@id":"https:\/\/brasilnoticias.org\/site\/#organization","name":"Brasil not\u00edcias","url":"https:\/\/brasilnoticias.org\/site\/","logo":{"@type":"ImageObject","inLanguage":"pt-PT","@id":"https:\/\/brasilnoticias.org\/site\/#\/schema\/logo\/image\/","url":"https:\/\/brasilnoticias.org\/site\/wp-content\/uploads\/2022\/05\/cropped-brasilnoticias-mini.jpg","contentUrl":"https:\/\/brasilnoticias.org\/site\/wp-content\/uploads\/2022\/05\/cropped-brasilnoticias-mini.jpg","width":314,"height":86,"caption":"Brasil not\u00edcias"},"image":{"@id":"https:\/\/brasilnoticias.org\/site\/#\/schema\/logo\/image\/"}},{"@type":"Person","@id":"https:\/\/brasilnoticias.org\/site\/#\/schema\/person\/03bbbfe6c7634ad18c26444ea39049fa","name":"Reda\u00e7\u00e3o","image":{"@type":"ImageObject","inLanguage":"pt-PT","@id":"https:\/\/brasilnoticias.org\/site\/#\/schema\/person\/image\/","url":"https:\/\/secure.gravatar.com\/avatar\/9ecaf7327a696cb23ad926fedded5f1f04d7049de9e445375d55b48c001a6e42?s=96&d=mm&r=g","contentUrl":"https:\/\/secure.gravatar.com\/avatar\/9ecaf7327a696cb23ad926fedded5f1f04d7049de9e445375d55b48c001a6e42?s=96&d=mm&r=g","caption":"Reda\u00e7\u00e3o"},"url":"https:\/\/brasilnoticias.org\/site\/author\/henrique\/"}]}},"_links":{"self":[{"href":"https:\/\/brasilnoticias.org\/site\/wp-json\/wp\/v2\/posts\/13115","targetHints":{"allow":["GET"]}}],"collection":[{"href":"https:\/\/brasilnoticias.org\/site\/wp-json\/wp\/v2\/posts"}],"about":[{"href":"https:\/\/brasilnoticias.org\/site\/wp-json\/wp\/v2\/types\/post"}],"author":[{"embeddable":true,"href":"https:\/\/brasilnoticias.org\/site\/wp-json\/wp\/v2\/users\/4"}],"replies":[{"embeddable":true,"href":"https:\/\/brasilnoticias.org\/site\/wp-json\/wp\/v2\/comments?post=13115"}],"version-history":[{"count":1,"href":"https:\/\/brasilnoticias.org\/site\/wp-json\/wp\/v2\/posts\/13115\/revisions"}],"predecessor-version":[{"id":13117,"href":"https:\/\/brasilnoticias.org\/site\/wp-json\/wp\/v2\/posts\/13115\/revisions\/13117"}],"wp:featuredmedia":[{"embeddable":true,"href":"https:\/\/brasilnoticias.org\/site\/wp-json\/wp\/v2\/media\/13116"}],"wp:attachment":[{"href":"https:\/\/brasilnoticias.org\/site\/wp-json\/wp\/v2\/media?parent=13115"}],"wp:term":[{"taxonomy":"category","embeddable":true,"href":"https:\/\/brasilnoticias.org\/site\/wp-json\/wp\/v2\/categories?post=13115"},{"taxonomy":"post_tag","embeddable":true,"href":"https:\/\/brasilnoticias.org\/site\/wp-json\/wp\/v2\/tags?post=13115"}],"curies":[{"name":"wp","href":"https:\/\/api.w.org\/{rel}","templated":true}]}}