{"id":13118,"date":"2024-03-17T10:32:36","date_gmt":"2024-03-17T13:32:36","guid":{"rendered":"https:\/\/brasilnoticias.org\/site\/?p=13118"},"modified":"2024-03-16T21:36:42","modified_gmt":"2024-03-17T00:36:42","slug":"lula-ataca-milei-e-bolsonaro-extrema-direita-raivosa-e-fascismo-colocam-a-democracia-em-risco","status":"publish","type":"post","link":"https:\/\/brasilnoticias.org\/site\/lula-ataca-milei-e-bolsonaro-extrema-direita-raivosa-e-fascismo-colocam-a-democracia-em-risco\/","title":{"rendered":"Lula ataca Milei e Bolsonaro: \u2018Extrema-direita raivosa e fascismo colocam a democracia em risco\u2019"},"content":{"rendered":"<p>Na manh\u00e3 desta sexta-feira (15), durante cerim\u00f4nia de an\u00fancio de investimentos do governo federal no Rio Grande do Sul, o presidente Luiz In\u00e1cio Lula da Silva fez ataques a l\u00edderes de direita. Petista mencionou explicitamente figuras como o ex-presidente Jair Bolsonaro e o presidente argentino, Javier Milei.<\/p>\n<p>Lula comparou as pol\u00edticas de seu governo com as do governo anterior, criticando a postura de Bolsonaro em rela\u00e7\u00e3o aos governadores de estado, afirmando que estes \u201ccomeram o p\u00e3o que o diabo amassou\u201d sob sua gest\u00e3o. Ele destacou a polariza\u00e7\u00e3o e o \u00f3dio presentes na pol\u00edtica global, alertando para o risco que isso representa para a democracia.<\/p>\n<p>\u201cA democracia est\u00e1 correndo risco no mundo\u201d, afirmou Lula. \u201cA pol\u00edtica est\u00e1 tomada por um \u00f3dio que certamente a maioria de voc\u00eas nunca tinha vivido. N\u00e3o est\u00e1vamos acostumados a fazer pol\u00edtica assim.\u201d Ele ainda enfatizou que o \u00f3dio e a polariza\u00e7\u00e3o s\u00e3o alimentados pela extrema-direita, representada por figuras como Bolsonaro e Milei.<\/p>\n<p>\u201cA gente n\u00e3o tem que brigar apenas com um governador ou com um presidente. A gente tem que brigar contra um pensamento perverso, malvado, que odeia\u201d, ressaltou o ex-presidente. Lula tamb\u00e9m criticou Bolsonaro por sua postura e seu comportamento pol\u00edtico, afirmando que o atual presidente vive de provoca\u00e7\u00e3o e monta uma \u201cf\u00e1brica de fake news\u201d para evitar prestar contas de suas a\u00e7\u00f5es.<\/p>\n<p>O evento marcou a apresenta\u00e7\u00e3o do Novo PAC (Programa de Acelera\u00e7\u00e3o do Crescimento), que prev\u00ea um investimento de R$ 29,5 bilh\u00f5es ao longo do ano no estado ga\u00facho, em parceria com o setor privado, estados e munic\u00edpios. Segundo o governo, durante o mandato de Lula, a estimativa \u00e9 de um total de R$ 75,6 bilh\u00f5es em investimentos no estado.<\/p>\n<p>Foto: Paulo Pinto\/Ag\u00eancia Brasil<\/p>\n","protected":false},"excerpt":{"rendered":"<p>Na manh\u00e3 desta sexta-feira (15), durante cerim\u00f4nia de an\u00fancio de investimentos do governo federal no Rio Grande do Sul, o<\/p>\n","protected":false},"author":4,"featured_media":13124,"comment_status":"open","ping_status":"open","sticky":false,"template":"","format":"standard","meta":{"colormag_page_container_layout":"default_layout","colormag_page_sidebar_layout":"default_layout","_FSMCFIC_featured_image_caption":"","_FSMCFIC_featured_image_nocaption":"","_FSMCFIC_featured_image_hide":"","footnotes":""},"categories":[2,1],"tags":[],"class_list":["post-13118","post","type-post","status-publish","format-standard","has-post-thumbnail","hentry","category-noticias","category-ultimas"],"yoast_head":"<!-- This site is optimized with the Yoast SEO plugin v27.1.1 - https:\/\/yoast.com\/product\/yoast-seo-wordpress\/ -->\n<title>Lula ataca Milei e Bolsonaro: \u2018Extrema-direita raivosa e fascismo colocam a democracia em risco\u2019 - Brasil not\u00edcias<\/title>\n<meta name=\"robots\" content=\"index, follow, max-snippet:-1, max-image-preview:large, max-video-preview:-1\" \/>\n<link rel=\"canonical\" href=\"https:\/\/brasilnoticias.org\/site\/lula-ataca-milei-e-bolsonaro-extrema-direita-raivosa-e-fascismo-colocam-a-democracia-em-risco\/\" \/>\n<meta property=\"og:locale\" content=\"pt_PT\" \/>\n<meta property=\"og:type\" content=\"article\" \/>\n<meta property=\"og:title\" content=\"Lula ataca Milei e Bolsonaro: \u2018Extrema-direita raivosa e fascismo colocam a democracia em risco\u2019 - Brasil not\u00edcias\" \/>\n<meta property=\"og:description\" content=\"Na manh\u00e3 desta sexta-feira (15), durante cerim\u00f4nia de an\u00fancio de investimentos do governo federal no Rio Grande do Sul, o\" \/>\n<meta property=\"og:url\" content=\"https:\/\/brasilnoticias.org\/site\/lula-ataca-milei-e-bolsonaro-extrema-direita-raivosa-e-fascismo-colocam-a-democracia-em-risco\/\" \/>\n<meta property=\"og:site_name\" content=\"Brasil not\u00edcias\" \/>\n<meta property=\"article:published_time\" content=\"2024-03-17T13:32:36+00:00\" \/>\n<meta property=\"og:image\" content=\"https:\/\/brasilnoticias.org\/site\/wp-content\/uploads\/2024\/03\/oAjlgHTk.jpg\" \/>\n\t<meta property=\"og:image:width\" content=\"1536\" \/>\n\t<meta property=\"og:image:height\" content=\"863\" \/>\n\t<meta property=\"og:image:type\" content=\"image\/jpeg\" \/>\n<meta name=\"author\" content=\"Reda\u00e7\u00e3o\" \/>\n<meta name=\"twitter:card\" content=\"summary_large_image\" \/>\n<meta name=\"twitter:label1\" content=\"Escrito por\" \/>\n\t<meta name=\"twitter:data1\" content=\"Reda\u00e7\u00e3o\" \/>\n\t<meta name=\"twitter:label2\" content=\"Tempo estimado de leitura\" \/>\n\t<meta name=\"twitter:data2\" content=\"2 minutos\" \/>\n<script type=\"application\/ld+json\" class=\"yoast-schema-graph\">{\"@context\":\"https:\/\/schema.org\",\"@graph\":[{\"@type\":\"Article\",\"@id\":\"https:\/\/brasilnoticias.org\/site\/lula-ataca-milei-e-bolsonaro-extrema-direita-raivosa-e-fascismo-colocam-a-democracia-em-risco\/#article\",\"isPartOf\":{\"@id\":\"https:\/\/brasilnoticias.org\/site\/lula-ataca-milei-e-bolsonaro-extrema-direita-raivosa-e-fascismo-colocam-a-democracia-em-risco\/\"},\"author\":{\"name\":\"Reda\u00e7\u00e3o\",\"@id\":\"https:\/\/brasilnoticias.org\/site\/#\/schema\/person\/03bbbfe6c7634ad18c26444ea39049fa\"},\"headline\":\"Lula ataca Milei e Bolsonaro: \u2018Extrema-direita raivosa e fascismo colocam a democracia em risco\u2019\",\"datePublished\":\"2024-03-17T13:32:36+00:00\",\"mainEntityOfPage\":{\"@id\":\"https:\/\/brasilnoticias.org\/site\/lula-ataca-milei-e-bolsonaro-extrema-direita-raivosa-e-fascismo-colocam-a-democracia-em-risco\/\"},\"wordCount\":322,\"commentCount\":0,\"publisher\":{\"@id\":\"https:\/\/brasilnoticias.org\/site\/#organization\"},\"image\":{\"@id\":\"https:\/\/brasilnoticias.org\/site\/lula-ataca-milei-e-bolsonaro-extrema-direita-raivosa-e-fascismo-colocam-a-democracia-em-risco\/#primaryimage\"},\"thumbnailUrl\":\"https:\/\/brasilnoticias.org\/site\/wp-content\/uploads\/2024\/03\/oAjlgHTk.jpg\",\"articleSection\":[\"Not\u00edcias\",\"\u00daltimas\"],\"inLanguage\":\"pt-PT\",\"potentialAction\":[{\"@type\":\"CommentAction\",\"name\":\"Comment\",\"target\":[\"https:\/\/brasilnoticias.org\/site\/lula-ataca-milei-e-bolsonaro-extrema-direita-raivosa-e-fascismo-colocam-a-democracia-em-risco\/#respond\"]}]},{\"@type\":\"WebPage\",\"@id\":\"https:\/\/brasilnoticias.org\/site\/lula-ataca-milei-e-bolsonaro-extrema-direita-raivosa-e-fascismo-colocam-a-democracia-em-risco\/\",\"url\":\"https:\/\/brasilnoticias.org\/site\/lula-ataca-milei-e-bolsonaro-extrema-direita-raivosa-e-fascismo-colocam-a-democracia-em-risco\/\",\"name\":\"Lula ataca Milei e Bolsonaro: \u2018Extrema-direita raivosa e fascismo colocam a democracia em risco\u2019 - Brasil not\u00edcias\",\"isPartOf\":{\"@id\":\"https:\/\/brasilnoticias.org\/site\/#website\"},\"primaryImageOfPage\":{\"@id\":\"https:\/\/brasilnoticias.org\/site\/lula-ataca-milei-e-bolsonaro-extrema-direita-raivosa-e-fascismo-colocam-a-democracia-em-risco\/#primaryimage\"},\"image\":{\"@id\":\"https:\/\/brasilnoticias.org\/site\/lula-ataca-milei-e-bolsonaro-extrema-direita-raivosa-e-fascismo-colocam-a-democracia-em-risco\/#primaryimage\"},\"thumbnailUrl\":\"https:\/\/brasilnoticias.org\/site\/wp-content\/uploads\/2024\/03\/oAjlgHTk.jpg\",\"datePublished\":\"2024-03-17T13:32:36+00:00\",\"breadcrumb\":{\"@id\":\"https:\/\/brasilnoticias.org\/site\/lula-ataca-milei-e-bolsonaro-extrema-direita-raivosa-e-fascismo-colocam-a-democracia-em-risco\/#breadcrumb\"},\"inLanguage\":\"pt-PT\",\"potentialAction\":[{\"@type\":\"ReadAction\",\"target\":[\"https:\/\/brasilnoticias.org\/site\/lula-ataca-milei-e-bolsonaro-extrema-direita-raivosa-e-fascismo-colocam-a-democracia-em-risco\/\"]}]},{\"@type\":\"ImageObject\",\"inLanguage\":\"pt-PT\",\"@id\":\"https:\/\/brasilnoticias.org\/site\/lula-ataca-milei-e-bolsonaro-extrema-direita-raivosa-e-fascismo-colocam-a-democracia-em-risco\/#primaryimage\",\"url\":\"https:\/\/brasilnoticias.org\/site\/wp-content\/uploads\/2024\/03\/oAjlgHTk.jpg\",\"contentUrl\":\"https:\/\/brasilnoticias.org\/site\/wp-content\/uploads\/2024\/03\/oAjlgHTk.jpg\",\"width\":1536,\"height\":863},{\"@type\":\"BreadcrumbList\",\"@id\":\"https:\/\/brasilnoticias.org\/site\/lula-ataca-milei-e-bolsonaro-extrema-direita-raivosa-e-fascismo-colocam-a-democracia-em-risco\/#breadcrumb\",\"itemListElement\":[{\"@type\":\"ListItem\",\"position\":1,\"name\":\"In\u00edcio\",\"item\":\"https:\/\/brasilnoticias.org\/site\/\"},{\"@type\":\"ListItem\",\"position\":2,\"name\":\"Lula ataca Milei e Bolsonaro: \u2018Extrema-direita raivosa e fascismo colocam a democracia em risco\u2019\"}]},{\"@type\":\"WebSite\",\"@id\":\"https:\/\/brasilnoticias.org\/site\/#website\",\"url\":\"https:\/\/brasilnoticias.org\/site\/\",\"name\":\"Brasil not\u00edcias\",\"description\":\"Brasil not\u00edcias\",\"publisher\":{\"@id\":\"https:\/\/brasilnoticias.org\/site\/#organization\"},\"potentialAction\":[{\"@type\":\"SearchAction\",\"target\":{\"@type\":\"EntryPoint\",\"urlTemplate\":\"https:\/\/brasilnoticias.org\/site\/?s={search_term_string}\"},\"query-input\":{\"@type\":\"PropertyValueSpecification\",\"valueRequired\":true,\"valueName\":\"search_term_string\"}}],\"inLanguage\":\"pt-PT\"},{\"@type\":\"Organization\",\"@id\":\"https:\/\/brasilnoticias.org\/site\/#organization\",\"name\":\"Brasil not\u00edcias\",\"url\":\"https:\/\/brasilnoticias.org\/site\/\",\"logo\":{\"@type\":\"ImageObject\",\"inLanguage\":\"pt-PT\",\"@id\":\"https:\/\/brasilnoticias.org\/site\/#\/schema\/logo\/image\/\",\"url\":\"https:\/\/brasilnoticias.org\/site\/wp-content\/uploads\/2022\/05\/cropped-brasilnoticias-mini.jpg\",\"contentUrl\":\"https:\/\/brasilnoticias.org\/site\/wp-content\/uploads\/2022\/05\/cropped-brasilnoticias-mini.jpg\",\"width\":314,\"height\":86,\"caption\":\"Brasil not\u00edcias\"},\"image\":{\"@id\":\"https:\/\/brasilnoticias.org\/site\/#\/schema\/logo\/image\/\"}},{\"@type\":\"Person\",\"@id\":\"https:\/\/brasilnoticias.org\/site\/#\/schema\/person\/03bbbfe6c7634ad18c26444ea39049fa\",\"name\":\"Reda\u00e7\u00e3o\",\"image\":{\"@type\":\"ImageObject\",\"inLanguage\":\"pt-PT\",\"@id\":\"https:\/\/brasilnoticias.org\/site\/#\/schema\/person\/image\/\",\"url\":\"https:\/\/secure.gravatar.com\/avatar\/9ecaf7327a696cb23ad926fedded5f1f04d7049de9e445375d55b48c001a6e42?s=96&d=mm&r=g\",\"contentUrl\":\"https:\/\/secure.gravatar.com\/avatar\/9ecaf7327a696cb23ad926fedded5f1f04d7049de9e445375d55b48c001a6e42?s=96&d=mm&r=g\",\"caption\":\"Reda\u00e7\u00e3o\"},\"url\":\"https:\/\/brasilnoticias.org\/site\/author\/henrique\/\"}]}<\/script>\n<!-- \/ Yoast SEO plugin. -->","yoast_head_json":{"title":"Lula ataca Milei e Bolsonaro: \u2018Extrema-direita raivosa e fascismo colocam a democracia em risco\u2019 - Brasil not\u00edcias","robots":{"index":"index","follow":"follow","max-snippet":"max-snippet:-1","max-image-preview":"max-image-preview:large","max-video-preview":"max-video-preview:-1"},"canonical":"https:\/\/brasilnoticias.org\/site\/lula-ataca-milei-e-bolsonaro-extrema-direita-raivosa-e-fascismo-colocam-a-democracia-em-risco\/","og_locale":"pt_PT","og_type":"article","og_title":"Lula ataca Milei e Bolsonaro: \u2018Extrema-direita raivosa e fascismo colocam a democracia em risco\u2019 - Brasil not\u00edcias","og_description":"Na manh\u00e3 desta sexta-feira (15), durante cerim\u00f4nia de an\u00fancio de investimentos do governo federal no Rio Grande do Sul, o","og_url":"https:\/\/brasilnoticias.org\/site\/lula-ataca-milei-e-bolsonaro-extrema-direita-raivosa-e-fascismo-colocam-a-democracia-em-risco\/","og_site_name":"Brasil not\u00edcias","article_published_time":"2024-03-17T13:32:36+00:00","og_image":[{"width":1536,"height":863,"url":"https:\/\/brasilnoticias.org\/site\/wp-content\/uploads\/2024\/03\/oAjlgHTk.jpg","type":"image\/jpeg"}],"author":"Reda\u00e7\u00e3o","twitter_card":"summary_large_image","twitter_misc":{"Escrito por":"Reda\u00e7\u00e3o","Tempo estimado de leitura":"2 minutos"},"schema":{"@context":"https:\/\/schema.org","@graph":[{"@type":"Article","@id":"https:\/\/brasilnoticias.org\/site\/lula-ataca-milei-e-bolsonaro-extrema-direita-raivosa-e-fascismo-colocam-a-democracia-em-risco\/#article","isPartOf":{"@id":"https:\/\/brasilnoticias.org\/site\/lula-ataca-milei-e-bolsonaro-extrema-direita-raivosa-e-fascismo-colocam-a-democracia-em-risco\/"},"author":{"name":"Reda\u00e7\u00e3o","@id":"https:\/\/brasilnoticias.org\/site\/#\/schema\/person\/03bbbfe6c7634ad18c26444ea39049fa"},"headline":"Lula ataca Milei e Bolsonaro: \u2018Extrema-direita raivosa e fascismo colocam a democracia em risco\u2019","datePublished":"2024-03-17T13:32:36+00:00","mainEntityOfPage":{"@id":"https:\/\/brasilnoticias.org\/site\/lula-ataca-milei-e-bolsonaro-extrema-direita-raivosa-e-fascismo-colocam-a-democracia-em-risco\/"},"wordCount":322,"commentCount":0,"publisher":{"@id":"https:\/\/brasilnoticias.org\/site\/#organization"},"image":{"@id":"https:\/\/brasilnoticias.org\/site\/lula-ataca-milei-e-bolsonaro-extrema-direita-raivosa-e-fascismo-colocam-a-democracia-em-risco\/#primaryimage"},"thumbnailUrl":"https:\/\/brasilnoticias.org\/site\/wp-content\/uploads\/2024\/03\/oAjlgHTk.jpg","articleSection":["Not\u00edcias","\u00daltimas"],"inLanguage":"pt-PT","potentialAction":[{"@type":"CommentAction","name":"Comment","target":["https:\/\/brasilnoticias.org\/site\/lula-ataca-milei-e-bolsonaro-extrema-direita-raivosa-e-fascismo-colocam-a-democracia-em-risco\/#respond"]}]},{"@type":"WebPage","@id":"https:\/\/brasilnoticias.org\/site\/lula-ataca-milei-e-bolsonaro-extrema-direita-raivosa-e-fascismo-colocam-a-democracia-em-risco\/","url":"https:\/\/brasilnoticias.org\/site\/lula-ataca-milei-e-bolsonaro-extrema-direita-raivosa-e-fascismo-colocam-a-democracia-em-risco\/","name":"Lula ataca Milei e Bolsonaro: \u2018Extrema-direita raivosa e fascismo colocam a democracia em risco\u2019 - Brasil not\u00edcias","isPartOf":{"@id":"https:\/\/brasilnoticias.org\/site\/#website"},"primaryImageOfPage":{"@id":"https:\/\/brasilnoticias.org\/site\/lula-ataca-milei-e-bolsonaro-extrema-direita-raivosa-e-fascismo-colocam-a-democracia-em-risco\/#primaryimage"},"image":{"@id":"https:\/\/brasilnoticias.org\/site\/lula-ataca-milei-e-bolsonaro-extrema-direita-raivosa-e-fascismo-colocam-a-democracia-em-risco\/#primaryimage"},"thumbnailUrl":"https:\/\/brasilnoticias.org\/site\/wp-content\/uploads\/2024\/03\/oAjlgHTk.jpg","datePublished":"2024-03-17T13:32:36+00:00","breadcrumb":{"@id":"https:\/\/brasilnoticias.org\/site\/lula-ataca-milei-e-bolsonaro-extrema-direita-raivosa-e-fascismo-colocam-a-democracia-em-risco\/#breadcrumb"},"inLanguage":"pt-PT","potentialAction":[{"@type":"ReadAction","target":["https:\/\/brasilnoticias.org\/site\/lula-ataca-milei-e-bolsonaro-extrema-direita-raivosa-e-fascismo-colocam-a-democracia-em-risco\/"]}]},{"@type":"ImageObject","inLanguage":"pt-PT","@id":"https:\/\/brasilnoticias.org\/site\/lula-ataca-milei-e-bolsonaro-extrema-direita-raivosa-e-fascismo-colocam-a-democracia-em-risco\/#primaryimage","url":"https:\/\/brasilnoticias.org\/site\/wp-content\/uploads\/2024\/03\/oAjlgHTk.jpg","contentUrl":"https:\/\/brasilnoticias.org\/site\/wp-content\/uploads\/2024\/03\/oAjlgHTk.jpg","width":1536,"height":863},{"@type":"BreadcrumbList","@id":"https:\/\/brasilnoticias.org\/site\/lula-ataca-milei-e-bolsonaro-extrema-direita-raivosa-e-fascismo-colocam-a-democracia-em-risco\/#breadcrumb","itemListElement":[{"@type":"ListItem","position":1,"name":"In\u00edcio","item":"https:\/\/brasilnoticias.org\/site\/"},{"@type":"ListItem","position":2,"name":"Lula ataca Milei e Bolsonaro: \u2018Extrema-direita raivosa e fascismo colocam a democracia em risco\u2019"}]},{"@type":"WebSite","@id":"https:\/\/brasilnoticias.org\/site\/#website","url":"https:\/\/brasilnoticias.org\/site\/","name":"Brasil not\u00edcias","description":"Brasil not\u00edcias","publisher":{"@id":"https:\/\/brasilnoticias.org\/site\/#organization"},"potentialAction":[{"@type":"SearchAction","target":{"@type":"EntryPoint","urlTemplate":"https:\/\/brasilnoticias.org\/site\/?s={search_term_string}"},"query-input":{"@type":"PropertyValueSpecification","valueRequired":true,"valueName":"search_term_string"}}],"inLanguage":"pt-PT"},{"@type":"Organization","@id":"https:\/\/brasilnoticias.org\/site\/#organization","name":"Brasil not\u00edcias","url":"https:\/\/brasilnoticias.org\/site\/","logo":{"@type":"ImageObject","inLanguage":"pt-PT","@id":"https:\/\/brasilnoticias.org\/site\/#\/schema\/logo\/image\/","url":"https:\/\/brasilnoticias.org\/site\/wp-content\/uploads\/2022\/05\/cropped-brasilnoticias-mini.jpg","contentUrl":"https:\/\/brasilnoticias.org\/site\/wp-content\/uploads\/2022\/05\/cropped-brasilnoticias-mini.jpg","width":314,"height":86,"caption":"Brasil not\u00edcias"},"image":{"@id":"https:\/\/brasilnoticias.org\/site\/#\/schema\/logo\/image\/"}},{"@type":"Person","@id":"https:\/\/brasilnoticias.org\/site\/#\/schema\/person\/03bbbfe6c7634ad18c26444ea39049fa","name":"Reda\u00e7\u00e3o","image":{"@type":"ImageObject","inLanguage":"pt-PT","@id":"https:\/\/brasilnoticias.org\/site\/#\/schema\/person\/image\/","url":"https:\/\/secure.gravatar.com\/avatar\/9ecaf7327a696cb23ad926fedded5f1f04d7049de9e445375d55b48c001a6e42?s=96&d=mm&r=g","contentUrl":"https:\/\/secure.gravatar.com\/avatar\/9ecaf7327a696cb23ad926fedded5f1f04d7049de9e445375d55b48c001a6e42?s=96&d=mm&r=g","caption":"Reda\u00e7\u00e3o"},"url":"https:\/\/brasilnoticias.org\/site\/author\/henrique\/"}]}},"_links":{"self":[{"href":"https:\/\/brasilnoticias.org\/site\/wp-json\/wp\/v2\/posts\/13118","targetHints":{"allow":["GET"]}}],"collection":[{"href":"https:\/\/brasilnoticias.org\/site\/wp-json\/wp\/v2\/posts"}],"about":[{"href":"https:\/\/brasilnoticias.org\/site\/wp-json\/wp\/v2\/types\/post"}],"author":[{"embeddable":true,"href":"https:\/\/brasilnoticias.org\/site\/wp-json\/wp\/v2\/users\/4"}],"replies":[{"embeddable":true,"href":"https:\/\/brasilnoticias.org\/site\/wp-json\/wp\/v2\/comments?post=13118"}],"version-history":[{"count":1,"href":"https:\/\/brasilnoticias.org\/site\/wp-json\/wp\/v2\/posts\/13118\/revisions"}],"predecessor-version":[{"id":13120,"href":"https:\/\/brasilnoticias.org\/site\/wp-json\/wp\/v2\/posts\/13118\/revisions\/13120"}],"wp:featuredmedia":[{"embeddable":true,"href":"https:\/\/brasilnoticias.org\/site\/wp-json\/wp\/v2\/media\/13124"}],"wp:attachment":[{"href":"https:\/\/brasilnoticias.org\/site\/wp-json\/wp\/v2\/media?parent=13118"}],"wp:term":[{"taxonomy":"category","embeddable":true,"href":"https:\/\/brasilnoticias.org\/site\/wp-json\/wp\/v2\/categories?post=13118"},{"taxonomy":"post_tag","embeddable":true,"href":"https:\/\/brasilnoticias.org\/site\/wp-json\/wp\/v2\/tags?post=13118"}],"curies":[{"name":"wp","href":"https:\/\/api.w.org\/{rel}","templated":true}]}}