{"id":13125,"date":"2024-03-17T09:38:49","date_gmt":"2024-03-17T12:38:49","guid":{"rendered":"https:\/\/brasilnoticias.org\/site\/?p=13125"},"modified":"2024-03-16T21:39:13","modified_gmt":"2024-03-17T00:39:13","slug":"impulsionada-por-varios-setores-capital-baiana-registra-aumento-na-criacao-de-empregos","status":"publish","type":"post","link":"https:\/\/brasilnoticias.org\/site\/impulsionada-por-varios-setores-capital-baiana-registra-aumento-na-criacao-de-empregos\/","title":{"rendered":"Impulsionada por v\u00e1rios setores, capital baiana registra aumento na cria\u00e7\u00e3o de empregos"},"content":{"rendered":"<p>Setor de servi\u00e7os foi o destaque no primeiro m\u00eas do ano, sendo respons\u00e1vel pelo saldo positivo de 2.243 na capital baiana<\/p>\n<p>O Cadastro Geral de Empregados e Desempregados (Caged), um registro administrativo do Governo Federal vinculado ao Minist\u00e9rio do Trabalho e Emprego (MTE), anunciou que Salvador lidera novamente a gera\u00e7\u00e3o de empregos nas regi\u00f5es Norte e Nordeste. Em janeiro deste ano, a cidade teve um saldo positivo de 2.451 postos de trabalho, colocando-a entre as maiores geradoras de emprego do pa\u00eds.<\/p>\n<p>Com esse resultado, Salvador ocupa a quinta posi\u00e7\u00e3o entre as capitais e a s\u00e9tima coloca\u00e7\u00e3o em rela\u00e7\u00e3o a todos os munic\u00edpios brasileiros. Comparado ao mesmo m\u00eas do ano anterior, houve um aumento de 128,6% na gera\u00e7\u00e3o de empregos na capital baiana. Em janeiro de 2023, foram criados 1.072 postos formais na cidade.<\/p>\n<p>O setor de servi\u00e7os foi o destaque no primeiro m\u00eas do ano, sendo respons\u00e1vel pelo saldo positivo de 2.243 na capital baiana. Neste grupo, as atividades administrativas e servi\u00e7os complementares tiveram destaque, com 2.035 postos de trabalho. A constru\u00e7\u00e3o civil ficou em segundo lugar, com saldo de 1.090, seguida pela ind\u00fastria, com 74 empregos formais.<\/p>\n<p>A secret\u00e1ria Municipal de Desenvolvimento, Emprego e Renda (Semdec), Mila Paes, afirmou que o resultado do Caged reflete o trabalho da Prefeitura de Salvador em fomentar a empregabilidade por meio da atra\u00e7\u00e3o de empresas e gera\u00e7\u00e3o de neg\u00f3cios na cidade. Ela citou o fomento \u00e0 atividade econ\u00f4mica durante todo o per\u00edodo do ver\u00e3o e os cursos de qualifica\u00e7\u00e3o e capacita\u00e7\u00e3o de m\u00e3o de obra, al\u00e9m das mais diversas a\u00e7\u00f5es integradas realizadas pela prefeitura.<\/p>\n<p>Foto: Marcello Casal Jr.\/Ag\u00eancia Brasil<br \/>\nPor: Metro1<\/p>\n","protected":false},"excerpt":{"rendered":"<p>Setor de servi\u00e7os foi o destaque no primeiro m\u00eas do ano, sendo respons\u00e1vel pelo saldo positivo de 2.243 na capital<\/p>\n","protected":false},"author":4,"featured_media":13126,"comment_status":"open","ping_status":"open","sticky":false,"template":"","format":"standard","meta":{"colormag_page_container_layout":"default_layout","colormag_page_sidebar_layout":"default_layout","_FSMCFIC_featured_image_caption":"","_FSMCFIC_featured_image_nocaption":"","_FSMCFIC_featured_image_hide":"","footnotes":""},"categories":[2,1],"tags":[],"class_list":["post-13125","post","type-post","status-publish","format-standard","has-post-thumbnail","hentry","category-noticias","category-ultimas"],"yoast_head":"<!-- This site is optimized with the Yoast SEO plugin v27.1.1 - https:\/\/yoast.com\/product\/yoast-seo-wordpress\/ -->\n<title>Impulsionada por v\u00e1rios setores, capital baiana registra aumento na cria\u00e7\u00e3o de empregos - Brasil not\u00edcias<\/title>\n<meta name=\"robots\" content=\"index, follow, max-snippet:-1, max-image-preview:large, max-video-preview:-1\" \/>\n<link rel=\"canonical\" href=\"https:\/\/brasilnoticias.org\/site\/impulsionada-por-varios-setores-capital-baiana-registra-aumento-na-criacao-de-empregos\/\" \/>\n<meta property=\"og:locale\" content=\"pt_PT\" \/>\n<meta property=\"og:type\" content=\"article\" \/>\n<meta property=\"og:title\" content=\"Impulsionada por v\u00e1rios setores, capital baiana registra aumento na cria\u00e7\u00e3o de empregos - Brasil not\u00edcias\" \/>\n<meta property=\"og:description\" content=\"Setor de servi\u00e7os foi o destaque no primeiro m\u00eas do ano, sendo respons\u00e1vel pelo saldo positivo de 2.243 na capital\" \/>\n<meta property=\"og:url\" content=\"https:\/\/brasilnoticias.org\/site\/impulsionada-por-varios-setores-capital-baiana-registra-aumento-na-criacao-de-empregos\/\" \/>\n<meta property=\"og:site_name\" content=\"Brasil not\u00edcias\" \/>\n<meta property=\"article:published_time\" content=\"2024-03-17T12:38:49+00:00\" \/>\n<meta property=\"og:image\" content=\"https:\/\/brasilnoticias.org\/site\/wp-content\/uploads\/2024\/03\/147463impulsionada-por-varios-setores-capital-baiana-registra-aumento-na-criacao-de-empregos-3.jpg\" \/>\n\t<meta property=\"og:image:width\" content=\"1600\" \/>\n\t<meta property=\"og:image:height\" content=\"752\" \/>\n\t<meta property=\"og:image:type\" content=\"image\/jpeg\" \/>\n<meta name=\"author\" content=\"Reda\u00e7\u00e3o\" \/>\n<meta name=\"twitter:card\" content=\"summary_large_image\" \/>\n<meta name=\"twitter:label1\" content=\"Escrito por\" \/>\n\t<meta name=\"twitter:data1\" content=\"Reda\u00e7\u00e3o\" \/>\n\t<meta name=\"twitter:label2\" content=\"Tempo estimado de leitura\" \/>\n\t<meta name=\"twitter:data2\" content=\"2 minutos\" \/>\n<script type=\"application\/ld+json\" class=\"yoast-schema-graph\">{\"@context\":\"https:\/\/schema.org\",\"@graph\":[{\"@type\":\"Article\",\"@id\":\"https:\/\/brasilnoticias.org\/site\/impulsionada-por-varios-setores-capital-baiana-registra-aumento-na-criacao-de-empregos\/#article\",\"isPartOf\":{\"@id\":\"https:\/\/brasilnoticias.org\/site\/impulsionada-por-varios-setores-capital-baiana-registra-aumento-na-criacao-de-empregos\/\"},\"author\":{\"name\":\"Reda\u00e7\u00e3o\",\"@id\":\"https:\/\/brasilnoticias.org\/site\/#\/schema\/person\/03bbbfe6c7634ad18c26444ea39049fa\"},\"headline\":\"Impulsionada por v\u00e1rios setores, capital baiana registra aumento na cria\u00e7\u00e3o de empregos\",\"datePublished\":\"2024-03-17T12:38:49+00:00\",\"mainEntityOfPage\":{\"@id\":\"https:\/\/brasilnoticias.org\/site\/impulsionada-por-varios-setores-capital-baiana-registra-aumento-na-criacao-de-empregos\/\"},\"wordCount\":306,\"commentCount\":0,\"publisher\":{\"@id\":\"https:\/\/brasilnoticias.org\/site\/#organization\"},\"image\":{\"@id\":\"https:\/\/brasilnoticias.org\/site\/impulsionada-por-varios-setores-capital-baiana-registra-aumento-na-criacao-de-empregos\/#primaryimage\"},\"thumbnailUrl\":\"https:\/\/brasilnoticias.org\/site\/wp-content\/uploads\/2024\/03\/147463impulsionada-por-varios-setores-capital-baiana-registra-aumento-na-criacao-de-empregos-3.jpg\",\"articleSection\":[\"Not\u00edcias\",\"\u00daltimas\"],\"inLanguage\":\"pt-PT\",\"potentialAction\":[{\"@type\":\"CommentAction\",\"name\":\"Comment\",\"target\":[\"https:\/\/brasilnoticias.org\/site\/impulsionada-por-varios-setores-capital-baiana-registra-aumento-na-criacao-de-empregos\/#respond\"]}]},{\"@type\":\"WebPage\",\"@id\":\"https:\/\/brasilnoticias.org\/site\/impulsionada-por-varios-setores-capital-baiana-registra-aumento-na-criacao-de-empregos\/\",\"url\":\"https:\/\/brasilnoticias.org\/site\/impulsionada-por-varios-setores-capital-baiana-registra-aumento-na-criacao-de-empregos\/\",\"name\":\"Impulsionada por v\u00e1rios setores, capital baiana registra aumento na cria\u00e7\u00e3o de empregos - Brasil not\u00edcias\",\"isPartOf\":{\"@id\":\"https:\/\/brasilnoticias.org\/site\/#website\"},\"primaryImageOfPage\":{\"@id\":\"https:\/\/brasilnoticias.org\/site\/impulsionada-por-varios-setores-capital-baiana-registra-aumento-na-criacao-de-empregos\/#primaryimage\"},\"image\":{\"@id\":\"https:\/\/brasilnoticias.org\/site\/impulsionada-por-varios-setores-capital-baiana-registra-aumento-na-criacao-de-empregos\/#primaryimage\"},\"thumbnailUrl\":\"https:\/\/brasilnoticias.org\/site\/wp-content\/uploads\/2024\/03\/147463impulsionada-por-varios-setores-capital-baiana-registra-aumento-na-criacao-de-empregos-3.jpg\",\"datePublished\":\"2024-03-17T12:38:49+00:00\",\"breadcrumb\":{\"@id\":\"https:\/\/brasilnoticias.org\/site\/impulsionada-por-varios-setores-capital-baiana-registra-aumento-na-criacao-de-empregos\/#breadcrumb\"},\"inLanguage\":\"pt-PT\",\"potentialAction\":[{\"@type\":\"ReadAction\",\"target\":[\"https:\/\/brasilnoticias.org\/site\/impulsionada-por-varios-setores-capital-baiana-registra-aumento-na-criacao-de-empregos\/\"]}]},{\"@type\":\"ImageObject\",\"inLanguage\":\"pt-PT\",\"@id\":\"https:\/\/brasilnoticias.org\/site\/impulsionada-por-varios-setores-capital-baiana-registra-aumento-na-criacao-de-empregos\/#primaryimage\",\"url\":\"https:\/\/brasilnoticias.org\/site\/wp-content\/uploads\/2024\/03\/147463impulsionada-por-varios-setores-capital-baiana-registra-aumento-na-criacao-de-empregos-3.jpg\",\"contentUrl\":\"https:\/\/brasilnoticias.org\/site\/wp-content\/uploads\/2024\/03\/147463impulsionada-por-varios-setores-capital-baiana-registra-aumento-na-criacao-de-empregos-3.jpg\",\"width\":1600,\"height\":752},{\"@type\":\"BreadcrumbList\",\"@id\":\"https:\/\/brasilnoticias.org\/site\/impulsionada-por-varios-setores-capital-baiana-registra-aumento-na-criacao-de-empregos\/#breadcrumb\",\"itemListElement\":[{\"@type\":\"ListItem\",\"position\":1,\"name\":\"In\u00edcio\",\"item\":\"https:\/\/brasilnoticias.org\/site\/\"},{\"@type\":\"ListItem\",\"position\":2,\"name\":\"Impulsionada por v\u00e1rios setores, capital baiana registra aumento na cria\u00e7\u00e3o de empregos\"}]},{\"@type\":\"WebSite\",\"@id\":\"https:\/\/brasilnoticias.org\/site\/#website\",\"url\":\"https:\/\/brasilnoticias.org\/site\/\",\"name\":\"Brasil not\u00edcias\",\"description\":\"Brasil not\u00edcias\",\"publisher\":{\"@id\":\"https:\/\/brasilnoticias.org\/site\/#organization\"},\"potentialAction\":[{\"@type\":\"SearchAction\",\"target\":{\"@type\":\"EntryPoint\",\"urlTemplate\":\"https:\/\/brasilnoticias.org\/site\/?s={search_term_string}\"},\"query-input\":{\"@type\":\"PropertyValueSpecification\",\"valueRequired\":true,\"valueName\":\"search_term_string\"}}],\"inLanguage\":\"pt-PT\"},{\"@type\":\"Organization\",\"@id\":\"https:\/\/brasilnoticias.org\/site\/#organization\",\"name\":\"Brasil not\u00edcias\",\"url\":\"https:\/\/brasilnoticias.org\/site\/\",\"logo\":{\"@type\":\"ImageObject\",\"inLanguage\":\"pt-PT\",\"@id\":\"https:\/\/brasilnoticias.org\/site\/#\/schema\/logo\/image\/\",\"url\":\"https:\/\/brasilnoticias.org\/site\/wp-content\/uploads\/2022\/05\/cropped-brasilnoticias-mini.jpg\",\"contentUrl\":\"https:\/\/brasilnoticias.org\/site\/wp-content\/uploads\/2022\/05\/cropped-brasilnoticias-mini.jpg\",\"width\":314,\"height\":86,\"caption\":\"Brasil not\u00edcias\"},\"image\":{\"@id\":\"https:\/\/brasilnoticias.org\/site\/#\/schema\/logo\/image\/\"}},{\"@type\":\"Person\",\"@id\":\"https:\/\/brasilnoticias.org\/site\/#\/schema\/person\/03bbbfe6c7634ad18c26444ea39049fa\",\"name\":\"Reda\u00e7\u00e3o\",\"image\":{\"@type\":\"ImageObject\",\"inLanguage\":\"pt-PT\",\"@id\":\"https:\/\/brasilnoticias.org\/site\/#\/schema\/person\/image\/\",\"url\":\"https:\/\/secure.gravatar.com\/avatar\/9ecaf7327a696cb23ad926fedded5f1f04d7049de9e445375d55b48c001a6e42?s=96&d=mm&r=g\",\"contentUrl\":\"https:\/\/secure.gravatar.com\/avatar\/9ecaf7327a696cb23ad926fedded5f1f04d7049de9e445375d55b48c001a6e42?s=96&d=mm&r=g\",\"caption\":\"Reda\u00e7\u00e3o\"},\"url\":\"https:\/\/brasilnoticias.org\/site\/author\/henrique\/\"}]}<\/script>\n<!-- \/ Yoast SEO plugin. -->","yoast_head_json":{"title":"Impulsionada por v\u00e1rios setores, capital baiana registra aumento na cria\u00e7\u00e3o de empregos - Brasil not\u00edcias","robots":{"index":"index","follow":"follow","max-snippet":"max-snippet:-1","max-image-preview":"max-image-preview:large","max-video-preview":"max-video-preview:-1"},"canonical":"https:\/\/brasilnoticias.org\/site\/impulsionada-por-varios-setores-capital-baiana-registra-aumento-na-criacao-de-empregos\/","og_locale":"pt_PT","og_type":"article","og_title":"Impulsionada por v\u00e1rios setores, capital baiana registra aumento na cria\u00e7\u00e3o de empregos - Brasil not\u00edcias","og_description":"Setor de servi\u00e7os foi o destaque no primeiro m\u00eas do ano, sendo respons\u00e1vel pelo saldo positivo de 2.243 na capital","og_url":"https:\/\/brasilnoticias.org\/site\/impulsionada-por-varios-setores-capital-baiana-registra-aumento-na-criacao-de-empregos\/","og_site_name":"Brasil not\u00edcias","article_published_time":"2024-03-17T12:38:49+00:00","og_image":[{"width":1600,"height":752,"url":"https:\/\/brasilnoticias.org\/site\/wp-content\/uploads\/2024\/03\/147463impulsionada-por-varios-setores-capital-baiana-registra-aumento-na-criacao-de-empregos-3.jpg","type":"image\/jpeg"}],"author":"Reda\u00e7\u00e3o","twitter_card":"summary_large_image","twitter_misc":{"Escrito por":"Reda\u00e7\u00e3o","Tempo estimado de leitura":"2 minutos"},"schema":{"@context":"https:\/\/schema.org","@graph":[{"@type":"Article","@id":"https:\/\/brasilnoticias.org\/site\/impulsionada-por-varios-setores-capital-baiana-registra-aumento-na-criacao-de-empregos\/#article","isPartOf":{"@id":"https:\/\/brasilnoticias.org\/site\/impulsionada-por-varios-setores-capital-baiana-registra-aumento-na-criacao-de-empregos\/"},"author":{"name":"Reda\u00e7\u00e3o","@id":"https:\/\/brasilnoticias.org\/site\/#\/schema\/person\/03bbbfe6c7634ad18c26444ea39049fa"},"headline":"Impulsionada por v\u00e1rios setores, capital baiana registra aumento na cria\u00e7\u00e3o de empregos","datePublished":"2024-03-17T12:38:49+00:00","mainEntityOfPage":{"@id":"https:\/\/brasilnoticias.org\/site\/impulsionada-por-varios-setores-capital-baiana-registra-aumento-na-criacao-de-empregos\/"},"wordCount":306,"commentCount":0,"publisher":{"@id":"https:\/\/brasilnoticias.org\/site\/#organization"},"image":{"@id":"https:\/\/brasilnoticias.org\/site\/impulsionada-por-varios-setores-capital-baiana-registra-aumento-na-criacao-de-empregos\/#primaryimage"},"thumbnailUrl":"https:\/\/brasilnoticias.org\/site\/wp-content\/uploads\/2024\/03\/147463impulsionada-por-varios-setores-capital-baiana-registra-aumento-na-criacao-de-empregos-3.jpg","articleSection":["Not\u00edcias","\u00daltimas"],"inLanguage":"pt-PT","potentialAction":[{"@type":"CommentAction","name":"Comment","target":["https:\/\/brasilnoticias.org\/site\/impulsionada-por-varios-setores-capital-baiana-registra-aumento-na-criacao-de-empregos\/#respond"]}]},{"@type":"WebPage","@id":"https:\/\/brasilnoticias.org\/site\/impulsionada-por-varios-setores-capital-baiana-registra-aumento-na-criacao-de-empregos\/","url":"https:\/\/brasilnoticias.org\/site\/impulsionada-por-varios-setores-capital-baiana-registra-aumento-na-criacao-de-empregos\/","name":"Impulsionada por v\u00e1rios setores, capital baiana registra aumento na cria\u00e7\u00e3o de empregos - Brasil not\u00edcias","isPartOf":{"@id":"https:\/\/brasilnoticias.org\/site\/#website"},"primaryImageOfPage":{"@id":"https:\/\/brasilnoticias.org\/site\/impulsionada-por-varios-setores-capital-baiana-registra-aumento-na-criacao-de-empregos\/#primaryimage"},"image":{"@id":"https:\/\/brasilnoticias.org\/site\/impulsionada-por-varios-setores-capital-baiana-registra-aumento-na-criacao-de-empregos\/#primaryimage"},"thumbnailUrl":"https:\/\/brasilnoticias.org\/site\/wp-content\/uploads\/2024\/03\/147463impulsionada-por-varios-setores-capital-baiana-registra-aumento-na-criacao-de-empregos-3.jpg","datePublished":"2024-03-17T12:38:49+00:00","breadcrumb":{"@id":"https:\/\/brasilnoticias.org\/site\/impulsionada-por-varios-setores-capital-baiana-registra-aumento-na-criacao-de-empregos\/#breadcrumb"},"inLanguage":"pt-PT","potentialAction":[{"@type":"ReadAction","target":["https:\/\/brasilnoticias.org\/site\/impulsionada-por-varios-setores-capital-baiana-registra-aumento-na-criacao-de-empregos\/"]}]},{"@type":"ImageObject","inLanguage":"pt-PT","@id":"https:\/\/brasilnoticias.org\/site\/impulsionada-por-varios-setores-capital-baiana-registra-aumento-na-criacao-de-empregos\/#primaryimage","url":"https:\/\/brasilnoticias.org\/site\/wp-content\/uploads\/2024\/03\/147463impulsionada-por-varios-setores-capital-baiana-registra-aumento-na-criacao-de-empregos-3.jpg","contentUrl":"https:\/\/brasilnoticias.org\/site\/wp-content\/uploads\/2024\/03\/147463impulsionada-por-varios-setores-capital-baiana-registra-aumento-na-criacao-de-empregos-3.jpg","width":1600,"height":752},{"@type":"BreadcrumbList","@id":"https:\/\/brasilnoticias.org\/site\/impulsionada-por-varios-setores-capital-baiana-registra-aumento-na-criacao-de-empregos\/#breadcrumb","itemListElement":[{"@type":"ListItem","position":1,"name":"In\u00edcio","item":"https:\/\/brasilnoticias.org\/site\/"},{"@type":"ListItem","position":2,"name":"Impulsionada por v\u00e1rios setores, capital baiana registra aumento na cria\u00e7\u00e3o de empregos"}]},{"@type":"WebSite","@id":"https:\/\/brasilnoticias.org\/site\/#website","url":"https:\/\/brasilnoticias.org\/site\/","name":"Brasil not\u00edcias","description":"Brasil not\u00edcias","publisher":{"@id":"https:\/\/brasilnoticias.org\/site\/#organization"},"potentialAction":[{"@type":"SearchAction","target":{"@type":"EntryPoint","urlTemplate":"https:\/\/brasilnoticias.org\/site\/?s={search_term_string}"},"query-input":{"@type":"PropertyValueSpecification","valueRequired":true,"valueName":"search_term_string"}}],"inLanguage":"pt-PT"},{"@type":"Organization","@id":"https:\/\/brasilnoticias.org\/site\/#organization","name":"Brasil not\u00edcias","url":"https:\/\/brasilnoticias.org\/site\/","logo":{"@type":"ImageObject","inLanguage":"pt-PT","@id":"https:\/\/brasilnoticias.org\/site\/#\/schema\/logo\/image\/","url":"https:\/\/brasilnoticias.org\/site\/wp-content\/uploads\/2022\/05\/cropped-brasilnoticias-mini.jpg","contentUrl":"https:\/\/brasilnoticias.org\/site\/wp-content\/uploads\/2022\/05\/cropped-brasilnoticias-mini.jpg","width":314,"height":86,"caption":"Brasil not\u00edcias"},"image":{"@id":"https:\/\/brasilnoticias.org\/site\/#\/schema\/logo\/image\/"}},{"@type":"Person","@id":"https:\/\/brasilnoticias.org\/site\/#\/schema\/person\/03bbbfe6c7634ad18c26444ea39049fa","name":"Reda\u00e7\u00e3o","image":{"@type":"ImageObject","inLanguage":"pt-PT","@id":"https:\/\/brasilnoticias.org\/site\/#\/schema\/person\/image\/","url":"https:\/\/secure.gravatar.com\/avatar\/9ecaf7327a696cb23ad926fedded5f1f04d7049de9e445375d55b48c001a6e42?s=96&d=mm&r=g","contentUrl":"https:\/\/secure.gravatar.com\/avatar\/9ecaf7327a696cb23ad926fedded5f1f04d7049de9e445375d55b48c001a6e42?s=96&d=mm&r=g","caption":"Reda\u00e7\u00e3o"},"url":"https:\/\/brasilnoticias.org\/site\/author\/henrique\/"}]}},"_links":{"self":[{"href":"https:\/\/brasilnoticias.org\/site\/wp-json\/wp\/v2\/posts\/13125","targetHints":{"allow":["GET"]}}],"collection":[{"href":"https:\/\/brasilnoticias.org\/site\/wp-json\/wp\/v2\/posts"}],"about":[{"href":"https:\/\/brasilnoticias.org\/site\/wp-json\/wp\/v2\/types\/post"}],"author":[{"embeddable":true,"href":"https:\/\/brasilnoticias.org\/site\/wp-json\/wp\/v2\/users\/4"}],"replies":[{"embeddable":true,"href":"https:\/\/brasilnoticias.org\/site\/wp-json\/wp\/v2\/comments?post=13125"}],"version-history":[{"count":1,"href":"https:\/\/brasilnoticias.org\/site\/wp-json\/wp\/v2\/posts\/13125\/revisions"}],"predecessor-version":[{"id":13127,"href":"https:\/\/brasilnoticias.org\/site\/wp-json\/wp\/v2\/posts\/13125\/revisions\/13127"}],"wp:featuredmedia":[{"embeddable":true,"href":"https:\/\/brasilnoticias.org\/site\/wp-json\/wp\/v2\/media\/13126"}],"wp:attachment":[{"href":"https:\/\/brasilnoticias.org\/site\/wp-json\/wp\/v2\/media?parent=13125"}],"wp:term":[{"taxonomy":"category","embeddable":true,"href":"https:\/\/brasilnoticias.org\/site\/wp-json\/wp\/v2\/categories?post=13125"},{"taxonomy":"post_tag","embeddable":true,"href":"https:\/\/brasilnoticias.org\/site\/wp-json\/wp\/v2\/tags?post=13125"}],"curies":[{"name":"wp","href":"https:\/\/api.w.org\/{rel}","templated":true}]}}