{"id":13140,"date":"2024-03-17T19:47:50","date_gmt":"2024-03-17T22:47:50","guid":{"rendered":"https:\/\/brasilnoticias.org\/site\/?p=13140"},"modified":"2024-03-17T19:47:50","modified_gmt":"2024-03-17T22:47:50","slug":"pgr-se-posiciona-contra-queixa-crime-apresentada-por-jair-bolsonaro-contra-lula","status":"publish","type":"post","link":"https:\/\/brasilnoticias.org\/site\/pgr-se-posiciona-contra-queixa-crime-apresentada-por-jair-bolsonaro-contra-lula\/","title":{"rendered":"PGR se posiciona contra queixa-crime apresentada por Jair Bolsonaro contra Lula"},"content":{"rendered":"<p>Bolsonaro acionou o STF em outubro do ano passado, alegando que Lula cometeu inj\u00faria e difama\u00e7\u00e3o durante um discurso em Salvador, em maio<\/p>\n<p>Em uma manifesta\u00e7\u00e3o recente ao Supremo Tribunal Federal (STF), a Procuradoria-Geral da Rep\u00fablica (PGR) se posicionou contra uma queixa-crime apresentada pelo ex-presidente Jair Bolsonaro (PL) contra o atual presidente Luiz In\u00e1cio Lula da Silva (PT).<\/p>\n<p>Bolsonaro acionou o STF em outubro do ano passado, alegando que Lula cometeu inj\u00faria e difama\u00e7\u00e3o durante um discurso em Salvador, em maio. Segundo Bolsonaro, Lula o ligou indiretamente a uma mans\u00e3o nos Estados Unidos, pertencente ao irm\u00e3o do ajudante de ordens Mauro Cid.<\/p>\n<p>Durante o discurso, Lula afirmou: &#8220;Agora mesmo, acabaram de descobrir uma casa, uma casa de US$ 8 milh\u00f5es do ajudante de ordem do Bolsonaro. Certamente, uma casa de US$ 8 milh\u00f5es n\u00e3o \u00e9 para o ajudante de ordem. Certamente, \u00e9 para o paladino da disc\u00f3rdia, o paladino da ignor\u00e2ncia, o paladino do negacionismo&#8221;.<\/p>\n<p>O procurador-geral da Rep\u00fablica, Paulo Gonet, argumentou que a Constitui\u00e7\u00e3o garante ao presidente da Rep\u00fablica uma &#8220;imunidade processual tempor\u00e1ria&#8221; durante o mandato. Portanto, na vis\u00e3o de Gonet e do Minist\u00e9rio P\u00fablico Federal, as a\u00e7\u00f5es descritas invocam a aplica\u00e7\u00e3o da imunidade constitucionalmente conferida ao Presidente da Rep\u00fablica e impedem a instaura\u00e7\u00e3o da a\u00e7\u00e3o penal, enquanto o respectivo mandato n\u00e3o cessar.<\/p>\n<p>Foto: Marcelo Camargo\/Ag\u00eancia Brasil<br \/>\nPor: Metro1<\/p>\n","protected":false},"excerpt":{"rendered":"<p>Bolsonaro acionou o STF em outubro do ano passado, alegando que Lula cometeu inj\u00faria e difama\u00e7\u00e3o durante um discurso em<\/p>\n","protected":false},"author":4,"featured_media":13141,"comment_status":"open","ping_status":"open","sticky":false,"template":"","format":"standard","meta":{"colormag_page_container_layout":"default_layout","colormag_page_sidebar_layout":"default_layout","_FSMCFIC_featured_image_caption":"","_FSMCFIC_featured_image_nocaption":"","_FSMCFIC_featured_image_hide":"","footnotes":""},"categories":[5,1],"tags":[],"class_list":["post-13140","post","type-post","status-publish","format-standard","has-post-thumbnail","hentry","category-politica","category-ultimas"],"yoast_head":"<!-- This site is optimized with the Yoast SEO plugin v27.1.1 - https:\/\/yoast.com\/product\/yoast-seo-wordpress\/ -->\n<title>PGR se posiciona contra queixa-crime apresentada por Jair Bolsonaro contra Lula - Brasil not\u00edcias<\/title>\n<meta name=\"robots\" content=\"index, follow, max-snippet:-1, max-image-preview:large, max-video-preview:-1\" \/>\n<link rel=\"canonical\" href=\"https:\/\/brasilnoticias.org\/site\/pgr-se-posiciona-contra-queixa-crime-apresentada-por-jair-bolsonaro-contra-lula\/\" \/>\n<meta property=\"og:locale\" content=\"pt_PT\" \/>\n<meta property=\"og:type\" content=\"article\" \/>\n<meta property=\"og:title\" content=\"PGR se posiciona contra queixa-crime apresentada por Jair Bolsonaro contra Lula - Brasil not\u00edcias\" \/>\n<meta property=\"og:description\" content=\"Bolsonaro acionou o STF em outubro do ano passado, alegando que Lula cometeu inj\u00faria e difama\u00e7\u00e3o durante um discurso em\" \/>\n<meta property=\"og:url\" content=\"https:\/\/brasilnoticias.org\/site\/pgr-se-posiciona-contra-queixa-crime-apresentada-por-jair-bolsonaro-contra-lula\/\" \/>\n<meta property=\"og:site_name\" content=\"Brasil not\u00edcias\" \/>\n<meta property=\"article:published_time\" content=\"2024-03-17T22:47:50+00:00\" \/>\n<meta property=\"og:image\" content=\"https:\/\/brasilnoticias.org\/site\/wp-content\/uploads\/2024\/03\/147466pgr-se-posiciona-contra-queixa-crime-apresentada-por-jair-bolsonaro-contra-lula-3.jpg\" \/>\n\t<meta property=\"og:image:width\" content=\"1600\" \/>\n\t<meta property=\"og:image:height\" content=\"752\" \/>\n\t<meta property=\"og:image:type\" content=\"image\/jpeg\" \/>\n<meta name=\"author\" content=\"Reda\u00e7\u00e3o\" \/>\n<meta name=\"twitter:card\" content=\"summary_large_image\" \/>\n<meta name=\"twitter:label1\" content=\"Escrito por\" \/>\n\t<meta name=\"twitter:data1\" content=\"Reda\u00e7\u00e3o\" \/>\n<script type=\"application\/ld+json\" class=\"yoast-schema-graph\">{\"@context\":\"https:\/\/schema.org\",\"@graph\":[{\"@type\":\"Article\",\"@id\":\"https:\/\/brasilnoticias.org\/site\/pgr-se-posiciona-contra-queixa-crime-apresentada-por-jair-bolsonaro-contra-lula\/#article\",\"isPartOf\":{\"@id\":\"https:\/\/brasilnoticias.org\/site\/pgr-se-posiciona-contra-queixa-crime-apresentada-por-jair-bolsonaro-contra-lula\/\"},\"author\":{\"name\":\"Reda\u00e7\u00e3o\",\"@id\":\"https:\/\/brasilnoticias.org\/site\/#\/schema\/person\/03bbbfe6c7634ad18c26444ea39049fa\"},\"headline\":\"PGR se posiciona contra queixa-crime apresentada por Jair Bolsonaro contra Lula\",\"datePublished\":\"2024-03-17T22:47:50+00:00\",\"mainEntityOfPage\":{\"@id\":\"https:\/\/brasilnoticias.org\/site\/pgr-se-posiciona-contra-queixa-crime-apresentada-por-jair-bolsonaro-contra-lula\/\"},\"wordCount\":256,\"commentCount\":0,\"publisher\":{\"@id\":\"https:\/\/brasilnoticias.org\/site\/#organization\"},\"image\":{\"@id\":\"https:\/\/brasilnoticias.org\/site\/pgr-se-posiciona-contra-queixa-crime-apresentada-por-jair-bolsonaro-contra-lula\/#primaryimage\"},\"thumbnailUrl\":\"https:\/\/brasilnoticias.org\/site\/wp-content\/uploads\/2024\/03\/147466pgr-se-posiciona-contra-queixa-crime-apresentada-por-jair-bolsonaro-contra-lula-3.jpg\",\"articleSection\":[\"Pol\u00edtica\",\"\u00daltimas\"],\"inLanguage\":\"pt-PT\",\"potentialAction\":[{\"@type\":\"CommentAction\",\"name\":\"Comment\",\"target\":[\"https:\/\/brasilnoticias.org\/site\/pgr-se-posiciona-contra-queixa-crime-apresentada-por-jair-bolsonaro-contra-lula\/#respond\"]}]},{\"@type\":\"WebPage\",\"@id\":\"https:\/\/brasilnoticias.org\/site\/pgr-se-posiciona-contra-queixa-crime-apresentada-por-jair-bolsonaro-contra-lula\/\",\"url\":\"https:\/\/brasilnoticias.org\/site\/pgr-se-posiciona-contra-queixa-crime-apresentada-por-jair-bolsonaro-contra-lula\/\",\"name\":\"PGR se posiciona contra queixa-crime apresentada por Jair Bolsonaro contra Lula - Brasil not\u00edcias\",\"isPartOf\":{\"@id\":\"https:\/\/brasilnoticias.org\/site\/#website\"},\"primaryImageOfPage\":{\"@id\":\"https:\/\/brasilnoticias.org\/site\/pgr-se-posiciona-contra-queixa-crime-apresentada-por-jair-bolsonaro-contra-lula\/#primaryimage\"},\"image\":{\"@id\":\"https:\/\/brasilnoticias.org\/site\/pgr-se-posiciona-contra-queixa-crime-apresentada-por-jair-bolsonaro-contra-lula\/#primaryimage\"},\"thumbnailUrl\":\"https:\/\/brasilnoticias.org\/site\/wp-content\/uploads\/2024\/03\/147466pgr-se-posiciona-contra-queixa-crime-apresentada-por-jair-bolsonaro-contra-lula-3.jpg\",\"datePublished\":\"2024-03-17T22:47:50+00:00\",\"breadcrumb\":{\"@id\":\"https:\/\/brasilnoticias.org\/site\/pgr-se-posiciona-contra-queixa-crime-apresentada-por-jair-bolsonaro-contra-lula\/#breadcrumb\"},\"inLanguage\":\"pt-PT\",\"potentialAction\":[{\"@type\":\"ReadAction\",\"target\":[\"https:\/\/brasilnoticias.org\/site\/pgr-se-posiciona-contra-queixa-crime-apresentada-por-jair-bolsonaro-contra-lula\/\"]}]},{\"@type\":\"ImageObject\",\"inLanguage\":\"pt-PT\",\"@id\":\"https:\/\/brasilnoticias.org\/site\/pgr-se-posiciona-contra-queixa-crime-apresentada-por-jair-bolsonaro-contra-lula\/#primaryimage\",\"url\":\"https:\/\/brasilnoticias.org\/site\/wp-content\/uploads\/2024\/03\/147466pgr-se-posiciona-contra-queixa-crime-apresentada-por-jair-bolsonaro-contra-lula-3.jpg\",\"contentUrl\":\"https:\/\/brasilnoticias.org\/site\/wp-content\/uploads\/2024\/03\/147466pgr-se-posiciona-contra-queixa-crime-apresentada-por-jair-bolsonaro-contra-lula-3.jpg\",\"width\":1600,\"height\":752},{\"@type\":\"BreadcrumbList\",\"@id\":\"https:\/\/brasilnoticias.org\/site\/pgr-se-posiciona-contra-queixa-crime-apresentada-por-jair-bolsonaro-contra-lula\/#breadcrumb\",\"itemListElement\":[{\"@type\":\"ListItem\",\"position\":1,\"name\":\"In\u00edcio\",\"item\":\"https:\/\/brasilnoticias.org\/site\/\"},{\"@type\":\"ListItem\",\"position\":2,\"name\":\"PGR se posiciona contra queixa-crime apresentada por Jair Bolsonaro contra Lula\"}]},{\"@type\":\"WebSite\",\"@id\":\"https:\/\/brasilnoticias.org\/site\/#website\",\"url\":\"https:\/\/brasilnoticias.org\/site\/\",\"name\":\"Brasil not\u00edcias\",\"description\":\"Brasil not\u00edcias\",\"publisher\":{\"@id\":\"https:\/\/brasilnoticias.org\/site\/#organization\"},\"potentialAction\":[{\"@type\":\"SearchAction\",\"target\":{\"@type\":\"EntryPoint\",\"urlTemplate\":\"https:\/\/brasilnoticias.org\/site\/?s={search_term_string}\"},\"query-input\":{\"@type\":\"PropertyValueSpecification\",\"valueRequired\":true,\"valueName\":\"search_term_string\"}}],\"inLanguage\":\"pt-PT\"},{\"@type\":\"Organization\",\"@id\":\"https:\/\/brasilnoticias.org\/site\/#organization\",\"name\":\"Brasil not\u00edcias\",\"url\":\"https:\/\/brasilnoticias.org\/site\/\",\"logo\":{\"@type\":\"ImageObject\",\"inLanguage\":\"pt-PT\",\"@id\":\"https:\/\/brasilnoticias.org\/site\/#\/schema\/logo\/image\/\",\"url\":\"https:\/\/brasilnoticias.org\/site\/wp-content\/uploads\/2022\/05\/cropped-brasilnoticias-mini.jpg\",\"contentUrl\":\"https:\/\/brasilnoticias.org\/site\/wp-content\/uploads\/2022\/05\/cropped-brasilnoticias-mini.jpg\",\"width\":314,\"height\":86,\"caption\":\"Brasil not\u00edcias\"},\"image\":{\"@id\":\"https:\/\/brasilnoticias.org\/site\/#\/schema\/logo\/image\/\"}},{\"@type\":\"Person\",\"@id\":\"https:\/\/brasilnoticias.org\/site\/#\/schema\/person\/03bbbfe6c7634ad18c26444ea39049fa\",\"name\":\"Reda\u00e7\u00e3o\",\"image\":{\"@type\":\"ImageObject\",\"inLanguage\":\"pt-PT\",\"@id\":\"https:\/\/brasilnoticias.org\/site\/#\/schema\/person\/image\/\",\"url\":\"https:\/\/secure.gravatar.com\/avatar\/9ecaf7327a696cb23ad926fedded5f1f04d7049de9e445375d55b48c001a6e42?s=96&d=mm&r=g\",\"contentUrl\":\"https:\/\/secure.gravatar.com\/avatar\/9ecaf7327a696cb23ad926fedded5f1f04d7049de9e445375d55b48c001a6e42?s=96&d=mm&r=g\",\"caption\":\"Reda\u00e7\u00e3o\"},\"url\":\"https:\/\/brasilnoticias.org\/site\/author\/henrique\/\"}]}<\/script>\n<!-- \/ Yoast SEO plugin. -->","yoast_head_json":{"title":"PGR se posiciona contra queixa-crime apresentada por Jair Bolsonaro contra Lula - Brasil not\u00edcias","robots":{"index":"index","follow":"follow","max-snippet":"max-snippet:-1","max-image-preview":"max-image-preview:large","max-video-preview":"max-video-preview:-1"},"canonical":"https:\/\/brasilnoticias.org\/site\/pgr-se-posiciona-contra-queixa-crime-apresentada-por-jair-bolsonaro-contra-lula\/","og_locale":"pt_PT","og_type":"article","og_title":"PGR se posiciona contra queixa-crime apresentada por Jair Bolsonaro contra Lula - Brasil not\u00edcias","og_description":"Bolsonaro acionou o STF em outubro do ano passado, alegando que Lula cometeu inj\u00faria e difama\u00e7\u00e3o durante um discurso em","og_url":"https:\/\/brasilnoticias.org\/site\/pgr-se-posiciona-contra-queixa-crime-apresentada-por-jair-bolsonaro-contra-lula\/","og_site_name":"Brasil not\u00edcias","article_published_time":"2024-03-17T22:47:50+00:00","og_image":[{"width":1600,"height":752,"url":"https:\/\/brasilnoticias.org\/site\/wp-content\/uploads\/2024\/03\/147466pgr-se-posiciona-contra-queixa-crime-apresentada-por-jair-bolsonaro-contra-lula-3.jpg","type":"image\/jpeg"}],"author":"Reda\u00e7\u00e3o","twitter_card":"summary_large_image","twitter_misc":{"Escrito por":"Reda\u00e7\u00e3o"},"schema":{"@context":"https:\/\/schema.org","@graph":[{"@type":"Article","@id":"https:\/\/brasilnoticias.org\/site\/pgr-se-posiciona-contra-queixa-crime-apresentada-por-jair-bolsonaro-contra-lula\/#article","isPartOf":{"@id":"https:\/\/brasilnoticias.org\/site\/pgr-se-posiciona-contra-queixa-crime-apresentada-por-jair-bolsonaro-contra-lula\/"},"author":{"name":"Reda\u00e7\u00e3o","@id":"https:\/\/brasilnoticias.org\/site\/#\/schema\/person\/03bbbfe6c7634ad18c26444ea39049fa"},"headline":"PGR se posiciona contra queixa-crime apresentada por Jair Bolsonaro contra Lula","datePublished":"2024-03-17T22:47:50+00:00","mainEntityOfPage":{"@id":"https:\/\/brasilnoticias.org\/site\/pgr-se-posiciona-contra-queixa-crime-apresentada-por-jair-bolsonaro-contra-lula\/"},"wordCount":256,"commentCount":0,"publisher":{"@id":"https:\/\/brasilnoticias.org\/site\/#organization"},"image":{"@id":"https:\/\/brasilnoticias.org\/site\/pgr-se-posiciona-contra-queixa-crime-apresentada-por-jair-bolsonaro-contra-lula\/#primaryimage"},"thumbnailUrl":"https:\/\/brasilnoticias.org\/site\/wp-content\/uploads\/2024\/03\/147466pgr-se-posiciona-contra-queixa-crime-apresentada-por-jair-bolsonaro-contra-lula-3.jpg","articleSection":["Pol\u00edtica","\u00daltimas"],"inLanguage":"pt-PT","potentialAction":[{"@type":"CommentAction","name":"Comment","target":["https:\/\/brasilnoticias.org\/site\/pgr-se-posiciona-contra-queixa-crime-apresentada-por-jair-bolsonaro-contra-lula\/#respond"]}]},{"@type":"WebPage","@id":"https:\/\/brasilnoticias.org\/site\/pgr-se-posiciona-contra-queixa-crime-apresentada-por-jair-bolsonaro-contra-lula\/","url":"https:\/\/brasilnoticias.org\/site\/pgr-se-posiciona-contra-queixa-crime-apresentada-por-jair-bolsonaro-contra-lula\/","name":"PGR se posiciona contra queixa-crime apresentada por Jair Bolsonaro contra Lula - Brasil not\u00edcias","isPartOf":{"@id":"https:\/\/brasilnoticias.org\/site\/#website"},"primaryImageOfPage":{"@id":"https:\/\/brasilnoticias.org\/site\/pgr-se-posiciona-contra-queixa-crime-apresentada-por-jair-bolsonaro-contra-lula\/#primaryimage"},"image":{"@id":"https:\/\/brasilnoticias.org\/site\/pgr-se-posiciona-contra-queixa-crime-apresentada-por-jair-bolsonaro-contra-lula\/#primaryimage"},"thumbnailUrl":"https:\/\/brasilnoticias.org\/site\/wp-content\/uploads\/2024\/03\/147466pgr-se-posiciona-contra-queixa-crime-apresentada-por-jair-bolsonaro-contra-lula-3.jpg","datePublished":"2024-03-17T22:47:50+00:00","breadcrumb":{"@id":"https:\/\/brasilnoticias.org\/site\/pgr-se-posiciona-contra-queixa-crime-apresentada-por-jair-bolsonaro-contra-lula\/#breadcrumb"},"inLanguage":"pt-PT","potentialAction":[{"@type":"ReadAction","target":["https:\/\/brasilnoticias.org\/site\/pgr-se-posiciona-contra-queixa-crime-apresentada-por-jair-bolsonaro-contra-lula\/"]}]},{"@type":"ImageObject","inLanguage":"pt-PT","@id":"https:\/\/brasilnoticias.org\/site\/pgr-se-posiciona-contra-queixa-crime-apresentada-por-jair-bolsonaro-contra-lula\/#primaryimage","url":"https:\/\/brasilnoticias.org\/site\/wp-content\/uploads\/2024\/03\/147466pgr-se-posiciona-contra-queixa-crime-apresentada-por-jair-bolsonaro-contra-lula-3.jpg","contentUrl":"https:\/\/brasilnoticias.org\/site\/wp-content\/uploads\/2024\/03\/147466pgr-se-posiciona-contra-queixa-crime-apresentada-por-jair-bolsonaro-contra-lula-3.jpg","width":1600,"height":752},{"@type":"BreadcrumbList","@id":"https:\/\/brasilnoticias.org\/site\/pgr-se-posiciona-contra-queixa-crime-apresentada-por-jair-bolsonaro-contra-lula\/#breadcrumb","itemListElement":[{"@type":"ListItem","position":1,"name":"In\u00edcio","item":"https:\/\/brasilnoticias.org\/site\/"},{"@type":"ListItem","position":2,"name":"PGR se posiciona contra queixa-crime apresentada por Jair Bolsonaro contra Lula"}]},{"@type":"WebSite","@id":"https:\/\/brasilnoticias.org\/site\/#website","url":"https:\/\/brasilnoticias.org\/site\/","name":"Brasil not\u00edcias","description":"Brasil not\u00edcias","publisher":{"@id":"https:\/\/brasilnoticias.org\/site\/#organization"},"potentialAction":[{"@type":"SearchAction","target":{"@type":"EntryPoint","urlTemplate":"https:\/\/brasilnoticias.org\/site\/?s={search_term_string}"},"query-input":{"@type":"PropertyValueSpecification","valueRequired":true,"valueName":"search_term_string"}}],"inLanguage":"pt-PT"},{"@type":"Organization","@id":"https:\/\/brasilnoticias.org\/site\/#organization","name":"Brasil not\u00edcias","url":"https:\/\/brasilnoticias.org\/site\/","logo":{"@type":"ImageObject","inLanguage":"pt-PT","@id":"https:\/\/brasilnoticias.org\/site\/#\/schema\/logo\/image\/","url":"https:\/\/brasilnoticias.org\/site\/wp-content\/uploads\/2022\/05\/cropped-brasilnoticias-mini.jpg","contentUrl":"https:\/\/brasilnoticias.org\/site\/wp-content\/uploads\/2022\/05\/cropped-brasilnoticias-mini.jpg","width":314,"height":86,"caption":"Brasil not\u00edcias"},"image":{"@id":"https:\/\/brasilnoticias.org\/site\/#\/schema\/logo\/image\/"}},{"@type":"Person","@id":"https:\/\/brasilnoticias.org\/site\/#\/schema\/person\/03bbbfe6c7634ad18c26444ea39049fa","name":"Reda\u00e7\u00e3o","image":{"@type":"ImageObject","inLanguage":"pt-PT","@id":"https:\/\/brasilnoticias.org\/site\/#\/schema\/person\/image\/","url":"https:\/\/secure.gravatar.com\/avatar\/9ecaf7327a696cb23ad926fedded5f1f04d7049de9e445375d55b48c001a6e42?s=96&d=mm&r=g","contentUrl":"https:\/\/secure.gravatar.com\/avatar\/9ecaf7327a696cb23ad926fedded5f1f04d7049de9e445375d55b48c001a6e42?s=96&d=mm&r=g","caption":"Reda\u00e7\u00e3o"},"url":"https:\/\/brasilnoticias.org\/site\/author\/henrique\/"}]}},"_links":{"self":[{"href":"https:\/\/brasilnoticias.org\/site\/wp-json\/wp\/v2\/posts\/13140","targetHints":{"allow":["GET"]}}],"collection":[{"href":"https:\/\/brasilnoticias.org\/site\/wp-json\/wp\/v2\/posts"}],"about":[{"href":"https:\/\/brasilnoticias.org\/site\/wp-json\/wp\/v2\/types\/post"}],"author":[{"embeddable":true,"href":"https:\/\/brasilnoticias.org\/site\/wp-json\/wp\/v2\/users\/4"}],"replies":[{"embeddable":true,"href":"https:\/\/brasilnoticias.org\/site\/wp-json\/wp\/v2\/comments?post=13140"}],"version-history":[{"count":1,"href":"https:\/\/brasilnoticias.org\/site\/wp-json\/wp\/v2\/posts\/13140\/revisions"}],"predecessor-version":[{"id":13142,"href":"https:\/\/brasilnoticias.org\/site\/wp-json\/wp\/v2\/posts\/13140\/revisions\/13142"}],"wp:featuredmedia":[{"embeddable":true,"href":"https:\/\/brasilnoticias.org\/site\/wp-json\/wp\/v2\/media\/13141"}],"wp:attachment":[{"href":"https:\/\/brasilnoticias.org\/site\/wp-json\/wp\/v2\/media?parent=13140"}],"wp:term":[{"taxonomy":"category","embeddable":true,"href":"https:\/\/brasilnoticias.org\/site\/wp-json\/wp\/v2\/categories?post=13140"},{"taxonomy":"post_tag","embeddable":true,"href":"https:\/\/brasilnoticias.org\/site\/wp-json\/wp\/v2\/tags?post=13140"}],"curies":[{"name":"wp","href":"https:\/\/api.w.org\/{rel}","templated":true}]}}