{"id":13147,"date":"2024-03-17T19:52:38","date_gmt":"2024-03-17T22:52:38","guid":{"rendered":"https:\/\/brasilnoticias.org\/site\/?p=13147"},"modified":"2024-03-17T19:52:38","modified_gmt":"2024-03-17T22:52:38","slug":"vitoria-vence-o-barcelona-de-ilheus-e-volta-a-final-do-baianao-apos-seis-anos","status":"publish","type":"post","link":"https:\/\/brasilnoticias.org\/site\/vitoria-vence-o-barcelona-de-ilheus-e-volta-a-final-do-baianao-apos-seis-anos\/","title":{"rendered":"Vit\u00f3ria vence o Barcelona de Ilh\u00e9us e volta \u00e0 final do Baian\u00e3o ap\u00f3s seis anos"},"content":{"rendered":"<p>Jadson Sergipano abriu o placar, mas Osvaldo, de p\u00eanalti, Camutanga, Alerrandro e Mateus Gon\u00e7alves viraram para fechar a partida em 4 x 1 no Barrad\u00e3o<\/p>\n<p>O Vit\u00f3ria derrotou o Barcelona de Ilh\u00e9us por 4 x 1 e se classificou para a final do Campeonato Baiano depois de seis anos. Neste domingo (17), a On\u00e7a-Pinta assustou os mais de 23 mil torcedores presentes no Barrad\u00e3o ao abrir o placar com Jadson Sergipano. Por\u00e9m, o Le\u00e3o voltou do intervalo com \u00edmpeto ofensivo e virou a partida com gols de Osvaldo, de p\u00eanalti, Camutanga, Alerrandro e Mateus Gon\u00e7alves.<\/p>\n<p>Agora, o Rubro-Negro vai em busca do seu 30\u00ba t\u00edtulo de Baian\u00e3o e ter\u00e1 o rival Bahia pela frente. A primeira partida ser\u00e1 no Barrad\u00e3o, domingo (31), e o jogo de volta est\u00e1 marcado para o dia 7 de abril, na Arena Fonte Nova.<\/p>\n<p>Antes, as duas equipes se enfrentam pela Copa do Nordeste. Na quarta-feira (20), a bola rola na Arena Fonte Nova, \u00e0s 21h30, pela sexta rodada do Regional.<\/p>\n<p>O JOGO<\/p>\n<p>Primeiro tempo<\/p>\n<p>Partida equilibrada no Barrad\u00e3o. Com a desvantagem no placar agregado, o Barcelona de Ilh\u00e9us tomou a iniciativa &#8211; foi mais agressivo na marca\u00e7\u00e3o para dificultar a sa\u00edda de bola do Vit\u00f3ria. J\u00e1 o Rubro-Negro, tentou jogar mais pela esquerda e conseguiu ser mais incisivo naquele lado, com as investidas de Patric Calmon, Matheuzinho e Iury Castilho. A On\u00e7a-Pintada seguiu pressionando, mas deixou espa\u00e7os na defesa. Por\u00e9m, o Le\u00e3o n\u00e3o conseguiu conectar bons contra-ataques. Aos 32 minutos, o time ilheuense inaugurou o marcador com gol de Jadson Sergipano e esquentou o jogo. A equipe rubro-negra tentou empatar ainda na primeira etapa, mas sem sucesso.<\/p>\n<p>Aos oito minutos, Osvaldo cobrou falta na \u00e1rea e Wagner Leonardo deu uma &#8220;casquinha&#8221; de cabe\u00e7a \u00e0 queima-roupa. No puro reflexo, o goleiro Thiago Passos defendeu.<\/p>\n<p>Aos 14, Cesinha recebeu passe no &#8220;bico&#8221; da grande \u00e1rea e bateu cruzado, por\u00e9m a finaliza\u00e7\u00e3o passou \u00e0 direita de Lucas Arcanjo.<\/p>\n<p>Gol do Barcelona de Ilh\u00e9us! Aos 32 minutos, Reginaldo cobrou escanteio, Jadson Sergipano subiu mais que a marca\u00e7\u00e3o e testou forte para abrir o placar no Barrad\u00e3o.<\/p>\n<p>Aos 39, em cobran\u00e7a de falta, Camutanga soltou uma bomba e a bola passou rente \u00e0 trave direita.<\/p>\n<p>Nos acr\u00e9scimos, Matheuzinho bateu escanteio fechado na pequena \u00e1rea. Wagner Leonardo cabeceou, mas pegou mal e mandou por cima da meta.<\/p>\n<p>Segundo tempo<\/p>\n<p>Na volta do intervalo, o Vit\u00f3ria aumentou a intensidade e virou a partida. Logo aos quatro minutos, Osvaldo fez o primeiro de p\u00eanalti e, aos 17, Camutanga de cabe\u00e7a colocou o Le\u00e3o em vantagem no Barrad\u00e3o. O Barcelona de Ilh\u00e9us se desconectou do jogo ap\u00f3s os dois gols e n\u00e3o conseguiu ser agressivo como no primeiro tempo. Com isso, Alerrandro fez o terceiro da equipe rubro-negra e liquidou qualquer chance de rea\u00e7\u00e3o da On\u00e7a-Pintada. No fim, Mateus Gon\u00e7alves transformou em goleada o dom\u00ednio do Vit\u00f3ria. Fim de jogo e festa dos mandantes!<\/p>\n<p>Aos quatro minutos, Osvaldo tabelou com Rodrigo Andrade pela direita e cruzou para Iury Castilho. O camisa 7 matou no peito e deu uma bicicleta, mas mandou para fora. <\/p>\n<p>Gol do Vit\u00f3ria! Aos 13, Rodrigo Andrade invadiu a grande \u00e1rea e foi derrubado por Caio. O \u00e1rbitro marcou p\u00eanalti (confirmado pelo VAR) e, na cobran\u00e7a, Osvaldo bateu no canto direito de Thiago Passos para empatar a partida.<\/p>\n<p>Virada do Le\u00e3o! Aos 17 minutos, Matheuzinho cobrou escanteio, a bola passou por todo mundo e Osvaldo ficou com a sobra. O atacante fez um novo levantamento e dessa vez Camutanga apareceu para completar de cabe\u00e7a e virar o jogo.<\/p>\n<p>Aos 21, Rodrigo Andrade lan\u00e7ou para Mateus Gon\u00e7alves, que partiu em velocidade e saiu de cara com Thiago Passos. Na hora da finaliza\u00e7\u00e3o, o camisa 23 tirou demais do goleiro e a bola foi para fora.<\/p>\n<p>Terceiro do Vit\u00f3ria! Aos 26 minutos, Patric Calmon cruzou na cabe\u00e7a de Alerrandro, mas o goleiro ilheuense fez uma brilhante defesa. Por\u00e9m, o centroavante aproveitou o pr\u00f3prio rebote e balan\u00e7ou as redes.<\/p>\n<p>Aos 32, Z\u00e9 Hugo avan\u00e7ou pela direita em diagonal e chutou forte, por\u00e9m Thiago Passos espalmou para escanteio.<\/p>\n<p>Na sequ\u00eancia, Z\u00e9 Hugo fez jogada parecida com a anterior, mas dessa vez o goleiro rebateu para o meio da \u00e1rea. Caio Dantas pegou a sobra, mas foi travado pela defesa.<\/p>\n<p>Mais um do Rubro-Negro! Aos 44 minutos, Matheus Gon\u00e7alves recebeu pela esquerda, dominou e chutou forte. A bola passou por baixo do goleiro e foi morrer no fundo das redes.<\/p>\n<p>FICHA T\u00c9CNICA<\/p>\n<p>Vit\u00f3ria 4 x 1 Barcelona de Ilh\u00e9us<br \/>\nCampeonato Baiano &#8211; Semifinal (volta)<br \/>\nLocal: Est\u00e1dio Barrad\u00e3o, em Salvador (BA)<br \/>\nData: 17\/03\/2024 (domingo)<br \/>\nHor\u00e1rio: 16h<br \/>\n\u00c1rbitro: Diego Pombo Lopez (BA)<br \/>\nAssistentes: Luanderson Lima dos Santos (FIFA-BA) e Daniella Coutinho Pinto (BA)<br \/>\nQuarto \u00e1rbitro: Wagner Francisco Silva Souza (BA)<br \/>\nVAR: Pablo Ramon Gon\u00e7alves Pinheiro (FIFA-RN)<\/p>\n<p>Gols: Osvaldo, Camutanga, Alerrandro e Mateus Gon\u00e7alves (Vit\u00f3ria) \/ Jadson Sergipano (Barcelona de Ilh\u00e9us)<br \/>\nCart\u00f5es amarelos: Rodrigo Andrade (Vit\u00f3ria) \/ Jadson Sergipano, Caio, Bruno Ritter e Cesinha (Barcelona de Ilh\u00e9us)<\/p>\n<p>Vit\u00f3ria: Lucas Arcanjo; Zeca \u00a9, Camutanga, Wagner Leonardo e Patric Calmon; Willian Oliveira, Rodrigo Andrade (Caio Vin\u00edcius) e Matheuzinho (Luan); Iury Castilho (Mateus Gon\u00e7alves), Osvaldo (Z\u00e9 Hugo) e Alerrandro (Caio Dantas). T\u00e9cnico: L\u00e9o Cond\u00e9<\/p>\n<p>Barcelona de Ilh\u00e9us: Thiago Passos; Hugo Moura, Wesley, Jaques e Reginaldo (Hadrian); Bruno Ritter, Ramires \u00a9, Jadson Sergipano (Z\u00e9 Felipe) e Caio (Ninho Xavier); Natan (Jo\u00e3o Henrique) e Cesinha (Thoni). T\u00e9cnico: Betinho<\/p>\n<p>Foto: Victor Ferreira\/EC Vit\u00f3ria<br \/>\nPor: Jos\u00e9 Gabriel<\/p>\n","protected":false},"excerpt":{"rendered":"<p>Jadson Sergipano abriu o placar, mas Osvaldo, de p\u00eanalti, Camutanga, Alerrandro e Mateus Gon\u00e7alves viraram para fechar a partida em<\/p>\n","protected":false},"author":4,"featured_media":13148,"comment_status":"open","ping_status":"open","sticky":false,"template":"","format":"standard","meta":{"colormag_page_container_layout":"default_layout","colormag_page_sidebar_layout":"default_layout","_FSMCFIC_featured_image_caption":"","_FSMCFIC_featured_image_nocaption":"","_FSMCFIC_featured_image_hide":"","footnotes":""},"categories":[4,1],"tags":[],"class_list":["post-13147","post","type-post","status-publish","format-standard","has-post-thumbnail","hentry","category-esporte","category-ultimas"],"yoast_head":"<!-- This site is optimized with the Yoast SEO plugin v27.1.1 - https:\/\/yoast.com\/product\/yoast-seo-wordpress\/ -->\n<title>Vit\u00f3ria vence o Barcelona de Ilh\u00e9us e volta \u00e0 final do Baian\u00e3o ap\u00f3s seis anos - Brasil not\u00edcias<\/title>\n<meta name=\"robots\" content=\"index, follow, max-snippet:-1, max-image-preview:large, max-video-preview:-1\" \/>\n<link rel=\"canonical\" href=\"https:\/\/brasilnoticias.org\/site\/vitoria-vence-o-barcelona-de-ilheus-e-volta-a-final-do-baianao-apos-seis-anos\/\" \/>\n<meta property=\"og:locale\" content=\"pt_PT\" \/>\n<meta property=\"og:type\" content=\"article\" \/>\n<meta property=\"og:title\" content=\"Vit\u00f3ria vence o Barcelona de Ilh\u00e9us e volta \u00e0 final do Baian\u00e3o ap\u00f3s seis anos - Brasil not\u00edcias\" \/>\n<meta property=\"og:description\" content=\"Jadson Sergipano abriu o placar, mas Osvaldo, de p\u00eanalti, Camutanga, Alerrandro e Mateus Gon\u00e7alves viraram para fechar a partida em\" \/>\n<meta property=\"og:url\" content=\"https:\/\/brasilnoticias.org\/site\/vitoria-vence-o-barcelona-de-ilheus-e-volta-a-final-do-baianao-apos-seis-anos\/\" \/>\n<meta property=\"og:site_name\" content=\"Brasil not\u00edcias\" \/>\n<meta property=\"article:published_time\" content=\"2024-03-17T22:52:38+00:00\" \/>\n<meta property=\"og:image\" content=\"https:\/\/brasilnoticias.org\/site\/wp-content\/uploads\/2024\/03\/147492vitoria-vence-o-barcelona-de-ilheus-e-volta-a-final-do-baianao-apos-seis-anos-3.jpg\" \/>\n\t<meta property=\"og:image:width\" content=\"1600\" \/>\n\t<meta property=\"og:image:height\" content=\"752\" \/>\n\t<meta property=\"og:image:type\" content=\"image\/jpeg\" \/>\n<meta name=\"author\" content=\"Reda\u00e7\u00e3o\" \/>\n<meta name=\"twitter:card\" content=\"summary_large_image\" \/>\n<meta name=\"twitter:label1\" content=\"Escrito por\" \/>\n\t<meta name=\"twitter:data1\" content=\"Reda\u00e7\u00e3o\" \/>\n<script type=\"application\/ld+json\" class=\"yoast-schema-graph\">{\"@context\":\"https:\/\/schema.org\",\"@graph\":[{\"@type\":\"Article\",\"@id\":\"https:\/\/brasilnoticias.org\/site\/vitoria-vence-o-barcelona-de-ilheus-e-volta-a-final-do-baianao-apos-seis-anos\/#article\",\"isPartOf\":{\"@id\":\"https:\/\/brasilnoticias.org\/site\/vitoria-vence-o-barcelona-de-ilheus-e-volta-a-final-do-baianao-apos-seis-anos\/\"},\"author\":{\"name\":\"Reda\u00e7\u00e3o\",\"@id\":\"https:\/\/brasilnoticias.org\/site\/#\/schema\/person\/03bbbfe6c7634ad18c26444ea39049fa\"},\"headline\":\"Vit\u00f3ria vence o Barcelona de Ilh\u00e9us e volta \u00e0 final do Baian\u00e3o ap\u00f3s seis anos\",\"datePublished\":\"2024-03-17T22:52:38+00:00\",\"mainEntityOfPage\":{\"@id\":\"https:\/\/brasilnoticias.org\/site\/vitoria-vence-o-barcelona-de-ilheus-e-volta-a-final-do-baianao-apos-seis-anos\/\"},\"wordCount\":962,\"commentCount\":0,\"publisher\":{\"@id\":\"https:\/\/brasilnoticias.org\/site\/#organization\"},\"image\":{\"@id\":\"https:\/\/brasilnoticias.org\/site\/vitoria-vence-o-barcelona-de-ilheus-e-volta-a-final-do-baianao-apos-seis-anos\/#primaryimage\"},\"thumbnailUrl\":\"https:\/\/brasilnoticias.org\/site\/wp-content\/uploads\/2024\/03\/147492vitoria-vence-o-barcelona-de-ilheus-e-volta-a-final-do-baianao-apos-seis-anos-3.jpg\",\"articleSection\":[\"Esporte\",\"\u00daltimas\"],\"inLanguage\":\"pt-PT\",\"potentialAction\":[{\"@type\":\"CommentAction\",\"name\":\"Comment\",\"target\":[\"https:\/\/brasilnoticias.org\/site\/vitoria-vence-o-barcelona-de-ilheus-e-volta-a-final-do-baianao-apos-seis-anos\/#respond\"]}]},{\"@type\":\"WebPage\",\"@id\":\"https:\/\/brasilnoticias.org\/site\/vitoria-vence-o-barcelona-de-ilheus-e-volta-a-final-do-baianao-apos-seis-anos\/\",\"url\":\"https:\/\/brasilnoticias.org\/site\/vitoria-vence-o-barcelona-de-ilheus-e-volta-a-final-do-baianao-apos-seis-anos\/\",\"name\":\"Vit\u00f3ria vence o Barcelona de Ilh\u00e9us e volta \u00e0 final do Baian\u00e3o ap\u00f3s seis anos - Brasil not\u00edcias\",\"isPartOf\":{\"@id\":\"https:\/\/brasilnoticias.org\/site\/#website\"},\"primaryImageOfPage\":{\"@id\":\"https:\/\/brasilnoticias.org\/site\/vitoria-vence-o-barcelona-de-ilheus-e-volta-a-final-do-baianao-apos-seis-anos\/#primaryimage\"},\"image\":{\"@id\":\"https:\/\/brasilnoticias.org\/site\/vitoria-vence-o-barcelona-de-ilheus-e-volta-a-final-do-baianao-apos-seis-anos\/#primaryimage\"},\"thumbnailUrl\":\"https:\/\/brasilnoticias.org\/site\/wp-content\/uploads\/2024\/03\/147492vitoria-vence-o-barcelona-de-ilheus-e-volta-a-final-do-baianao-apos-seis-anos-3.jpg\",\"datePublished\":\"2024-03-17T22:52:38+00:00\",\"breadcrumb\":{\"@id\":\"https:\/\/brasilnoticias.org\/site\/vitoria-vence-o-barcelona-de-ilheus-e-volta-a-final-do-baianao-apos-seis-anos\/#breadcrumb\"},\"inLanguage\":\"pt-PT\",\"potentialAction\":[{\"@type\":\"ReadAction\",\"target\":[\"https:\/\/brasilnoticias.org\/site\/vitoria-vence-o-barcelona-de-ilheus-e-volta-a-final-do-baianao-apos-seis-anos\/\"]}]},{\"@type\":\"ImageObject\",\"inLanguage\":\"pt-PT\",\"@id\":\"https:\/\/brasilnoticias.org\/site\/vitoria-vence-o-barcelona-de-ilheus-e-volta-a-final-do-baianao-apos-seis-anos\/#primaryimage\",\"url\":\"https:\/\/brasilnoticias.org\/site\/wp-content\/uploads\/2024\/03\/147492vitoria-vence-o-barcelona-de-ilheus-e-volta-a-final-do-baianao-apos-seis-anos-3.jpg\",\"contentUrl\":\"https:\/\/brasilnoticias.org\/site\/wp-content\/uploads\/2024\/03\/147492vitoria-vence-o-barcelona-de-ilheus-e-volta-a-final-do-baianao-apos-seis-anos-3.jpg\",\"width\":1600,\"height\":752},{\"@type\":\"BreadcrumbList\",\"@id\":\"https:\/\/brasilnoticias.org\/site\/vitoria-vence-o-barcelona-de-ilheus-e-volta-a-final-do-baianao-apos-seis-anos\/#breadcrumb\",\"itemListElement\":[{\"@type\":\"ListItem\",\"position\":1,\"name\":\"In\u00edcio\",\"item\":\"https:\/\/brasilnoticias.org\/site\/\"},{\"@type\":\"ListItem\",\"position\":2,\"name\":\"Vit\u00f3ria vence o Barcelona de Ilh\u00e9us e volta \u00e0 final do Baian\u00e3o ap\u00f3s seis anos\"}]},{\"@type\":\"WebSite\",\"@id\":\"https:\/\/brasilnoticias.org\/site\/#website\",\"url\":\"https:\/\/brasilnoticias.org\/site\/\",\"name\":\"Brasil not\u00edcias\",\"description\":\"Brasil not\u00edcias\",\"publisher\":{\"@id\":\"https:\/\/brasilnoticias.org\/site\/#organization\"},\"potentialAction\":[{\"@type\":\"SearchAction\",\"target\":{\"@type\":\"EntryPoint\",\"urlTemplate\":\"https:\/\/brasilnoticias.org\/site\/?s={search_term_string}\"},\"query-input\":{\"@type\":\"PropertyValueSpecification\",\"valueRequired\":true,\"valueName\":\"search_term_string\"}}],\"inLanguage\":\"pt-PT\"},{\"@type\":\"Organization\",\"@id\":\"https:\/\/brasilnoticias.org\/site\/#organization\",\"name\":\"Brasil not\u00edcias\",\"url\":\"https:\/\/brasilnoticias.org\/site\/\",\"logo\":{\"@type\":\"ImageObject\",\"inLanguage\":\"pt-PT\",\"@id\":\"https:\/\/brasilnoticias.org\/site\/#\/schema\/logo\/image\/\",\"url\":\"https:\/\/brasilnoticias.org\/site\/wp-content\/uploads\/2022\/05\/cropped-brasilnoticias-mini.jpg\",\"contentUrl\":\"https:\/\/brasilnoticias.org\/site\/wp-content\/uploads\/2022\/05\/cropped-brasilnoticias-mini.jpg\",\"width\":314,\"height\":86,\"caption\":\"Brasil not\u00edcias\"},\"image\":{\"@id\":\"https:\/\/brasilnoticias.org\/site\/#\/schema\/logo\/image\/\"}},{\"@type\":\"Person\",\"@id\":\"https:\/\/brasilnoticias.org\/site\/#\/schema\/person\/03bbbfe6c7634ad18c26444ea39049fa\",\"name\":\"Reda\u00e7\u00e3o\",\"image\":{\"@type\":\"ImageObject\",\"inLanguage\":\"pt-PT\",\"@id\":\"https:\/\/brasilnoticias.org\/site\/#\/schema\/person\/image\/\",\"url\":\"https:\/\/secure.gravatar.com\/avatar\/9ecaf7327a696cb23ad926fedded5f1f04d7049de9e445375d55b48c001a6e42?s=96&d=mm&r=g\",\"contentUrl\":\"https:\/\/secure.gravatar.com\/avatar\/9ecaf7327a696cb23ad926fedded5f1f04d7049de9e445375d55b48c001a6e42?s=96&d=mm&r=g\",\"caption\":\"Reda\u00e7\u00e3o\"},\"url\":\"https:\/\/brasilnoticias.org\/site\/author\/henrique\/\"}]}<\/script>\n<!-- \/ Yoast SEO plugin. -->","yoast_head_json":{"title":"Vit\u00f3ria vence o Barcelona de Ilh\u00e9us e volta \u00e0 final do Baian\u00e3o ap\u00f3s seis anos - Brasil not\u00edcias","robots":{"index":"index","follow":"follow","max-snippet":"max-snippet:-1","max-image-preview":"max-image-preview:large","max-video-preview":"max-video-preview:-1"},"canonical":"https:\/\/brasilnoticias.org\/site\/vitoria-vence-o-barcelona-de-ilheus-e-volta-a-final-do-baianao-apos-seis-anos\/","og_locale":"pt_PT","og_type":"article","og_title":"Vit\u00f3ria vence o Barcelona de Ilh\u00e9us e volta \u00e0 final do Baian\u00e3o ap\u00f3s seis anos - Brasil not\u00edcias","og_description":"Jadson Sergipano abriu o placar, mas Osvaldo, de p\u00eanalti, Camutanga, Alerrandro e Mateus Gon\u00e7alves viraram para fechar a partida em","og_url":"https:\/\/brasilnoticias.org\/site\/vitoria-vence-o-barcelona-de-ilheus-e-volta-a-final-do-baianao-apos-seis-anos\/","og_site_name":"Brasil not\u00edcias","article_published_time":"2024-03-17T22:52:38+00:00","og_image":[{"width":1600,"height":752,"url":"https:\/\/brasilnoticias.org\/site\/wp-content\/uploads\/2024\/03\/147492vitoria-vence-o-barcelona-de-ilheus-e-volta-a-final-do-baianao-apos-seis-anos-3.jpg","type":"image\/jpeg"}],"author":"Reda\u00e7\u00e3o","twitter_card":"summary_large_image","twitter_misc":{"Escrito por":"Reda\u00e7\u00e3o"},"schema":{"@context":"https:\/\/schema.org","@graph":[{"@type":"Article","@id":"https:\/\/brasilnoticias.org\/site\/vitoria-vence-o-barcelona-de-ilheus-e-volta-a-final-do-baianao-apos-seis-anos\/#article","isPartOf":{"@id":"https:\/\/brasilnoticias.org\/site\/vitoria-vence-o-barcelona-de-ilheus-e-volta-a-final-do-baianao-apos-seis-anos\/"},"author":{"name":"Reda\u00e7\u00e3o","@id":"https:\/\/brasilnoticias.org\/site\/#\/schema\/person\/03bbbfe6c7634ad18c26444ea39049fa"},"headline":"Vit\u00f3ria vence o Barcelona de Ilh\u00e9us e volta \u00e0 final do Baian\u00e3o ap\u00f3s seis anos","datePublished":"2024-03-17T22:52:38+00:00","mainEntityOfPage":{"@id":"https:\/\/brasilnoticias.org\/site\/vitoria-vence-o-barcelona-de-ilheus-e-volta-a-final-do-baianao-apos-seis-anos\/"},"wordCount":962,"commentCount":0,"publisher":{"@id":"https:\/\/brasilnoticias.org\/site\/#organization"},"image":{"@id":"https:\/\/brasilnoticias.org\/site\/vitoria-vence-o-barcelona-de-ilheus-e-volta-a-final-do-baianao-apos-seis-anos\/#primaryimage"},"thumbnailUrl":"https:\/\/brasilnoticias.org\/site\/wp-content\/uploads\/2024\/03\/147492vitoria-vence-o-barcelona-de-ilheus-e-volta-a-final-do-baianao-apos-seis-anos-3.jpg","articleSection":["Esporte","\u00daltimas"],"inLanguage":"pt-PT","potentialAction":[{"@type":"CommentAction","name":"Comment","target":["https:\/\/brasilnoticias.org\/site\/vitoria-vence-o-barcelona-de-ilheus-e-volta-a-final-do-baianao-apos-seis-anos\/#respond"]}]},{"@type":"WebPage","@id":"https:\/\/brasilnoticias.org\/site\/vitoria-vence-o-barcelona-de-ilheus-e-volta-a-final-do-baianao-apos-seis-anos\/","url":"https:\/\/brasilnoticias.org\/site\/vitoria-vence-o-barcelona-de-ilheus-e-volta-a-final-do-baianao-apos-seis-anos\/","name":"Vit\u00f3ria vence o Barcelona de Ilh\u00e9us e volta \u00e0 final do Baian\u00e3o ap\u00f3s seis anos - Brasil not\u00edcias","isPartOf":{"@id":"https:\/\/brasilnoticias.org\/site\/#website"},"primaryImageOfPage":{"@id":"https:\/\/brasilnoticias.org\/site\/vitoria-vence-o-barcelona-de-ilheus-e-volta-a-final-do-baianao-apos-seis-anos\/#primaryimage"},"image":{"@id":"https:\/\/brasilnoticias.org\/site\/vitoria-vence-o-barcelona-de-ilheus-e-volta-a-final-do-baianao-apos-seis-anos\/#primaryimage"},"thumbnailUrl":"https:\/\/brasilnoticias.org\/site\/wp-content\/uploads\/2024\/03\/147492vitoria-vence-o-barcelona-de-ilheus-e-volta-a-final-do-baianao-apos-seis-anos-3.jpg","datePublished":"2024-03-17T22:52:38+00:00","breadcrumb":{"@id":"https:\/\/brasilnoticias.org\/site\/vitoria-vence-o-barcelona-de-ilheus-e-volta-a-final-do-baianao-apos-seis-anos\/#breadcrumb"},"inLanguage":"pt-PT","potentialAction":[{"@type":"ReadAction","target":["https:\/\/brasilnoticias.org\/site\/vitoria-vence-o-barcelona-de-ilheus-e-volta-a-final-do-baianao-apos-seis-anos\/"]}]},{"@type":"ImageObject","inLanguage":"pt-PT","@id":"https:\/\/brasilnoticias.org\/site\/vitoria-vence-o-barcelona-de-ilheus-e-volta-a-final-do-baianao-apos-seis-anos\/#primaryimage","url":"https:\/\/brasilnoticias.org\/site\/wp-content\/uploads\/2024\/03\/147492vitoria-vence-o-barcelona-de-ilheus-e-volta-a-final-do-baianao-apos-seis-anos-3.jpg","contentUrl":"https:\/\/brasilnoticias.org\/site\/wp-content\/uploads\/2024\/03\/147492vitoria-vence-o-barcelona-de-ilheus-e-volta-a-final-do-baianao-apos-seis-anos-3.jpg","width":1600,"height":752},{"@type":"BreadcrumbList","@id":"https:\/\/brasilnoticias.org\/site\/vitoria-vence-o-barcelona-de-ilheus-e-volta-a-final-do-baianao-apos-seis-anos\/#breadcrumb","itemListElement":[{"@type":"ListItem","position":1,"name":"In\u00edcio","item":"https:\/\/brasilnoticias.org\/site\/"},{"@type":"ListItem","position":2,"name":"Vit\u00f3ria vence o Barcelona de Ilh\u00e9us e volta \u00e0 final do Baian\u00e3o ap\u00f3s seis anos"}]},{"@type":"WebSite","@id":"https:\/\/brasilnoticias.org\/site\/#website","url":"https:\/\/brasilnoticias.org\/site\/","name":"Brasil not\u00edcias","description":"Brasil not\u00edcias","publisher":{"@id":"https:\/\/brasilnoticias.org\/site\/#organization"},"potentialAction":[{"@type":"SearchAction","target":{"@type":"EntryPoint","urlTemplate":"https:\/\/brasilnoticias.org\/site\/?s={search_term_string}"},"query-input":{"@type":"PropertyValueSpecification","valueRequired":true,"valueName":"search_term_string"}}],"inLanguage":"pt-PT"},{"@type":"Organization","@id":"https:\/\/brasilnoticias.org\/site\/#organization","name":"Brasil not\u00edcias","url":"https:\/\/brasilnoticias.org\/site\/","logo":{"@type":"ImageObject","inLanguage":"pt-PT","@id":"https:\/\/brasilnoticias.org\/site\/#\/schema\/logo\/image\/","url":"https:\/\/brasilnoticias.org\/site\/wp-content\/uploads\/2022\/05\/cropped-brasilnoticias-mini.jpg","contentUrl":"https:\/\/brasilnoticias.org\/site\/wp-content\/uploads\/2022\/05\/cropped-brasilnoticias-mini.jpg","width":314,"height":86,"caption":"Brasil not\u00edcias"},"image":{"@id":"https:\/\/brasilnoticias.org\/site\/#\/schema\/logo\/image\/"}},{"@type":"Person","@id":"https:\/\/brasilnoticias.org\/site\/#\/schema\/person\/03bbbfe6c7634ad18c26444ea39049fa","name":"Reda\u00e7\u00e3o","image":{"@type":"ImageObject","inLanguage":"pt-PT","@id":"https:\/\/brasilnoticias.org\/site\/#\/schema\/person\/image\/","url":"https:\/\/secure.gravatar.com\/avatar\/9ecaf7327a696cb23ad926fedded5f1f04d7049de9e445375d55b48c001a6e42?s=96&d=mm&r=g","contentUrl":"https:\/\/secure.gravatar.com\/avatar\/9ecaf7327a696cb23ad926fedded5f1f04d7049de9e445375d55b48c001a6e42?s=96&d=mm&r=g","caption":"Reda\u00e7\u00e3o"},"url":"https:\/\/brasilnoticias.org\/site\/author\/henrique\/"}]}},"_links":{"self":[{"href":"https:\/\/brasilnoticias.org\/site\/wp-json\/wp\/v2\/posts\/13147","targetHints":{"allow":["GET"]}}],"collection":[{"href":"https:\/\/brasilnoticias.org\/site\/wp-json\/wp\/v2\/posts"}],"about":[{"href":"https:\/\/brasilnoticias.org\/site\/wp-json\/wp\/v2\/types\/post"}],"author":[{"embeddable":true,"href":"https:\/\/brasilnoticias.org\/site\/wp-json\/wp\/v2\/users\/4"}],"replies":[{"embeddable":true,"href":"https:\/\/brasilnoticias.org\/site\/wp-json\/wp\/v2\/comments?post=13147"}],"version-history":[{"count":1,"href":"https:\/\/brasilnoticias.org\/site\/wp-json\/wp\/v2\/posts\/13147\/revisions"}],"predecessor-version":[{"id":13149,"href":"https:\/\/brasilnoticias.org\/site\/wp-json\/wp\/v2\/posts\/13147\/revisions\/13149"}],"wp:featuredmedia":[{"embeddable":true,"href":"https:\/\/brasilnoticias.org\/site\/wp-json\/wp\/v2\/media\/13148"}],"wp:attachment":[{"href":"https:\/\/brasilnoticias.org\/site\/wp-json\/wp\/v2\/media?parent=13147"}],"wp:term":[{"taxonomy":"category","embeddable":true,"href":"https:\/\/brasilnoticias.org\/site\/wp-json\/wp\/v2\/categories?post=13147"},{"taxonomy":"post_tag","embeddable":true,"href":"https:\/\/brasilnoticias.org\/site\/wp-json\/wp\/v2\/tags?post=13147"}],"curies":[{"name":"wp","href":"https:\/\/api.w.org\/{rel}","templated":true}]}}