{"id":13156,"date":"2024-03-21T06:14:39","date_gmt":"2024-03-21T09:14:39","guid":{"rendered":"https:\/\/brasilnoticias.org\/site\/?p=13156"},"modified":"2024-03-21T06:14:39","modified_gmt":"2024-03-21T09:14:39","slug":"acusado-de-matar-5-pessoas-o-10-de-ouros-do-baralho-do-crime-e-preso-no-rio-de-janeiro","status":"publish","type":"post","link":"https:\/\/brasilnoticias.org\/site\/acusado-de-matar-5-pessoas-o-10-de-ouros-do-baralho-do-crime-e-preso-no-rio-de-janeiro\/","title":{"rendered":"Acusado de matar 5 pessoas, o \u201910 de Ouros\u2019 do \u2018Baralho do Crime\u2019 \u00e9 preso no Rio de Janeiro"},"content":{"rendered":"<p>John Hebert \u00e9 suspeito de cometer os crimes no bairro de S\u00e3o Caetano, em Salvador, e foi preso no munic\u00edpio de Maca\u00e9, no Rio<\/p>\n<p>Identificado como o \u201cDez de Ouros\u201d do \u201cBaralho do Crime\u201d, John Hebert Silva de Souza, conhecido como \u201cSaul\u201d, foi preso nesta quarta-feira (20\/3). Ele \u00e9 suspeito de ter cometido pelo menos cinco homic\u00eddios no bairro de S\u00e3o Caetano, em Salvador, e foi adicionado pela Secretaria de Seguran\u00e7a P\u00fablica da Bahia (SSP-BA)  ao \u201cBaralho do Crime\u201d. A ferramenta do \u00f3rg\u00e3o elenca os foragidos mais procurados do estado. John Hebert foi preso no munic\u00edpio de Maca\u00e9, no Rio de Janeiro.<\/p>\n<p>A a\u00e7\u00e3o que prendeu o \u201cDez de Ouros\u201d foi do Departamento de Homic\u00eddios e Prote\u00e7\u00e3o \u00e0 Pessoa (DHPP) com a Pol\u00edcia Civil do Rio de Janeiro. Entre as cinco pessoas que ele teria matado estaria Marcus Vin\u00edcius Pereira Mascarenhas Cachoeira, assassinado com 19 tiros em 2015. A informa\u00e7\u00e3o \u00e9 da 3\u00aa Delegacia de Homic\u00eddios (DH\/BTS).<\/p>\n<p>Segundo a delegada Andr\u00e9a Ribeiro, diretora do DHPP, a pris\u00e3o do criminoso \u00e9 de um trabalho meticuloso, aliado aos recursos tecnol\u00f3gicos. \u201cA troca de informa\u00e7\u00f5es entre o DHPP e a PC do Rio de Janeiro, com o apoio de unidades da Pol\u00edcia Militar daquele estado, possibilitou a localiza\u00e7\u00e3o do foragido, preso na comunidade de Nova Holanda\u201d, ressaltou.<\/p>\n<p>Foto: Divulga\u00e7\u00e3o<br \/>\nAratu On<\/p>\n","protected":false},"excerpt":{"rendered":"<p>John Hebert \u00e9 suspeito de cometer os crimes no bairro de S\u00e3o Caetano, em Salvador, e foi preso no munic\u00edpio<\/p>\n","protected":false},"author":4,"featured_media":13157,"comment_status":"open","ping_status":"open","sticky":false,"template":"","format":"standard","meta":{"colormag_page_container_layout":"default_layout","colormag_page_sidebar_layout":"default_layout","_FSMCFIC_featured_image_caption":"","_FSMCFIC_featured_image_nocaption":"","_FSMCFIC_featured_image_hide":"","footnotes":""},"categories":[3,1],"tags":[],"class_list":["post-13156","post","type-post","status-publish","format-standard","has-post-thumbnail","hentry","category-policia","category-ultimas"],"yoast_head":"<!-- This site is optimized with the Yoast SEO plugin v27.1.1 - https:\/\/yoast.com\/product\/yoast-seo-wordpress\/ -->\n<title>Acusado de matar 5 pessoas, o \u201910 de Ouros\u2019 do \u2018Baralho do Crime\u2019 \u00e9 preso no Rio de Janeiro - Brasil not\u00edcias<\/title>\n<meta name=\"robots\" content=\"index, follow, max-snippet:-1, max-image-preview:large, max-video-preview:-1\" \/>\n<link rel=\"canonical\" href=\"https:\/\/brasilnoticias.org\/site\/acusado-de-matar-5-pessoas-o-10-de-ouros-do-baralho-do-crime-e-preso-no-rio-de-janeiro\/\" \/>\n<meta property=\"og:locale\" content=\"pt_PT\" \/>\n<meta property=\"og:type\" content=\"article\" \/>\n<meta property=\"og:title\" content=\"Acusado de matar 5 pessoas, o \u201910 de Ouros\u2019 do \u2018Baralho do Crime\u2019 \u00e9 preso no Rio de Janeiro - Brasil not\u00edcias\" \/>\n<meta property=\"og:description\" content=\"John Hebert \u00e9 suspeito de cometer os crimes no bairro de S\u00e3o Caetano, em Salvador, e foi preso no munic\u00edpio\" \/>\n<meta property=\"og:url\" content=\"https:\/\/brasilnoticias.org\/site\/acusado-de-matar-5-pessoas-o-10-de-ouros-do-baralho-do-crime-e-preso-no-rio-de-janeiro\/\" \/>\n<meta property=\"og:site_name\" content=\"Brasil not\u00edcias\" \/>\n<meta property=\"article:published_time\" content=\"2024-03-21T09:14:39+00:00\" \/>\n<meta property=\"og:image\" content=\"https:\/\/brasilnoticias.org\/site\/wp-content\/uploads\/2024\/03\/DHPP-SSP.jpeg\" \/>\n\t<meta property=\"og:image:width\" content=\"740\" \/>\n\t<meta property=\"og:image:height\" content=\"470\" \/>\n\t<meta property=\"og:image:type\" content=\"image\/jpeg\" \/>\n<meta name=\"author\" content=\"Reda\u00e7\u00e3o\" \/>\n<meta name=\"twitter:card\" content=\"summary_large_image\" \/>\n<meta name=\"twitter:label1\" content=\"Escrito por\" \/>\n\t<meta name=\"twitter:data1\" content=\"Reda\u00e7\u00e3o\" \/>\n\t<meta name=\"twitter:label2\" content=\"Tempo estimado de leitura\" \/>\n\t<meta name=\"twitter:data2\" content=\"1 minuto\" \/>\n<script type=\"application\/ld+json\" class=\"yoast-schema-graph\">{\"@context\":\"https:\/\/schema.org\",\"@graph\":[{\"@type\":\"Article\",\"@id\":\"https:\/\/brasilnoticias.org\/site\/acusado-de-matar-5-pessoas-o-10-de-ouros-do-baralho-do-crime-e-preso-no-rio-de-janeiro\/#article\",\"isPartOf\":{\"@id\":\"https:\/\/brasilnoticias.org\/site\/acusado-de-matar-5-pessoas-o-10-de-ouros-do-baralho-do-crime-e-preso-no-rio-de-janeiro\/\"},\"author\":{\"name\":\"Reda\u00e7\u00e3o\",\"@id\":\"https:\/\/brasilnoticias.org\/site\/#\/schema\/person\/03bbbfe6c7634ad18c26444ea39049fa\"},\"headline\":\"Acusado de matar 5 pessoas, o \u201910 de Ouros\u2019 do \u2018Baralho do Crime\u2019 \u00e9 preso no Rio de Janeiro\",\"datePublished\":\"2024-03-21T09:14:39+00:00\",\"mainEntityOfPage\":{\"@id\":\"https:\/\/brasilnoticias.org\/site\/acusado-de-matar-5-pessoas-o-10-de-ouros-do-baralho-do-crime-e-preso-no-rio-de-janeiro\/\"},\"wordCount\":248,\"commentCount\":0,\"publisher\":{\"@id\":\"https:\/\/brasilnoticias.org\/site\/#organization\"},\"image\":{\"@id\":\"https:\/\/brasilnoticias.org\/site\/acusado-de-matar-5-pessoas-o-10-de-ouros-do-baralho-do-crime-e-preso-no-rio-de-janeiro\/#primaryimage\"},\"thumbnailUrl\":\"https:\/\/brasilnoticias.org\/site\/wp-content\/uploads\/2024\/03\/DHPP-SSP.jpeg\",\"articleSection\":[\"Pol\u00edcia\",\"\u00daltimas\"],\"inLanguage\":\"pt-PT\",\"potentialAction\":[{\"@type\":\"CommentAction\",\"name\":\"Comment\",\"target\":[\"https:\/\/brasilnoticias.org\/site\/acusado-de-matar-5-pessoas-o-10-de-ouros-do-baralho-do-crime-e-preso-no-rio-de-janeiro\/#respond\"]}]},{\"@type\":\"WebPage\",\"@id\":\"https:\/\/brasilnoticias.org\/site\/acusado-de-matar-5-pessoas-o-10-de-ouros-do-baralho-do-crime-e-preso-no-rio-de-janeiro\/\",\"url\":\"https:\/\/brasilnoticias.org\/site\/acusado-de-matar-5-pessoas-o-10-de-ouros-do-baralho-do-crime-e-preso-no-rio-de-janeiro\/\",\"name\":\"Acusado de matar 5 pessoas, o \u201910 de Ouros\u2019 do \u2018Baralho do Crime\u2019 \u00e9 preso no Rio de Janeiro - Brasil not\u00edcias\",\"isPartOf\":{\"@id\":\"https:\/\/brasilnoticias.org\/site\/#website\"},\"primaryImageOfPage\":{\"@id\":\"https:\/\/brasilnoticias.org\/site\/acusado-de-matar-5-pessoas-o-10-de-ouros-do-baralho-do-crime-e-preso-no-rio-de-janeiro\/#primaryimage\"},\"image\":{\"@id\":\"https:\/\/brasilnoticias.org\/site\/acusado-de-matar-5-pessoas-o-10-de-ouros-do-baralho-do-crime-e-preso-no-rio-de-janeiro\/#primaryimage\"},\"thumbnailUrl\":\"https:\/\/brasilnoticias.org\/site\/wp-content\/uploads\/2024\/03\/DHPP-SSP.jpeg\",\"datePublished\":\"2024-03-21T09:14:39+00:00\",\"breadcrumb\":{\"@id\":\"https:\/\/brasilnoticias.org\/site\/acusado-de-matar-5-pessoas-o-10-de-ouros-do-baralho-do-crime-e-preso-no-rio-de-janeiro\/#breadcrumb\"},\"inLanguage\":\"pt-PT\",\"potentialAction\":[{\"@type\":\"ReadAction\",\"target\":[\"https:\/\/brasilnoticias.org\/site\/acusado-de-matar-5-pessoas-o-10-de-ouros-do-baralho-do-crime-e-preso-no-rio-de-janeiro\/\"]}]},{\"@type\":\"ImageObject\",\"inLanguage\":\"pt-PT\",\"@id\":\"https:\/\/brasilnoticias.org\/site\/acusado-de-matar-5-pessoas-o-10-de-ouros-do-baralho-do-crime-e-preso-no-rio-de-janeiro\/#primaryimage\",\"url\":\"https:\/\/brasilnoticias.org\/site\/wp-content\/uploads\/2024\/03\/DHPP-SSP.jpeg\",\"contentUrl\":\"https:\/\/brasilnoticias.org\/site\/wp-content\/uploads\/2024\/03\/DHPP-SSP.jpeg\",\"width\":740,\"height\":470},{\"@type\":\"BreadcrumbList\",\"@id\":\"https:\/\/brasilnoticias.org\/site\/acusado-de-matar-5-pessoas-o-10-de-ouros-do-baralho-do-crime-e-preso-no-rio-de-janeiro\/#breadcrumb\",\"itemListElement\":[{\"@type\":\"ListItem\",\"position\":1,\"name\":\"In\u00edcio\",\"item\":\"https:\/\/brasilnoticias.org\/site\/\"},{\"@type\":\"ListItem\",\"position\":2,\"name\":\"Acusado de matar 5 pessoas, o \u201910 de Ouros\u2019 do \u2018Baralho do Crime\u2019 \u00e9 preso no Rio de Janeiro\"}]},{\"@type\":\"WebSite\",\"@id\":\"https:\/\/brasilnoticias.org\/site\/#website\",\"url\":\"https:\/\/brasilnoticias.org\/site\/\",\"name\":\"Brasil not\u00edcias\",\"description\":\"Brasil not\u00edcias\",\"publisher\":{\"@id\":\"https:\/\/brasilnoticias.org\/site\/#organization\"},\"potentialAction\":[{\"@type\":\"SearchAction\",\"target\":{\"@type\":\"EntryPoint\",\"urlTemplate\":\"https:\/\/brasilnoticias.org\/site\/?s={search_term_string}\"},\"query-input\":{\"@type\":\"PropertyValueSpecification\",\"valueRequired\":true,\"valueName\":\"search_term_string\"}}],\"inLanguage\":\"pt-PT\"},{\"@type\":\"Organization\",\"@id\":\"https:\/\/brasilnoticias.org\/site\/#organization\",\"name\":\"Brasil not\u00edcias\",\"url\":\"https:\/\/brasilnoticias.org\/site\/\",\"logo\":{\"@type\":\"ImageObject\",\"inLanguage\":\"pt-PT\",\"@id\":\"https:\/\/brasilnoticias.org\/site\/#\/schema\/logo\/image\/\",\"url\":\"https:\/\/brasilnoticias.org\/site\/wp-content\/uploads\/2022\/05\/cropped-brasilnoticias-mini.jpg\",\"contentUrl\":\"https:\/\/brasilnoticias.org\/site\/wp-content\/uploads\/2022\/05\/cropped-brasilnoticias-mini.jpg\",\"width\":314,\"height\":86,\"caption\":\"Brasil not\u00edcias\"},\"image\":{\"@id\":\"https:\/\/brasilnoticias.org\/site\/#\/schema\/logo\/image\/\"}},{\"@type\":\"Person\",\"@id\":\"https:\/\/brasilnoticias.org\/site\/#\/schema\/person\/03bbbfe6c7634ad18c26444ea39049fa\",\"name\":\"Reda\u00e7\u00e3o\",\"image\":{\"@type\":\"ImageObject\",\"inLanguage\":\"pt-PT\",\"@id\":\"https:\/\/brasilnoticias.org\/site\/#\/schema\/person\/image\/\",\"url\":\"https:\/\/secure.gravatar.com\/avatar\/9ecaf7327a696cb23ad926fedded5f1f04d7049de9e445375d55b48c001a6e42?s=96&d=mm&r=g\",\"contentUrl\":\"https:\/\/secure.gravatar.com\/avatar\/9ecaf7327a696cb23ad926fedded5f1f04d7049de9e445375d55b48c001a6e42?s=96&d=mm&r=g\",\"caption\":\"Reda\u00e7\u00e3o\"},\"url\":\"https:\/\/brasilnoticias.org\/site\/author\/henrique\/\"}]}<\/script>\n<!-- \/ Yoast SEO plugin. -->","yoast_head_json":{"title":"Acusado de matar 5 pessoas, o \u201910 de Ouros\u2019 do \u2018Baralho do Crime\u2019 \u00e9 preso no Rio de Janeiro - Brasil not\u00edcias","robots":{"index":"index","follow":"follow","max-snippet":"max-snippet:-1","max-image-preview":"max-image-preview:large","max-video-preview":"max-video-preview:-1"},"canonical":"https:\/\/brasilnoticias.org\/site\/acusado-de-matar-5-pessoas-o-10-de-ouros-do-baralho-do-crime-e-preso-no-rio-de-janeiro\/","og_locale":"pt_PT","og_type":"article","og_title":"Acusado de matar 5 pessoas, o \u201910 de Ouros\u2019 do \u2018Baralho do Crime\u2019 \u00e9 preso no Rio de Janeiro - Brasil not\u00edcias","og_description":"John Hebert \u00e9 suspeito de cometer os crimes no bairro de S\u00e3o Caetano, em Salvador, e foi preso no munic\u00edpio","og_url":"https:\/\/brasilnoticias.org\/site\/acusado-de-matar-5-pessoas-o-10-de-ouros-do-baralho-do-crime-e-preso-no-rio-de-janeiro\/","og_site_name":"Brasil not\u00edcias","article_published_time":"2024-03-21T09:14:39+00:00","og_image":[{"width":740,"height":470,"url":"https:\/\/brasilnoticias.org\/site\/wp-content\/uploads\/2024\/03\/DHPP-SSP.jpeg","type":"image\/jpeg"}],"author":"Reda\u00e7\u00e3o","twitter_card":"summary_large_image","twitter_misc":{"Escrito por":"Reda\u00e7\u00e3o","Tempo estimado de leitura":"1 minuto"},"schema":{"@context":"https:\/\/schema.org","@graph":[{"@type":"Article","@id":"https:\/\/brasilnoticias.org\/site\/acusado-de-matar-5-pessoas-o-10-de-ouros-do-baralho-do-crime-e-preso-no-rio-de-janeiro\/#article","isPartOf":{"@id":"https:\/\/brasilnoticias.org\/site\/acusado-de-matar-5-pessoas-o-10-de-ouros-do-baralho-do-crime-e-preso-no-rio-de-janeiro\/"},"author":{"name":"Reda\u00e7\u00e3o","@id":"https:\/\/brasilnoticias.org\/site\/#\/schema\/person\/03bbbfe6c7634ad18c26444ea39049fa"},"headline":"Acusado de matar 5 pessoas, o \u201910 de Ouros\u2019 do \u2018Baralho do Crime\u2019 \u00e9 preso no Rio de Janeiro","datePublished":"2024-03-21T09:14:39+00:00","mainEntityOfPage":{"@id":"https:\/\/brasilnoticias.org\/site\/acusado-de-matar-5-pessoas-o-10-de-ouros-do-baralho-do-crime-e-preso-no-rio-de-janeiro\/"},"wordCount":248,"commentCount":0,"publisher":{"@id":"https:\/\/brasilnoticias.org\/site\/#organization"},"image":{"@id":"https:\/\/brasilnoticias.org\/site\/acusado-de-matar-5-pessoas-o-10-de-ouros-do-baralho-do-crime-e-preso-no-rio-de-janeiro\/#primaryimage"},"thumbnailUrl":"https:\/\/brasilnoticias.org\/site\/wp-content\/uploads\/2024\/03\/DHPP-SSP.jpeg","articleSection":["Pol\u00edcia","\u00daltimas"],"inLanguage":"pt-PT","potentialAction":[{"@type":"CommentAction","name":"Comment","target":["https:\/\/brasilnoticias.org\/site\/acusado-de-matar-5-pessoas-o-10-de-ouros-do-baralho-do-crime-e-preso-no-rio-de-janeiro\/#respond"]}]},{"@type":"WebPage","@id":"https:\/\/brasilnoticias.org\/site\/acusado-de-matar-5-pessoas-o-10-de-ouros-do-baralho-do-crime-e-preso-no-rio-de-janeiro\/","url":"https:\/\/brasilnoticias.org\/site\/acusado-de-matar-5-pessoas-o-10-de-ouros-do-baralho-do-crime-e-preso-no-rio-de-janeiro\/","name":"Acusado de matar 5 pessoas, o \u201910 de Ouros\u2019 do \u2018Baralho do Crime\u2019 \u00e9 preso no Rio de Janeiro - Brasil not\u00edcias","isPartOf":{"@id":"https:\/\/brasilnoticias.org\/site\/#website"},"primaryImageOfPage":{"@id":"https:\/\/brasilnoticias.org\/site\/acusado-de-matar-5-pessoas-o-10-de-ouros-do-baralho-do-crime-e-preso-no-rio-de-janeiro\/#primaryimage"},"image":{"@id":"https:\/\/brasilnoticias.org\/site\/acusado-de-matar-5-pessoas-o-10-de-ouros-do-baralho-do-crime-e-preso-no-rio-de-janeiro\/#primaryimage"},"thumbnailUrl":"https:\/\/brasilnoticias.org\/site\/wp-content\/uploads\/2024\/03\/DHPP-SSP.jpeg","datePublished":"2024-03-21T09:14:39+00:00","breadcrumb":{"@id":"https:\/\/brasilnoticias.org\/site\/acusado-de-matar-5-pessoas-o-10-de-ouros-do-baralho-do-crime-e-preso-no-rio-de-janeiro\/#breadcrumb"},"inLanguage":"pt-PT","potentialAction":[{"@type":"ReadAction","target":["https:\/\/brasilnoticias.org\/site\/acusado-de-matar-5-pessoas-o-10-de-ouros-do-baralho-do-crime-e-preso-no-rio-de-janeiro\/"]}]},{"@type":"ImageObject","inLanguage":"pt-PT","@id":"https:\/\/brasilnoticias.org\/site\/acusado-de-matar-5-pessoas-o-10-de-ouros-do-baralho-do-crime-e-preso-no-rio-de-janeiro\/#primaryimage","url":"https:\/\/brasilnoticias.org\/site\/wp-content\/uploads\/2024\/03\/DHPP-SSP.jpeg","contentUrl":"https:\/\/brasilnoticias.org\/site\/wp-content\/uploads\/2024\/03\/DHPP-SSP.jpeg","width":740,"height":470},{"@type":"BreadcrumbList","@id":"https:\/\/brasilnoticias.org\/site\/acusado-de-matar-5-pessoas-o-10-de-ouros-do-baralho-do-crime-e-preso-no-rio-de-janeiro\/#breadcrumb","itemListElement":[{"@type":"ListItem","position":1,"name":"In\u00edcio","item":"https:\/\/brasilnoticias.org\/site\/"},{"@type":"ListItem","position":2,"name":"Acusado de matar 5 pessoas, o \u201910 de Ouros\u2019 do \u2018Baralho do Crime\u2019 \u00e9 preso no Rio de Janeiro"}]},{"@type":"WebSite","@id":"https:\/\/brasilnoticias.org\/site\/#website","url":"https:\/\/brasilnoticias.org\/site\/","name":"Brasil not\u00edcias","description":"Brasil not\u00edcias","publisher":{"@id":"https:\/\/brasilnoticias.org\/site\/#organization"},"potentialAction":[{"@type":"SearchAction","target":{"@type":"EntryPoint","urlTemplate":"https:\/\/brasilnoticias.org\/site\/?s={search_term_string}"},"query-input":{"@type":"PropertyValueSpecification","valueRequired":true,"valueName":"search_term_string"}}],"inLanguage":"pt-PT"},{"@type":"Organization","@id":"https:\/\/brasilnoticias.org\/site\/#organization","name":"Brasil not\u00edcias","url":"https:\/\/brasilnoticias.org\/site\/","logo":{"@type":"ImageObject","inLanguage":"pt-PT","@id":"https:\/\/brasilnoticias.org\/site\/#\/schema\/logo\/image\/","url":"https:\/\/brasilnoticias.org\/site\/wp-content\/uploads\/2022\/05\/cropped-brasilnoticias-mini.jpg","contentUrl":"https:\/\/brasilnoticias.org\/site\/wp-content\/uploads\/2022\/05\/cropped-brasilnoticias-mini.jpg","width":314,"height":86,"caption":"Brasil not\u00edcias"},"image":{"@id":"https:\/\/brasilnoticias.org\/site\/#\/schema\/logo\/image\/"}},{"@type":"Person","@id":"https:\/\/brasilnoticias.org\/site\/#\/schema\/person\/03bbbfe6c7634ad18c26444ea39049fa","name":"Reda\u00e7\u00e3o","image":{"@type":"ImageObject","inLanguage":"pt-PT","@id":"https:\/\/brasilnoticias.org\/site\/#\/schema\/person\/image\/","url":"https:\/\/secure.gravatar.com\/avatar\/9ecaf7327a696cb23ad926fedded5f1f04d7049de9e445375d55b48c001a6e42?s=96&d=mm&r=g","contentUrl":"https:\/\/secure.gravatar.com\/avatar\/9ecaf7327a696cb23ad926fedded5f1f04d7049de9e445375d55b48c001a6e42?s=96&d=mm&r=g","caption":"Reda\u00e7\u00e3o"},"url":"https:\/\/brasilnoticias.org\/site\/author\/henrique\/"}]}},"_links":{"self":[{"href":"https:\/\/brasilnoticias.org\/site\/wp-json\/wp\/v2\/posts\/13156","targetHints":{"allow":["GET"]}}],"collection":[{"href":"https:\/\/brasilnoticias.org\/site\/wp-json\/wp\/v2\/posts"}],"about":[{"href":"https:\/\/brasilnoticias.org\/site\/wp-json\/wp\/v2\/types\/post"}],"author":[{"embeddable":true,"href":"https:\/\/brasilnoticias.org\/site\/wp-json\/wp\/v2\/users\/4"}],"replies":[{"embeddable":true,"href":"https:\/\/brasilnoticias.org\/site\/wp-json\/wp\/v2\/comments?post=13156"}],"version-history":[{"count":1,"href":"https:\/\/brasilnoticias.org\/site\/wp-json\/wp\/v2\/posts\/13156\/revisions"}],"predecessor-version":[{"id":13158,"href":"https:\/\/brasilnoticias.org\/site\/wp-json\/wp\/v2\/posts\/13156\/revisions\/13158"}],"wp:featuredmedia":[{"embeddable":true,"href":"https:\/\/brasilnoticias.org\/site\/wp-json\/wp\/v2\/media\/13157"}],"wp:attachment":[{"href":"https:\/\/brasilnoticias.org\/site\/wp-json\/wp\/v2\/media?parent=13156"}],"wp:term":[{"taxonomy":"category","embeddable":true,"href":"https:\/\/brasilnoticias.org\/site\/wp-json\/wp\/v2\/categories?post=13156"},{"taxonomy":"post_tag","embeddable":true,"href":"https:\/\/brasilnoticias.org\/site\/wp-json\/wp\/v2\/tags?post=13156"}],"curies":[{"name":"wp","href":"https:\/\/api.w.org\/{rel}","templated":true}]}}