{"id":1318,"date":"2022-09-03T21:20:55","date_gmt":"2022-09-04T00:20:55","guid":{"rendered":"https:\/\/brasilnoticias.org\/site\/?p=1318"},"modified":"2022-09-03T21:20:55","modified_gmt":"2022-09-04T00:20:55","slug":"conhecido-como-ze-bim-reporter-baiano-morre-aos-68-anos-apos-sofrer-infarto","status":"publish","type":"post","link":"https:\/\/brasilnoticias.org\/site\/conhecido-como-ze-bim-reporter-baiano-morre-aos-68-anos-apos-sofrer-infarto\/","title":{"rendered":"Conhecido como &#8216;Z\u00e9 Bim&#8217;, rep\u00f3rter baiano morre aos 68 anos ap\u00f3s sofrer infarto"},"content":{"rendered":"<p>Conhecido como \u201cZ\u00e9 Bim, o rep\u00f3rter dos baianos\u201d, Jos\u00e9 Neri Rosa, de 68 anos, faleceu no final da tarde deste s\u00e1bado (3), no Hospital Roberto Santos, em Salvador. A informa\u00e7\u00e3o foi confirmado a equipe do\u00a0<strong>BNews<\/strong>\u00a0por Diego Rosa, filho do comunicador.<\/p>\n<p>Ainda segundo Diego, Jos\u00e9 Neri, que lidava com complica\u00e7\u00f5es e sequelas em decorr\u00eancia de um AVC, sofreu um infarto na unidade de<\/p>\n","protected":false},"excerpt":{"rendered":"<p>Conhecido como \u201cZ\u00e9 Bim, o rep\u00f3rter dos baianos\u201d, Jos\u00e9 Neri Rosa, de 68 anos, faleceu no final da tarde deste<\/p>\n","protected":false},"author":2,"featured_media":1319,"comment_status":"open","ping_status":"open","sticky":false,"template":"","format":"standard","meta":{"colormag_page_container_layout":"default_layout","colormag_page_sidebar_layout":"default_layout","_FSMCFIC_featured_image_caption":"","_FSMCFIC_featured_image_nocaption":"","_FSMCFIC_featured_image_hide":"","footnotes":""},"categories":[2,1],"tags":[],"class_list":["post-1318","post","type-post","status-publish","format-standard","has-post-thumbnail","hentry","category-noticias","category-ultimas"],"yoast_head":"<!-- This site is optimized with the Yoast SEO plugin v27.1.1 - https:\/\/yoast.com\/product\/yoast-seo-wordpress\/ -->\n<title>Conhecido como &#039;Z\u00e9 Bim&#039;, rep\u00f3rter baiano morre aos 68 anos ap\u00f3s sofrer infarto - Brasil not\u00edcias<\/title>\n<meta name=\"robots\" content=\"index, follow, max-snippet:-1, max-image-preview:large, max-video-preview:-1\" \/>\n<link rel=\"canonical\" href=\"https:\/\/brasilnoticias.org\/site\/conhecido-como-ze-bim-reporter-baiano-morre-aos-68-anos-apos-sofrer-infarto\/\" \/>\n<meta property=\"og:locale\" content=\"pt_PT\" \/>\n<meta property=\"og:type\" content=\"article\" \/>\n<meta property=\"og:title\" content=\"Conhecido como &#039;Z\u00e9 Bim&#039;, rep\u00f3rter baiano morre aos 68 anos ap\u00f3s sofrer infarto - Brasil not\u00edcias\" \/>\n<meta property=\"og:description\" content=\"Conhecido como \u201cZ\u00e9 Bim, o rep\u00f3rter dos baianos\u201d, Jos\u00e9 Neri Rosa, de 68 anos, faleceu no final da tarde deste\" \/>\n<meta property=\"og:url\" content=\"https:\/\/brasilnoticias.org\/site\/conhecido-como-ze-bim-reporter-baiano-morre-aos-68-anos-apos-sofrer-infarto\/\" \/>\n<meta property=\"og:site_name\" content=\"Brasil not\u00edcias\" \/>\n<meta property=\"article:published_time\" content=\"2022-09-04T00:20:55+00:00\" \/>\n<meta property=\"og:image\" content=\"https:\/\/brasilnoticias.org\/site\/wp-content\/uploads\/2022\/09\/conhecido-como-ze-bim-reporter-baiano-morre-aos-68-anos-apos-sofrer-infarto_widelg.jpeg\" \/>\n\t<meta property=\"og:image:width\" content=\"800\" \/>\n\t<meta property=\"og:image:height\" content=\"450\" \/>\n\t<meta property=\"og:image:type\" content=\"image\/jpeg\" \/>\n<meta name=\"author\" content=\"Reda\u00e7\u00e3o\" \/>\n<meta name=\"twitter:card\" content=\"summary_large_image\" \/>\n<meta name=\"twitter:label1\" content=\"Escrito por\" \/>\n\t<meta name=\"twitter:data1\" content=\"Reda\u00e7\u00e3o\" \/>\n<script type=\"application\/ld+json\" class=\"yoast-schema-graph\">{\"@context\":\"https:\/\/schema.org\",\"@graph\":[{\"@type\":\"Article\",\"@id\":\"https:\/\/brasilnoticias.org\/site\/conhecido-como-ze-bim-reporter-baiano-morre-aos-68-anos-apos-sofrer-infarto\/#article\",\"isPartOf\":{\"@id\":\"https:\/\/brasilnoticias.org\/site\/conhecido-como-ze-bim-reporter-baiano-morre-aos-68-anos-apos-sofrer-infarto\/\"},\"author\":{\"name\":\"Reda\u00e7\u00e3o\",\"@id\":\"https:\/\/brasilnoticias.org\/site\/#\/schema\/person\/f609fa847b5314f1c8b983342f34c798\"},\"headline\":\"Conhecido como &#8216;Z\u00e9 Bim&#8217;, rep\u00f3rter baiano morre aos 68 anos ap\u00f3s sofrer infarto\",\"datePublished\":\"2022-09-04T00:20:55+00:00\",\"mainEntityOfPage\":{\"@id\":\"https:\/\/brasilnoticias.org\/site\/conhecido-como-ze-bim-reporter-baiano-morre-aos-68-anos-apos-sofrer-infarto\/\"},\"wordCount\":81,\"commentCount\":0,\"publisher\":{\"@id\":\"https:\/\/brasilnoticias.org\/site\/#organization\"},\"image\":{\"@id\":\"https:\/\/brasilnoticias.org\/site\/conhecido-como-ze-bim-reporter-baiano-morre-aos-68-anos-apos-sofrer-infarto\/#primaryimage\"},\"thumbnailUrl\":\"https:\/\/brasilnoticias.org\/site\/wp-content\/uploads\/2022\/09\/conhecido-como-ze-bim-reporter-baiano-morre-aos-68-anos-apos-sofrer-infarto_widelg.jpeg\",\"articleSection\":[\"Not\u00edcias\",\"\u00daltimas\"],\"inLanguage\":\"pt-PT\",\"potentialAction\":[{\"@type\":\"CommentAction\",\"name\":\"Comment\",\"target\":[\"https:\/\/brasilnoticias.org\/site\/conhecido-como-ze-bim-reporter-baiano-morre-aos-68-anos-apos-sofrer-infarto\/#respond\"]}]},{\"@type\":\"WebPage\",\"@id\":\"https:\/\/brasilnoticias.org\/site\/conhecido-como-ze-bim-reporter-baiano-morre-aos-68-anos-apos-sofrer-infarto\/\",\"url\":\"https:\/\/brasilnoticias.org\/site\/conhecido-como-ze-bim-reporter-baiano-morre-aos-68-anos-apos-sofrer-infarto\/\",\"name\":\"Conhecido como 'Z\u00e9 Bim', rep\u00f3rter baiano morre aos 68 anos ap\u00f3s sofrer infarto - Brasil not\u00edcias\",\"isPartOf\":{\"@id\":\"https:\/\/brasilnoticias.org\/site\/#website\"},\"primaryImageOfPage\":{\"@id\":\"https:\/\/brasilnoticias.org\/site\/conhecido-como-ze-bim-reporter-baiano-morre-aos-68-anos-apos-sofrer-infarto\/#primaryimage\"},\"image\":{\"@id\":\"https:\/\/brasilnoticias.org\/site\/conhecido-como-ze-bim-reporter-baiano-morre-aos-68-anos-apos-sofrer-infarto\/#primaryimage\"},\"thumbnailUrl\":\"https:\/\/brasilnoticias.org\/site\/wp-content\/uploads\/2022\/09\/conhecido-como-ze-bim-reporter-baiano-morre-aos-68-anos-apos-sofrer-infarto_widelg.jpeg\",\"datePublished\":\"2022-09-04T00:20:55+00:00\",\"breadcrumb\":{\"@id\":\"https:\/\/brasilnoticias.org\/site\/conhecido-como-ze-bim-reporter-baiano-morre-aos-68-anos-apos-sofrer-infarto\/#breadcrumb\"},\"inLanguage\":\"pt-PT\",\"potentialAction\":[{\"@type\":\"ReadAction\",\"target\":[\"https:\/\/brasilnoticias.org\/site\/conhecido-como-ze-bim-reporter-baiano-morre-aos-68-anos-apos-sofrer-infarto\/\"]}]},{\"@type\":\"ImageObject\",\"inLanguage\":\"pt-PT\",\"@id\":\"https:\/\/brasilnoticias.org\/site\/conhecido-como-ze-bim-reporter-baiano-morre-aos-68-anos-apos-sofrer-infarto\/#primaryimage\",\"url\":\"https:\/\/brasilnoticias.org\/site\/wp-content\/uploads\/2022\/09\/conhecido-como-ze-bim-reporter-baiano-morre-aos-68-anos-apos-sofrer-infarto_widelg.jpeg\",\"contentUrl\":\"https:\/\/brasilnoticias.org\/site\/wp-content\/uploads\/2022\/09\/conhecido-como-ze-bim-reporter-baiano-morre-aos-68-anos-apos-sofrer-infarto_widelg.jpeg\",\"width\":800,\"height\":450},{\"@type\":\"BreadcrumbList\",\"@id\":\"https:\/\/brasilnoticias.org\/site\/conhecido-como-ze-bim-reporter-baiano-morre-aos-68-anos-apos-sofrer-infarto\/#breadcrumb\",\"itemListElement\":[{\"@type\":\"ListItem\",\"position\":1,\"name\":\"In\u00edcio\",\"item\":\"https:\/\/brasilnoticias.org\/site\/\"},{\"@type\":\"ListItem\",\"position\":2,\"name\":\"Conhecido como &#8216;Z\u00e9 Bim&#8217;, rep\u00f3rter baiano morre aos 68 anos ap\u00f3s sofrer infarto\"}]},{\"@type\":\"WebSite\",\"@id\":\"https:\/\/brasilnoticias.org\/site\/#website\",\"url\":\"https:\/\/brasilnoticias.org\/site\/\",\"name\":\"Brasil not\u00edcias\",\"description\":\"Brasil not\u00edcias\",\"publisher\":{\"@id\":\"https:\/\/brasilnoticias.org\/site\/#organization\"},\"potentialAction\":[{\"@type\":\"SearchAction\",\"target\":{\"@type\":\"EntryPoint\",\"urlTemplate\":\"https:\/\/brasilnoticias.org\/site\/?s={search_term_string}\"},\"query-input\":{\"@type\":\"PropertyValueSpecification\",\"valueRequired\":true,\"valueName\":\"search_term_string\"}}],\"inLanguage\":\"pt-PT\"},{\"@type\":\"Organization\",\"@id\":\"https:\/\/brasilnoticias.org\/site\/#organization\",\"name\":\"Brasil not\u00edcias\",\"url\":\"https:\/\/brasilnoticias.org\/site\/\",\"logo\":{\"@type\":\"ImageObject\",\"inLanguage\":\"pt-PT\",\"@id\":\"https:\/\/brasilnoticias.org\/site\/#\/schema\/logo\/image\/\",\"url\":\"https:\/\/brasilnoticias.org\/site\/wp-content\/uploads\/2022\/05\/cropped-brasilnoticias-mini.jpg\",\"contentUrl\":\"https:\/\/brasilnoticias.org\/site\/wp-content\/uploads\/2022\/05\/cropped-brasilnoticias-mini.jpg\",\"width\":314,\"height\":86,\"caption\":\"Brasil not\u00edcias\"},\"image\":{\"@id\":\"https:\/\/brasilnoticias.org\/site\/#\/schema\/logo\/image\/\"}},{\"@type\":\"Person\",\"@id\":\"https:\/\/brasilnoticias.org\/site\/#\/schema\/person\/f609fa847b5314f1c8b983342f34c798\",\"name\":\"Reda\u00e7\u00e3o\",\"image\":{\"@type\":\"ImageObject\",\"inLanguage\":\"pt-PT\",\"@id\":\"https:\/\/brasilnoticias.org\/site\/#\/schema\/person\/image\/\",\"url\":\"https:\/\/secure.gravatar.com\/avatar\/447284c06c1ad8b46465a36de9cd0d8326b73387a22799b8b1ffb1fbcff2ed0c?s=96&d=mm&r=g\",\"contentUrl\":\"https:\/\/secure.gravatar.com\/avatar\/447284c06c1ad8b46465a36de9cd0d8326b73387a22799b8b1ffb1fbcff2ed0c?s=96&d=mm&r=g\",\"caption\":\"Reda\u00e7\u00e3o\"},\"url\":\"https:\/\/brasilnoticias.org\/site\/author\/redacao\/\"}]}<\/script>\n<!-- \/ Yoast SEO plugin. -->","yoast_head_json":{"title":"Conhecido como 'Z\u00e9 Bim', rep\u00f3rter baiano morre aos 68 anos ap\u00f3s sofrer infarto - Brasil not\u00edcias","robots":{"index":"index","follow":"follow","max-snippet":"max-snippet:-1","max-image-preview":"max-image-preview:large","max-video-preview":"max-video-preview:-1"},"canonical":"https:\/\/brasilnoticias.org\/site\/conhecido-como-ze-bim-reporter-baiano-morre-aos-68-anos-apos-sofrer-infarto\/","og_locale":"pt_PT","og_type":"article","og_title":"Conhecido como 'Z\u00e9 Bim', rep\u00f3rter baiano morre aos 68 anos ap\u00f3s sofrer infarto - Brasil not\u00edcias","og_description":"Conhecido como \u201cZ\u00e9 Bim, o rep\u00f3rter dos baianos\u201d, Jos\u00e9 Neri Rosa, de 68 anos, faleceu no final da tarde deste","og_url":"https:\/\/brasilnoticias.org\/site\/conhecido-como-ze-bim-reporter-baiano-morre-aos-68-anos-apos-sofrer-infarto\/","og_site_name":"Brasil not\u00edcias","article_published_time":"2022-09-04T00:20:55+00:00","og_image":[{"width":800,"height":450,"url":"https:\/\/brasilnoticias.org\/site\/wp-content\/uploads\/2022\/09\/conhecido-como-ze-bim-reporter-baiano-morre-aos-68-anos-apos-sofrer-infarto_widelg.jpeg","type":"image\/jpeg"}],"author":"Reda\u00e7\u00e3o","twitter_card":"summary_large_image","twitter_misc":{"Escrito por":"Reda\u00e7\u00e3o"},"schema":{"@context":"https:\/\/schema.org","@graph":[{"@type":"Article","@id":"https:\/\/brasilnoticias.org\/site\/conhecido-como-ze-bim-reporter-baiano-morre-aos-68-anos-apos-sofrer-infarto\/#article","isPartOf":{"@id":"https:\/\/brasilnoticias.org\/site\/conhecido-como-ze-bim-reporter-baiano-morre-aos-68-anos-apos-sofrer-infarto\/"},"author":{"name":"Reda\u00e7\u00e3o","@id":"https:\/\/brasilnoticias.org\/site\/#\/schema\/person\/f609fa847b5314f1c8b983342f34c798"},"headline":"Conhecido como &#8216;Z\u00e9 Bim&#8217;, rep\u00f3rter baiano morre aos 68 anos ap\u00f3s sofrer infarto","datePublished":"2022-09-04T00:20:55+00:00","mainEntityOfPage":{"@id":"https:\/\/brasilnoticias.org\/site\/conhecido-como-ze-bim-reporter-baiano-morre-aos-68-anos-apos-sofrer-infarto\/"},"wordCount":81,"commentCount":0,"publisher":{"@id":"https:\/\/brasilnoticias.org\/site\/#organization"},"image":{"@id":"https:\/\/brasilnoticias.org\/site\/conhecido-como-ze-bim-reporter-baiano-morre-aos-68-anos-apos-sofrer-infarto\/#primaryimage"},"thumbnailUrl":"https:\/\/brasilnoticias.org\/site\/wp-content\/uploads\/2022\/09\/conhecido-como-ze-bim-reporter-baiano-morre-aos-68-anos-apos-sofrer-infarto_widelg.jpeg","articleSection":["Not\u00edcias","\u00daltimas"],"inLanguage":"pt-PT","potentialAction":[{"@type":"CommentAction","name":"Comment","target":["https:\/\/brasilnoticias.org\/site\/conhecido-como-ze-bim-reporter-baiano-morre-aos-68-anos-apos-sofrer-infarto\/#respond"]}]},{"@type":"WebPage","@id":"https:\/\/brasilnoticias.org\/site\/conhecido-como-ze-bim-reporter-baiano-morre-aos-68-anos-apos-sofrer-infarto\/","url":"https:\/\/brasilnoticias.org\/site\/conhecido-como-ze-bim-reporter-baiano-morre-aos-68-anos-apos-sofrer-infarto\/","name":"Conhecido como 'Z\u00e9 Bim', rep\u00f3rter baiano morre aos 68 anos ap\u00f3s sofrer infarto - Brasil not\u00edcias","isPartOf":{"@id":"https:\/\/brasilnoticias.org\/site\/#website"},"primaryImageOfPage":{"@id":"https:\/\/brasilnoticias.org\/site\/conhecido-como-ze-bim-reporter-baiano-morre-aos-68-anos-apos-sofrer-infarto\/#primaryimage"},"image":{"@id":"https:\/\/brasilnoticias.org\/site\/conhecido-como-ze-bim-reporter-baiano-morre-aos-68-anos-apos-sofrer-infarto\/#primaryimage"},"thumbnailUrl":"https:\/\/brasilnoticias.org\/site\/wp-content\/uploads\/2022\/09\/conhecido-como-ze-bim-reporter-baiano-morre-aos-68-anos-apos-sofrer-infarto_widelg.jpeg","datePublished":"2022-09-04T00:20:55+00:00","breadcrumb":{"@id":"https:\/\/brasilnoticias.org\/site\/conhecido-como-ze-bim-reporter-baiano-morre-aos-68-anos-apos-sofrer-infarto\/#breadcrumb"},"inLanguage":"pt-PT","potentialAction":[{"@type":"ReadAction","target":["https:\/\/brasilnoticias.org\/site\/conhecido-como-ze-bim-reporter-baiano-morre-aos-68-anos-apos-sofrer-infarto\/"]}]},{"@type":"ImageObject","inLanguage":"pt-PT","@id":"https:\/\/brasilnoticias.org\/site\/conhecido-como-ze-bim-reporter-baiano-morre-aos-68-anos-apos-sofrer-infarto\/#primaryimage","url":"https:\/\/brasilnoticias.org\/site\/wp-content\/uploads\/2022\/09\/conhecido-como-ze-bim-reporter-baiano-morre-aos-68-anos-apos-sofrer-infarto_widelg.jpeg","contentUrl":"https:\/\/brasilnoticias.org\/site\/wp-content\/uploads\/2022\/09\/conhecido-como-ze-bim-reporter-baiano-morre-aos-68-anos-apos-sofrer-infarto_widelg.jpeg","width":800,"height":450},{"@type":"BreadcrumbList","@id":"https:\/\/brasilnoticias.org\/site\/conhecido-como-ze-bim-reporter-baiano-morre-aos-68-anos-apos-sofrer-infarto\/#breadcrumb","itemListElement":[{"@type":"ListItem","position":1,"name":"In\u00edcio","item":"https:\/\/brasilnoticias.org\/site\/"},{"@type":"ListItem","position":2,"name":"Conhecido como &#8216;Z\u00e9 Bim&#8217;, rep\u00f3rter baiano morre aos 68 anos ap\u00f3s sofrer infarto"}]},{"@type":"WebSite","@id":"https:\/\/brasilnoticias.org\/site\/#website","url":"https:\/\/brasilnoticias.org\/site\/","name":"Brasil not\u00edcias","description":"Brasil not\u00edcias","publisher":{"@id":"https:\/\/brasilnoticias.org\/site\/#organization"},"potentialAction":[{"@type":"SearchAction","target":{"@type":"EntryPoint","urlTemplate":"https:\/\/brasilnoticias.org\/site\/?s={search_term_string}"},"query-input":{"@type":"PropertyValueSpecification","valueRequired":true,"valueName":"search_term_string"}}],"inLanguage":"pt-PT"},{"@type":"Organization","@id":"https:\/\/brasilnoticias.org\/site\/#organization","name":"Brasil not\u00edcias","url":"https:\/\/brasilnoticias.org\/site\/","logo":{"@type":"ImageObject","inLanguage":"pt-PT","@id":"https:\/\/brasilnoticias.org\/site\/#\/schema\/logo\/image\/","url":"https:\/\/brasilnoticias.org\/site\/wp-content\/uploads\/2022\/05\/cropped-brasilnoticias-mini.jpg","contentUrl":"https:\/\/brasilnoticias.org\/site\/wp-content\/uploads\/2022\/05\/cropped-brasilnoticias-mini.jpg","width":314,"height":86,"caption":"Brasil not\u00edcias"},"image":{"@id":"https:\/\/brasilnoticias.org\/site\/#\/schema\/logo\/image\/"}},{"@type":"Person","@id":"https:\/\/brasilnoticias.org\/site\/#\/schema\/person\/f609fa847b5314f1c8b983342f34c798","name":"Reda\u00e7\u00e3o","image":{"@type":"ImageObject","inLanguage":"pt-PT","@id":"https:\/\/brasilnoticias.org\/site\/#\/schema\/person\/image\/","url":"https:\/\/secure.gravatar.com\/avatar\/447284c06c1ad8b46465a36de9cd0d8326b73387a22799b8b1ffb1fbcff2ed0c?s=96&d=mm&r=g","contentUrl":"https:\/\/secure.gravatar.com\/avatar\/447284c06c1ad8b46465a36de9cd0d8326b73387a22799b8b1ffb1fbcff2ed0c?s=96&d=mm&r=g","caption":"Reda\u00e7\u00e3o"},"url":"https:\/\/brasilnoticias.org\/site\/author\/redacao\/"}]}},"_links":{"self":[{"href":"https:\/\/brasilnoticias.org\/site\/wp-json\/wp\/v2\/posts\/1318","targetHints":{"allow":["GET"]}}],"collection":[{"href":"https:\/\/brasilnoticias.org\/site\/wp-json\/wp\/v2\/posts"}],"about":[{"href":"https:\/\/brasilnoticias.org\/site\/wp-json\/wp\/v2\/types\/post"}],"author":[{"embeddable":true,"href":"https:\/\/brasilnoticias.org\/site\/wp-json\/wp\/v2\/users\/2"}],"replies":[{"embeddable":true,"href":"https:\/\/brasilnoticias.org\/site\/wp-json\/wp\/v2\/comments?post=1318"}],"version-history":[{"count":1,"href":"https:\/\/brasilnoticias.org\/site\/wp-json\/wp\/v2\/posts\/1318\/revisions"}],"predecessor-version":[{"id":1320,"href":"https:\/\/brasilnoticias.org\/site\/wp-json\/wp\/v2\/posts\/1318\/revisions\/1320"}],"wp:featuredmedia":[{"embeddable":true,"href":"https:\/\/brasilnoticias.org\/site\/wp-json\/wp\/v2\/media\/1319"}],"wp:attachment":[{"href":"https:\/\/brasilnoticias.org\/site\/wp-json\/wp\/v2\/media?parent=1318"}],"wp:term":[{"taxonomy":"category","embeddable":true,"href":"https:\/\/brasilnoticias.org\/site\/wp-json\/wp\/v2\/categories?post=1318"},{"taxonomy":"post_tag","embeddable":true,"href":"https:\/\/brasilnoticias.org\/site\/wp-json\/wp\/v2\/tags?post=1318"}],"curies":[{"name":"wp","href":"https:\/\/api.w.org\/{rel}","templated":true}]}}