{"id":13194,"date":"2024-03-22T14:47:42","date_gmt":"2024-03-22T17:47:42","guid":{"rendered":"https:\/\/brasilnoticias.org\/site\/?p=13194"},"modified":"2024-03-22T14:47:42","modified_gmt":"2024-03-22T17:47:42","slug":"homem-e-preso-suspeito-de-matar-filho-a-marteladas-em-vitoria-da-conquista","status":"publish","type":"post","link":"https:\/\/brasilnoticias.org\/site\/homem-e-preso-suspeito-de-matar-filho-a-marteladas-em-vitoria-da-conquista\/","title":{"rendered":"Homem \u00e9 preso suspeito de matar filho a marteladas em Vit\u00f3ria da Conquista"},"content":{"rendered":"<p>A crian\u00e7a, de 4 anos, tinha ferimentos no abd\u00f4men e afundamento de cr\u00e2nio<\/p>\n<p>Um homem de 21 anos, que n\u00e3o teve o nome identificado, foi preso, na noite desta quinta-feira (21\/3), suspeito de matar o pr\u00f3prio filho, de 4 anos, a marteladas no munic\u00edpio de Vit\u00f3ria da Conquista, no sudoeste da Bahia. A crian\u00e7a tinha ferimentos no abd\u00f4men e cabe\u00e7a, com afundamento de cr\u00e2nio.<\/p>\n<p>Em depoimento, a m\u00e3e da v\u00edtima contou que a crian\u00e7a estava com o pai enquanto ela trabalhava, quando recebeu uma liga\u00e7\u00e3o do marido informando que o filho n\u00e3o estava passando muito bem. Ao chegar na resid\u00eancia do casal, o menino j\u00e1 estava sem vida e o suspeito n\u00e3o estava mais no local.<\/p>\n<p>A mulher chegou a levar a crian\u00e7a para uma unidade de sa\u00fade do munic\u00edpio, mas o menino n\u00e3o resistiu aos ferimentos e j\u00e1 chegou no local sem vida.<\/p>\n<p>Ap\u00f3s a den\u00fancia da mulher, os policiais foram atr\u00e1s do suspeito e o encontraram na Avenida Filipinas, pr\u00f3ximo \u00e0 casa do casal. O homem foi preso em flagrante por tortura qualificada, homic\u00eddio e tr\u00e1fico de drogas.<\/p>\n<p>Na casa, a pol\u00edcia apreendeu um martelo no meio dos brinquedos da crian\u00e7a, que possivelmente foi usado para cometer o crime, subst\u00e2ncia an\u00e1loga a maconha e uma balan\u00e7a de precis\u00e3o.<\/p>\n<p>Foto: Divulga\u00e7\u00e3o\/Pol\u00edcia Militar<br \/>\nAratu On<\/p>\n","protected":false},"excerpt":{"rendered":"<p>A crian\u00e7a, de 4 anos, tinha ferimentos no abd\u00f4men e afundamento de cr\u00e2nio Um homem de 21 anos, que n\u00e3o<\/p>\n","protected":false},"author":4,"featured_media":13195,"comment_status":"open","ping_status":"open","sticky":false,"template":"","format":"standard","meta":{"colormag_page_container_layout":"default_layout","colormag_page_sidebar_layout":"default_layout","_FSMCFIC_featured_image_caption":"","_FSMCFIC_featured_image_nocaption":"","_FSMCFIC_featured_image_hide":"","footnotes":""},"categories":[3,1],"tags":[],"class_list":["post-13194","post","type-post","status-publish","format-standard","has-post-thumbnail","hentry","category-policia","category-ultimas"],"yoast_head":"<!-- This site is optimized with the Yoast SEO plugin v27.1.1 - https:\/\/yoast.com\/product\/yoast-seo-wordpress\/ -->\n<title>Homem \u00e9 preso suspeito de matar filho a marteladas em Vit\u00f3ria da Conquista - Brasil not\u00edcias<\/title>\n<meta name=\"robots\" content=\"index, follow, max-snippet:-1, max-image-preview:large, max-video-preview:-1\" \/>\n<link rel=\"canonical\" href=\"https:\/\/brasilnoticias.org\/site\/homem-e-preso-suspeito-de-matar-filho-a-marteladas-em-vitoria-da-conquista\/\" \/>\n<meta property=\"og:locale\" content=\"pt_PT\" \/>\n<meta property=\"og:type\" content=\"article\" \/>\n<meta property=\"og:title\" content=\"Homem \u00e9 preso suspeito de matar filho a marteladas em Vit\u00f3ria da Conquista - Brasil not\u00edcias\" \/>\n<meta property=\"og:description\" content=\"A crian\u00e7a, de 4 anos, tinha ferimentos no abd\u00f4men e afundamento de cr\u00e2nio Um homem de 21 anos, que n\u00e3o\" \/>\n<meta property=\"og:url\" content=\"https:\/\/brasilnoticias.org\/site\/homem-e-preso-suspeito-de-matar-filho-a-marteladas-em-vitoria-da-conquista\/\" \/>\n<meta property=\"og:site_name\" content=\"Brasil not\u00edcias\" \/>\n<meta property=\"article:published_time\" content=\"2024-03-22T17:47:42+00:00\" \/>\n<meta property=\"og:image\" content=\"https:\/\/brasilnoticias.org\/site\/wp-content\/uploads\/2024\/03\/policia-1.jpg\" \/>\n\t<meta property=\"og:image:width\" content=\"960\" \/>\n\t<meta property=\"og:image:height\" content=\"489\" \/>\n\t<meta property=\"og:image:type\" content=\"image\/jpeg\" \/>\n<meta name=\"author\" content=\"Reda\u00e7\u00e3o\" \/>\n<meta name=\"twitter:card\" content=\"summary_large_image\" \/>\n<meta name=\"twitter:label1\" content=\"Escrito por\" \/>\n\t<meta name=\"twitter:data1\" content=\"Reda\u00e7\u00e3o\" \/>\n\t<meta name=\"twitter:label2\" content=\"Tempo estimado de leitura\" \/>\n\t<meta name=\"twitter:data2\" content=\"1 minuto\" \/>\n<script type=\"application\/ld+json\" class=\"yoast-schema-graph\">{\"@context\":\"https:\/\/schema.org\",\"@graph\":[{\"@type\":\"Article\",\"@id\":\"https:\/\/brasilnoticias.org\/site\/homem-e-preso-suspeito-de-matar-filho-a-marteladas-em-vitoria-da-conquista\/#article\",\"isPartOf\":{\"@id\":\"https:\/\/brasilnoticias.org\/site\/homem-e-preso-suspeito-de-matar-filho-a-marteladas-em-vitoria-da-conquista\/\"},\"author\":{\"name\":\"Reda\u00e7\u00e3o\",\"@id\":\"https:\/\/brasilnoticias.org\/site\/#\/schema\/person\/03bbbfe6c7634ad18c26444ea39049fa\"},\"headline\":\"Homem \u00e9 preso suspeito de matar filho a marteladas em Vit\u00f3ria da Conquista\",\"datePublished\":\"2024-03-22T17:47:42+00:00\",\"mainEntityOfPage\":{\"@id\":\"https:\/\/brasilnoticias.org\/site\/homem-e-preso-suspeito-de-matar-filho-a-marteladas-em-vitoria-da-conquista\/\"},\"wordCount\":260,\"commentCount\":0,\"publisher\":{\"@id\":\"https:\/\/brasilnoticias.org\/site\/#organization\"},\"image\":{\"@id\":\"https:\/\/brasilnoticias.org\/site\/homem-e-preso-suspeito-de-matar-filho-a-marteladas-em-vitoria-da-conquista\/#primaryimage\"},\"thumbnailUrl\":\"https:\/\/brasilnoticias.org\/site\/wp-content\/uploads\/2024\/03\/policia-1.jpg\",\"articleSection\":[\"Pol\u00edcia\",\"\u00daltimas\"],\"inLanguage\":\"pt-PT\",\"potentialAction\":[{\"@type\":\"CommentAction\",\"name\":\"Comment\",\"target\":[\"https:\/\/brasilnoticias.org\/site\/homem-e-preso-suspeito-de-matar-filho-a-marteladas-em-vitoria-da-conquista\/#respond\"]}]},{\"@type\":\"WebPage\",\"@id\":\"https:\/\/brasilnoticias.org\/site\/homem-e-preso-suspeito-de-matar-filho-a-marteladas-em-vitoria-da-conquista\/\",\"url\":\"https:\/\/brasilnoticias.org\/site\/homem-e-preso-suspeito-de-matar-filho-a-marteladas-em-vitoria-da-conquista\/\",\"name\":\"Homem \u00e9 preso suspeito de matar filho a marteladas em Vit\u00f3ria da Conquista - Brasil not\u00edcias\",\"isPartOf\":{\"@id\":\"https:\/\/brasilnoticias.org\/site\/#website\"},\"primaryImageOfPage\":{\"@id\":\"https:\/\/brasilnoticias.org\/site\/homem-e-preso-suspeito-de-matar-filho-a-marteladas-em-vitoria-da-conquista\/#primaryimage\"},\"image\":{\"@id\":\"https:\/\/brasilnoticias.org\/site\/homem-e-preso-suspeito-de-matar-filho-a-marteladas-em-vitoria-da-conquista\/#primaryimage\"},\"thumbnailUrl\":\"https:\/\/brasilnoticias.org\/site\/wp-content\/uploads\/2024\/03\/policia-1.jpg\",\"datePublished\":\"2024-03-22T17:47:42+00:00\",\"breadcrumb\":{\"@id\":\"https:\/\/brasilnoticias.org\/site\/homem-e-preso-suspeito-de-matar-filho-a-marteladas-em-vitoria-da-conquista\/#breadcrumb\"},\"inLanguage\":\"pt-PT\",\"potentialAction\":[{\"@type\":\"ReadAction\",\"target\":[\"https:\/\/brasilnoticias.org\/site\/homem-e-preso-suspeito-de-matar-filho-a-marteladas-em-vitoria-da-conquista\/\"]}]},{\"@type\":\"ImageObject\",\"inLanguage\":\"pt-PT\",\"@id\":\"https:\/\/brasilnoticias.org\/site\/homem-e-preso-suspeito-de-matar-filho-a-marteladas-em-vitoria-da-conquista\/#primaryimage\",\"url\":\"https:\/\/brasilnoticias.org\/site\/wp-content\/uploads\/2024\/03\/policia-1.jpg\",\"contentUrl\":\"https:\/\/brasilnoticias.org\/site\/wp-content\/uploads\/2024\/03\/policia-1.jpg\",\"width\":960,\"height\":489},{\"@type\":\"BreadcrumbList\",\"@id\":\"https:\/\/brasilnoticias.org\/site\/homem-e-preso-suspeito-de-matar-filho-a-marteladas-em-vitoria-da-conquista\/#breadcrumb\",\"itemListElement\":[{\"@type\":\"ListItem\",\"position\":1,\"name\":\"In\u00edcio\",\"item\":\"https:\/\/brasilnoticias.org\/site\/\"},{\"@type\":\"ListItem\",\"position\":2,\"name\":\"Homem \u00e9 preso suspeito de matar filho a marteladas em Vit\u00f3ria da Conquista\"}]},{\"@type\":\"WebSite\",\"@id\":\"https:\/\/brasilnoticias.org\/site\/#website\",\"url\":\"https:\/\/brasilnoticias.org\/site\/\",\"name\":\"Brasil not\u00edcias\",\"description\":\"Brasil not\u00edcias\",\"publisher\":{\"@id\":\"https:\/\/brasilnoticias.org\/site\/#organization\"},\"potentialAction\":[{\"@type\":\"SearchAction\",\"target\":{\"@type\":\"EntryPoint\",\"urlTemplate\":\"https:\/\/brasilnoticias.org\/site\/?s={search_term_string}\"},\"query-input\":{\"@type\":\"PropertyValueSpecification\",\"valueRequired\":true,\"valueName\":\"search_term_string\"}}],\"inLanguage\":\"pt-PT\"},{\"@type\":\"Organization\",\"@id\":\"https:\/\/brasilnoticias.org\/site\/#organization\",\"name\":\"Brasil not\u00edcias\",\"url\":\"https:\/\/brasilnoticias.org\/site\/\",\"logo\":{\"@type\":\"ImageObject\",\"inLanguage\":\"pt-PT\",\"@id\":\"https:\/\/brasilnoticias.org\/site\/#\/schema\/logo\/image\/\",\"url\":\"https:\/\/brasilnoticias.org\/site\/wp-content\/uploads\/2022\/05\/cropped-brasilnoticias-mini.jpg\",\"contentUrl\":\"https:\/\/brasilnoticias.org\/site\/wp-content\/uploads\/2022\/05\/cropped-brasilnoticias-mini.jpg\",\"width\":314,\"height\":86,\"caption\":\"Brasil not\u00edcias\"},\"image\":{\"@id\":\"https:\/\/brasilnoticias.org\/site\/#\/schema\/logo\/image\/\"}},{\"@type\":\"Person\",\"@id\":\"https:\/\/brasilnoticias.org\/site\/#\/schema\/person\/03bbbfe6c7634ad18c26444ea39049fa\",\"name\":\"Reda\u00e7\u00e3o\",\"image\":{\"@type\":\"ImageObject\",\"inLanguage\":\"pt-PT\",\"@id\":\"https:\/\/brasilnoticias.org\/site\/#\/schema\/person\/image\/\",\"url\":\"https:\/\/secure.gravatar.com\/avatar\/9ecaf7327a696cb23ad926fedded5f1f04d7049de9e445375d55b48c001a6e42?s=96&d=mm&r=g\",\"contentUrl\":\"https:\/\/secure.gravatar.com\/avatar\/9ecaf7327a696cb23ad926fedded5f1f04d7049de9e445375d55b48c001a6e42?s=96&d=mm&r=g\",\"caption\":\"Reda\u00e7\u00e3o\"},\"url\":\"https:\/\/brasilnoticias.org\/site\/author\/henrique\/\"}]}<\/script>\n<!-- \/ Yoast SEO plugin. -->","yoast_head_json":{"title":"Homem \u00e9 preso suspeito de matar filho a marteladas em Vit\u00f3ria da Conquista - Brasil not\u00edcias","robots":{"index":"index","follow":"follow","max-snippet":"max-snippet:-1","max-image-preview":"max-image-preview:large","max-video-preview":"max-video-preview:-1"},"canonical":"https:\/\/brasilnoticias.org\/site\/homem-e-preso-suspeito-de-matar-filho-a-marteladas-em-vitoria-da-conquista\/","og_locale":"pt_PT","og_type":"article","og_title":"Homem \u00e9 preso suspeito de matar filho a marteladas em Vit\u00f3ria da Conquista - Brasil not\u00edcias","og_description":"A crian\u00e7a, de 4 anos, tinha ferimentos no abd\u00f4men e afundamento de cr\u00e2nio Um homem de 21 anos, que n\u00e3o","og_url":"https:\/\/brasilnoticias.org\/site\/homem-e-preso-suspeito-de-matar-filho-a-marteladas-em-vitoria-da-conquista\/","og_site_name":"Brasil not\u00edcias","article_published_time":"2024-03-22T17:47:42+00:00","og_image":[{"width":960,"height":489,"url":"https:\/\/brasilnoticias.org\/site\/wp-content\/uploads\/2024\/03\/policia-1.jpg","type":"image\/jpeg"}],"author":"Reda\u00e7\u00e3o","twitter_card":"summary_large_image","twitter_misc":{"Escrito por":"Reda\u00e7\u00e3o","Tempo estimado de leitura":"1 minuto"},"schema":{"@context":"https:\/\/schema.org","@graph":[{"@type":"Article","@id":"https:\/\/brasilnoticias.org\/site\/homem-e-preso-suspeito-de-matar-filho-a-marteladas-em-vitoria-da-conquista\/#article","isPartOf":{"@id":"https:\/\/brasilnoticias.org\/site\/homem-e-preso-suspeito-de-matar-filho-a-marteladas-em-vitoria-da-conquista\/"},"author":{"name":"Reda\u00e7\u00e3o","@id":"https:\/\/brasilnoticias.org\/site\/#\/schema\/person\/03bbbfe6c7634ad18c26444ea39049fa"},"headline":"Homem \u00e9 preso suspeito de matar filho a marteladas em Vit\u00f3ria da Conquista","datePublished":"2024-03-22T17:47:42+00:00","mainEntityOfPage":{"@id":"https:\/\/brasilnoticias.org\/site\/homem-e-preso-suspeito-de-matar-filho-a-marteladas-em-vitoria-da-conquista\/"},"wordCount":260,"commentCount":0,"publisher":{"@id":"https:\/\/brasilnoticias.org\/site\/#organization"},"image":{"@id":"https:\/\/brasilnoticias.org\/site\/homem-e-preso-suspeito-de-matar-filho-a-marteladas-em-vitoria-da-conquista\/#primaryimage"},"thumbnailUrl":"https:\/\/brasilnoticias.org\/site\/wp-content\/uploads\/2024\/03\/policia-1.jpg","articleSection":["Pol\u00edcia","\u00daltimas"],"inLanguage":"pt-PT","potentialAction":[{"@type":"CommentAction","name":"Comment","target":["https:\/\/brasilnoticias.org\/site\/homem-e-preso-suspeito-de-matar-filho-a-marteladas-em-vitoria-da-conquista\/#respond"]}]},{"@type":"WebPage","@id":"https:\/\/brasilnoticias.org\/site\/homem-e-preso-suspeito-de-matar-filho-a-marteladas-em-vitoria-da-conquista\/","url":"https:\/\/brasilnoticias.org\/site\/homem-e-preso-suspeito-de-matar-filho-a-marteladas-em-vitoria-da-conquista\/","name":"Homem \u00e9 preso suspeito de matar filho a marteladas em Vit\u00f3ria da Conquista - Brasil not\u00edcias","isPartOf":{"@id":"https:\/\/brasilnoticias.org\/site\/#website"},"primaryImageOfPage":{"@id":"https:\/\/brasilnoticias.org\/site\/homem-e-preso-suspeito-de-matar-filho-a-marteladas-em-vitoria-da-conquista\/#primaryimage"},"image":{"@id":"https:\/\/brasilnoticias.org\/site\/homem-e-preso-suspeito-de-matar-filho-a-marteladas-em-vitoria-da-conquista\/#primaryimage"},"thumbnailUrl":"https:\/\/brasilnoticias.org\/site\/wp-content\/uploads\/2024\/03\/policia-1.jpg","datePublished":"2024-03-22T17:47:42+00:00","breadcrumb":{"@id":"https:\/\/brasilnoticias.org\/site\/homem-e-preso-suspeito-de-matar-filho-a-marteladas-em-vitoria-da-conquista\/#breadcrumb"},"inLanguage":"pt-PT","potentialAction":[{"@type":"ReadAction","target":["https:\/\/brasilnoticias.org\/site\/homem-e-preso-suspeito-de-matar-filho-a-marteladas-em-vitoria-da-conquista\/"]}]},{"@type":"ImageObject","inLanguage":"pt-PT","@id":"https:\/\/brasilnoticias.org\/site\/homem-e-preso-suspeito-de-matar-filho-a-marteladas-em-vitoria-da-conquista\/#primaryimage","url":"https:\/\/brasilnoticias.org\/site\/wp-content\/uploads\/2024\/03\/policia-1.jpg","contentUrl":"https:\/\/brasilnoticias.org\/site\/wp-content\/uploads\/2024\/03\/policia-1.jpg","width":960,"height":489},{"@type":"BreadcrumbList","@id":"https:\/\/brasilnoticias.org\/site\/homem-e-preso-suspeito-de-matar-filho-a-marteladas-em-vitoria-da-conquista\/#breadcrumb","itemListElement":[{"@type":"ListItem","position":1,"name":"In\u00edcio","item":"https:\/\/brasilnoticias.org\/site\/"},{"@type":"ListItem","position":2,"name":"Homem \u00e9 preso suspeito de matar filho a marteladas em Vit\u00f3ria da Conquista"}]},{"@type":"WebSite","@id":"https:\/\/brasilnoticias.org\/site\/#website","url":"https:\/\/brasilnoticias.org\/site\/","name":"Brasil not\u00edcias","description":"Brasil not\u00edcias","publisher":{"@id":"https:\/\/brasilnoticias.org\/site\/#organization"},"potentialAction":[{"@type":"SearchAction","target":{"@type":"EntryPoint","urlTemplate":"https:\/\/brasilnoticias.org\/site\/?s={search_term_string}"},"query-input":{"@type":"PropertyValueSpecification","valueRequired":true,"valueName":"search_term_string"}}],"inLanguage":"pt-PT"},{"@type":"Organization","@id":"https:\/\/brasilnoticias.org\/site\/#organization","name":"Brasil not\u00edcias","url":"https:\/\/brasilnoticias.org\/site\/","logo":{"@type":"ImageObject","inLanguage":"pt-PT","@id":"https:\/\/brasilnoticias.org\/site\/#\/schema\/logo\/image\/","url":"https:\/\/brasilnoticias.org\/site\/wp-content\/uploads\/2022\/05\/cropped-brasilnoticias-mini.jpg","contentUrl":"https:\/\/brasilnoticias.org\/site\/wp-content\/uploads\/2022\/05\/cropped-brasilnoticias-mini.jpg","width":314,"height":86,"caption":"Brasil not\u00edcias"},"image":{"@id":"https:\/\/brasilnoticias.org\/site\/#\/schema\/logo\/image\/"}},{"@type":"Person","@id":"https:\/\/brasilnoticias.org\/site\/#\/schema\/person\/03bbbfe6c7634ad18c26444ea39049fa","name":"Reda\u00e7\u00e3o","image":{"@type":"ImageObject","inLanguage":"pt-PT","@id":"https:\/\/brasilnoticias.org\/site\/#\/schema\/person\/image\/","url":"https:\/\/secure.gravatar.com\/avatar\/9ecaf7327a696cb23ad926fedded5f1f04d7049de9e445375d55b48c001a6e42?s=96&d=mm&r=g","contentUrl":"https:\/\/secure.gravatar.com\/avatar\/9ecaf7327a696cb23ad926fedded5f1f04d7049de9e445375d55b48c001a6e42?s=96&d=mm&r=g","caption":"Reda\u00e7\u00e3o"},"url":"https:\/\/brasilnoticias.org\/site\/author\/henrique\/"}]}},"_links":{"self":[{"href":"https:\/\/brasilnoticias.org\/site\/wp-json\/wp\/v2\/posts\/13194","targetHints":{"allow":["GET"]}}],"collection":[{"href":"https:\/\/brasilnoticias.org\/site\/wp-json\/wp\/v2\/posts"}],"about":[{"href":"https:\/\/brasilnoticias.org\/site\/wp-json\/wp\/v2\/types\/post"}],"author":[{"embeddable":true,"href":"https:\/\/brasilnoticias.org\/site\/wp-json\/wp\/v2\/users\/4"}],"replies":[{"embeddable":true,"href":"https:\/\/brasilnoticias.org\/site\/wp-json\/wp\/v2\/comments?post=13194"}],"version-history":[{"count":1,"href":"https:\/\/brasilnoticias.org\/site\/wp-json\/wp\/v2\/posts\/13194\/revisions"}],"predecessor-version":[{"id":13196,"href":"https:\/\/brasilnoticias.org\/site\/wp-json\/wp\/v2\/posts\/13194\/revisions\/13196"}],"wp:featuredmedia":[{"embeddable":true,"href":"https:\/\/brasilnoticias.org\/site\/wp-json\/wp\/v2\/media\/13195"}],"wp:attachment":[{"href":"https:\/\/brasilnoticias.org\/site\/wp-json\/wp\/v2\/media?parent=13194"}],"wp:term":[{"taxonomy":"category","embeddable":true,"href":"https:\/\/brasilnoticias.org\/site\/wp-json\/wp\/v2\/categories?post=13194"},{"taxonomy":"post_tag","embeddable":true,"href":"https:\/\/brasilnoticias.org\/site\/wp-json\/wp\/v2\/tags?post=13194"}],"curies":[{"name":"wp","href":"https:\/\/api.w.org\/{rel}","templated":true}]}}