{"id":13201,"date":"2024-03-22T14:53:22","date_gmt":"2024-03-22T17:53:22","guid":{"rendered":"https:\/\/brasilnoticias.org\/site\/?p=13201"},"modified":"2024-03-22T14:53:22","modified_gmt":"2024-03-22T17:53:22","slug":"tribunal-de-contas-da-bahia-aponta-omissao-da-agerba-em-aplicacao-de-sancoes-ao-sistema-ferry-boat","status":"publish","type":"post","link":"https:\/\/brasilnoticias.org\/site\/tribunal-de-contas-da-bahia-aponta-omissao-da-agerba-em-aplicacao-de-sancoes-ao-sistema-ferry-boat\/","title":{"rendered":"Tribunal de Contas da Bahia aponta omiss\u00e3o da Agerba em aplica\u00e7\u00e3o de san\u00e7\u00f5es ao sistema ferry-boat"},"content":{"rendered":"<p>Auditoria atestou a aus\u00eancia de penalidades nos casos de descumprimento de obriga\u00e7\u00f5es contratuais relacionadas \u00e0 manuten\u00e7\u00e3o t\u00e9cnica, limpeza das embarca\u00e7\u00f5es, entre outras<\/p>\n<p>Uma auditoria do Tribunal de Contas do Estado da Bahia (TCE-BA) constatou omiss\u00e3o por parte da Ag\u00eancia Estadual de Regula\u00e7\u00e3o de Servi\u00e7os P\u00fablicos de Energia, Transportes e Comunica\u00e7\u00f5es da Bahia (Agerba) na aplica\u00e7\u00e3o de san\u00e7\u00f5es \u00e0 Internacional Travessias Salvador, que opera o sistema ferry-boat.<\/p>\n<p>A auditoria do TCE, conclu\u00edda em dezembro de 2023, atestou a aus\u00eancia de penalidades nos casos de descumprimento de obriga\u00e7\u00f5es contratuais relacionadas tanto \u00e0 manuten\u00e7\u00e3o t\u00e9cnica e \u00e0 limpeza das embarca\u00e7\u00f5es, quanto \u00e0s longas filas, atrasos e indisponibilidade dos canais de comunica\u00e7\u00e3o.<\/p>\n<p>Segundo o TCE, tamb\u00e9m foi notado que, embora a fiscaliza\u00e7\u00e3o da Agerba tenha aplicado 165 autos de infra\u00e7\u00e3o de janeiro a setembro de 2023, a autarquia n\u00e3o emitiu os boletos para arrecada\u00e7\u00e3o de multas da concession\u00e1ria, resultando na falta de recolhimento dos valores envolvidos.<\/p>\n<p>Os auditores entenderam que essas falhas evidenciam graves erros na gest\u00e3o da Agerba em sua fun\u00e7\u00e3o de fiscaliza\u00e7\u00e3o. O processo de auditoria ainda est\u00e1 em andamento no TCE, aguardando julgamento.<\/p>\n<p>Foto: Divulga\u00e7\u00e3o\/TCE\/BA<br \/>\nPor: Metro1<\/p>\n","protected":false},"excerpt":{"rendered":"<p>Auditoria atestou a aus\u00eancia de penalidades nos casos de descumprimento de obriga\u00e7\u00f5es contratuais relacionadas \u00e0 manuten\u00e7\u00e3o t\u00e9cnica, limpeza das embarca\u00e7\u00f5es,<\/p>\n","protected":false},"author":4,"featured_media":13202,"comment_status":"open","ping_status":"open","sticky":false,"template":"","format":"standard","meta":{"colormag_page_container_layout":"default_layout","colormag_page_sidebar_layout":"default_layout","_FSMCFIC_featured_image_caption":"","_FSMCFIC_featured_image_nocaption":"","_FSMCFIC_featured_image_hide":"","footnotes":""},"categories":[2,1],"tags":[],"class_list":["post-13201","post","type-post","status-publish","format-standard","has-post-thumbnail","hentry","category-noticias","category-ultimas"],"yoast_head":"<!-- This site is optimized with the Yoast SEO plugin v27.1.1 - https:\/\/yoast.com\/product\/yoast-seo-wordpress\/ -->\n<title>Tribunal de Contas da Bahia aponta omiss\u00e3o da Agerba em aplica\u00e7\u00e3o de san\u00e7\u00f5es ao sistema ferry-boat - Brasil not\u00edcias<\/title>\n<meta name=\"robots\" content=\"index, follow, max-snippet:-1, max-image-preview:large, max-video-preview:-1\" \/>\n<link rel=\"canonical\" href=\"https:\/\/brasilnoticias.org\/site\/tribunal-de-contas-da-bahia-aponta-omissao-da-agerba-em-aplicacao-de-sancoes-ao-sistema-ferry-boat\/\" \/>\n<meta property=\"og:locale\" content=\"pt_PT\" \/>\n<meta property=\"og:type\" content=\"article\" \/>\n<meta property=\"og:title\" content=\"Tribunal de Contas da Bahia aponta omiss\u00e3o da Agerba em aplica\u00e7\u00e3o de san\u00e7\u00f5es ao sistema ferry-boat - Brasil not\u00edcias\" \/>\n<meta property=\"og:description\" content=\"Auditoria atestou a aus\u00eancia de penalidades nos casos de descumprimento de obriga\u00e7\u00f5es contratuais relacionadas \u00e0 manuten\u00e7\u00e3o t\u00e9cnica, limpeza das embarca\u00e7\u00f5es,\" \/>\n<meta property=\"og:url\" content=\"https:\/\/brasilnoticias.org\/site\/tribunal-de-contas-da-bahia-aponta-omissao-da-agerba-em-aplicacao-de-sancoes-ao-sistema-ferry-boat\/\" \/>\n<meta property=\"og:site_name\" content=\"Brasil not\u00edcias\" \/>\n<meta property=\"article:published_time\" content=\"2024-03-22T17:53:22+00:00\" \/>\n<meta property=\"og:image\" content=\"https:\/\/brasilnoticias.org\/site\/wp-content\/uploads\/2024\/03\/147720tribunal-de-contas-da-bahia-aponta-omissao-da-agerba-em-aplicacao-de-sancoes-ao-sistema-ferry-boat-3.jpg\" \/>\n\t<meta property=\"og:image:width\" content=\"1600\" \/>\n\t<meta property=\"og:image:height\" content=\"752\" \/>\n\t<meta property=\"og:image:type\" content=\"image\/jpeg\" \/>\n<meta name=\"author\" content=\"Reda\u00e7\u00e3o\" \/>\n<meta name=\"twitter:card\" content=\"summary_large_image\" \/>\n<meta name=\"twitter:label1\" content=\"Escrito por\" \/>\n\t<meta name=\"twitter:data1\" content=\"Reda\u00e7\u00e3o\" \/>\n\t<meta name=\"twitter:label2\" content=\"Tempo estimado de leitura\" \/>\n\t<meta name=\"twitter:data2\" content=\"1 minuto\" \/>\n<script type=\"application\/ld+json\" class=\"yoast-schema-graph\">{\"@context\":\"https:\/\/schema.org\",\"@graph\":[{\"@type\":\"Article\",\"@id\":\"https:\/\/brasilnoticias.org\/site\/tribunal-de-contas-da-bahia-aponta-omissao-da-agerba-em-aplicacao-de-sancoes-ao-sistema-ferry-boat\/#article\",\"isPartOf\":{\"@id\":\"https:\/\/brasilnoticias.org\/site\/tribunal-de-contas-da-bahia-aponta-omissao-da-agerba-em-aplicacao-de-sancoes-ao-sistema-ferry-boat\/\"},\"author\":{\"name\":\"Reda\u00e7\u00e3o\",\"@id\":\"https:\/\/brasilnoticias.org\/site\/#\/schema\/person\/03bbbfe6c7634ad18c26444ea39049fa\"},\"headline\":\"Tribunal de Contas da Bahia aponta omiss\u00e3o da Agerba em aplica\u00e7\u00e3o de san\u00e7\u00f5es ao sistema ferry-boat\",\"datePublished\":\"2024-03-22T17:53:22+00:00\",\"mainEntityOfPage\":{\"@id\":\"https:\/\/brasilnoticias.org\/site\/tribunal-de-contas-da-bahia-aponta-omissao-da-agerba-em-aplicacao-de-sancoes-ao-sistema-ferry-boat\/\"},\"wordCount\":230,\"commentCount\":0,\"publisher\":{\"@id\":\"https:\/\/brasilnoticias.org\/site\/#organization\"},\"image\":{\"@id\":\"https:\/\/brasilnoticias.org\/site\/tribunal-de-contas-da-bahia-aponta-omissao-da-agerba-em-aplicacao-de-sancoes-ao-sistema-ferry-boat\/#primaryimage\"},\"thumbnailUrl\":\"https:\/\/brasilnoticias.org\/site\/wp-content\/uploads\/2024\/03\/147720tribunal-de-contas-da-bahia-aponta-omissao-da-agerba-em-aplicacao-de-sancoes-ao-sistema-ferry-boat-3.jpg\",\"articleSection\":[\"Not\u00edcias\",\"\u00daltimas\"],\"inLanguage\":\"pt-PT\",\"potentialAction\":[{\"@type\":\"CommentAction\",\"name\":\"Comment\",\"target\":[\"https:\/\/brasilnoticias.org\/site\/tribunal-de-contas-da-bahia-aponta-omissao-da-agerba-em-aplicacao-de-sancoes-ao-sistema-ferry-boat\/#respond\"]}]},{\"@type\":\"WebPage\",\"@id\":\"https:\/\/brasilnoticias.org\/site\/tribunal-de-contas-da-bahia-aponta-omissao-da-agerba-em-aplicacao-de-sancoes-ao-sistema-ferry-boat\/\",\"url\":\"https:\/\/brasilnoticias.org\/site\/tribunal-de-contas-da-bahia-aponta-omissao-da-agerba-em-aplicacao-de-sancoes-ao-sistema-ferry-boat\/\",\"name\":\"Tribunal de Contas da Bahia aponta omiss\u00e3o da Agerba em aplica\u00e7\u00e3o de san\u00e7\u00f5es ao sistema ferry-boat - Brasil not\u00edcias\",\"isPartOf\":{\"@id\":\"https:\/\/brasilnoticias.org\/site\/#website\"},\"primaryImageOfPage\":{\"@id\":\"https:\/\/brasilnoticias.org\/site\/tribunal-de-contas-da-bahia-aponta-omissao-da-agerba-em-aplicacao-de-sancoes-ao-sistema-ferry-boat\/#primaryimage\"},\"image\":{\"@id\":\"https:\/\/brasilnoticias.org\/site\/tribunal-de-contas-da-bahia-aponta-omissao-da-agerba-em-aplicacao-de-sancoes-ao-sistema-ferry-boat\/#primaryimage\"},\"thumbnailUrl\":\"https:\/\/brasilnoticias.org\/site\/wp-content\/uploads\/2024\/03\/147720tribunal-de-contas-da-bahia-aponta-omissao-da-agerba-em-aplicacao-de-sancoes-ao-sistema-ferry-boat-3.jpg\",\"datePublished\":\"2024-03-22T17:53:22+00:00\",\"breadcrumb\":{\"@id\":\"https:\/\/brasilnoticias.org\/site\/tribunal-de-contas-da-bahia-aponta-omissao-da-agerba-em-aplicacao-de-sancoes-ao-sistema-ferry-boat\/#breadcrumb\"},\"inLanguage\":\"pt-PT\",\"potentialAction\":[{\"@type\":\"ReadAction\",\"target\":[\"https:\/\/brasilnoticias.org\/site\/tribunal-de-contas-da-bahia-aponta-omissao-da-agerba-em-aplicacao-de-sancoes-ao-sistema-ferry-boat\/\"]}]},{\"@type\":\"ImageObject\",\"inLanguage\":\"pt-PT\",\"@id\":\"https:\/\/brasilnoticias.org\/site\/tribunal-de-contas-da-bahia-aponta-omissao-da-agerba-em-aplicacao-de-sancoes-ao-sistema-ferry-boat\/#primaryimage\",\"url\":\"https:\/\/brasilnoticias.org\/site\/wp-content\/uploads\/2024\/03\/147720tribunal-de-contas-da-bahia-aponta-omissao-da-agerba-em-aplicacao-de-sancoes-ao-sistema-ferry-boat-3.jpg\",\"contentUrl\":\"https:\/\/brasilnoticias.org\/site\/wp-content\/uploads\/2024\/03\/147720tribunal-de-contas-da-bahia-aponta-omissao-da-agerba-em-aplicacao-de-sancoes-ao-sistema-ferry-boat-3.jpg\",\"width\":1600,\"height\":752},{\"@type\":\"BreadcrumbList\",\"@id\":\"https:\/\/brasilnoticias.org\/site\/tribunal-de-contas-da-bahia-aponta-omissao-da-agerba-em-aplicacao-de-sancoes-ao-sistema-ferry-boat\/#breadcrumb\",\"itemListElement\":[{\"@type\":\"ListItem\",\"position\":1,\"name\":\"In\u00edcio\",\"item\":\"https:\/\/brasilnoticias.org\/site\/\"},{\"@type\":\"ListItem\",\"position\":2,\"name\":\"Tribunal de Contas da Bahia aponta omiss\u00e3o da Agerba em aplica\u00e7\u00e3o de san\u00e7\u00f5es ao sistema ferry-boat\"}]},{\"@type\":\"WebSite\",\"@id\":\"https:\/\/brasilnoticias.org\/site\/#website\",\"url\":\"https:\/\/brasilnoticias.org\/site\/\",\"name\":\"Brasil not\u00edcias\",\"description\":\"Brasil not\u00edcias\",\"publisher\":{\"@id\":\"https:\/\/brasilnoticias.org\/site\/#organization\"},\"potentialAction\":[{\"@type\":\"SearchAction\",\"target\":{\"@type\":\"EntryPoint\",\"urlTemplate\":\"https:\/\/brasilnoticias.org\/site\/?s={search_term_string}\"},\"query-input\":{\"@type\":\"PropertyValueSpecification\",\"valueRequired\":true,\"valueName\":\"search_term_string\"}}],\"inLanguage\":\"pt-PT\"},{\"@type\":\"Organization\",\"@id\":\"https:\/\/brasilnoticias.org\/site\/#organization\",\"name\":\"Brasil not\u00edcias\",\"url\":\"https:\/\/brasilnoticias.org\/site\/\",\"logo\":{\"@type\":\"ImageObject\",\"inLanguage\":\"pt-PT\",\"@id\":\"https:\/\/brasilnoticias.org\/site\/#\/schema\/logo\/image\/\",\"url\":\"https:\/\/brasilnoticias.org\/site\/wp-content\/uploads\/2022\/05\/cropped-brasilnoticias-mini.jpg\",\"contentUrl\":\"https:\/\/brasilnoticias.org\/site\/wp-content\/uploads\/2022\/05\/cropped-brasilnoticias-mini.jpg\",\"width\":314,\"height\":86,\"caption\":\"Brasil not\u00edcias\"},\"image\":{\"@id\":\"https:\/\/brasilnoticias.org\/site\/#\/schema\/logo\/image\/\"}},{\"@type\":\"Person\",\"@id\":\"https:\/\/brasilnoticias.org\/site\/#\/schema\/person\/03bbbfe6c7634ad18c26444ea39049fa\",\"name\":\"Reda\u00e7\u00e3o\",\"image\":{\"@type\":\"ImageObject\",\"inLanguage\":\"pt-PT\",\"@id\":\"https:\/\/brasilnoticias.org\/site\/#\/schema\/person\/image\/\",\"url\":\"https:\/\/secure.gravatar.com\/avatar\/9ecaf7327a696cb23ad926fedded5f1f04d7049de9e445375d55b48c001a6e42?s=96&d=mm&r=g\",\"contentUrl\":\"https:\/\/secure.gravatar.com\/avatar\/9ecaf7327a696cb23ad926fedded5f1f04d7049de9e445375d55b48c001a6e42?s=96&d=mm&r=g\",\"caption\":\"Reda\u00e7\u00e3o\"},\"url\":\"https:\/\/brasilnoticias.org\/site\/author\/henrique\/\"}]}<\/script>\n<!-- \/ Yoast SEO plugin. -->","yoast_head_json":{"title":"Tribunal de Contas da Bahia aponta omiss\u00e3o da Agerba em aplica\u00e7\u00e3o de san\u00e7\u00f5es ao sistema ferry-boat - Brasil not\u00edcias","robots":{"index":"index","follow":"follow","max-snippet":"max-snippet:-1","max-image-preview":"max-image-preview:large","max-video-preview":"max-video-preview:-1"},"canonical":"https:\/\/brasilnoticias.org\/site\/tribunal-de-contas-da-bahia-aponta-omissao-da-agerba-em-aplicacao-de-sancoes-ao-sistema-ferry-boat\/","og_locale":"pt_PT","og_type":"article","og_title":"Tribunal de Contas da Bahia aponta omiss\u00e3o da Agerba em aplica\u00e7\u00e3o de san\u00e7\u00f5es ao sistema ferry-boat - Brasil not\u00edcias","og_description":"Auditoria atestou a aus\u00eancia de penalidades nos casos de descumprimento de obriga\u00e7\u00f5es contratuais relacionadas \u00e0 manuten\u00e7\u00e3o t\u00e9cnica, limpeza das embarca\u00e7\u00f5es,","og_url":"https:\/\/brasilnoticias.org\/site\/tribunal-de-contas-da-bahia-aponta-omissao-da-agerba-em-aplicacao-de-sancoes-ao-sistema-ferry-boat\/","og_site_name":"Brasil not\u00edcias","article_published_time":"2024-03-22T17:53:22+00:00","og_image":[{"width":1600,"height":752,"url":"https:\/\/brasilnoticias.org\/site\/wp-content\/uploads\/2024\/03\/147720tribunal-de-contas-da-bahia-aponta-omissao-da-agerba-em-aplicacao-de-sancoes-ao-sistema-ferry-boat-3.jpg","type":"image\/jpeg"}],"author":"Reda\u00e7\u00e3o","twitter_card":"summary_large_image","twitter_misc":{"Escrito por":"Reda\u00e7\u00e3o","Tempo estimado de leitura":"1 minuto"},"schema":{"@context":"https:\/\/schema.org","@graph":[{"@type":"Article","@id":"https:\/\/brasilnoticias.org\/site\/tribunal-de-contas-da-bahia-aponta-omissao-da-agerba-em-aplicacao-de-sancoes-ao-sistema-ferry-boat\/#article","isPartOf":{"@id":"https:\/\/brasilnoticias.org\/site\/tribunal-de-contas-da-bahia-aponta-omissao-da-agerba-em-aplicacao-de-sancoes-ao-sistema-ferry-boat\/"},"author":{"name":"Reda\u00e7\u00e3o","@id":"https:\/\/brasilnoticias.org\/site\/#\/schema\/person\/03bbbfe6c7634ad18c26444ea39049fa"},"headline":"Tribunal de Contas da Bahia aponta omiss\u00e3o da Agerba em aplica\u00e7\u00e3o de san\u00e7\u00f5es ao sistema ferry-boat","datePublished":"2024-03-22T17:53:22+00:00","mainEntityOfPage":{"@id":"https:\/\/brasilnoticias.org\/site\/tribunal-de-contas-da-bahia-aponta-omissao-da-agerba-em-aplicacao-de-sancoes-ao-sistema-ferry-boat\/"},"wordCount":230,"commentCount":0,"publisher":{"@id":"https:\/\/brasilnoticias.org\/site\/#organization"},"image":{"@id":"https:\/\/brasilnoticias.org\/site\/tribunal-de-contas-da-bahia-aponta-omissao-da-agerba-em-aplicacao-de-sancoes-ao-sistema-ferry-boat\/#primaryimage"},"thumbnailUrl":"https:\/\/brasilnoticias.org\/site\/wp-content\/uploads\/2024\/03\/147720tribunal-de-contas-da-bahia-aponta-omissao-da-agerba-em-aplicacao-de-sancoes-ao-sistema-ferry-boat-3.jpg","articleSection":["Not\u00edcias","\u00daltimas"],"inLanguage":"pt-PT","potentialAction":[{"@type":"CommentAction","name":"Comment","target":["https:\/\/brasilnoticias.org\/site\/tribunal-de-contas-da-bahia-aponta-omissao-da-agerba-em-aplicacao-de-sancoes-ao-sistema-ferry-boat\/#respond"]}]},{"@type":"WebPage","@id":"https:\/\/brasilnoticias.org\/site\/tribunal-de-contas-da-bahia-aponta-omissao-da-agerba-em-aplicacao-de-sancoes-ao-sistema-ferry-boat\/","url":"https:\/\/brasilnoticias.org\/site\/tribunal-de-contas-da-bahia-aponta-omissao-da-agerba-em-aplicacao-de-sancoes-ao-sistema-ferry-boat\/","name":"Tribunal de Contas da Bahia aponta omiss\u00e3o da Agerba em aplica\u00e7\u00e3o de san\u00e7\u00f5es ao sistema ferry-boat - Brasil not\u00edcias","isPartOf":{"@id":"https:\/\/brasilnoticias.org\/site\/#website"},"primaryImageOfPage":{"@id":"https:\/\/brasilnoticias.org\/site\/tribunal-de-contas-da-bahia-aponta-omissao-da-agerba-em-aplicacao-de-sancoes-ao-sistema-ferry-boat\/#primaryimage"},"image":{"@id":"https:\/\/brasilnoticias.org\/site\/tribunal-de-contas-da-bahia-aponta-omissao-da-agerba-em-aplicacao-de-sancoes-ao-sistema-ferry-boat\/#primaryimage"},"thumbnailUrl":"https:\/\/brasilnoticias.org\/site\/wp-content\/uploads\/2024\/03\/147720tribunal-de-contas-da-bahia-aponta-omissao-da-agerba-em-aplicacao-de-sancoes-ao-sistema-ferry-boat-3.jpg","datePublished":"2024-03-22T17:53:22+00:00","breadcrumb":{"@id":"https:\/\/brasilnoticias.org\/site\/tribunal-de-contas-da-bahia-aponta-omissao-da-agerba-em-aplicacao-de-sancoes-ao-sistema-ferry-boat\/#breadcrumb"},"inLanguage":"pt-PT","potentialAction":[{"@type":"ReadAction","target":["https:\/\/brasilnoticias.org\/site\/tribunal-de-contas-da-bahia-aponta-omissao-da-agerba-em-aplicacao-de-sancoes-ao-sistema-ferry-boat\/"]}]},{"@type":"ImageObject","inLanguage":"pt-PT","@id":"https:\/\/brasilnoticias.org\/site\/tribunal-de-contas-da-bahia-aponta-omissao-da-agerba-em-aplicacao-de-sancoes-ao-sistema-ferry-boat\/#primaryimage","url":"https:\/\/brasilnoticias.org\/site\/wp-content\/uploads\/2024\/03\/147720tribunal-de-contas-da-bahia-aponta-omissao-da-agerba-em-aplicacao-de-sancoes-ao-sistema-ferry-boat-3.jpg","contentUrl":"https:\/\/brasilnoticias.org\/site\/wp-content\/uploads\/2024\/03\/147720tribunal-de-contas-da-bahia-aponta-omissao-da-agerba-em-aplicacao-de-sancoes-ao-sistema-ferry-boat-3.jpg","width":1600,"height":752},{"@type":"BreadcrumbList","@id":"https:\/\/brasilnoticias.org\/site\/tribunal-de-contas-da-bahia-aponta-omissao-da-agerba-em-aplicacao-de-sancoes-ao-sistema-ferry-boat\/#breadcrumb","itemListElement":[{"@type":"ListItem","position":1,"name":"In\u00edcio","item":"https:\/\/brasilnoticias.org\/site\/"},{"@type":"ListItem","position":2,"name":"Tribunal de Contas da Bahia aponta omiss\u00e3o da Agerba em aplica\u00e7\u00e3o de san\u00e7\u00f5es ao sistema ferry-boat"}]},{"@type":"WebSite","@id":"https:\/\/brasilnoticias.org\/site\/#website","url":"https:\/\/brasilnoticias.org\/site\/","name":"Brasil not\u00edcias","description":"Brasil not\u00edcias","publisher":{"@id":"https:\/\/brasilnoticias.org\/site\/#organization"},"potentialAction":[{"@type":"SearchAction","target":{"@type":"EntryPoint","urlTemplate":"https:\/\/brasilnoticias.org\/site\/?s={search_term_string}"},"query-input":{"@type":"PropertyValueSpecification","valueRequired":true,"valueName":"search_term_string"}}],"inLanguage":"pt-PT"},{"@type":"Organization","@id":"https:\/\/brasilnoticias.org\/site\/#organization","name":"Brasil not\u00edcias","url":"https:\/\/brasilnoticias.org\/site\/","logo":{"@type":"ImageObject","inLanguage":"pt-PT","@id":"https:\/\/brasilnoticias.org\/site\/#\/schema\/logo\/image\/","url":"https:\/\/brasilnoticias.org\/site\/wp-content\/uploads\/2022\/05\/cropped-brasilnoticias-mini.jpg","contentUrl":"https:\/\/brasilnoticias.org\/site\/wp-content\/uploads\/2022\/05\/cropped-brasilnoticias-mini.jpg","width":314,"height":86,"caption":"Brasil not\u00edcias"},"image":{"@id":"https:\/\/brasilnoticias.org\/site\/#\/schema\/logo\/image\/"}},{"@type":"Person","@id":"https:\/\/brasilnoticias.org\/site\/#\/schema\/person\/03bbbfe6c7634ad18c26444ea39049fa","name":"Reda\u00e7\u00e3o","image":{"@type":"ImageObject","inLanguage":"pt-PT","@id":"https:\/\/brasilnoticias.org\/site\/#\/schema\/person\/image\/","url":"https:\/\/secure.gravatar.com\/avatar\/9ecaf7327a696cb23ad926fedded5f1f04d7049de9e445375d55b48c001a6e42?s=96&d=mm&r=g","contentUrl":"https:\/\/secure.gravatar.com\/avatar\/9ecaf7327a696cb23ad926fedded5f1f04d7049de9e445375d55b48c001a6e42?s=96&d=mm&r=g","caption":"Reda\u00e7\u00e3o"},"url":"https:\/\/brasilnoticias.org\/site\/author\/henrique\/"}]}},"_links":{"self":[{"href":"https:\/\/brasilnoticias.org\/site\/wp-json\/wp\/v2\/posts\/13201","targetHints":{"allow":["GET"]}}],"collection":[{"href":"https:\/\/brasilnoticias.org\/site\/wp-json\/wp\/v2\/posts"}],"about":[{"href":"https:\/\/brasilnoticias.org\/site\/wp-json\/wp\/v2\/types\/post"}],"author":[{"embeddable":true,"href":"https:\/\/brasilnoticias.org\/site\/wp-json\/wp\/v2\/users\/4"}],"replies":[{"embeddable":true,"href":"https:\/\/brasilnoticias.org\/site\/wp-json\/wp\/v2\/comments?post=13201"}],"version-history":[{"count":1,"href":"https:\/\/brasilnoticias.org\/site\/wp-json\/wp\/v2\/posts\/13201\/revisions"}],"predecessor-version":[{"id":13203,"href":"https:\/\/brasilnoticias.org\/site\/wp-json\/wp\/v2\/posts\/13201\/revisions\/13203"}],"wp:featuredmedia":[{"embeddable":true,"href":"https:\/\/brasilnoticias.org\/site\/wp-json\/wp\/v2\/media\/13202"}],"wp:attachment":[{"href":"https:\/\/brasilnoticias.org\/site\/wp-json\/wp\/v2\/media?parent=13201"}],"wp:term":[{"taxonomy":"category","embeddable":true,"href":"https:\/\/brasilnoticias.org\/site\/wp-json\/wp\/v2\/categories?post=13201"},{"taxonomy":"post_tag","embeddable":true,"href":"https:\/\/brasilnoticias.org\/site\/wp-json\/wp\/v2\/tags?post=13201"}],"curies":[{"name":"wp","href":"https:\/\/api.w.org\/{rel}","templated":true}]}}