{"id":13204,"date":"2024-03-22T14:55:13","date_gmt":"2024-03-22T17:55:13","guid":{"rendered":"https:\/\/brasilnoticias.org\/site\/?p=13204"},"modified":"2024-03-22T14:55:13","modified_gmt":"2024-03-22T17:55:13","slug":"nova-presidente-da-ccj-da-camara-quer-homenagear-a-monarquia","status":"publish","type":"post","link":"https:\/\/brasilnoticias.org\/site\/nova-presidente-da-ccj-da-camara-quer-homenagear-a-monarquia\/","title":{"rendered":"Nova presidente da CCJ da C\u00e2mara quer homenagear a monarquia"},"content":{"rendered":"<p>Caroline de Toni (PL) protocolou projeto de lei nesta quinta-feira para que o ano de 2025 seja o &#8220;Ano Nacional D. Pedro II&#8221;<\/p>\n<p>A deputada a Caroline de Toni (PL), nova presidente da Comiss\u00e3o de Constitui\u00e7\u00e3o e Justi\u00e7a (CCJ) da C\u00e2mara dos Deputados prop\u00f4s que o ano de 2025 seja de homenagem \u00e0 monarquia, encerrada no Brasil em 1889. Ela protocolou na quinta-fera (21) um projeto de lei para que o o per\u00edodo seja &#8220;Ano Nacional D. Pedro II&#8221;, que complea 200 desde o nascimento do segundo e \u00faltimo imperador brasileiro.<\/p>\n<p>O objetivo \u00e9 promover \u201cdebates, palestras, publica\u00e7\u00f5es e outros eventos, com vistas a difundir o conhecimento da vida e obra de D. Pedro II, o Magn\u00e2nimo\u201d. \u201cD. Pedro II n\u00e3o permitiu nenhuma medida contra a propaganda republicana e n\u00e3o apoiou qualquer tentativa de restaura\u00e7\u00e3o da monarquia por meio violento. O imperador deposto passou os seus \u00faltimos dois anos de vida no ex\u00edlio na Europa, vivendo s\u00f3\u201d, justifica a deputada no projeto.<\/p>\n<p>A parlamentar foi eleita ao cargo no dia 6 de mar\u00e7o com um total de 49 votos a favor. 9 votos foram em branco. A Comiss\u00e3o que hoje ela preside analisa aspectos constitucionais, legais, jur\u00eddicos, regimentais e de t\u00e9cnica legislativa de todos os projetos que passam pela Casa Legislativa. A CCJ analisa tamb\u00e9m emendas, substitutivos e admissibilidade de uma proposta de emenda \u00e0 Constitui\u00e7\u00e3o. <\/p>\n<p>Foto: C\u00e2mara dos Deputados<br \/>\nPor: Metro1<\/p>\n","protected":false},"excerpt":{"rendered":"<p>Caroline de Toni (PL) protocolou projeto de lei nesta quinta-feira para que o ano de 2025 seja o &#8220;Ano Nacional<\/p>\n","protected":false},"author":4,"featured_media":13205,"comment_status":"open","ping_status":"open","sticky":false,"template":"","format":"standard","meta":{"colormag_page_container_layout":"default_layout","colormag_page_sidebar_layout":"default_layout","_FSMCFIC_featured_image_caption":"","_FSMCFIC_featured_image_nocaption":"","_FSMCFIC_featured_image_hide":"","footnotes":""},"categories":[5,1],"tags":[],"class_list":["post-13204","post","type-post","status-publish","format-standard","has-post-thumbnail","hentry","category-politica","category-ultimas"],"yoast_head":"<!-- This site is optimized with the Yoast SEO plugin v27.1.1 - https:\/\/yoast.com\/product\/yoast-seo-wordpress\/ -->\n<title>Nova presidente da CCJ da C\u00e2mara quer homenagear a monarquia - Brasil not\u00edcias<\/title>\n<meta name=\"robots\" content=\"index, follow, max-snippet:-1, max-image-preview:large, max-video-preview:-1\" \/>\n<link rel=\"canonical\" href=\"https:\/\/brasilnoticias.org\/site\/nova-presidente-da-ccj-da-camara-quer-homenagear-a-monarquia\/\" \/>\n<meta property=\"og:locale\" content=\"pt_PT\" \/>\n<meta property=\"og:type\" content=\"article\" \/>\n<meta property=\"og:title\" content=\"Nova presidente da CCJ da C\u00e2mara quer homenagear a monarquia - Brasil not\u00edcias\" \/>\n<meta property=\"og:description\" content=\"Caroline de Toni (PL) protocolou projeto de lei nesta quinta-feira para que o ano de 2025 seja o &#8220;Ano Nacional\" \/>\n<meta property=\"og:url\" content=\"https:\/\/brasilnoticias.org\/site\/nova-presidente-da-ccj-da-camara-quer-homenagear-a-monarquia\/\" \/>\n<meta property=\"og:site_name\" content=\"Brasil not\u00edcias\" \/>\n<meta property=\"article:published_time\" content=\"2024-03-22T17:55:13+00:00\" \/>\n<meta property=\"og:image\" content=\"https:\/\/brasilnoticias.org\/site\/wp-content\/uploads\/2024\/03\/147708nova-presidente-da-ccj-da-camara-quer-homenagear-a-monarquia-3.jpg\" \/>\n\t<meta property=\"og:image:width\" content=\"1600\" \/>\n\t<meta property=\"og:image:height\" content=\"752\" \/>\n\t<meta property=\"og:image:type\" content=\"image\/jpeg\" \/>\n<meta name=\"author\" content=\"Reda\u00e7\u00e3o\" \/>\n<meta name=\"twitter:card\" content=\"summary_large_image\" \/>\n<meta name=\"twitter:label1\" content=\"Escrito por\" \/>\n\t<meta name=\"twitter:data1\" content=\"Reda\u00e7\u00e3o\" \/>\n\t<meta name=\"twitter:label2\" content=\"Tempo estimado de leitura\" \/>\n\t<meta name=\"twitter:data2\" content=\"1 minuto\" \/>\n<script type=\"application\/ld+json\" class=\"yoast-schema-graph\">{\"@context\":\"https:\/\/schema.org\",\"@graph\":[{\"@type\":\"Article\",\"@id\":\"https:\/\/brasilnoticias.org\/site\/nova-presidente-da-ccj-da-camara-quer-homenagear-a-monarquia\/#article\",\"isPartOf\":{\"@id\":\"https:\/\/brasilnoticias.org\/site\/nova-presidente-da-ccj-da-camara-quer-homenagear-a-monarquia\/\"},\"author\":{\"name\":\"Reda\u00e7\u00e3o\",\"@id\":\"https:\/\/brasilnoticias.org\/site\/#\/schema\/person\/03bbbfe6c7634ad18c26444ea39049fa\"},\"headline\":\"Nova presidente da CCJ da C\u00e2mara quer homenagear a monarquia\",\"datePublished\":\"2024-03-22T17:55:13+00:00\",\"mainEntityOfPage\":{\"@id\":\"https:\/\/brasilnoticias.org\/site\/nova-presidente-da-ccj-da-camara-quer-homenagear-a-monarquia\/\"},\"wordCount\":251,\"commentCount\":0,\"publisher\":{\"@id\":\"https:\/\/brasilnoticias.org\/site\/#organization\"},\"image\":{\"@id\":\"https:\/\/brasilnoticias.org\/site\/nova-presidente-da-ccj-da-camara-quer-homenagear-a-monarquia\/#primaryimage\"},\"thumbnailUrl\":\"https:\/\/brasilnoticias.org\/site\/wp-content\/uploads\/2024\/03\/147708nova-presidente-da-ccj-da-camara-quer-homenagear-a-monarquia-3.jpg\",\"articleSection\":[\"Pol\u00edtica\",\"\u00daltimas\"],\"inLanguage\":\"pt-PT\",\"potentialAction\":[{\"@type\":\"CommentAction\",\"name\":\"Comment\",\"target\":[\"https:\/\/brasilnoticias.org\/site\/nova-presidente-da-ccj-da-camara-quer-homenagear-a-monarquia\/#respond\"]}]},{\"@type\":\"WebPage\",\"@id\":\"https:\/\/brasilnoticias.org\/site\/nova-presidente-da-ccj-da-camara-quer-homenagear-a-monarquia\/\",\"url\":\"https:\/\/brasilnoticias.org\/site\/nova-presidente-da-ccj-da-camara-quer-homenagear-a-monarquia\/\",\"name\":\"Nova presidente da CCJ da C\u00e2mara quer homenagear a monarquia - Brasil not\u00edcias\",\"isPartOf\":{\"@id\":\"https:\/\/brasilnoticias.org\/site\/#website\"},\"primaryImageOfPage\":{\"@id\":\"https:\/\/brasilnoticias.org\/site\/nova-presidente-da-ccj-da-camara-quer-homenagear-a-monarquia\/#primaryimage\"},\"image\":{\"@id\":\"https:\/\/brasilnoticias.org\/site\/nova-presidente-da-ccj-da-camara-quer-homenagear-a-monarquia\/#primaryimage\"},\"thumbnailUrl\":\"https:\/\/brasilnoticias.org\/site\/wp-content\/uploads\/2024\/03\/147708nova-presidente-da-ccj-da-camara-quer-homenagear-a-monarquia-3.jpg\",\"datePublished\":\"2024-03-22T17:55:13+00:00\",\"breadcrumb\":{\"@id\":\"https:\/\/brasilnoticias.org\/site\/nova-presidente-da-ccj-da-camara-quer-homenagear-a-monarquia\/#breadcrumb\"},\"inLanguage\":\"pt-PT\",\"potentialAction\":[{\"@type\":\"ReadAction\",\"target\":[\"https:\/\/brasilnoticias.org\/site\/nova-presidente-da-ccj-da-camara-quer-homenagear-a-monarquia\/\"]}]},{\"@type\":\"ImageObject\",\"inLanguage\":\"pt-PT\",\"@id\":\"https:\/\/brasilnoticias.org\/site\/nova-presidente-da-ccj-da-camara-quer-homenagear-a-monarquia\/#primaryimage\",\"url\":\"https:\/\/brasilnoticias.org\/site\/wp-content\/uploads\/2024\/03\/147708nova-presidente-da-ccj-da-camara-quer-homenagear-a-monarquia-3.jpg\",\"contentUrl\":\"https:\/\/brasilnoticias.org\/site\/wp-content\/uploads\/2024\/03\/147708nova-presidente-da-ccj-da-camara-quer-homenagear-a-monarquia-3.jpg\",\"width\":1600,\"height\":752},{\"@type\":\"BreadcrumbList\",\"@id\":\"https:\/\/brasilnoticias.org\/site\/nova-presidente-da-ccj-da-camara-quer-homenagear-a-monarquia\/#breadcrumb\",\"itemListElement\":[{\"@type\":\"ListItem\",\"position\":1,\"name\":\"In\u00edcio\",\"item\":\"https:\/\/brasilnoticias.org\/site\/\"},{\"@type\":\"ListItem\",\"position\":2,\"name\":\"Nova presidente da CCJ da C\u00e2mara quer homenagear a monarquia\"}]},{\"@type\":\"WebSite\",\"@id\":\"https:\/\/brasilnoticias.org\/site\/#website\",\"url\":\"https:\/\/brasilnoticias.org\/site\/\",\"name\":\"Brasil not\u00edcias\",\"description\":\"Brasil not\u00edcias\",\"publisher\":{\"@id\":\"https:\/\/brasilnoticias.org\/site\/#organization\"},\"potentialAction\":[{\"@type\":\"SearchAction\",\"target\":{\"@type\":\"EntryPoint\",\"urlTemplate\":\"https:\/\/brasilnoticias.org\/site\/?s={search_term_string}\"},\"query-input\":{\"@type\":\"PropertyValueSpecification\",\"valueRequired\":true,\"valueName\":\"search_term_string\"}}],\"inLanguage\":\"pt-PT\"},{\"@type\":\"Organization\",\"@id\":\"https:\/\/brasilnoticias.org\/site\/#organization\",\"name\":\"Brasil not\u00edcias\",\"url\":\"https:\/\/brasilnoticias.org\/site\/\",\"logo\":{\"@type\":\"ImageObject\",\"inLanguage\":\"pt-PT\",\"@id\":\"https:\/\/brasilnoticias.org\/site\/#\/schema\/logo\/image\/\",\"url\":\"https:\/\/brasilnoticias.org\/site\/wp-content\/uploads\/2022\/05\/cropped-brasilnoticias-mini.jpg\",\"contentUrl\":\"https:\/\/brasilnoticias.org\/site\/wp-content\/uploads\/2022\/05\/cropped-brasilnoticias-mini.jpg\",\"width\":314,\"height\":86,\"caption\":\"Brasil not\u00edcias\"},\"image\":{\"@id\":\"https:\/\/brasilnoticias.org\/site\/#\/schema\/logo\/image\/\"}},{\"@type\":\"Person\",\"@id\":\"https:\/\/brasilnoticias.org\/site\/#\/schema\/person\/03bbbfe6c7634ad18c26444ea39049fa\",\"name\":\"Reda\u00e7\u00e3o\",\"image\":{\"@type\":\"ImageObject\",\"inLanguage\":\"pt-PT\",\"@id\":\"https:\/\/brasilnoticias.org\/site\/#\/schema\/person\/image\/\",\"url\":\"https:\/\/secure.gravatar.com\/avatar\/9ecaf7327a696cb23ad926fedded5f1f04d7049de9e445375d55b48c001a6e42?s=96&d=mm&r=g\",\"contentUrl\":\"https:\/\/secure.gravatar.com\/avatar\/9ecaf7327a696cb23ad926fedded5f1f04d7049de9e445375d55b48c001a6e42?s=96&d=mm&r=g\",\"caption\":\"Reda\u00e7\u00e3o\"},\"url\":\"https:\/\/brasilnoticias.org\/site\/author\/henrique\/\"}]}<\/script>\n<!-- \/ Yoast SEO plugin. -->","yoast_head_json":{"title":"Nova presidente da CCJ da C\u00e2mara quer homenagear a monarquia - Brasil not\u00edcias","robots":{"index":"index","follow":"follow","max-snippet":"max-snippet:-1","max-image-preview":"max-image-preview:large","max-video-preview":"max-video-preview:-1"},"canonical":"https:\/\/brasilnoticias.org\/site\/nova-presidente-da-ccj-da-camara-quer-homenagear-a-monarquia\/","og_locale":"pt_PT","og_type":"article","og_title":"Nova presidente da CCJ da C\u00e2mara quer homenagear a monarquia - Brasil not\u00edcias","og_description":"Caroline de Toni (PL) protocolou projeto de lei nesta quinta-feira para que o ano de 2025 seja o &#8220;Ano Nacional","og_url":"https:\/\/brasilnoticias.org\/site\/nova-presidente-da-ccj-da-camara-quer-homenagear-a-monarquia\/","og_site_name":"Brasil not\u00edcias","article_published_time":"2024-03-22T17:55:13+00:00","og_image":[{"width":1600,"height":752,"url":"https:\/\/brasilnoticias.org\/site\/wp-content\/uploads\/2024\/03\/147708nova-presidente-da-ccj-da-camara-quer-homenagear-a-monarquia-3.jpg","type":"image\/jpeg"}],"author":"Reda\u00e7\u00e3o","twitter_card":"summary_large_image","twitter_misc":{"Escrito por":"Reda\u00e7\u00e3o","Tempo estimado de leitura":"1 minuto"},"schema":{"@context":"https:\/\/schema.org","@graph":[{"@type":"Article","@id":"https:\/\/brasilnoticias.org\/site\/nova-presidente-da-ccj-da-camara-quer-homenagear-a-monarquia\/#article","isPartOf":{"@id":"https:\/\/brasilnoticias.org\/site\/nova-presidente-da-ccj-da-camara-quer-homenagear-a-monarquia\/"},"author":{"name":"Reda\u00e7\u00e3o","@id":"https:\/\/brasilnoticias.org\/site\/#\/schema\/person\/03bbbfe6c7634ad18c26444ea39049fa"},"headline":"Nova presidente da CCJ da C\u00e2mara quer homenagear a monarquia","datePublished":"2024-03-22T17:55:13+00:00","mainEntityOfPage":{"@id":"https:\/\/brasilnoticias.org\/site\/nova-presidente-da-ccj-da-camara-quer-homenagear-a-monarquia\/"},"wordCount":251,"commentCount":0,"publisher":{"@id":"https:\/\/brasilnoticias.org\/site\/#organization"},"image":{"@id":"https:\/\/brasilnoticias.org\/site\/nova-presidente-da-ccj-da-camara-quer-homenagear-a-monarquia\/#primaryimage"},"thumbnailUrl":"https:\/\/brasilnoticias.org\/site\/wp-content\/uploads\/2024\/03\/147708nova-presidente-da-ccj-da-camara-quer-homenagear-a-monarquia-3.jpg","articleSection":["Pol\u00edtica","\u00daltimas"],"inLanguage":"pt-PT","potentialAction":[{"@type":"CommentAction","name":"Comment","target":["https:\/\/brasilnoticias.org\/site\/nova-presidente-da-ccj-da-camara-quer-homenagear-a-monarquia\/#respond"]}]},{"@type":"WebPage","@id":"https:\/\/brasilnoticias.org\/site\/nova-presidente-da-ccj-da-camara-quer-homenagear-a-monarquia\/","url":"https:\/\/brasilnoticias.org\/site\/nova-presidente-da-ccj-da-camara-quer-homenagear-a-monarquia\/","name":"Nova presidente da CCJ da C\u00e2mara quer homenagear a monarquia - Brasil not\u00edcias","isPartOf":{"@id":"https:\/\/brasilnoticias.org\/site\/#website"},"primaryImageOfPage":{"@id":"https:\/\/brasilnoticias.org\/site\/nova-presidente-da-ccj-da-camara-quer-homenagear-a-monarquia\/#primaryimage"},"image":{"@id":"https:\/\/brasilnoticias.org\/site\/nova-presidente-da-ccj-da-camara-quer-homenagear-a-monarquia\/#primaryimage"},"thumbnailUrl":"https:\/\/brasilnoticias.org\/site\/wp-content\/uploads\/2024\/03\/147708nova-presidente-da-ccj-da-camara-quer-homenagear-a-monarquia-3.jpg","datePublished":"2024-03-22T17:55:13+00:00","breadcrumb":{"@id":"https:\/\/brasilnoticias.org\/site\/nova-presidente-da-ccj-da-camara-quer-homenagear-a-monarquia\/#breadcrumb"},"inLanguage":"pt-PT","potentialAction":[{"@type":"ReadAction","target":["https:\/\/brasilnoticias.org\/site\/nova-presidente-da-ccj-da-camara-quer-homenagear-a-monarquia\/"]}]},{"@type":"ImageObject","inLanguage":"pt-PT","@id":"https:\/\/brasilnoticias.org\/site\/nova-presidente-da-ccj-da-camara-quer-homenagear-a-monarquia\/#primaryimage","url":"https:\/\/brasilnoticias.org\/site\/wp-content\/uploads\/2024\/03\/147708nova-presidente-da-ccj-da-camara-quer-homenagear-a-monarquia-3.jpg","contentUrl":"https:\/\/brasilnoticias.org\/site\/wp-content\/uploads\/2024\/03\/147708nova-presidente-da-ccj-da-camara-quer-homenagear-a-monarquia-3.jpg","width":1600,"height":752},{"@type":"BreadcrumbList","@id":"https:\/\/brasilnoticias.org\/site\/nova-presidente-da-ccj-da-camara-quer-homenagear-a-monarquia\/#breadcrumb","itemListElement":[{"@type":"ListItem","position":1,"name":"In\u00edcio","item":"https:\/\/brasilnoticias.org\/site\/"},{"@type":"ListItem","position":2,"name":"Nova presidente da CCJ da C\u00e2mara quer homenagear a monarquia"}]},{"@type":"WebSite","@id":"https:\/\/brasilnoticias.org\/site\/#website","url":"https:\/\/brasilnoticias.org\/site\/","name":"Brasil not\u00edcias","description":"Brasil not\u00edcias","publisher":{"@id":"https:\/\/brasilnoticias.org\/site\/#organization"},"potentialAction":[{"@type":"SearchAction","target":{"@type":"EntryPoint","urlTemplate":"https:\/\/brasilnoticias.org\/site\/?s={search_term_string}"},"query-input":{"@type":"PropertyValueSpecification","valueRequired":true,"valueName":"search_term_string"}}],"inLanguage":"pt-PT"},{"@type":"Organization","@id":"https:\/\/brasilnoticias.org\/site\/#organization","name":"Brasil not\u00edcias","url":"https:\/\/brasilnoticias.org\/site\/","logo":{"@type":"ImageObject","inLanguage":"pt-PT","@id":"https:\/\/brasilnoticias.org\/site\/#\/schema\/logo\/image\/","url":"https:\/\/brasilnoticias.org\/site\/wp-content\/uploads\/2022\/05\/cropped-brasilnoticias-mini.jpg","contentUrl":"https:\/\/brasilnoticias.org\/site\/wp-content\/uploads\/2022\/05\/cropped-brasilnoticias-mini.jpg","width":314,"height":86,"caption":"Brasil not\u00edcias"},"image":{"@id":"https:\/\/brasilnoticias.org\/site\/#\/schema\/logo\/image\/"}},{"@type":"Person","@id":"https:\/\/brasilnoticias.org\/site\/#\/schema\/person\/03bbbfe6c7634ad18c26444ea39049fa","name":"Reda\u00e7\u00e3o","image":{"@type":"ImageObject","inLanguage":"pt-PT","@id":"https:\/\/brasilnoticias.org\/site\/#\/schema\/person\/image\/","url":"https:\/\/secure.gravatar.com\/avatar\/9ecaf7327a696cb23ad926fedded5f1f04d7049de9e445375d55b48c001a6e42?s=96&d=mm&r=g","contentUrl":"https:\/\/secure.gravatar.com\/avatar\/9ecaf7327a696cb23ad926fedded5f1f04d7049de9e445375d55b48c001a6e42?s=96&d=mm&r=g","caption":"Reda\u00e7\u00e3o"},"url":"https:\/\/brasilnoticias.org\/site\/author\/henrique\/"}]}},"_links":{"self":[{"href":"https:\/\/brasilnoticias.org\/site\/wp-json\/wp\/v2\/posts\/13204","targetHints":{"allow":["GET"]}}],"collection":[{"href":"https:\/\/brasilnoticias.org\/site\/wp-json\/wp\/v2\/posts"}],"about":[{"href":"https:\/\/brasilnoticias.org\/site\/wp-json\/wp\/v2\/types\/post"}],"author":[{"embeddable":true,"href":"https:\/\/brasilnoticias.org\/site\/wp-json\/wp\/v2\/users\/4"}],"replies":[{"embeddable":true,"href":"https:\/\/brasilnoticias.org\/site\/wp-json\/wp\/v2\/comments?post=13204"}],"version-history":[{"count":1,"href":"https:\/\/brasilnoticias.org\/site\/wp-json\/wp\/v2\/posts\/13204\/revisions"}],"predecessor-version":[{"id":13206,"href":"https:\/\/brasilnoticias.org\/site\/wp-json\/wp\/v2\/posts\/13204\/revisions\/13206"}],"wp:featuredmedia":[{"embeddable":true,"href":"https:\/\/brasilnoticias.org\/site\/wp-json\/wp\/v2\/media\/13205"}],"wp:attachment":[{"href":"https:\/\/brasilnoticias.org\/site\/wp-json\/wp\/v2\/media?parent=13204"}],"wp:term":[{"taxonomy":"category","embeddable":true,"href":"https:\/\/brasilnoticias.org\/site\/wp-json\/wp\/v2\/categories?post=13204"},{"taxonomy":"post_tag","embeddable":true,"href":"https:\/\/brasilnoticias.org\/site\/wp-json\/wp\/v2\/tags?post=13204"}],"curies":[{"name":"wp","href":"https:\/\/api.w.org\/{rel}","templated":true}]}}