{"id":13241,"date":"2024-03-26T14:16:35","date_gmt":"2024-03-26T17:16:35","guid":{"rendered":"https:\/\/brasilnoticias.org\/site\/?p=13241"},"modified":"2024-03-26T14:16:35","modified_gmt":"2024-03-26T17:16:35","slug":"triplo-homicidio-duas-mulheres-e-uma-adolescentes-sao-mortas-dentro-de-casa-em-feira-de-santana","status":"publish","type":"post","link":"https:\/\/brasilnoticias.org\/site\/triplo-homicidio-duas-mulheres-e-uma-adolescentes-sao-mortas-dentro-de-casa-em-feira-de-santana\/","title":{"rendered":"Triplo Homic\u00eddio: duas mulheres e uma adolescentes s\u00e3o mortas dentro de casa em Feira de Santana"},"content":{"rendered":"<p>Dois celulares foram apreendidos no local e encaminhados \u00e0 per\u00edcia<\/p>\n<p>A Pol\u00edcia Civil investiga as mortes de Jaqueline Cruz de Jesus, de 29 anos, Ana Beatriz dos Santos, de 19, e Sara Vict\u00f3ria Brito Salom\u00e3o, 15, v\u00edtimas de disparos de arma de fogo. O triplo homic\u00eddio ocorreu na madrugada desta ter\u00e7a-feira (26\/3), no bairro Avi\u00e1rio, em Feira de Santana, a 110 km de Salvador.<\/p>\n<p>A PC informou que, de acordo com o registro, as v\u00edtimas tinham acabado de chegar em casa quando um grupo de homens invadiu a resid\u00eancia e deflagrou os tiros. Dois celulares foram apreendidos no local e encaminhados \u00e0 per\u00edcia. Depoimentos de testemunhas e dilig\u00eancias est\u00e3o sendo realizados para identificar a autoria e motiva\u00e7\u00e3o do crime.<\/p>\n<p>Foto: Ilustrativa<br \/>\nAratu On<\/p>\n","protected":false},"excerpt":{"rendered":"<p>Dois celulares foram apreendidos no local e encaminhados \u00e0 per\u00edcia A Pol\u00edcia Civil investiga as mortes de Jaqueline Cruz de<\/p>\n","protected":false},"author":4,"featured_media":13242,"comment_status":"open","ping_status":"open","sticky":false,"template":"","format":"standard","meta":{"colormag_page_container_layout":"default_layout","colormag_page_sidebar_layout":"default_layout","_FSMCFIC_featured_image_caption":"","_FSMCFIC_featured_image_nocaption":"","_FSMCFIC_featured_image_hide":"","footnotes":""},"categories":[3,1],"tags":[],"class_list":["post-13241","post","type-post","status-publish","format-standard","has-post-thumbnail","hentry","category-policia","category-ultimas"],"yoast_head":"<!-- This site is optimized with the Yoast SEO plugin v27.1.1 - https:\/\/yoast.com\/product\/yoast-seo-wordpress\/ -->\n<title>Triplo Homic\u00eddio: duas mulheres e uma adolescentes s\u00e3o mortas dentro de casa em Feira de Santana - Brasil not\u00edcias<\/title>\n<meta name=\"robots\" content=\"index, follow, max-snippet:-1, max-image-preview:large, max-video-preview:-1\" \/>\n<link rel=\"canonical\" href=\"https:\/\/brasilnoticias.org\/site\/triplo-homicidio-duas-mulheres-e-uma-adolescentes-sao-mortas-dentro-de-casa-em-feira-de-santana\/\" \/>\n<meta property=\"og:locale\" content=\"pt_PT\" \/>\n<meta property=\"og:type\" content=\"article\" \/>\n<meta property=\"og:title\" content=\"Triplo Homic\u00eddio: duas mulheres e uma adolescentes s\u00e3o mortas dentro de casa em Feira de Santana - Brasil not\u00edcias\" \/>\n<meta property=\"og:description\" content=\"Dois celulares foram apreendidos no local e encaminhados \u00e0 per\u00edcia A Pol\u00edcia Civil investiga as mortes de Jaqueline Cruz de\" \/>\n<meta property=\"og:url\" content=\"https:\/\/brasilnoticias.org\/site\/triplo-homicidio-duas-mulheres-e-uma-adolescentes-sao-mortas-dentro-de-casa-em-feira-de-santana\/\" \/>\n<meta property=\"og:site_name\" content=\"Brasil not\u00edcias\" \/>\n<meta property=\"article:published_time\" content=\"2024-03-26T17:16:35+00:00\" \/>\n<meta property=\"og:image\" content=\"https:\/\/brasilnoticias.org\/site\/wp-content\/uploads\/2024\/03\/DPT-Feira-960x500-1.jpg\" \/>\n\t<meta property=\"og:image:width\" content=\"960\" \/>\n\t<meta property=\"og:image:height\" content=\"500\" \/>\n\t<meta property=\"og:image:type\" content=\"image\/jpeg\" \/>\n<meta name=\"author\" content=\"Reda\u00e7\u00e3o\" \/>\n<meta name=\"twitter:card\" content=\"summary_large_image\" \/>\n<meta name=\"twitter:label1\" content=\"Escrito por\" \/>\n\t<meta name=\"twitter:data1\" content=\"Reda\u00e7\u00e3o\" \/>\n\t<meta name=\"twitter:label2\" content=\"Tempo estimado de leitura\" \/>\n\t<meta name=\"twitter:data2\" content=\"1 minuto\" \/>\n<script type=\"application\/ld+json\" class=\"yoast-schema-graph\">{\"@context\":\"https:\/\/schema.org\",\"@graph\":[{\"@type\":\"Article\",\"@id\":\"https:\/\/brasilnoticias.org\/site\/triplo-homicidio-duas-mulheres-e-uma-adolescentes-sao-mortas-dentro-de-casa-em-feira-de-santana\/#article\",\"isPartOf\":{\"@id\":\"https:\/\/brasilnoticias.org\/site\/triplo-homicidio-duas-mulheres-e-uma-adolescentes-sao-mortas-dentro-de-casa-em-feira-de-santana\/\"},\"author\":{\"name\":\"Reda\u00e7\u00e3o\",\"@id\":\"https:\/\/brasilnoticias.org\/site\/#\/schema\/person\/03bbbfe6c7634ad18c26444ea39049fa\"},\"headline\":\"Triplo Homic\u00eddio: duas mulheres e uma adolescentes s\u00e3o mortas dentro de casa em Feira de Santana\",\"datePublished\":\"2024-03-26T17:16:35+00:00\",\"mainEntityOfPage\":{\"@id\":\"https:\/\/brasilnoticias.org\/site\/triplo-homicidio-duas-mulheres-e-uma-adolescentes-sao-mortas-dentro-de-casa-em-feira-de-santana\/\"},\"wordCount\":148,\"commentCount\":0,\"publisher\":{\"@id\":\"https:\/\/brasilnoticias.org\/site\/#organization\"},\"image\":{\"@id\":\"https:\/\/brasilnoticias.org\/site\/triplo-homicidio-duas-mulheres-e-uma-adolescentes-sao-mortas-dentro-de-casa-em-feira-de-santana\/#primaryimage\"},\"thumbnailUrl\":\"https:\/\/brasilnoticias.org\/site\/wp-content\/uploads\/2024\/03\/DPT-Feira-960x500-1.jpg\",\"articleSection\":[\"Pol\u00edcia\",\"\u00daltimas\"],\"inLanguage\":\"pt-PT\",\"potentialAction\":[{\"@type\":\"CommentAction\",\"name\":\"Comment\",\"target\":[\"https:\/\/brasilnoticias.org\/site\/triplo-homicidio-duas-mulheres-e-uma-adolescentes-sao-mortas-dentro-de-casa-em-feira-de-santana\/#respond\"]}]},{\"@type\":\"WebPage\",\"@id\":\"https:\/\/brasilnoticias.org\/site\/triplo-homicidio-duas-mulheres-e-uma-adolescentes-sao-mortas-dentro-de-casa-em-feira-de-santana\/\",\"url\":\"https:\/\/brasilnoticias.org\/site\/triplo-homicidio-duas-mulheres-e-uma-adolescentes-sao-mortas-dentro-de-casa-em-feira-de-santana\/\",\"name\":\"Triplo Homic\u00eddio: duas mulheres e uma adolescentes s\u00e3o mortas dentro de casa em Feira de Santana - Brasil not\u00edcias\",\"isPartOf\":{\"@id\":\"https:\/\/brasilnoticias.org\/site\/#website\"},\"primaryImageOfPage\":{\"@id\":\"https:\/\/brasilnoticias.org\/site\/triplo-homicidio-duas-mulheres-e-uma-adolescentes-sao-mortas-dentro-de-casa-em-feira-de-santana\/#primaryimage\"},\"image\":{\"@id\":\"https:\/\/brasilnoticias.org\/site\/triplo-homicidio-duas-mulheres-e-uma-adolescentes-sao-mortas-dentro-de-casa-em-feira-de-santana\/#primaryimage\"},\"thumbnailUrl\":\"https:\/\/brasilnoticias.org\/site\/wp-content\/uploads\/2024\/03\/DPT-Feira-960x500-1.jpg\",\"datePublished\":\"2024-03-26T17:16:35+00:00\",\"breadcrumb\":{\"@id\":\"https:\/\/brasilnoticias.org\/site\/triplo-homicidio-duas-mulheres-e-uma-adolescentes-sao-mortas-dentro-de-casa-em-feira-de-santana\/#breadcrumb\"},\"inLanguage\":\"pt-PT\",\"potentialAction\":[{\"@type\":\"ReadAction\",\"target\":[\"https:\/\/brasilnoticias.org\/site\/triplo-homicidio-duas-mulheres-e-uma-adolescentes-sao-mortas-dentro-de-casa-em-feira-de-santana\/\"]}]},{\"@type\":\"ImageObject\",\"inLanguage\":\"pt-PT\",\"@id\":\"https:\/\/brasilnoticias.org\/site\/triplo-homicidio-duas-mulheres-e-uma-adolescentes-sao-mortas-dentro-de-casa-em-feira-de-santana\/#primaryimage\",\"url\":\"https:\/\/brasilnoticias.org\/site\/wp-content\/uploads\/2024\/03\/DPT-Feira-960x500-1.jpg\",\"contentUrl\":\"https:\/\/brasilnoticias.org\/site\/wp-content\/uploads\/2024\/03\/DPT-Feira-960x500-1.jpg\",\"width\":960,\"height\":500},{\"@type\":\"BreadcrumbList\",\"@id\":\"https:\/\/brasilnoticias.org\/site\/triplo-homicidio-duas-mulheres-e-uma-adolescentes-sao-mortas-dentro-de-casa-em-feira-de-santana\/#breadcrumb\",\"itemListElement\":[{\"@type\":\"ListItem\",\"position\":1,\"name\":\"In\u00edcio\",\"item\":\"https:\/\/brasilnoticias.org\/site\/\"},{\"@type\":\"ListItem\",\"position\":2,\"name\":\"Triplo Homic\u00eddio: duas mulheres e uma adolescentes s\u00e3o mortas dentro de casa em Feira de Santana\"}]},{\"@type\":\"WebSite\",\"@id\":\"https:\/\/brasilnoticias.org\/site\/#website\",\"url\":\"https:\/\/brasilnoticias.org\/site\/\",\"name\":\"Brasil not\u00edcias\",\"description\":\"Brasil not\u00edcias\",\"publisher\":{\"@id\":\"https:\/\/brasilnoticias.org\/site\/#organization\"},\"potentialAction\":[{\"@type\":\"SearchAction\",\"target\":{\"@type\":\"EntryPoint\",\"urlTemplate\":\"https:\/\/brasilnoticias.org\/site\/?s={search_term_string}\"},\"query-input\":{\"@type\":\"PropertyValueSpecification\",\"valueRequired\":true,\"valueName\":\"search_term_string\"}}],\"inLanguage\":\"pt-PT\"},{\"@type\":\"Organization\",\"@id\":\"https:\/\/brasilnoticias.org\/site\/#organization\",\"name\":\"Brasil not\u00edcias\",\"url\":\"https:\/\/brasilnoticias.org\/site\/\",\"logo\":{\"@type\":\"ImageObject\",\"inLanguage\":\"pt-PT\",\"@id\":\"https:\/\/brasilnoticias.org\/site\/#\/schema\/logo\/image\/\",\"url\":\"https:\/\/brasilnoticias.org\/site\/wp-content\/uploads\/2022\/05\/cropped-brasilnoticias-mini.jpg\",\"contentUrl\":\"https:\/\/brasilnoticias.org\/site\/wp-content\/uploads\/2022\/05\/cropped-brasilnoticias-mini.jpg\",\"width\":314,\"height\":86,\"caption\":\"Brasil not\u00edcias\"},\"image\":{\"@id\":\"https:\/\/brasilnoticias.org\/site\/#\/schema\/logo\/image\/\"}},{\"@type\":\"Person\",\"@id\":\"https:\/\/brasilnoticias.org\/site\/#\/schema\/person\/03bbbfe6c7634ad18c26444ea39049fa\",\"name\":\"Reda\u00e7\u00e3o\",\"image\":{\"@type\":\"ImageObject\",\"inLanguage\":\"pt-PT\",\"@id\":\"https:\/\/brasilnoticias.org\/site\/#\/schema\/person\/image\/\",\"url\":\"https:\/\/secure.gravatar.com\/avatar\/9ecaf7327a696cb23ad926fedded5f1f04d7049de9e445375d55b48c001a6e42?s=96&d=mm&r=g\",\"contentUrl\":\"https:\/\/secure.gravatar.com\/avatar\/9ecaf7327a696cb23ad926fedded5f1f04d7049de9e445375d55b48c001a6e42?s=96&d=mm&r=g\",\"caption\":\"Reda\u00e7\u00e3o\"},\"url\":\"https:\/\/brasilnoticias.org\/site\/author\/henrique\/\"}]}<\/script>\n<!-- \/ Yoast SEO plugin. -->","yoast_head_json":{"title":"Triplo Homic\u00eddio: duas mulheres e uma adolescentes s\u00e3o mortas dentro de casa em Feira de Santana - Brasil not\u00edcias","robots":{"index":"index","follow":"follow","max-snippet":"max-snippet:-1","max-image-preview":"max-image-preview:large","max-video-preview":"max-video-preview:-1"},"canonical":"https:\/\/brasilnoticias.org\/site\/triplo-homicidio-duas-mulheres-e-uma-adolescentes-sao-mortas-dentro-de-casa-em-feira-de-santana\/","og_locale":"pt_PT","og_type":"article","og_title":"Triplo Homic\u00eddio: duas mulheres e uma adolescentes s\u00e3o mortas dentro de casa em Feira de Santana - Brasil not\u00edcias","og_description":"Dois celulares foram apreendidos no local e encaminhados \u00e0 per\u00edcia A Pol\u00edcia Civil investiga as mortes de Jaqueline Cruz de","og_url":"https:\/\/brasilnoticias.org\/site\/triplo-homicidio-duas-mulheres-e-uma-adolescentes-sao-mortas-dentro-de-casa-em-feira-de-santana\/","og_site_name":"Brasil not\u00edcias","article_published_time":"2024-03-26T17:16:35+00:00","og_image":[{"width":960,"height":500,"url":"https:\/\/brasilnoticias.org\/site\/wp-content\/uploads\/2024\/03\/DPT-Feira-960x500-1.jpg","type":"image\/jpeg"}],"author":"Reda\u00e7\u00e3o","twitter_card":"summary_large_image","twitter_misc":{"Escrito por":"Reda\u00e7\u00e3o","Tempo estimado de leitura":"1 minuto"},"schema":{"@context":"https:\/\/schema.org","@graph":[{"@type":"Article","@id":"https:\/\/brasilnoticias.org\/site\/triplo-homicidio-duas-mulheres-e-uma-adolescentes-sao-mortas-dentro-de-casa-em-feira-de-santana\/#article","isPartOf":{"@id":"https:\/\/brasilnoticias.org\/site\/triplo-homicidio-duas-mulheres-e-uma-adolescentes-sao-mortas-dentro-de-casa-em-feira-de-santana\/"},"author":{"name":"Reda\u00e7\u00e3o","@id":"https:\/\/brasilnoticias.org\/site\/#\/schema\/person\/03bbbfe6c7634ad18c26444ea39049fa"},"headline":"Triplo Homic\u00eddio: duas mulheres e uma adolescentes s\u00e3o mortas dentro de casa em Feira de Santana","datePublished":"2024-03-26T17:16:35+00:00","mainEntityOfPage":{"@id":"https:\/\/brasilnoticias.org\/site\/triplo-homicidio-duas-mulheres-e-uma-adolescentes-sao-mortas-dentro-de-casa-em-feira-de-santana\/"},"wordCount":148,"commentCount":0,"publisher":{"@id":"https:\/\/brasilnoticias.org\/site\/#organization"},"image":{"@id":"https:\/\/brasilnoticias.org\/site\/triplo-homicidio-duas-mulheres-e-uma-adolescentes-sao-mortas-dentro-de-casa-em-feira-de-santana\/#primaryimage"},"thumbnailUrl":"https:\/\/brasilnoticias.org\/site\/wp-content\/uploads\/2024\/03\/DPT-Feira-960x500-1.jpg","articleSection":["Pol\u00edcia","\u00daltimas"],"inLanguage":"pt-PT","potentialAction":[{"@type":"CommentAction","name":"Comment","target":["https:\/\/brasilnoticias.org\/site\/triplo-homicidio-duas-mulheres-e-uma-adolescentes-sao-mortas-dentro-de-casa-em-feira-de-santana\/#respond"]}]},{"@type":"WebPage","@id":"https:\/\/brasilnoticias.org\/site\/triplo-homicidio-duas-mulheres-e-uma-adolescentes-sao-mortas-dentro-de-casa-em-feira-de-santana\/","url":"https:\/\/brasilnoticias.org\/site\/triplo-homicidio-duas-mulheres-e-uma-adolescentes-sao-mortas-dentro-de-casa-em-feira-de-santana\/","name":"Triplo Homic\u00eddio: duas mulheres e uma adolescentes s\u00e3o mortas dentro de casa em Feira de Santana - Brasil not\u00edcias","isPartOf":{"@id":"https:\/\/brasilnoticias.org\/site\/#website"},"primaryImageOfPage":{"@id":"https:\/\/brasilnoticias.org\/site\/triplo-homicidio-duas-mulheres-e-uma-adolescentes-sao-mortas-dentro-de-casa-em-feira-de-santana\/#primaryimage"},"image":{"@id":"https:\/\/brasilnoticias.org\/site\/triplo-homicidio-duas-mulheres-e-uma-adolescentes-sao-mortas-dentro-de-casa-em-feira-de-santana\/#primaryimage"},"thumbnailUrl":"https:\/\/brasilnoticias.org\/site\/wp-content\/uploads\/2024\/03\/DPT-Feira-960x500-1.jpg","datePublished":"2024-03-26T17:16:35+00:00","breadcrumb":{"@id":"https:\/\/brasilnoticias.org\/site\/triplo-homicidio-duas-mulheres-e-uma-adolescentes-sao-mortas-dentro-de-casa-em-feira-de-santana\/#breadcrumb"},"inLanguage":"pt-PT","potentialAction":[{"@type":"ReadAction","target":["https:\/\/brasilnoticias.org\/site\/triplo-homicidio-duas-mulheres-e-uma-adolescentes-sao-mortas-dentro-de-casa-em-feira-de-santana\/"]}]},{"@type":"ImageObject","inLanguage":"pt-PT","@id":"https:\/\/brasilnoticias.org\/site\/triplo-homicidio-duas-mulheres-e-uma-adolescentes-sao-mortas-dentro-de-casa-em-feira-de-santana\/#primaryimage","url":"https:\/\/brasilnoticias.org\/site\/wp-content\/uploads\/2024\/03\/DPT-Feira-960x500-1.jpg","contentUrl":"https:\/\/brasilnoticias.org\/site\/wp-content\/uploads\/2024\/03\/DPT-Feira-960x500-1.jpg","width":960,"height":500},{"@type":"BreadcrumbList","@id":"https:\/\/brasilnoticias.org\/site\/triplo-homicidio-duas-mulheres-e-uma-adolescentes-sao-mortas-dentro-de-casa-em-feira-de-santana\/#breadcrumb","itemListElement":[{"@type":"ListItem","position":1,"name":"In\u00edcio","item":"https:\/\/brasilnoticias.org\/site\/"},{"@type":"ListItem","position":2,"name":"Triplo Homic\u00eddio: duas mulheres e uma adolescentes s\u00e3o mortas dentro de casa em Feira de Santana"}]},{"@type":"WebSite","@id":"https:\/\/brasilnoticias.org\/site\/#website","url":"https:\/\/brasilnoticias.org\/site\/","name":"Brasil not\u00edcias","description":"Brasil not\u00edcias","publisher":{"@id":"https:\/\/brasilnoticias.org\/site\/#organization"},"potentialAction":[{"@type":"SearchAction","target":{"@type":"EntryPoint","urlTemplate":"https:\/\/brasilnoticias.org\/site\/?s={search_term_string}"},"query-input":{"@type":"PropertyValueSpecification","valueRequired":true,"valueName":"search_term_string"}}],"inLanguage":"pt-PT"},{"@type":"Organization","@id":"https:\/\/brasilnoticias.org\/site\/#organization","name":"Brasil not\u00edcias","url":"https:\/\/brasilnoticias.org\/site\/","logo":{"@type":"ImageObject","inLanguage":"pt-PT","@id":"https:\/\/brasilnoticias.org\/site\/#\/schema\/logo\/image\/","url":"https:\/\/brasilnoticias.org\/site\/wp-content\/uploads\/2022\/05\/cropped-brasilnoticias-mini.jpg","contentUrl":"https:\/\/brasilnoticias.org\/site\/wp-content\/uploads\/2022\/05\/cropped-brasilnoticias-mini.jpg","width":314,"height":86,"caption":"Brasil not\u00edcias"},"image":{"@id":"https:\/\/brasilnoticias.org\/site\/#\/schema\/logo\/image\/"}},{"@type":"Person","@id":"https:\/\/brasilnoticias.org\/site\/#\/schema\/person\/03bbbfe6c7634ad18c26444ea39049fa","name":"Reda\u00e7\u00e3o","image":{"@type":"ImageObject","inLanguage":"pt-PT","@id":"https:\/\/brasilnoticias.org\/site\/#\/schema\/person\/image\/","url":"https:\/\/secure.gravatar.com\/avatar\/9ecaf7327a696cb23ad926fedded5f1f04d7049de9e445375d55b48c001a6e42?s=96&d=mm&r=g","contentUrl":"https:\/\/secure.gravatar.com\/avatar\/9ecaf7327a696cb23ad926fedded5f1f04d7049de9e445375d55b48c001a6e42?s=96&d=mm&r=g","caption":"Reda\u00e7\u00e3o"},"url":"https:\/\/brasilnoticias.org\/site\/author\/henrique\/"}]}},"_links":{"self":[{"href":"https:\/\/brasilnoticias.org\/site\/wp-json\/wp\/v2\/posts\/13241","targetHints":{"allow":["GET"]}}],"collection":[{"href":"https:\/\/brasilnoticias.org\/site\/wp-json\/wp\/v2\/posts"}],"about":[{"href":"https:\/\/brasilnoticias.org\/site\/wp-json\/wp\/v2\/types\/post"}],"author":[{"embeddable":true,"href":"https:\/\/brasilnoticias.org\/site\/wp-json\/wp\/v2\/users\/4"}],"replies":[{"embeddable":true,"href":"https:\/\/brasilnoticias.org\/site\/wp-json\/wp\/v2\/comments?post=13241"}],"version-history":[{"count":1,"href":"https:\/\/brasilnoticias.org\/site\/wp-json\/wp\/v2\/posts\/13241\/revisions"}],"predecessor-version":[{"id":13243,"href":"https:\/\/brasilnoticias.org\/site\/wp-json\/wp\/v2\/posts\/13241\/revisions\/13243"}],"wp:featuredmedia":[{"embeddable":true,"href":"https:\/\/brasilnoticias.org\/site\/wp-json\/wp\/v2\/media\/13242"}],"wp:attachment":[{"href":"https:\/\/brasilnoticias.org\/site\/wp-json\/wp\/v2\/media?parent=13241"}],"wp:term":[{"taxonomy":"category","embeddable":true,"href":"https:\/\/brasilnoticias.org\/site\/wp-json\/wp\/v2\/categories?post=13241"},{"taxonomy":"post_tag","embeddable":true,"href":"https:\/\/brasilnoticias.org\/site\/wp-json\/wp\/v2\/tags?post=13241"}],"curies":[{"name":"wp","href":"https:\/\/api.w.org\/{rel}","templated":true}]}}