{"id":13244,"date":"2024-03-26T14:22:16","date_gmt":"2024-03-26T17:22:16","guid":{"rendered":"https:\/\/brasilnoticias.org\/site\/?p=13244"},"modified":"2024-03-26T14:22:16","modified_gmt":"2024-03-26T17:22:16","slug":"mais-de-2-mil-macos-de-cigarro-ilegais-sao-apreendidos-em-vitoria-da-conquista","status":"publish","type":"post","link":"https:\/\/brasilnoticias.org\/site\/mais-de-2-mil-macos-de-cigarro-ilegais-sao-apreendidos-em-vitoria-da-conquista\/","title":{"rendered":"Mais de 2 mil ma\u00e7os de cigarro ilegais s\u00e3o apreendidos em Vit\u00f3ria da Conquista"},"content":{"rendered":"<p>Os produtos foram apreendidos nos bagageiros de dois \u00f4nibus de viagem e apresentavam irregularidades na documenta\u00e7\u00e3o<\/p>\n<p>A\u00e7\u00f5es da Policia Rodovi\u00e1ria Federal (PRF) resultaram na apreens\u00e3o de 2250 ma\u00e7os de cigarros transportados com irregularidades nos documentos fiscais. Todo o material foi encontrado em dois \u00f4nibus de viagem e, por apresentar caracter\u00edsticas estrangeiras, se enquadra no crime de contrabando.<\/p>\n<p>A a\u00e7\u00e3o aconteceu na regi\u00e3o de Vit\u00f3ria da Conquista, cidade que fica a 520 km de Salvador, no \u00faltimo domingo (24\/3) e os ma\u00e7os de cigarro foram encontrados em caixas transportadas como encomendas no bagageiro dos ve\u00edculos. Ao ser requisitado aos motoristas as documenta\u00e7\u00f5es fiscais dos produtos, irregularidades foram constatadas pela equipe.<\/p>\n<p>Desta forma, as cargas foram apreendidas e encaminhadas \u00e0 Secretaria da Fazenda da Bahia, em Vit\u00f3ria da Conquista. O crime de contrabando ou descaminho significa \u201cimportar ou exportar mercadoria proibida, ou iludir, no todo ou em parte, o pagamento de direito ou imposto devido pela entrada, pela sa\u00edda ou pelo consumo de mercadoria\u201d, de acordo com o Conselho Nacional do Minist\u00e9rio P\u00fablico.  A pena para esse tipo de crime pode chegar  a quatro anos de reclus\u00e3o.<\/p>\n<p>Foto: Divulga\u00e7\u00e3o\/PRF<br \/>\nAratu On<\/p>\n","protected":false},"excerpt":{"rendered":"<p>Os produtos foram apreendidos nos bagageiros de dois \u00f4nibus de viagem e apresentavam irregularidades na documenta\u00e7\u00e3o A\u00e7\u00f5es da Policia Rodovi\u00e1ria<\/p>\n","protected":false},"author":4,"featured_media":13245,"comment_status":"open","ping_status":"open","sticky":false,"template":"","format":"standard","meta":{"colormag_page_container_layout":"default_layout","colormag_page_sidebar_layout":"default_layout","_FSMCFIC_featured_image_caption":"","_FSMCFIC_featured_image_nocaption":"","_FSMCFIC_featured_image_hide":"","footnotes":""},"categories":[3,1],"tags":[],"class_list":["post-13244","post","type-post","status-publish","format-standard","has-post-thumbnail","hentry","category-policia","category-ultimas"],"yoast_head":"<!-- This site is optimized with the Yoast SEO plugin v27.1.1 - https:\/\/yoast.com\/product\/yoast-seo-wordpress\/ -->\n<title>Mais de 2 mil ma\u00e7os de cigarro ilegais s\u00e3o apreendidos em Vit\u00f3ria da Conquista - Brasil not\u00edcias<\/title>\n<meta name=\"robots\" content=\"index, follow, max-snippet:-1, max-image-preview:large, max-video-preview:-1\" \/>\n<link rel=\"canonical\" href=\"https:\/\/brasilnoticias.org\/site\/mais-de-2-mil-macos-de-cigarro-ilegais-sao-apreendidos-em-vitoria-da-conquista\/\" \/>\n<meta property=\"og:locale\" content=\"pt_PT\" \/>\n<meta property=\"og:type\" content=\"article\" \/>\n<meta property=\"og:title\" content=\"Mais de 2 mil ma\u00e7os de cigarro ilegais s\u00e3o apreendidos em Vit\u00f3ria da Conquista - Brasil not\u00edcias\" \/>\n<meta property=\"og:description\" content=\"Os produtos foram apreendidos nos bagageiros de dois \u00f4nibus de viagem e apresentavam irregularidades na documenta\u00e7\u00e3o A\u00e7\u00f5es da Policia Rodovi\u00e1ria\" \/>\n<meta property=\"og:url\" content=\"https:\/\/brasilnoticias.org\/site\/mais-de-2-mil-macos-de-cigarro-ilegais-sao-apreendidos-em-vitoria-da-conquista\/\" \/>\n<meta property=\"og:site_name\" content=\"Brasil not\u00edcias\" \/>\n<meta property=\"article:published_time\" content=\"2024-03-26T17:22:16+00:00\" \/>\n<meta property=\"og:image\" content=\"https:\/\/brasilnoticias.org\/site\/wp-content\/uploads\/2024\/03\/page-36.jpg\" \/>\n\t<meta property=\"og:image:width\" content=\"960\" \/>\n\t<meta property=\"og:image:height\" content=\"500\" \/>\n\t<meta property=\"og:image:type\" content=\"image\/jpeg\" \/>\n<meta name=\"author\" content=\"Reda\u00e7\u00e3o\" \/>\n<meta name=\"twitter:card\" content=\"summary_large_image\" \/>\n<meta name=\"twitter:label1\" content=\"Escrito por\" \/>\n\t<meta name=\"twitter:data1\" content=\"Reda\u00e7\u00e3o\" \/>\n\t<meta name=\"twitter:label2\" content=\"Tempo estimado de leitura\" \/>\n\t<meta name=\"twitter:data2\" content=\"1 minuto\" \/>\n<script type=\"application\/ld+json\" class=\"yoast-schema-graph\">{\"@context\":\"https:\/\/schema.org\",\"@graph\":[{\"@type\":\"Article\",\"@id\":\"https:\/\/brasilnoticias.org\/site\/mais-de-2-mil-macos-de-cigarro-ilegais-sao-apreendidos-em-vitoria-da-conquista\/#article\",\"isPartOf\":{\"@id\":\"https:\/\/brasilnoticias.org\/site\/mais-de-2-mil-macos-de-cigarro-ilegais-sao-apreendidos-em-vitoria-da-conquista\/\"},\"author\":{\"name\":\"Reda\u00e7\u00e3o\",\"@id\":\"https:\/\/brasilnoticias.org\/site\/#\/schema\/person\/03bbbfe6c7634ad18c26444ea39049fa\"},\"headline\":\"Mais de 2 mil ma\u00e7os de cigarro ilegais s\u00e3o apreendidos em Vit\u00f3ria da Conquista\",\"datePublished\":\"2024-03-26T17:22:16+00:00\",\"mainEntityOfPage\":{\"@id\":\"https:\/\/brasilnoticias.org\/site\/mais-de-2-mil-macos-de-cigarro-ilegais-sao-apreendidos-em-vitoria-da-conquista\/\"},\"wordCount\":220,\"commentCount\":0,\"publisher\":{\"@id\":\"https:\/\/brasilnoticias.org\/site\/#organization\"},\"image\":{\"@id\":\"https:\/\/brasilnoticias.org\/site\/mais-de-2-mil-macos-de-cigarro-ilegais-sao-apreendidos-em-vitoria-da-conquista\/#primaryimage\"},\"thumbnailUrl\":\"https:\/\/brasilnoticias.org\/site\/wp-content\/uploads\/2024\/03\/page-36.jpg\",\"articleSection\":[\"Pol\u00edcia\",\"\u00daltimas\"],\"inLanguage\":\"pt-PT\",\"potentialAction\":[{\"@type\":\"CommentAction\",\"name\":\"Comment\",\"target\":[\"https:\/\/brasilnoticias.org\/site\/mais-de-2-mil-macos-de-cigarro-ilegais-sao-apreendidos-em-vitoria-da-conquista\/#respond\"]}]},{\"@type\":\"WebPage\",\"@id\":\"https:\/\/brasilnoticias.org\/site\/mais-de-2-mil-macos-de-cigarro-ilegais-sao-apreendidos-em-vitoria-da-conquista\/\",\"url\":\"https:\/\/brasilnoticias.org\/site\/mais-de-2-mil-macos-de-cigarro-ilegais-sao-apreendidos-em-vitoria-da-conquista\/\",\"name\":\"Mais de 2 mil ma\u00e7os de cigarro ilegais s\u00e3o apreendidos em Vit\u00f3ria da Conquista - Brasil not\u00edcias\",\"isPartOf\":{\"@id\":\"https:\/\/brasilnoticias.org\/site\/#website\"},\"primaryImageOfPage\":{\"@id\":\"https:\/\/brasilnoticias.org\/site\/mais-de-2-mil-macos-de-cigarro-ilegais-sao-apreendidos-em-vitoria-da-conquista\/#primaryimage\"},\"image\":{\"@id\":\"https:\/\/brasilnoticias.org\/site\/mais-de-2-mil-macos-de-cigarro-ilegais-sao-apreendidos-em-vitoria-da-conquista\/#primaryimage\"},\"thumbnailUrl\":\"https:\/\/brasilnoticias.org\/site\/wp-content\/uploads\/2024\/03\/page-36.jpg\",\"datePublished\":\"2024-03-26T17:22:16+00:00\",\"breadcrumb\":{\"@id\":\"https:\/\/brasilnoticias.org\/site\/mais-de-2-mil-macos-de-cigarro-ilegais-sao-apreendidos-em-vitoria-da-conquista\/#breadcrumb\"},\"inLanguage\":\"pt-PT\",\"potentialAction\":[{\"@type\":\"ReadAction\",\"target\":[\"https:\/\/brasilnoticias.org\/site\/mais-de-2-mil-macos-de-cigarro-ilegais-sao-apreendidos-em-vitoria-da-conquista\/\"]}]},{\"@type\":\"ImageObject\",\"inLanguage\":\"pt-PT\",\"@id\":\"https:\/\/brasilnoticias.org\/site\/mais-de-2-mil-macos-de-cigarro-ilegais-sao-apreendidos-em-vitoria-da-conquista\/#primaryimage\",\"url\":\"https:\/\/brasilnoticias.org\/site\/wp-content\/uploads\/2024\/03\/page-36.jpg\",\"contentUrl\":\"https:\/\/brasilnoticias.org\/site\/wp-content\/uploads\/2024\/03\/page-36.jpg\",\"width\":960,\"height\":500},{\"@type\":\"BreadcrumbList\",\"@id\":\"https:\/\/brasilnoticias.org\/site\/mais-de-2-mil-macos-de-cigarro-ilegais-sao-apreendidos-em-vitoria-da-conquista\/#breadcrumb\",\"itemListElement\":[{\"@type\":\"ListItem\",\"position\":1,\"name\":\"In\u00edcio\",\"item\":\"https:\/\/brasilnoticias.org\/site\/\"},{\"@type\":\"ListItem\",\"position\":2,\"name\":\"Mais de 2 mil ma\u00e7os de cigarro ilegais s\u00e3o apreendidos em Vit\u00f3ria da Conquista\"}]},{\"@type\":\"WebSite\",\"@id\":\"https:\/\/brasilnoticias.org\/site\/#website\",\"url\":\"https:\/\/brasilnoticias.org\/site\/\",\"name\":\"Brasil not\u00edcias\",\"description\":\"Brasil not\u00edcias\",\"publisher\":{\"@id\":\"https:\/\/brasilnoticias.org\/site\/#organization\"},\"potentialAction\":[{\"@type\":\"SearchAction\",\"target\":{\"@type\":\"EntryPoint\",\"urlTemplate\":\"https:\/\/brasilnoticias.org\/site\/?s={search_term_string}\"},\"query-input\":{\"@type\":\"PropertyValueSpecification\",\"valueRequired\":true,\"valueName\":\"search_term_string\"}}],\"inLanguage\":\"pt-PT\"},{\"@type\":\"Organization\",\"@id\":\"https:\/\/brasilnoticias.org\/site\/#organization\",\"name\":\"Brasil not\u00edcias\",\"url\":\"https:\/\/brasilnoticias.org\/site\/\",\"logo\":{\"@type\":\"ImageObject\",\"inLanguage\":\"pt-PT\",\"@id\":\"https:\/\/brasilnoticias.org\/site\/#\/schema\/logo\/image\/\",\"url\":\"https:\/\/brasilnoticias.org\/site\/wp-content\/uploads\/2022\/05\/cropped-brasilnoticias-mini.jpg\",\"contentUrl\":\"https:\/\/brasilnoticias.org\/site\/wp-content\/uploads\/2022\/05\/cropped-brasilnoticias-mini.jpg\",\"width\":314,\"height\":86,\"caption\":\"Brasil not\u00edcias\"},\"image\":{\"@id\":\"https:\/\/brasilnoticias.org\/site\/#\/schema\/logo\/image\/\"}},{\"@type\":\"Person\",\"@id\":\"https:\/\/brasilnoticias.org\/site\/#\/schema\/person\/03bbbfe6c7634ad18c26444ea39049fa\",\"name\":\"Reda\u00e7\u00e3o\",\"image\":{\"@type\":\"ImageObject\",\"inLanguage\":\"pt-PT\",\"@id\":\"https:\/\/brasilnoticias.org\/site\/#\/schema\/person\/image\/\",\"url\":\"https:\/\/secure.gravatar.com\/avatar\/9ecaf7327a696cb23ad926fedded5f1f04d7049de9e445375d55b48c001a6e42?s=96&d=mm&r=g\",\"contentUrl\":\"https:\/\/secure.gravatar.com\/avatar\/9ecaf7327a696cb23ad926fedded5f1f04d7049de9e445375d55b48c001a6e42?s=96&d=mm&r=g\",\"caption\":\"Reda\u00e7\u00e3o\"},\"url\":\"https:\/\/brasilnoticias.org\/site\/author\/henrique\/\"}]}<\/script>\n<!-- \/ Yoast SEO plugin. -->","yoast_head_json":{"title":"Mais de 2 mil ma\u00e7os de cigarro ilegais s\u00e3o apreendidos em Vit\u00f3ria da Conquista - Brasil not\u00edcias","robots":{"index":"index","follow":"follow","max-snippet":"max-snippet:-1","max-image-preview":"max-image-preview:large","max-video-preview":"max-video-preview:-1"},"canonical":"https:\/\/brasilnoticias.org\/site\/mais-de-2-mil-macos-de-cigarro-ilegais-sao-apreendidos-em-vitoria-da-conquista\/","og_locale":"pt_PT","og_type":"article","og_title":"Mais de 2 mil ma\u00e7os de cigarro ilegais s\u00e3o apreendidos em Vit\u00f3ria da Conquista - Brasil not\u00edcias","og_description":"Os produtos foram apreendidos nos bagageiros de dois \u00f4nibus de viagem e apresentavam irregularidades na documenta\u00e7\u00e3o A\u00e7\u00f5es da Policia Rodovi\u00e1ria","og_url":"https:\/\/brasilnoticias.org\/site\/mais-de-2-mil-macos-de-cigarro-ilegais-sao-apreendidos-em-vitoria-da-conquista\/","og_site_name":"Brasil not\u00edcias","article_published_time":"2024-03-26T17:22:16+00:00","og_image":[{"width":960,"height":500,"url":"https:\/\/brasilnoticias.org\/site\/wp-content\/uploads\/2024\/03\/page-36.jpg","type":"image\/jpeg"}],"author":"Reda\u00e7\u00e3o","twitter_card":"summary_large_image","twitter_misc":{"Escrito por":"Reda\u00e7\u00e3o","Tempo estimado de leitura":"1 minuto"},"schema":{"@context":"https:\/\/schema.org","@graph":[{"@type":"Article","@id":"https:\/\/brasilnoticias.org\/site\/mais-de-2-mil-macos-de-cigarro-ilegais-sao-apreendidos-em-vitoria-da-conquista\/#article","isPartOf":{"@id":"https:\/\/brasilnoticias.org\/site\/mais-de-2-mil-macos-de-cigarro-ilegais-sao-apreendidos-em-vitoria-da-conquista\/"},"author":{"name":"Reda\u00e7\u00e3o","@id":"https:\/\/brasilnoticias.org\/site\/#\/schema\/person\/03bbbfe6c7634ad18c26444ea39049fa"},"headline":"Mais de 2 mil ma\u00e7os de cigarro ilegais s\u00e3o apreendidos em Vit\u00f3ria da Conquista","datePublished":"2024-03-26T17:22:16+00:00","mainEntityOfPage":{"@id":"https:\/\/brasilnoticias.org\/site\/mais-de-2-mil-macos-de-cigarro-ilegais-sao-apreendidos-em-vitoria-da-conquista\/"},"wordCount":220,"commentCount":0,"publisher":{"@id":"https:\/\/brasilnoticias.org\/site\/#organization"},"image":{"@id":"https:\/\/brasilnoticias.org\/site\/mais-de-2-mil-macos-de-cigarro-ilegais-sao-apreendidos-em-vitoria-da-conquista\/#primaryimage"},"thumbnailUrl":"https:\/\/brasilnoticias.org\/site\/wp-content\/uploads\/2024\/03\/page-36.jpg","articleSection":["Pol\u00edcia","\u00daltimas"],"inLanguage":"pt-PT","potentialAction":[{"@type":"CommentAction","name":"Comment","target":["https:\/\/brasilnoticias.org\/site\/mais-de-2-mil-macos-de-cigarro-ilegais-sao-apreendidos-em-vitoria-da-conquista\/#respond"]}]},{"@type":"WebPage","@id":"https:\/\/brasilnoticias.org\/site\/mais-de-2-mil-macos-de-cigarro-ilegais-sao-apreendidos-em-vitoria-da-conquista\/","url":"https:\/\/brasilnoticias.org\/site\/mais-de-2-mil-macos-de-cigarro-ilegais-sao-apreendidos-em-vitoria-da-conquista\/","name":"Mais de 2 mil ma\u00e7os de cigarro ilegais s\u00e3o apreendidos em Vit\u00f3ria da Conquista - Brasil not\u00edcias","isPartOf":{"@id":"https:\/\/brasilnoticias.org\/site\/#website"},"primaryImageOfPage":{"@id":"https:\/\/brasilnoticias.org\/site\/mais-de-2-mil-macos-de-cigarro-ilegais-sao-apreendidos-em-vitoria-da-conquista\/#primaryimage"},"image":{"@id":"https:\/\/brasilnoticias.org\/site\/mais-de-2-mil-macos-de-cigarro-ilegais-sao-apreendidos-em-vitoria-da-conquista\/#primaryimage"},"thumbnailUrl":"https:\/\/brasilnoticias.org\/site\/wp-content\/uploads\/2024\/03\/page-36.jpg","datePublished":"2024-03-26T17:22:16+00:00","breadcrumb":{"@id":"https:\/\/brasilnoticias.org\/site\/mais-de-2-mil-macos-de-cigarro-ilegais-sao-apreendidos-em-vitoria-da-conquista\/#breadcrumb"},"inLanguage":"pt-PT","potentialAction":[{"@type":"ReadAction","target":["https:\/\/brasilnoticias.org\/site\/mais-de-2-mil-macos-de-cigarro-ilegais-sao-apreendidos-em-vitoria-da-conquista\/"]}]},{"@type":"ImageObject","inLanguage":"pt-PT","@id":"https:\/\/brasilnoticias.org\/site\/mais-de-2-mil-macos-de-cigarro-ilegais-sao-apreendidos-em-vitoria-da-conquista\/#primaryimage","url":"https:\/\/brasilnoticias.org\/site\/wp-content\/uploads\/2024\/03\/page-36.jpg","contentUrl":"https:\/\/brasilnoticias.org\/site\/wp-content\/uploads\/2024\/03\/page-36.jpg","width":960,"height":500},{"@type":"BreadcrumbList","@id":"https:\/\/brasilnoticias.org\/site\/mais-de-2-mil-macos-de-cigarro-ilegais-sao-apreendidos-em-vitoria-da-conquista\/#breadcrumb","itemListElement":[{"@type":"ListItem","position":1,"name":"In\u00edcio","item":"https:\/\/brasilnoticias.org\/site\/"},{"@type":"ListItem","position":2,"name":"Mais de 2 mil ma\u00e7os de cigarro ilegais s\u00e3o apreendidos em Vit\u00f3ria da Conquista"}]},{"@type":"WebSite","@id":"https:\/\/brasilnoticias.org\/site\/#website","url":"https:\/\/brasilnoticias.org\/site\/","name":"Brasil not\u00edcias","description":"Brasil not\u00edcias","publisher":{"@id":"https:\/\/brasilnoticias.org\/site\/#organization"},"potentialAction":[{"@type":"SearchAction","target":{"@type":"EntryPoint","urlTemplate":"https:\/\/brasilnoticias.org\/site\/?s={search_term_string}"},"query-input":{"@type":"PropertyValueSpecification","valueRequired":true,"valueName":"search_term_string"}}],"inLanguage":"pt-PT"},{"@type":"Organization","@id":"https:\/\/brasilnoticias.org\/site\/#organization","name":"Brasil not\u00edcias","url":"https:\/\/brasilnoticias.org\/site\/","logo":{"@type":"ImageObject","inLanguage":"pt-PT","@id":"https:\/\/brasilnoticias.org\/site\/#\/schema\/logo\/image\/","url":"https:\/\/brasilnoticias.org\/site\/wp-content\/uploads\/2022\/05\/cropped-brasilnoticias-mini.jpg","contentUrl":"https:\/\/brasilnoticias.org\/site\/wp-content\/uploads\/2022\/05\/cropped-brasilnoticias-mini.jpg","width":314,"height":86,"caption":"Brasil not\u00edcias"},"image":{"@id":"https:\/\/brasilnoticias.org\/site\/#\/schema\/logo\/image\/"}},{"@type":"Person","@id":"https:\/\/brasilnoticias.org\/site\/#\/schema\/person\/03bbbfe6c7634ad18c26444ea39049fa","name":"Reda\u00e7\u00e3o","image":{"@type":"ImageObject","inLanguage":"pt-PT","@id":"https:\/\/brasilnoticias.org\/site\/#\/schema\/person\/image\/","url":"https:\/\/secure.gravatar.com\/avatar\/9ecaf7327a696cb23ad926fedded5f1f04d7049de9e445375d55b48c001a6e42?s=96&d=mm&r=g","contentUrl":"https:\/\/secure.gravatar.com\/avatar\/9ecaf7327a696cb23ad926fedded5f1f04d7049de9e445375d55b48c001a6e42?s=96&d=mm&r=g","caption":"Reda\u00e7\u00e3o"},"url":"https:\/\/brasilnoticias.org\/site\/author\/henrique\/"}]}},"_links":{"self":[{"href":"https:\/\/brasilnoticias.org\/site\/wp-json\/wp\/v2\/posts\/13244","targetHints":{"allow":["GET"]}}],"collection":[{"href":"https:\/\/brasilnoticias.org\/site\/wp-json\/wp\/v2\/posts"}],"about":[{"href":"https:\/\/brasilnoticias.org\/site\/wp-json\/wp\/v2\/types\/post"}],"author":[{"embeddable":true,"href":"https:\/\/brasilnoticias.org\/site\/wp-json\/wp\/v2\/users\/4"}],"replies":[{"embeddable":true,"href":"https:\/\/brasilnoticias.org\/site\/wp-json\/wp\/v2\/comments?post=13244"}],"version-history":[{"count":1,"href":"https:\/\/brasilnoticias.org\/site\/wp-json\/wp\/v2\/posts\/13244\/revisions"}],"predecessor-version":[{"id":13246,"href":"https:\/\/brasilnoticias.org\/site\/wp-json\/wp\/v2\/posts\/13244\/revisions\/13246"}],"wp:featuredmedia":[{"embeddable":true,"href":"https:\/\/brasilnoticias.org\/site\/wp-json\/wp\/v2\/media\/13245"}],"wp:attachment":[{"href":"https:\/\/brasilnoticias.org\/site\/wp-json\/wp\/v2\/media?parent=13244"}],"wp:term":[{"taxonomy":"category","embeddable":true,"href":"https:\/\/brasilnoticias.org\/site\/wp-json\/wp\/v2\/categories?post=13244"},{"taxonomy":"post_tag","embeddable":true,"href":"https:\/\/brasilnoticias.org\/site\/wp-json\/wp\/v2\/tags?post=13244"}],"curies":[{"name":"wp","href":"https:\/\/api.w.org\/{rel}","templated":true}]}}