{"id":13260,"date":"2024-03-26T14:31:31","date_gmt":"2024-03-26T17:31:31","guid":{"rendered":"https:\/\/brasilnoticias.org\/site\/?p=13260"},"modified":"2024-03-26T14:31:31","modified_gmt":"2024-03-26T17:31:31","slug":"alexandre-de-moraes-da-prazo-de-24h-para-bolsonaro-esclarecer-estadia-em-embaixada-da-hungria","status":"publish","type":"post","link":"https:\/\/brasilnoticias.org\/site\/alexandre-de-moraes-da-prazo-de-24h-para-bolsonaro-esclarecer-estadia-em-embaixada-da-hungria\/","title":{"rendered":"Alexandre de Moraes d\u00e1 prazo de 24h para Bolsonaro esclarecer estadia em embaixada da Hungria"},"content":{"rendered":"<p>Em nota, a defesa de Bolsonaro j\u00e1 confirmou a estadia do ex-presidente na embaixada, alegando visita para manter contato com autoridades de pa\u00edses amigos<\/p>\n<p>O ministro do Supremo Tribunal Federal (STF) Alexandre de Moraes estabeleceu o prazo de 48 horas para que o ex-presidente Jair Bolsonaro esclare\u00e7a os motivos de sua hospedagem por dois dias na embaixada da Hungria, em Bras\u00edlia. A estadia foi revelada nesta segunda-feira (25) pelo jornal norte-americano The New York Times, que mostrou imagens do ex-mandat\u00e1rio circulando pelo local de 12 a 14 de fevereiro, acompanhado por seguran\u00e7as.<\/p>\n<p>Ao jornal Folha de S. Paulo, o advogado de Bolsonaro, Fabio Wajngarten, confirmou que a defesa foi intimada para esclarecer a hospedagem. Em nota, ele j\u00e1 havia confirmado a estadia do ex-presidente na embaixada, alegando que teria sido para manter contato com autoridades de pa\u00edses amigos. <\/p>\n<p>&#8220;Quaisquer outras interpreta\u00e7\u00f5es que extrapolem as informa\u00e7\u00f5es aqui repassadas se constituem em evidente obra ficcional, sem rela\u00e7\u00e3o com a realidade dos fatos e s\u00e3o, na pr\u00e1tica, mais um rol de fake news&#8221;, dizia a nota assinada pelos advogados de Bolsonaro.<\/p>\n<p>A Pol\u00edcia Federal (PF) vai investigar a estadia de Bolsonaro na embaixada, mas considera cedo apontar que a hospedagem fazia parte de um plano de fuga. Como embaixadas s\u00e3o locais protegidos por conven\u00e7\u00f5es diplom\u00e1ticas, caso o ex-presidente permanecesse no local, ele estaria fora do alcance das leis e das for\u00e7as de seguran\u00e7a brasileiras.<\/p>\n<p>Foto: Marcelo Camargo\/Ag\u00eancia Brasil<br \/>\nPor: Metro1<\/p>\n","protected":false},"excerpt":{"rendered":"<p>Em nota, a defesa de Bolsonaro j\u00e1 confirmou a estadia do ex-presidente na embaixada, alegando visita para manter contato com<\/p>\n","protected":false},"author":4,"featured_media":13261,"comment_status":"open","ping_status":"open","sticky":false,"template":"","format":"standard","meta":{"colormag_page_container_layout":"default_layout","colormag_page_sidebar_layout":"default_layout","_FSMCFIC_featured_image_caption":"","_FSMCFIC_featured_image_nocaption":"","_FSMCFIC_featured_image_hide":"","footnotes":""},"categories":[5,1],"tags":[],"class_list":["post-13260","post","type-post","status-publish","format-standard","has-post-thumbnail","hentry","category-politica","category-ultimas"],"yoast_head":"<!-- This site is optimized with the Yoast SEO plugin v27.1.1 - https:\/\/yoast.com\/product\/yoast-seo-wordpress\/ -->\n<title>Alexandre de Moraes d\u00e1 prazo de 24h para Bolsonaro esclarecer estadia em embaixada da Hungria - Brasil not\u00edcias<\/title>\n<meta name=\"robots\" content=\"index, follow, max-snippet:-1, max-image-preview:large, max-video-preview:-1\" \/>\n<link rel=\"canonical\" href=\"https:\/\/brasilnoticias.org\/site\/alexandre-de-moraes-da-prazo-de-24h-para-bolsonaro-esclarecer-estadia-em-embaixada-da-hungria\/\" \/>\n<meta property=\"og:locale\" content=\"pt_PT\" \/>\n<meta property=\"og:type\" content=\"article\" \/>\n<meta property=\"og:title\" content=\"Alexandre de Moraes d\u00e1 prazo de 24h para Bolsonaro esclarecer estadia em embaixada da Hungria - Brasil not\u00edcias\" \/>\n<meta property=\"og:description\" content=\"Em nota, a defesa de Bolsonaro j\u00e1 confirmou a estadia do ex-presidente na embaixada, alegando visita para manter contato com\" \/>\n<meta property=\"og:url\" content=\"https:\/\/brasilnoticias.org\/site\/alexandre-de-moraes-da-prazo-de-24h-para-bolsonaro-esclarecer-estadia-em-embaixada-da-hungria\/\" \/>\n<meta property=\"og:site_name\" content=\"Brasil not\u00edcias\" \/>\n<meta property=\"article:published_time\" content=\"2024-03-26T17:31:31+00:00\" \/>\n<meta property=\"og:image\" content=\"https:\/\/brasilnoticias.org\/site\/wp-content\/uploads\/2024\/03\/147874alexandre-de-moraes-da-prazo-de-24h-para-bolsonaro-esclarecer-estadia-em-embaixada-da-hungria-3.jpg\" \/>\n\t<meta property=\"og:image:width\" content=\"1600\" \/>\n\t<meta property=\"og:image:height\" content=\"752\" \/>\n\t<meta property=\"og:image:type\" content=\"image\/jpeg\" \/>\n<meta name=\"author\" content=\"Reda\u00e7\u00e3o\" \/>\n<meta name=\"twitter:card\" content=\"summary_large_image\" \/>\n<meta name=\"twitter:label1\" content=\"Escrito por\" \/>\n\t<meta name=\"twitter:data1\" content=\"Reda\u00e7\u00e3o\" \/>\n\t<meta name=\"twitter:label2\" content=\"Tempo estimado de leitura\" \/>\n\t<meta name=\"twitter:data2\" content=\"1 minuto\" \/>\n<script type=\"application\/ld+json\" class=\"yoast-schema-graph\">{\"@context\":\"https:\/\/schema.org\",\"@graph\":[{\"@type\":\"Article\",\"@id\":\"https:\/\/brasilnoticias.org\/site\/alexandre-de-moraes-da-prazo-de-24h-para-bolsonaro-esclarecer-estadia-em-embaixada-da-hungria\/#article\",\"isPartOf\":{\"@id\":\"https:\/\/brasilnoticias.org\/site\/alexandre-de-moraes-da-prazo-de-24h-para-bolsonaro-esclarecer-estadia-em-embaixada-da-hungria\/\"},\"author\":{\"name\":\"Reda\u00e7\u00e3o\",\"@id\":\"https:\/\/brasilnoticias.org\/site\/#\/schema\/person\/03bbbfe6c7634ad18c26444ea39049fa\"},\"headline\":\"Alexandre de Moraes d\u00e1 prazo de 24h para Bolsonaro esclarecer estadia em embaixada da Hungria\",\"datePublished\":\"2024-03-26T17:31:31+00:00\",\"mainEntityOfPage\":{\"@id\":\"https:\/\/brasilnoticias.org\/site\/alexandre-de-moraes-da-prazo-de-24h-para-bolsonaro-esclarecer-estadia-em-embaixada-da-hungria\/\"},\"wordCount\":267,\"commentCount\":0,\"publisher\":{\"@id\":\"https:\/\/brasilnoticias.org\/site\/#organization\"},\"image\":{\"@id\":\"https:\/\/brasilnoticias.org\/site\/alexandre-de-moraes-da-prazo-de-24h-para-bolsonaro-esclarecer-estadia-em-embaixada-da-hungria\/#primaryimage\"},\"thumbnailUrl\":\"https:\/\/brasilnoticias.org\/site\/wp-content\/uploads\/2024\/03\/147874alexandre-de-moraes-da-prazo-de-24h-para-bolsonaro-esclarecer-estadia-em-embaixada-da-hungria-3.jpg\",\"articleSection\":[\"Pol\u00edtica\",\"\u00daltimas\"],\"inLanguage\":\"pt-PT\",\"potentialAction\":[{\"@type\":\"CommentAction\",\"name\":\"Comment\",\"target\":[\"https:\/\/brasilnoticias.org\/site\/alexandre-de-moraes-da-prazo-de-24h-para-bolsonaro-esclarecer-estadia-em-embaixada-da-hungria\/#respond\"]}]},{\"@type\":\"WebPage\",\"@id\":\"https:\/\/brasilnoticias.org\/site\/alexandre-de-moraes-da-prazo-de-24h-para-bolsonaro-esclarecer-estadia-em-embaixada-da-hungria\/\",\"url\":\"https:\/\/brasilnoticias.org\/site\/alexandre-de-moraes-da-prazo-de-24h-para-bolsonaro-esclarecer-estadia-em-embaixada-da-hungria\/\",\"name\":\"Alexandre de Moraes d\u00e1 prazo de 24h para Bolsonaro esclarecer estadia em embaixada da Hungria - Brasil not\u00edcias\",\"isPartOf\":{\"@id\":\"https:\/\/brasilnoticias.org\/site\/#website\"},\"primaryImageOfPage\":{\"@id\":\"https:\/\/brasilnoticias.org\/site\/alexandre-de-moraes-da-prazo-de-24h-para-bolsonaro-esclarecer-estadia-em-embaixada-da-hungria\/#primaryimage\"},\"image\":{\"@id\":\"https:\/\/brasilnoticias.org\/site\/alexandre-de-moraes-da-prazo-de-24h-para-bolsonaro-esclarecer-estadia-em-embaixada-da-hungria\/#primaryimage\"},\"thumbnailUrl\":\"https:\/\/brasilnoticias.org\/site\/wp-content\/uploads\/2024\/03\/147874alexandre-de-moraes-da-prazo-de-24h-para-bolsonaro-esclarecer-estadia-em-embaixada-da-hungria-3.jpg\",\"datePublished\":\"2024-03-26T17:31:31+00:00\",\"breadcrumb\":{\"@id\":\"https:\/\/brasilnoticias.org\/site\/alexandre-de-moraes-da-prazo-de-24h-para-bolsonaro-esclarecer-estadia-em-embaixada-da-hungria\/#breadcrumb\"},\"inLanguage\":\"pt-PT\",\"potentialAction\":[{\"@type\":\"ReadAction\",\"target\":[\"https:\/\/brasilnoticias.org\/site\/alexandre-de-moraes-da-prazo-de-24h-para-bolsonaro-esclarecer-estadia-em-embaixada-da-hungria\/\"]}]},{\"@type\":\"ImageObject\",\"inLanguage\":\"pt-PT\",\"@id\":\"https:\/\/brasilnoticias.org\/site\/alexandre-de-moraes-da-prazo-de-24h-para-bolsonaro-esclarecer-estadia-em-embaixada-da-hungria\/#primaryimage\",\"url\":\"https:\/\/brasilnoticias.org\/site\/wp-content\/uploads\/2024\/03\/147874alexandre-de-moraes-da-prazo-de-24h-para-bolsonaro-esclarecer-estadia-em-embaixada-da-hungria-3.jpg\",\"contentUrl\":\"https:\/\/brasilnoticias.org\/site\/wp-content\/uploads\/2024\/03\/147874alexandre-de-moraes-da-prazo-de-24h-para-bolsonaro-esclarecer-estadia-em-embaixada-da-hungria-3.jpg\",\"width\":1600,\"height\":752},{\"@type\":\"BreadcrumbList\",\"@id\":\"https:\/\/brasilnoticias.org\/site\/alexandre-de-moraes-da-prazo-de-24h-para-bolsonaro-esclarecer-estadia-em-embaixada-da-hungria\/#breadcrumb\",\"itemListElement\":[{\"@type\":\"ListItem\",\"position\":1,\"name\":\"In\u00edcio\",\"item\":\"https:\/\/brasilnoticias.org\/site\/\"},{\"@type\":\"ListItem\",\"position\":2,\"name\":\"Alexandre de Moraes d\u00e1 prazo de 24h para Bolsonaro esclarecer estadia em embaixada da Hungria\"}]},{\"@type\":\"WebSite\",\"@id\":\"https:\/\/brasilnoticias.org\/site\/#website\",\"url\":\"https:\/\/brasilnoticias.org\/site\/\",\"name\":\"Brasil not\u00edcias\",\"description\":\"Brasil not\u00edcias\",\"publisher\":{\"@id\":\"https:\/\/brasilnoticias.org\/site\/#organization\"},\"potentialAction\":[{\"@type\":\"SearchAction\",\"target\":{\"@type\":\"EntryPoint\",\"urlTemplate\":\"https:\/\/brasilnoticias.org\/site\/?s={search_term_string}\"},\"query-input\":{\"@type\":\"PropertyValueSpecification\",\"valueRequired\":true,\"valueName\":\"search_term_string\"}}],\"inLanguage\":\"pt-PT\"},{\"@type\":\"Organization\",\"@id\":\"https:\/\/brasilnoticias.org\/site\/#organization\",\"name\":\"Brasil not\u00edcias\",\"url\":\"https:\/\/brasilnoticias.org\/site\/\",\"logo\":{\"@type\":\"ImageObject\",\"inLanguage\":\"pt-PT\",\"@id\":\"https:\/\/brasilnoticias.org\/site\/#\/schema\/logo\/image\/\",\"url\":\"https:\/\/brasilnoticias.org\/site\/wp-content\/uploads\/2022\/05\/cropped-brasilnoticias-mini.jpg\",\"contentUrl\":\"https:\/\/brasilnoticias.org\/site\/wp-content\/uploads\/2022\/05\/cropped-brasilnoticias-mini.jpg\",\"width\":314,\"height\":86,\"caption\":\"Brasil not\u00edcias\"},\"image\":{\"@id\":\"https:\/\/brasilnoticias.org\/site\/#\/schema\/logo\/image\/\"}},{\"@type\":\"Person\",\"@id\":\"https:\/\/brasilnoticias.org\/site\/#\/schema\/person\/03bbbfe6c7634ad18c26444ea39049fa\",\"name\":\"Reda\u00e7\u00e3o\",\"image\":{\"@type\":\"ImageObject\",\"inLanguage\":\"pt-PT\",\"@id\":\"https:\/\/brasilnoticias.org\/site\/#\/schema\/person\/image\/\",\"url\":\"https:\/\/secure.gravatar.com\/avatar\/9ecaf7327a696cb23ad926fedded5f1f04d7049de9e445375d55b48c001a6e42?s=96&d=mm&r=g\",\"contentUrl\":\"https:\/\/secure.gravatar.com\/avatar\/9ecaf7327a696cb23ad926fedded5f1f04d7049de9e445375d55b48c001a6e42?s=96&d=mm&r=g\",\"caption\":\"Reda\u00e7\u00e3o\"},\"url\":\"https:\/\/brasilnoticias.org\/site\/author\/henrique\/\"}]}<\/script>\n<!-- \/ Yoast SEO plugin. -->","yoast_head_json":{"title":"Alexandre de Moraes d\u00e1 prazo de 24h para Bolsonaro esclarecer estadia em embaixada da Hungria - Brasil not\u00edcias","robots":{"index":"index","follow":"follow","max-snippet":"max-snippet:-1","max-image-preview":"max-image-preview:large","max-video-preview":"max-video-preview:-1"},"canonical":"https:\/\/brasilnoticias.org\/site\/alexandre-de-moraes-da-prazo-de-24h-para-bolsonaro-esclarecer-estadia-em-embaixada-da-hungria\/","og_locale":"pt_PT","og_type":"article","og_title":"Alexandre de Moraes d\u00e1 prazo de 24h para Bolsonaro esclarecer estadia em embaixada da Hungria - Brasil not\u00edcias","og_description":"Em nota, a defesa de Bolsonaro j\u00e1 confirmou a estadia do ex-presidente na embaixada, alegando visita para manter contato com","og_url":"https:\/\/brasilnoticias.org\/site\/alexandre-de-moraes-da-prazo-de-24h-para-bolsonaro-esclarecer-estadia-em-embaixada-da-hungria\/","og_site_name":"Brasil not\u00edcias","article_published_time":"2024-03-26T17:31:31+00:00","og_image":[{"width":1600,"height":752,"url":"https:\/\/brasilnoticias.org\/site\/wp-content\/uploads\/2024\/03\/147874alexandre-de-moraes-da-prazo-de-24h-para-bolsonaro-esclarecer-estadia-em-embaixada-da-hungria-3.jpg","type":"image\/jpeg"}],"author":"Reda\u00e7\u00e3o","twitter_card":"summary_large_image","twitter_misc":{"Escrito por":"Reda\u00e7\u00e3o","Tempo estimado de leitura":"1 minuto"},"schema":{"@context":"https:\/\/schema.org","@graph":[{"@type":"Article","@id":"https:\/\/brasilnoticias.org\/site\/alexandre-de-moraes-da-prazo-de-24h-para-bolsonaro-esclarecer-estadia-em-embaixada-da-hungria\/#article","isPartOf":{"@id":"https:\/\/brasilnoticias.org\/site\/alexandre-de-moraes-da-prazo-de-24h-para-bolsonaro-esclarecer-estadia-em-embaixada-da-hungria\/"},"author":{"name":"Reda\u00e7\u00e3o","@id":"https:\/\/brasilnoticias.org\/site\/#\/schema\/person\/03bbbfe6c7634ad18c26444ea39049fa"},"headline":"Alexandre de Moraes d\u00e1 prazo de 24h para Bolsonaro esclarecer estadia em embaixada da Hungria","datePublished":"2024-03-26T17:31:31+00:00","mainEntityOfPage":{"@id":"https:\/\/brasilnoticias.org\/site\/alexandre-de-moraes-da-prazo-de-24h-para-bolsonaro-esclarecer-estadia-em-embaixada-da-hungria\/"},"wordCount":267,"commentCount":0,"publisher":{"@id":"https:\/\/brasilnoticias.org\/site\/#organization"},"image":{"@id":"https:\/\/brasilnoticias.org\/site\/alexandre-de-moraes-da-prazo-de-24h-para-bolsonaro-esclarecer-estadia-em-embaixada-da-hungria\/#primaryimage"},"thumbnailUrl":"https:\/\/brasilnoticias.org\/site\/wp-content\/uploads\/2024\/03\/147874alexandre-de-moraes-da-prazo-de-24h-para-bolsonaro-esclarecer-estadia-em-embaixada-da-hungria-3.jpg","articleSection":["Pol\u00edtica","\u00daltimas"],"inLanguage":"pt-PT","potentialAction":[{"@type":"CommentAction","name":"Comment","target":["https:\/\/brasilnoticias.org\/site\/alexandre-de-moraes-da-prazo-de-24h-para-bolsonaro-esclarecer-estadia-em-embaixada-da-hungria\/#respond"]}]},{"@type":"WebPage","@id":"https:\/\/brasilnoticias.org\/site\/alexandre-de-moraes-da-prazo-de-24h-para-bolsonaro-esclarecer-estadia-em-embaixada-da-hungria\/","url":"https:\/\/brasilnoticias.org\/site\/alexandre-de-moraes-da-prazo-de-24h-para-bolsonaro-esclarecer-estadia-em-embaixada-da-hungria\/","name":"Alexandre de Moraes d\u00e1 prazo de 24h para Bolsonaro esclarecer estadia em embaixada da Hungria - Brasil not\u00edcias","isPartOf":{"@id":"https:\/\/brasilnoticias.org\/site\/#website"},"primaryImageOfPage":{"@id":"https:\/\/brasilnoticias.org\/site\/alexandre-de-moraes-da-prazo-de-24h-para-bolsonaro-esclarecer-estadia-em-embaixada-da-hungria\/#primaryimage"},"image":{"@id":"https:\/\/brasilnoticias.org\/site\/alexandre-de-moraes-da-prazo-de-24h-para-bolsonaro-esclarecer-estadia-em-embaixada-da-hungria\/#primaryimage"},"thumbnailUrl":"https:\/\/brasilnoticias.org\/site\/wp-content\/uploads\/2024\/03\/147874alexandre-de-moraes-da-prazo-de-24h-para-bolsonaro-esclarecer-estadia-em-embaixada-da-hungria-3.jpg","datePublished":"2024-03-26T17:31:31+00:00","breadcrumb":{"@id":"https:\/\/brasilnoticias.org\/site\/alexandre-de-moraes-da-prazo-de-24h-para-bolsonaro-esclarecer-estadia-em-embaixada-da-hungria\/#breadcrumb"},"inLanguage":"pt-PT","potentialAction":[{"@type":"ReadAction","target":["https:\/\/brasilnoticias.org\/site\/alexandre-de-moraes-da-prazo-de-24h-para-bolsonaro-esclarecer-estadia-em-embaixada-da-hungria\/"]}]},{"@type":"ImageObject","inLanguage":"pt-PT","@id":"https:\/\/brasilnoticias.org\/site\/alexandre-de-moraes-da-prazo-de-24h-para-bolsonaro-esclarecer-estadia-em-embaixada-da-hungria\/#primaryimage","url":"https:\/\/brasilnoticias.org\/site\/wp-content\/uploads\/2024\/03\/147874alexandre-de-moraes-da-prazo-de-24h-para-bolsonaro-esclarecer-estadia-em-embaixada-da-hungria-3.jpg","contentUrl":"https:\/\/brasilnoticias.org\/site\/wp-content\/uploads\/2024\/03\/147874alexandre-de-moraes-da-prazo-de-24h-para-bolsonaro-esclarecer-estadia-em-embaixada-da-hungria-3.jpg","width":1600,"height":752},{"@type":"BreadcrumbList","@id":"https:\/\/brasilnoticias.org\/site\/alexandre-de-moraes-da-prazo-de-24h-para-bolsonaro-esclarecer-estadia-em-embaixada-da-hungria\/#breadcrumb","itemListElement":[{"@type":"ListItem","position":1,"name":"In\u00edcio","item":"https:\/\/brasilnoticias.org\/site\/"},{"@type":"ListItem","position":2,"name":"Alexandre de Moraes d\u00e1 prazo de 24h para Bolsonaro esclarecer estadia em embaixada da Hungria"}]},{"@type":"WebSite","@id":"https:\/\/brasilnoticias.org\/site\/#website","url":"https:\/\/brasilnoticias.org\/site\/","name":"Brasil not\u00edcias","description":"Brasil not\u00edcias","publisher":{"@id":"https:\/\/brasilnoticias.org\/site\/#organization"},"potentialAction":[{"@type":"SearchAction","target":{"@type":"EntryPoint","urlTemplate":"https:\/\/brasilnoticias.org\/site\/?s={search_term_string}"},"query-input":{"@type":"PropertyValueSpecification","valueRequired":true,"valueName":"search_term_string"}}],"inLanguage":"pt-PT"},{"@type":"Organization","@id":"https:\/\/brasilnoticias.org\/site\/#organization","name":"Brasil not\u00edcias","url":"https:\/\/brasilnoticias.org\/site\/","logo":{"@type":"ImageObject","inLanguage":"pt-PT","@id":"https:\/\/brasilnoticias.org\/site\/#\/schema\/logo\/image\/","url":"https:\/\/brasilnoticias.org\/site\/wp-content\/uploads\/2022\/05\/cropped-brasilnoticias-mini.jpg","contentUrl":"https:\/\/brasilnoticias.org\/site\/wp-content\/uploads\/2022\/05\/cropped-brasilnoticias-mini.jpg","width":314,"height":86,"caption":"Brasil not\u00edcias"},"image":{"@id":"https:\/\/brasilnoticias.org\/site\/#\/schema\/logo\/image\/"}},{"@type":"Person","@id":"https:\/\/brasilnoticias.org\/site\/#\/schema\/person\/03bbbfe6c7634ad18c26444ea39049fa","name":"Reda\u00e7\u00e3o","image":{"@type":"ImageObject","inLanguage":"pt-PT","@id":"https:\/\/brasilnoticias.org\/site\/#\/schema\/person\/image\/","url":"https:\/\/secure.gravatar.com\/avatar\/9ecaf7327a696cb23ad926fedded5f1f04d7049de9e445375d55b48c001a6e42?s=96&d=mm&r=g","contentUrl":"https:\/\/secure.gravatar.com\/avatar\/9ecaf7327a696cb23ad926fedded5f1f04d7049de9e445375d55b48c001a6e42?s=96&d=mm&r=g","caption":"Reda\u00e7\u00e3o"},"url":"https:\/\/brasilnoticias.org\/site\/author\/henrique\/"}]}},"_links":{"self":[{"href":"https:\/\/brasilnoticias.org\/site\/wp-json\/wp\/v2\/posts\/13260","targetHints":{"allow":["GET"]}}],"collection":[{"href":"https:\/\/brasilnoticias.org\/site\/wp-json\/wp\/v2\/posts"}],"about":[{"href":"https:\/\/brasilnoticias.org\/site\/wp-json\/wp\/v2\/types\/post"}],"author":[{"embeddable":true,"href":"https:\/\/brasilnoticias.org\/site\/wp-json\/wp\/v2\/users\/4"}],"replies":[{"embeddable":true,"href":"https:\/\/brasilnoticias.org\/site\/wp-json\/wp\/v2\/comments?post=13260"}],"version-history":[{"count":1,"href":"https:\/\/brasilnoticias.org\/site\/wp-json\/wp\/v2\/posts\/13260\/revisions"}],"predecessor-version":[{"id":13262,"href":"https:\/\/brasilnoticias.org\/site\/wp-json\/wp\/v2\/posts\/13260\/revisions\/13262"}],"wp:featuredmedia":[{"embeddable":true,"href":"https:\/\/brasilnoticias.org\/site\/wp-json\/wp\/v2\/media\/13261"}],"wp:attachment":[{"href":"https:\/\/brasilnoticias.org\/site\/wp-json\/wp\/v2\/media?parent=13260"}],"wp:term":[{"taxonomy":"category","embeddable":true,"href":"https:\/\/brasilnoticias.org\/site\/wp-json\/wp\/v2\/categories?post=13260"},{"taxonomy":"post_tag","embeddable":true,"href":"https:\/\/brasilnoticias.org\/site\/wp-json\/wp\/v2\/tags?post=13260"}],"curies":[{"name":"wp","href":"https:\/\/api.w.org\/{rel}","templated":true}]}}