{"id":13266,"date":"2024-03-26T22:57:30","date_gmt":"2024-03-27T01:57:30","guid":{"rendered":"https:\/\/brasilnoticias.org\/site\/?p=13266"},"modified":"2024-03-26T22:57:30","modified_gmt":"2024-03-27T01:57:30","slug":"venezuela-diz-que-critica-do-brasil-as-eleicoes-foram-intrometidas","status":"publish","type":"post","link":"https:\/\/brasilnoticias.org\/site\/venezuela-diz-que-critica-do-brasil-as-eleicoes-foram-intrometidas\/","title":{"rendered":"Venezuela diz que cr\u00edtica do Brasil \u00e0s elei\u00e7\u00f5es foram &#8220;intrometidas&#8221;"},"content":{"rendered":"<p>Em nota, o minist\u00e9rio estrangeiro tamb\u00e9m elogiou presidente Lula (PT)<\/p>\n<p>O Minist\u00e9rio das Rela\u00e7\u00f5es Exteriores da Venezuela rebateu a nota divulgada pelo Itamaraty nesta ter\u00e7a-feira (26\/3), na qual o governo brasileiro repudia a decis\u00e3o de impedir a candidatura de Corina Yoris, uma das principais oponentes do governo de Nicol\u00e1s Maduro, nas pr\u00f3ximas elei\u00e7\u00f5es presidenciais venezuelanas.<\/p>\n<p>Em declara\u00e7\u00e3o, o governo venezuelano alega que a manifesta\u00e7\u00e3o brasileira foi \u201ccinzenta e intrometida\u201d. \u201cO governo venezuelano mant\u00e9m uma conduta fiel aos princ\u00edpios que regem a diplomacia e as rela\u00e7\u00f5es amistosas com o Brasil, em nenhuma hip\u00f3tese emite e nem emitir\u00e1 ju\u00edzos de valor sobre os processos pol\u00edticos e judiciais que ocorrem naquele pa\u00eds, consequentemente, tem o moral exigir o mais estrito respeito pelo princ\u00edpio da n\u00e3o inger\u00eancia nos assuntos internos e pela nossa democracia, uma das mais robustas da regi\u00e3o\u201d, diz a nota.<\/p>\n<p>O minist\u00e9rio ressaltou que as elei\u00e7\u00f5es presidenciais v\u00e3o ocorrer no dia 28 de julho e que o processo ser\u00e1 realizado sem nenhuma influ\u00eancia estrangeira. Ao finalizar a nota, a pasta elogiou a posi\u00e7\u00e3o do presidente Luiz In\u00e1cio Lula da Silva (PT) por contrariar \u00e0s san\u00e7\u00f5es aplicadas pelos Estados Unidos. \u201cO Governo Bolivariano aprecia as express\u00f5es de solidariedade do Presidente Lula Da Silva que, direta e inequivocamente, condenou o bloqueio criminoso e as san\u00e7\u00f5es que o governo dos Estados Unidos imp\u00f4s ilegalmente para prejudicar o nosso povo\u201d. <\/p>\n<p>Foto: Divulga\u00e7\u00e3o\/Governo Federal<br \/>\nPor: Metro1 <\/p>\n","protected":false},"excerpt":{"rendered":"<p>Em nota, o minist\u00e9rio estrangeiro tamb\u00e9m elogiou presidente Lula (PT) O Minist\u00e9rio das Rela\u00e7\u00f5es Exteriores da Venezuela rebateu a nota<\/p>\n","protected":false},"author":4,"featured_media":13267,"comment_status":"open","ping_status":"open","sticky":false,"template":"","format":"standard","meta":{"colormag_page_container_layout":"default_layout","colormag_page_sidebar_layout":"default_layout","_FSMCFIC_featured_image_caption":"","_FSMCFIC_featured_image_nocaption":"","_FSMCFIC_featured_image_hide":"","footnotes":""},"categories":[6,1],"tags":[],"class_list":["post-13266","post","type-post","status-publish","format-standard","has-post-thumbnail","hentry","category-mundo","category-ultimas"],"yoast_head":"<!-- This site is optimized with the Yoast SEO plugin v27.1.1 - https:\/\/yoast.com\/product\/yoast-seo-wordpress\/ -->\n<title>Venezuela diz que cr\u00edtica do Brasil \u00e0s elei\u00e7\u00f5es foram &quot;intrometidas&quot; - Brasil not\u00edcias<\/title>\n<meta name=\"robots\" content=\"index, follow, max-snippet:-1, max-image-preview:large, max-video-preview:-1\" \/>\n<link rel=\"canonical\" href=\"https:\/\/brasilnoticias.org\/site\/venezuela-diz-que-critica-do-brasil-as-eleicoes-foram-intrometidas\/\" \/>\n<meta property=\"og:locale\" content=\"pt_PT\" \/>\n<meta property=\"og:type\" content=\"article\" \/>\n<meta property=\"og:title\" content=\"Venezuela diz que cr\u00edtica do Brasil \u00e0s elei\u00e7\u00f5es foram &quot;intrometidas&quot; - Brasil not\u00edcias\" \/>\n<meta property=\"og:description\" content=\"Em nota, o minist\u00e9rio estrangeiro tamb\u00e9m elogiou presidente Lula (PT) O Minist\u00e9rio das Rela\u00e7\u00f5es Exteriores da Venezuela rebateu a nota\" \/>\n<meta property=\"og:url\" content=\"https:\/\/brasilnoticias.org\/site\/venezuela-diz-que-critica-do-brasil-as-eleicoes-foram-intrometidas\/\" \/>\n<meta property=\"og:site_name\" content=\"Brasil not\u00edcias\" \/>\n<meta property=\"article:published_time\" content=\"2024-03-27T01:57:30+00:00\" \/>\n<meta property=\"og:image\" content=\"https:\/\/brasilnoticias.org\/site\/wp-content\/uploads\/2024\/03\/147904venezuela-diz-que-critica-do-brasil-as-eleicoes-foram-intrometidas-3.jpg\" \/>\n\t<meta property=\"og:image:width\" content=\"1600\" \/>\n\t<meta property=\"og:image:height\" content=\"752\" \/>\n\t<meta property=\"og:image:type\" content=\"image\/jpeg\" \/>\n<meta name=\"author\" content=\"Reda\u00e7\u00e3o\" \/>\n<meta name=\"twitter:card\" content=\"summary_large_image\" \/>\n<meta name=\"twitter:label1\" content=\"Escrito por\" \/>\n\t<meta name=\"twitter:data1\" content=\"Reda\u00e7\u00e3o\" \/>\n\t<meta name=\"twitter:label2\" content=\"Tempo estimado de leitura\" \/>\n\t<meta name=\"twitter:data2\" content=\"1 minuto\" \/>\n<script type=\"application\/ld+json\" class=\"yoast-schema-graph\">{\"@context\":\"https:\/\/schema.org\",\"@graph\":[{\"@type\":\"Article\",\"@id\":\"https:\/\/brasilnoticias.org\/site\/venezuela-diz-que-critica-do-brasil-as-eleicoes-foram-intrometidas\/#article\",\"isPartOf\":{\"@id\":\"https:\/\/brasilnoticias.org\/site\/venezuela-diz-que-critica-do-brasil-as-eleicoes-foram-intrometidas\/\"},\"author\":{\"name\":\"Reda\u00e7\u00e3o\",\"@id\":\"https:\/\/brasilnoticias.org\/site\/#\/schema\/person\/03bbbfe6c7634ad18c26444ea39049fa\"},\"headline\":\"Venezuela diz que cr\u00edtica do Brasil \u00e0s elei\u00e7\u00f5es foram &#8220;intrometidas&#8221;\",\"datePublished\":\"2024-03-27T01:57:30+00:00\",\"mainEntityOfPage\":{\"@id\":\"https:\/\/brasilnoticias.org\/site\/venezuela-diz-que-critica-do-brasil-as-eleicoes-foram-intrometidas\/\"},\"wordCount\":274,\"commentCount\":0,\"publisher\":{\"@id\":\"https:\/\/brasilnoticias.org\/site\/#organization\"},\"image\":{\"@id\":\"https:\/\/brasilnoticias.org\/site\/venezuela-diz-que-critica-do-brasil-as-eleicoes-foram-intrometidas\/#primaryimage\"},\"thumbnailUrl\":\"https:\/\/brasilnoticias.org\/site\/wp-content\/uploads\/2024\/03\/147904venezuela-diz-que-critica-do-brasil-as-eleicoes-foram-intrometidas-3.jpg\",\"articleSection\":[\"Mundo\",\"\u00daltimas\"],\"inLanguage\":\"pt-PT\",\"potentialAction\":[{\"@type\":\"CommentAction\",\"name\":\"Comment\",\"target\":[\"https:\/\/brasilnoticias.org\/site\/venezuela-diz-que-critica-do-brasil-as-eleicoes-foram-intrometidas\/#respond\"]}]},{\"@type\":\"WebPage\",\"@id\":\"https:\/\/brasilnoticias.org\/site\/venezuela-diz-que-critica-do-brasil-as-eleicoes-foram-intrometidas\/\",\"url\":\"https:\/\/brasilnoticias.org\/site\/venezuela-diz-que-critica-do-brasil-as-eleicoes-foram-intrometidas\/\",\"name\":\"Venezuela diz que cr\u00edtica do Brasil \u00e0s elei\u00e7\u00f5es foram \\\"intrometidas\\\" - Brasil not\u00edcias\",\"isPartOf\":{\"@id\":\"https:\/\/brasilnoticias.org\/site\/#website\"},\"primaryImageOfPage\":{\"@id\":\"https:\/\/brasilnoticias.org\/site\/venezuela-diz-que-critica-do-brasil-as-eleicoes-foram-intrometidas\/#primaryimage\"},\"image\":{\"@id\":\"https:\/\/brasilnoticias.org\/site\/venezuela-diz-que-critica-do-brasil-as-eleicoes-foram-intrometidas\/#primaryimage\"},\"thumbnailUrl\":\"https:\/\/brasilnoticias.org\/site\/wp-content\/uploads\/2024\/03\/147904venezuela-diz-que-critica-do-brasil-as-eleicoes-foram-intrometidas-3.jpg\",\"datePublished\":\"2024-03-27T01:57:30+00:00\",\"breadcrumb\":{\"@id\":\"https:\/\/brasilnoticias.org\/site\/venezuela-diz-que-critica-do-brasil-as-eleicoes-foram-intrometidas\/#breadcrumb\"},\"inLanguage\":\"pt-PT\",\"potentialAction\":[{\"@type\":\"ReadAction\",\"target\":[\"https:\/\/brasilnoticias.org\/site\/venezuela-diz-que-critica-do-brasil-as-eleicoes-foram-intrometidas\/\"]}]},{\"@type\":\"ImageObject\",\"inLanguage\":\"pt-PT\",\"@id\":\"https:\/\/brasilnoticias.org\/site\/venezuela-diz-que-critica-do-brasil-as-eleicoes-foram-intrometidas\/#primaryimage\",\"url\":\"https:\/\/brasilnoticias.org\/site\/wp-content\/uploads\/2024\/03\/147904venezuela-diz-que-critica-do-brasil-as-eleicoes-foram-intrometidas-3.jpg\",\"contentUrl\":\"https:\/\/brasilnoticias.org\/site\/wp-content\/uploads\/2024\/03\/147904venezuela-diz-que-critica-do-brasil-as-eleicoes-foram-intrometidas-3.jpg\",\"width\":1600,\"height\":752},{\"@type\":\"BreadcrumbList\",\"@id\":\"https:\/\/brasilnoticias.org\/site\/venezuela-diz-que-critica-do-brasil-as-eleicoes-foram-intrometidas\/#breadcrumb\",\"itemListElement\":[{\"@type\":\"ListItem\",\"position\":1,\"name\":\"In\u00edcio\",\"item\":\"https:\/\/brasilnoticias.org\/site\/\"},{\"@type\":\"ListItem\",\"position\":2,\"name\":\"Venezuela diz que cr\u00edtica do Brasil \u00e0s elei\u00e7\u00f5es foram &#8220;intrometidas&#8221;\"}]},{\"@type\":\"WebSite\",\"@id\":\"https:\/\/brasilnoticias.org\/site\/#website\",\"url\":\"https:\/\/brasilnoticias.org\/site\/\",\"name\":\"Brasil not\u00edcias\",\"description\":\"Brasil not\u00edcias\",\"publisher\":{\"@id\":\"https:\/\/brasilnoticias.org\/site\/#organization\"},\"potentialAction\":[{\"@type\":\"SearchAction\",\"target\":{\"@type\":\"EntryPoint\",\"urlTemplate\":\"https:\/\/brasilnoticias.org\/site\/?s={search_term_string}\"},\"query-input\":{\"@type\":\"PropertyValueSpecification\",\"valueRequired\":true,\"valueName\":\"search_term_string\"}}],\"inLanguage\":\"pt-PT\"},{\"@type\":\"Organization\",\"@id\":\"https:\/\/brasilnoticias.org\/site\/#organization\",\"name\":\"Brasil not\u00edcias\",\"url\":\"https:\/\/brasilnoticias.org\/site\/\",\"logo\":{\"@type\":\"ImageObject\",\"inLanguage\":\"pt-PT\",\"@id\":\"https:\/\/brasilnoticias.org\/site\/#\/schema\/logo\/image\/\",\"url\":\"https:\/\/brasilnoticias.org\/site\/wp-content\/uploads\/2022\/05\/cropped-brasilnoticias-mini.jpg\",\"contentUrl\":\"https:\/\/brasilnoticias.org\/site\/wp-content\/uploads\/2022\/05\/cropped-brasilnoticias-mini.jpg\",\"width\":314,\"height\":86,\"caption\":\"Brasil not\u00edcias\"},\"image\":{\"@id\":\"https:\/\/brasilnoticias.org\/site\/#\/schema\/logo\/image\/\"}},{\"@type\":\"Person\",\"@id\":\"https:\/\/brasilnoticias.org\/site\/#\/schema\/person\/03bbbfe6c7634ad18c26444ea39049fa\",\"name\":\"Reda\u00e7\u00e3o\",\"image\":{\"@type\":\"ImageObject\",\"inLanguage\":\"pt-PT\",\"@id\":\"https:\/\/brasilnoticias.org\/site\/#\/schema\/person\/image\/\",\"url\":\"https:\/\/secure.gravatar.com\/avatar\/9ecaf7327a696cb23ad926fedded5f1f04d7049de9e445375d55b48c001a6e42?s=96&d=mm&r=g\",\"contentUrl\":\"https:\/\/secure.gravatar.com\/avatar\/9ecaf7327a696cb23ad926fedded5f1f04d7049de9e445375d55b48c001a6e42?s=96&d=mm&r=g\",\"caption\":\"Reda\u00e7\u00e3o\"},\"url\":\"https:\/\/brasilnoticias.org\/site\/author\/henrique\/\"}]}<\/script>\n<!-- \/ Yoast SEO plugin. -->","yoast_head_json":{"title":"Venezuela diz que cr\u00edtica do Brasil \u00e0s elei\u00e7\u00f5es foram \"intrometidas\" - Brasil not\u00edcias","robots":{"index":"index","follow":"follow","max-snippet":"max-snippet:-1","max-image-preview":"max-image-preview:large","max-video-preview":"max-video-preview:-1"},"canonical":"https:\/\/brasilnoticias.org\/site\/venezuela-diz-que-critica-do-brasil-as-eleicoes-foram-intrometidas\/","og_locale":"pt_PT","og_type":"article","og_title":"Venezuela diz que cr\u00edtica do Brasil \u00e0s elei\u00e7\u00f5es foram \"intrometidas\" - Brasil not\u00edcias","og_description":"Em nota, o minist\u00e9rio estrangeiro tamb\u00e9m elogiou presidente Lula (PT) O Minist\u00e9rio das Rela\u00e7\u00f5es Exteriores da Venezuela rebateu a nota","og_url":"https:\/\/brasilnoticias.org\/site\/venezuela-diz-que-critica-do-brasil-as-eleicoes-foram-intrometidas\/","og_site_name":"Brasil not\u00edcias","article_published_time":"2024-03-27T01:57:30+00:00","og_image":[{"width":1600,"height":752,"url":"https:\/\/brasilnoticias.org\/site\/wp-content\/uploads\/2024\/03\/147904venezuela-diz-que-critica-do-brasil-as-eleicoes-foram-intrometidas-3.jpg","type":"image\/jpeg"}],"author":"Reda\u00e7\u00e3o","twitter_card":"summary_large_image","twitter_misc":{"Escrito por":"Reda\u00e7\u00e3o","Tempo estimado de leitura":"1 minuto"},"schema":{"@context":"https:\/\/schema.org","@graph":[{"@type":"Article","@id":"https:\/\/brasilnoticias.org\/site\/venezuela-diz-que-critica-do-brasil-as-eleicoes-foram-intrometidas\/#article","isPartOf":{"@id":"https:\/\/brasilnoticias.org\/site\/venezuela-diz-que-critica-do-brasil-as-eleicoes-foram-intrometidas\/"},"author":{"name":"Reda\u00e7\u00e3o","@id":"https:\/\/brasilnoticias.org\/site\/#\/schema\/person\/03bbbfe6c7634ad18c26444ea39049fa"},"headline":"Venezuela diz que cr\u00edtica do Brasil \u00e0s elei\u00e7\u00f5es foram &#8220;intrometidas&#8221;","datePublished":"2024-03-27T01:57:30+00:00","mainEntityOfPage":{"@id":"https:\/\/brasilnoticias.org\/site\/venezuela-diz-que-critica-do-brasil-as-eleicoes-foram-intrometidas\/"},"wordCount":274,"commentCount":0,"publisher":{"@id":"https:\/\/brasilnoticias.org\/site\/#organization"},"image":{"@id":"https:\/\/brasilnoticias.org\/site\/venezuela-diz-que-critica-do-brasil-as-eleicoes-foram-intrometidas\/#primaryimage"},"thumbnailUrl":"https:\/\/brasilnoticias.org\/site\/wp-content\/uploads\/2024\/03\/147904venezuela-diz-que-critica-do-brasil-as-eleicoes-foram-intrometidas-3.jpg","articleSection":["Mundo","\u00daltimas"],"inLanguage":"pt-PT","potentialAction":[{"@type":"CommentAction","name":"Comment","target":["https:\/\/brasilnoticias.org\/site\/venezuela-diz-que-critica-do-brasil-as-eleicoes-foram-intrometidas\/#respond"]}]},{"@type":"WebPage","@id":"https:\/\/brasilnoticias.org\/site\/venezuela-diz-que-critica-do-brasil-as-eleicoes-foram-intrometidas\/","url":"https:\/\/brasilnoticias.org\/site\/venezuela-diz-que-critica-do-brasil-as-eleicoes-foram-intrometidas\/","name":"Venezuela diz que cr\u00edtica do Brasil \u00e0s elei\u00e7\u00f5es foram \"intrometidas\" - Brasil not\u00edcias","isPartOf":{"@id":"https:\/\/brasilnoticias.org\/site\/#website"},"primaryImageOfPage":{"@id":"https:\/\/brasilnoticias.org\/site\/venezuela-diz-que-critica-do-brasil-as-eleicoes-foram-intrometidas\/#primaryimage"},"image":{"@id":"https:\/\/brasilnoticias.org\/site\/venezuela-diz-que-critica-do-brasil-as-eleicoes-foram-intrometidas\/#primaryimage"},"thumbnailUrl":"https:\/\/brasilnoticias.org\/site\/wp-content\/uploads\/2024\/03\/147904venezuela-diz-que-critica-do-brasil-as-eleicoes-foram-intrometidas-3.jpg","datePublished":"2024-03-27T01:57:30+00:00","breadcrumb":{"@id":"https:\/\/brasilnoticias.org\/site\/venezuela-diz-que-critica-do-brasil-as-eleicoes-foram-intrometidas\/#breadcrumb"},"inLanguage":"pt-PT","potentialAction":[{"@type":"ReadAction","target":["https:\/\/brasilnoticias.org\/site\/venezuela-diz-que-critica-do-brasil-as-eleicoes-foram-intrometidas\/"]}]},{"@type":"ImageObject","inLanguage":"pt-PT","@id":"https:\/\/brasilnoticias.org\/site\/venezuela-diz-que-critica-do-brasil-as-eleicoes-foram-intrometidas\/#primaryimage","url":"https:\/\/brasilnoticias.org\/site\/wp-content\/uploads\/2024\/03\/147904venezuela-diz-que-critica-do-brasil-as-eleicoes-foram-intrometidas-3.jpg","contentUrl":"https:\/\/brasilnoticias.org\/site\/wp-content\/uploads\/2024\/03\/147904venezuela-diz-que-critica-do-brasil-as-eleicoes-foram-intrometidas-3.jpg","width":1600,"height":752},{"@type":"BreadcrumbList","@id":"https:\/\/brasilnoticias.org\/site\/venezuela-diz-que-critica-do-brasil-as-eleicoes-foram-intrometidas\/#breadcrumb","itemListElement":[{"@type":"ListItem","position":1,"name":"In\u00edcio","item":"https:\/\/brasilnoticias.org\/site\/"},{"@type":"ListItem","position":2,"name":"Venezuela diz que cr\u00edtica do Brasil \u00e0s elei\u00e7\u00f5es foram &#8220;intrometidas&#8221;"}]},{"@type":"WebSite","@id":"https:\/\/brasilnoticias.org\/site\/#website","url":"https:\/\/brasilnoticias.org\/site\/","name":"Brasil not\u00edcias","description":"Brasil not\u00edcias","publisher":{"@id":"https:\/\/brasilnoticias.org\/site\/#organization"},"potentialAction":[{"@type":"SearchAction","target":{"@type":"EntryPoint","urlTemplate":"https:\/\/brasilnoticias.org\/site\/?s={search_term_string}"},"query-input":{"@type":"PropertyValueSpecification","valueRequired":true,"valueName":"search_term_string"}}],"inLanguage":"pt-PT"},{"@type":"Organization","@id":"https:\/\/brasilnoticias.org\/site\/#organization","name":"Brasil not\u00edcias","url":"https:\/\/brasilnoticias.org\/site\/","logo":{"@type":"ImageObject","inLanguage":"pt-PT","@id":"https:\/\/brasilnoticias.org\/site\/#\/schema\/logo\/image\/","url":"https:\/\/brasilnoticias.org\/site\/wp-content\/uploads\/2022\/05\/cropped-brasilnoticias-mini.jpg","contentUrl":"https:\/\/brasilnoticias.org\/site\/wp-content\/uploads\/2022\/05\/cropped-brasilnoticias-mini.jpg","width":314,"height":86,"caption":"Brasil not\u00edcias"},"image":{"@id":"https:\/\/brasilnoticias.org\/site\/#\/schema\/logo\/image\/"}},{"@type":"Person","@id":"https:\/\/brasilnoticias.org\/site\/#\/schema\/person\/03bbbfe6c7634ad18c26444ea39049fa","name":"Reda\u00e7\u00e3o","image":{"@type":"ImageObject","inLanguage":"pt-PT","@id":"https:\/\/brasilnoticias.org\/site\/#\/schema\/person\/image\/","url":"https:\/\/secure.gravatar.com\/avatar\/9ecaf7327a696cb23ad926fedded5f1f04d7049de9e445375d55b48c001a6e42?s=96&d=mm&r=g","contentUrl":"https:\/\/secure.gravatar.com\/avatar\/9ecaf7327a696cb23ad926fedded5f1f04d7049de9e445375d55b48c001a6e42?s=96&d=mm&r=g","caption":"Reda\u00e7\u00e3o"},"url":"https:\/\/brasilnoticias.org\/site\/author\/henrique\/"}]}},"_links":{"self":[{"href":"https:\/\/brasilnoticias.org\/site\/wp-json\/wp\/v2\/posts\/13266","targetHints":{"allow":["GET"]}}],"collection":[{"href":"https:\/\/brasilnoticias.org\/site\/wp-json\/wp\/v2\/posts"}],"about":[{"href":"https:\/\/brasilnoticias.org\/site\/wp-json\/wp\/v2\/types\/post"}],"author":[{"embeddable":true,"href":"https:\/\/brasilnoticias.org\/site\/wp-json\/wp\/v2\/users\/4"}],"replies":[{"embeddable":true,"href":"https:\/\/brasilnoticias.org\/site\/wp-json\/wp\/v2\/comments?post=13266"}],"version-history":[{"count":1,"href":"https:\/\/brasilnoticias.org\/site\/wp-json\/wp\/v2\/posts\/13266\/revisions"}],"predecessor-version":[{"id":13268,"href":"https:\/\/brasilnoticias.org\/site\/wp-json\/wp\/v2\/posts\/13266\/revisions\/13268"}],"wp:featuredmedia":[{"embeddable":true,"href":"https:\/\/brasilnoticias.org\/site\/wp-json\/wp\/v2\/media\/13267"}],"wp:attachment":[{"href":"https:\/\/brasilnoticias.org\/site\/wp-json\/wp\/v2\/media?parent=13266"}],"wp:term":[{"taxonomy":"category","embeddable":true,"href":"https:\/\/brasilnoticias.org\/site\/wp-json\/wp\/v2\/categories?post=13266"},{"taxonomy":"post_tag","embeddable":true,"href":"https:\/\/brasilnoticias.org\/site\/wp-json\/wp\/v2\/tags?post=13266"}],"curies":[{"name":"wp","href":"https:\/\/api.w.org\/{rel}","templated":true}]}}