{"id":13314,"date":"2024-03-30T15:26:20","date_gmt":"2024-03-30T18:26:20","guid":{"rendered":"https:\/\/brasilnoticias.org\/site\/?p=13314"},"modified":"2024-03-30T15:26:20","modified_gmt":"2024-03-30T18:26:20","slug":"incendio-em-casa-deixa-mae-e-filho-mortos-em-paulo-afonso-na-bahia","status":"publish","type":"post","link":"https:\/\/brasilnoticias.org\/site\/incendio-em-casa-deixa-mae-e-filho-mortos-em-paulo-afonso-na-bahia\/","title":{"rendered":"Inc\u00eandio em casa deixa m\u00e3e e filho mortos em Paulo Afonso, na Bahia"},"content":{"rendered":"<p>A ocorr\u00eancia de um inc\u00eandio em im\u00f3vel residencial, na madrugada deste s\u00e1bado (30\/3), terminou em trag\u00e9dia, na cidade de Paulo Afonso, a 460 km de Salvador. Duas pessoas n\u00e3o conseguiram deixar o local e acabaram morrendo. As v\u00edtimas s\u00e3o m\u00e3e e filho, identificados como S\u00f4nia Maria, 46 anos e Igor Rafael, de 22 anos.<\/p>\n<p>Segundo informa\u00e7\u00f5es do Corpo de Bombeiros Militar da Bahia, agentes do 15\u00b0 BBM, em Paulo Afonso, recuperaram os dois corpos carbonizados do inc\u00eandio, ocorrido em im\u00f3vel no bairro Perp\u00e9tuo Socorro, por volta das 2h37.<\/p>\n<p>Ainda de acordo com o CBMB, os corpos foram deixados sob os cuidados de prepostos do Departamento da Pol\u00edcia T\u00e9cnica (DPT) para identifica\u00e7\u00e3o e demais procedimentos legais.<\/p>\n<p>Os militares realizaram o combate das chamas e a ocorr\u00eancia foi encerrada \u00e0s 6h40 de s\u00e1bado. Uma terceira v\u00edtima conseguiu sair sem ferimentos. A causa do inc\u00eandio ainda \u00e9 desconhecida.<\/p>\n<p>Foto: divulga\u00e7\u00e3o\/CBMBA<br \/>\nAratu On<\/p>\n","protected":false},"excerpt":{"rendered":"<p>A ocorr\u00eancia de um inc\u00eandio em im\u00f3vel residencial, na madrugada deste s\u00e1bado (30\/3), terminou em trag\u00e9dia, na cidade de Paulo<\/p>\n","protected":false},"author":4,"featured_media":13315,"comment_status":"open","ping_status":"open","sticky":false,"template":"","format":"standard","meta":{"colormag_page_container_layout":"default_layout","colormag_page_sidebar_layout":"default_layout","_FSMCFIC_featured_image_caption":"","_FSMCFIC_featured_image_nocaption":"","_FSMCFIC_featured_image_hide":"","footnotes":""},"categories":[2,1],"tags":[],"class_list":["post-13314","post","type-post","status-publish","format-standard","has-post-thumbnail","hentry","category-noticias","category-ultimas"],"yoast_head":"<!-- This site is optimized with the Yoast SEO plugin v27.1.1 - https:\/\/yoast.com\/product\/yoast-seo-wordpress\/ -->\n<title>Inc\u00eandio em casa deixa m\u00e3e e filho mortos em Paulo Afonso, na Bahia - Brasil not\u00edcias<\/title>\n<meta name=\"robots\" content=\"index, follow, max-snippet:-1, max-image-preview:large, max-video-preview:-1\" \/>\n<link rel=\"canonical\" href=\"https:\/\/brasilnoticias.org\/site\/incendio-em-casa-deixa-mae-e-filho-mortos-em-paulo-afonso-na-bahia\/\" \/>\n<meta property=\"og:locale\" content=\"pt_PT\" \/>\n<meta property=\"og:type\" content=\"article\" \/>\n<meta property=\"og:title\" content=\"Inc\u00eandio em casa deixa m\u00e3e e filho mortos em Paulo Afonso, na Bahia - Brasil not\u00edcias\" \/>\n<meta property=\"og:description\" content=\"A ocorr\u00eancia de um inc\u00eandio em im\u00f3vel residencial, na madrugada deste s\u00e1bado (30\/3), terminou em trag\u00e9dia, na cidade de Paulo\" \/>\n<meta property=\"og:url\" content=\"https:\/\/brasilnoticias.org\/site\/incendio-em-casa-deixa-mae-e-filho-mortos-em-paulo-afonso-na-bahia\/\" \/>\n<meta property=\"og:site_name\" content=\"Brasil not\u00edcias\" \/>\n<meta property=\"article:published_time\" content=\"2024-03-30T18:26:20+00:00\" \/>\n<meta property=\"og:image\" content=\"https:\/\/brasilnoticias.org\/site\/wp-content\/uploads\/2024\/03\/incendio-paulo-afonso-div-cbmb.jpg\" \/>\n\t<meta property=\"og:image:width\" content=\"960\" \/>\n\t<meta property=\"og:image:height\" content=\"500\" \/>\n\t<meta property=\"og:image:type\" content=\"image\/jpeg\" \/>\n<meta name=\"author\" content=\"Reda\u00e7\u00e3o\" \/>\n<meta name=\"twitter:card\" content=\"summary_large_image\" \/>\n<meta name=\"twitter:label1\" content=\"Escrito por\" \/>\n\t<meta name=\"twitter:data1\" content=\"Reda\u00e7\u00e3o\" \/>\n\t<meta name=\"twitter:label2\" content=\"Tempo estimado de leitura\" \/>\n\t<meta name=\"twitter:data2\" content=\"1 minuto\" \/>\n<script type=\"application\/ld+json\" class=\"yoast-schema-graph\">{\"@context\":\"https:\/\/schema.org\",\"@graph\":[{\"@type\":\"Article\",\"@id\":\"https:\/\/brasilnoticias.org\/site\/incendio-em-casa-deixa-mae-e-filho-mortos-em-paulo-afonso-na-bahia\/#article\",\"isPartOf\":{\"@id\":\"https:\/\/brasilnoticias.org\/site\/incendio-em-casa-deixa-mae-e-filho-mortos-em-paulo-afonso-na-bahia\/\"},\"author\":{\"name\":\"Reda\u00e7\u00e3o\",\"@id\":\"https:\/\/brasilnoticias.org\/site\/#\/schema\/person\/03bbbfe6c7634ad18c26444ea39049fa\"},\"headline\":\"Inc\u00eandio em casa deixa m\u00e3e e filho mortos em Paulo Afonso, na Bahia\",\"datePublished\":\"2024-03-30T18:26:20+00:00\",\"mainEntityOfPage\":{\"@id\":\"https:\/\/brasilnoticias.org\/site\/incendio-em-casa-deixa-mae-e-filho-mortos-em-paulo-afonso-na-bahia\/\"},\"wordCount\":181,\"commentCount\":0,\"publisher\":{\"@id\":\"https:\/\/brasilnoticias.org\/site\/#organization\"},\"image\":{\"@id\":\"https:\/\/brasilnoticias.org\/site\/incendio-em-casa-deixa-mae-e-filho-mortos-em-paulo-afonso-na-bahia\/#primaryimage\"},\"thumbnailUrl\":\"https:\/\/brasilnoticias.org\/site\/wp-content\/uploads\/2024\/03\/incendio-paulo-afonso-div-cbmb.jpg\",\"articleSection\":[\"Not\u00edcias\",\"\u00daltimas\"],\"inLanguage\":\"pt-PT\",\"potentialAction\":[{\"@type\":\"CommentAction\",\"name\":\"Comment\",\"target\":[\"https:\/\/brasilnoticias.org\/site\/incendio-em-casa-deixa-mae-e-filho-mortos-em-paulo-afonso-na-bahia\/#respond\"]}]},{\"@type\":\"WebPage\",\"@id\":\"https:\/\/brasilnoticias.org\/site\/incendio-em-casa-deixa-mae-e-filho-mortos-em-paulo-afonso-na-bahia\/\",\"url\":\"https:\/\/brasilnoticias.org\/site\/incendio-em-casa-deixa-mae-e-filho-mortos-em-paulo-afonso-na-bahia\/\",\"name\":\"Inc\u00eandio em casa deixa m\u00e3e e filho mortos em Paulo Afonso, na Bahia - Brasil not\u00edcias\",\"isPartOf\":{\"@id\":\"https:\/\/brasilnoticias.org\/site\/#website\"},\"primaryImageOfPage\":{\"@id\":\"https:\/\/brasilnoticias.org\/site\/incendio-em-casa-deixa-mae-e-filho-mortos-em-paulo-afonso-na-bahia\/#primaryimage\"},\"image\":{\"@id\":\"https:\/\/brasilnoticias.org\/site\/incendio-em-casa-deixa-mae-e-filho-mortos-em-paulo-afonso-na-bahia\/#primaryimage\"},\"thumbnailUrl\":\"https:\/\/brasilnoticias.org\/site\/wp-content\/uploads\/2024\/03\/incendio-paulo-afonso-div-cbmb.jpg\",\"datePublished\":\"2024-03-30T18:26:20+00:00\",\"breadcrumb\":{\"@id\":\"https:\/\/brasilnoticias.org\/site\/incendio-em-casa-deixa-mae-e-filho-mortos-em-paulo-afonso-na-bahia\/#breadcrumb\"},\"inLanguage\":\"pt-PT\",\"potentialAction\":[{\"@type\":\"ReadAction\",\"target\":[\"https:\/\/brasilnoticias.org\/site\/incendio-em-casa-deixa-mae-e-filho-mortos-em-paulo-afonso-na-bahia\/\"]}]},{\"@type\":\"ImageObject\",\"inLanguage\":\"pt-PT\",\"@id\":\"https:\/\/brasilnoticias.org\/site\/incendio-em-casa-deixa-mae-e-filho-mortos-em-paulo-afonso-na-bahia\/#primaryimage\",\"url\":\"https:\/\/brasilnoticias.org\/site\/wp-content\/uploads\/2024\/03\/incendio-paulo-afonso-div-cbmb.jpg\",\"contentUrl\":\"https:\/\/brasilnoticias.org\/site\/wp-content\/uploads\/2024\/03\/incendio-paulo-afonso-div-cbmb.jpg\",\"width\":960,\"height\":500},{\"@type\":\"BreadcrumbList\",\"@id\":\"https:\/\/brasilnoticias.org\/site\/incendio-em-casa-deixa-mae-e-filho-mortos-em-paulo-afonso-na-bahia\/#breadcrumb\",\"itemListElement\":[{\"@type\":\"ListItem\",\"position\":1,\"name\":\"In\u00edcio\",\"item\":\"https:\/\/brasilnoticias.org\/site\/\"},{\"@type\":\"ListItem\",\"position\":2,\"name\":\"Inc\u00eandio em casa deixa m\u00e3e e filho mortos em Paulo Afonso, na Bahia\"}]},{\"@type\":\"WebSite\",\"@id\":\"https:\/\/brasilnoticias.org\/site\/#website\",\"url\":\"https:\/\/brasilnoticias.org\/site\/\",\"name\":\"Brasil not\u00edcias\",\"description\":\"Brasil not\u00edcias\",\"publisher\":{\"@id\":\"https:\/\/brasilnoticias.org\/site\/#organization\"},\"potentialAction\":[{\"@type\":\"SearchAction\",\"target\":{\"@type\":\"EntryPoint\",\"urlTemplate\":\"https:\/\/brasilnoticias.org\/site\/?s={search_term_string}\"},\"query-input\":{\"@type\":\"PropertyValueSpecification\",\"valueRequired\":true,\"valueName\":\"search_term_string\"}}],\"inLanguage\":\"pt-PT\"},{\"@type\":\"Organization\",\"@id\":\"https:\/\/brasilnoticias.org\/site\/#organization\",\"name\":\"Brasil not\u00edcias\",\"url\":\"https:\/\/brasilnoticias.org\/site\/\",\"logo\":{\"@type\":\"ImageObject\",\"inLanguage\":\"pt-PT\",\"@id\":\"https:\/\/brasilnoticias.org\/site\/#\/schema\/logo\/image\/\",\"url\":\"https:\/\/brasilnoticias.org\/site\/wp-content\/uploads\/2022\/05\/cropped-brasilnoticias-mini.jpg\",\"contentUrl\":\"https:\/\/brasilnoticias.org\/site\/wp-content\/uploads\/2022\/05\/cropped-brasilnoticias-mini.jpg\",\"width\":314,\"height\":86,\"caption\":\"Brasil not\u00edcias\"},\"image\":{\"@id\":\"https:\/\/brasilnoticias.org\/site\/#\/schema\/logo\/image\/\"}},{\"@type\":\"Person\",\"@id\":\"https:\/\/brasilnoticias.org\/site\/#\/schema\/person\/03bbbfe6c7634ad18c26444ea39049fa\",\"name\":\"Reda\u00e7\u00e3o\",\"image\":{\"@type\":\"ImageObject\",\"inLanguage\":\"pt-PT\",\"@id\":\"https:\/\/brasilnoticias.org\/site\/#\/schema\/person\/image\/\",\"url\":\"https:\/\/secure.gravatar.com\/avatar\/9ecaf7327a696cb23ad926fedded5f1f04d7049de9e445375d55b48c001a6e42?s=96&d=mm&r=g\",\"contentUrl\":\"https:\/\/secure.gravatar.com\/avatar\/9ecaf7327a696cb23ad926fedded5f1f04d7049de9e445375d55b48c001a6e42?s=96&d=mm&r=g\",\"caption\":\"Reda\u00e7\u00e3o\"},\"url\":\"https:\/\/brasilnoticias.org\/site\/author\/henrique\/\"}]}<\/script>\n<!-- \/ Yoast SEO plugin. -->","yoast_head_json":{"title":"Inc\u00eandio em casa deixa m\u00e3e e filho mortos em Paulo Afonso, na Bahia - Brasil not\u00edcias","robots":{"index":"index","follow":"follow","max-snippet":"max-snippet:-1","max-image-preview":"max-image-preview:large","max-video-preview":"max-video-preview:-1"},"canonical":"https:\/\/brasilnoticias.org\/site\/incendio-em-casa-deixa-mae-e-filho-mortos-em-paulo-afonso-na-bahia\/","og_locale":"pt_PT","og_type":"article","og_title":"Inc\u00eandio em casa deixa m\u00e3e e filho mortos em Paulo Afonso, na Bahia - Brasil not\u00edcias","og_description":"A ocorr\u00eancia de um inc\u00eandio em im\u00f3vel residencial, na madrugada deste s\u00e1bado (30\/3), terminou em trag\u00e9dia, na cidade de Paulo","og_url":"https:\/\/brasilnoticias.org\/site\/incendio-em-casa-deixa-mae-e-filho-mortos-em-paulo-afonso-na-bahia\/","og_site_name":"Brasil not\u00edcias","article_published_time":"2024-03-30T18:26:20+00:00","og_image":[{"width":960,"height":500,"url":"https:\/\/brasilnoticias.org\/site\/wp-content\/uploads\/2024\/03\/incendio-paulo-afonso-div-cbmb.jpg","type":"image\/jpeg"}],"author":"Reda\u00e7\u00e3o","twitter_card":"summary_large_image","twitter_misc":{"Escrito por":"Reda\u00e7\u00e3o","Tempo estimado de leitura":"1 minuto"},"schema":{"@context":"https:\/\/schema.org","@graph":[{"@type":"Article","@id":"https:\/\/brasilnoticias.org\/site\/incendio-em-casa-deixa-mae-e-filho-mortos-em-paulo-afonso-na-bahia\/#article","isPartOf":{"@id":"https:\/\/brasilnoticias.org\/site\/incendio-em-casa-deixa-mae-e-filho-mortos-em-paulo-afonso-na-bahia\/"},"author":{"name":"Reda\u00e7\u00e3o","@id":"https:\/\/brasilnoticias.org\/site\/#\/schema\/person\/03bbbfe6c7634ad18c26444ea39049fa"},"headline":"Inc\u00eandio em casa deixa m\u00e3e e filho mortos em Paulo Afonso, na Bahia","datePublished":"2024-03-30T18:26:20+00:00","mainEntityOfPage":{"@id":"https:\/\/brasilnoticias.org\/site\/incendio-em-casa-deixa-mae-e-filho-mortos-em-paulo-afonso-na-bahia\/"},"wordCount":181,"commentCount":0,"publisher":{"@id":"https:\/\/brasilnoticias.org\/site\/#organization"},"image":{"@id":"https:\/\/brasilnoticias.org\/site\/incendio-em-casa-deixa-mae-e-filho-mortos-em-paulo-afonso-na-bahia\/#primaryimage"},"thumbnailUrl":"https:\/\/brasilnoticias.org\/site\/wp-content\/uploads\/2024\/03\/incendio-paulo-afonso-div-cbmb.jpg","articleSection":["Not\u00edcias","\u00daltimas"],"inLanguage":"pt-PT","potentialAction":[{"@type":"CommentAction","name":"Comment","target":["https:\/\/brasilnoticias.org\/site\/incendio-em-casa-deixa-mae-e-filho-mortos-em-paulo-afonso-na-bahia\/#respond"]}]},{"@type":"WebPage","@id":"https:\/\/brasilnoticias.org\/site\/incendio-em-casa-deixa-mae-e-filho-mortos-em-paulo-afonso-na-bahia\/","url":"https:\/\/brasilnoticias.org\/site\/incendio-em-casa-deixa-mae-e-filho-mortos-em-paulo-afonso-na-bahia\/","name":"Inc\u00eandio em casa deixa m\u00e3e e filho mortos em Paulo Afonso, na Bahia - Brasil not\u00edcias","isPartOf":{"@id":"https:\/\/brasilnoticias.org\/site\/#website"},"primaryImageOfPage":{"@id":"https:\/\/brasilnoticias.org\/site\/incendio-em-casa-deixa-mae-e-filho-mortos-em-paulo-afonso-na-bahia\/#primaryimage"},"image":{"@id":"https:\/\/brasilnoticias.org\/site\/incendio-em-casa-deixa-mae-e-filho-mortos-em-paulo-afonso-na-bahia\/#primaryimage"},"thumbnailUrl":"https:\/\/brasilnoticias.org\/site\/wp-content\/uploads\/2024\/03\/incendio-paulo-afonso-div-cbmb.jpg","datePublished":"2024-03-30T18:26:20+00:00","breadcrumb":{"@id":"https:\/\/brasilnoticias.org\/site\/incendio-em-casa-deixa-mae-e-filho-mortos-em-paulo-afonso-na-bahia\/#breadcrumb"},"inLanguage":"pt-PT","potentialAction":[{"@type":"ReadAction","target":["https:\/\/brasilnoticias.org\/site\/incendio-em-casa-deixa-mae-e-filho-mortos-em-paulo-afonso-na-bahia\/"]}]},{"@type":"ImageObject","inLanguage":"pt-PT","@id":"https:\/\/brasilnoticias.org\/site\/incendio-em-casa-deixa-mae-e-filho-mortos-em-paulo-afonso-na-bahia\/#primaryimage","url":"https:\/\/brasilnoticias.org\/site\/wp-content\/uploads\/2024\/03\/incendio-paulo-afonso-div-cbmb.jpg","contentUrl":"https:\/\/brasilnoticias.org\/site\/wp-content\/uploads\/2024\/03\/incendio-paulo-afonso-div-cbmb.jpg","width":960,"height":500},{"@type":"BreadcrumbList","@id":"https:\/\/brasilnoticias.org\/site\/incendio-em-casa-deixa-mae-e-filho-mortos-em-paulo-afonso-na-bahia\/#breadcrumb","itemListElement":[{"@type":"ListItem","position":1,"name":"In\u00edcio","item":"https:\/\/brasilnoticias.org\/site\/"},{"@type":"ListItem","position":2,"name":"Inc\u00eandio em casa deixa m\u00e3e e filho mortos em Paulo Afonso, na Bahia"}]},{"@type":"WebSite","@id":"https:\/\/brasilnoticias.org\/site\/#website","url":"https:\/\/brasilnoticias.org\/site\/","name":"Brasil not\u00edcias","description":"Brasil not\u00edcias","publisher":{"@id":"https:\/\/brasilnoticias.org\/site\/#organization"},"potentialAction":[{"@type":"SearchAction","target":{"@type":"EntryPoint","urlTemplate":"https:\/\/brasilnoticias.org\/site\/?s={search_term_string}"},"query-input":{"@type":"PropertyValueSpecification","valueRequired":true,"valueName":"search_term_string"}}],"inLanguage":"pt-PT"},{"@type":"Organization","@id":"https:\/\/brasilnoticias.org\/site\/#organization","name":"Brasil not\u00edcias","url":"https:\/\/brasilnoticias.org\/site\/","logo":{"@type":"ImageObject","inLanguage":"pt-PT","@id":"https:\/\/brasilnoticias.org\/site\/#\/schema\/logo\/image\/","url":"https:\/\/brasilnoticias.org\/site\/wp-content\/uploads\/2022\/05\/cropped-brasilnoticias-mini.jpg","contentUrl":"https:\/\/brasilnoticias.org\/site\/wp-content\/uploads\/2022\/05\/cropped-brasilnoticias-mini.jpg","width":314,"height":86,"caption":"Brasil not\u00edcias"},"image":{"@id":"https:\/\/brasilnoticias.org\/site\/#\/schema\/logo\/image\/"}},{"@type":"Person","@id":"https:\/\/brasilnoticias.org\/site\/#\/schema\/person\/03bbbfe6c7634ad18c26444ea39049fa","name":"Reda\u00e7\u00e3o","image":{"@type":"ImageObject","inLanguage":"pt-PT","@id":"https:\/\/brasilnoticias.org\/site\/#\/schema\/person\/image\/","url":"https:\/\/secure.gravatar.com\/avatar\/9ecaf7327a696cb23ad926fedded5f1f04d7049de9e445375d55b48c001a6e42?s=96&d=mm&r=g","contentUrl":"https:\/\/secure.gravatar.com\/avatar\/9ecaf7327a696cb23ad926fedded5f1f04d7049de9e445375d55b48c001a6e42?s=96&d=mm&r=g","caption":"Reda\u00e7\u00e3o"},"url":"https:\/\/brasilnoticias.org\/site\/author\/henrique\/"}]}},"_links":{"self":[{"href":"https:\/\/brasilnoticias.org\/site\/wp-json\/wp\/v2\/posts\/13314","targetHints":{"allow":["GET"]}}],"collection":[{"href":"https:\/\/brasilnoticias.org\/site\/wp-json\/wp\/v2\/posts"}],"about":[{"href":"https:\/\/brasilnoticias.org\/site\/wp-json\/wp\/v2\/types\/post"}],"author":[{"embeddable":true,"href":"https:\/\/brasilnoticias.org\/site\/wp-json\/wp\/v2\/users\/4"}],"replies":[{"embeddable":true,"href":"https:\/\/brasilnoticias.org\/site\/wp-json\/wp\/v2\/comments?post=13314"}],"version-history":[{"count":1,"href":"https:\/\/brasilnoticias.org\/site\/wp-json\/wp\/v2\/posts\/13314\/revisions"}],"predecessor-version":[{"id":13316,"href":"https:\/\/brasilnoticias.org\/site\/wp-json\/wp\/v2\/posts\/13314\/revisions\/13316"}],"wp:featuredmedia":[{"embeddable":true,"href":"https:\/\/brasilnoticias.org\/site\/wp-json\/wp\/v2\/media\/13315"}],"wp:attachment":[{"href":"https:\/\/brasilnoticias.org\/site\/wp-json\/wp\/v2\/media?parent=13314"}],"wp:term":[{"taxonomy":"category","embeddable":true,"href":"https:\/\/brasilnoticias.org\/site\/wp-json\/wp\/v2\/categories?post=13314"},{"taxonomy":"post_tag","embeddable":true,"href":"https:\/\/brasilnoticias.org\/site\/wp-json\/wp\/v2\/tags?post=13314"}],"curies":[{"name":"wp","href":"https:\/\/api.w.org\/{rel}","templated":true}]}}