{"id":13320,"date":"2024-03-30T15:32:02","date_gmt":"2024-03-30T18:32:02","guid":{"rendered":"https:\/\/brasilnoticias.org\/site\/?p=13320"},"modified":"2024-03-30T15:32:02","modified_gmt":"2024-03-30T18:32:02","slug":"bruno-reis-se-pronunciou-neste-sabado-30-sobre-a-pesquisa-que-mostra-salvador-com-piores-indices-sociais-do-pais","status":"publish","type":"post","link":"https:\/\/brasilnoticias.org\/site\/bruno-reis-se-pronunciou-neste-sabado-30-sobre-a-pesquisa-que-mostra-salvador-com-piores-indices-sociais-do-pais\/","title":{"rendered":"Bruno Reis se pronunciou neste s\u00e1bado (30), sobre a pesquisa que mostra Salvador com piores \u00edndices sociais do Pa\u00eds"},"content":{"rendered":"<p>Neste s\u00e1bado (30), o prefeito de Salvador, Bruno Reis se pronunciou a respeito da posi\u00e7\u00e3o que a capital baiana se encontra nos \u00edndices de pesquisas sociais, econ\u00f4micas e ambientais. A pesquisa realizada pelo Instituto Cidades Sustent\u00e1veis (ICS), divulgado na \u00faltima ter\u00e7a-feira (26), analisa e compara indicadores sociais entre as 26 capitais do Brasil, (Bras\u00edlia n\u00e3o fez parte do levantamento). O estudo confirmou que Salvador \u00e9 a cidade com piores \u00edndices de pobreza, desnutri\u00e7\u00e3o e desemprego no pa\u00eds.<\/p>\n<p>Em entrevista ao BNews durante a entrega de um campo de grama sint\u00e9tica no bairro de Tancredo Neves, Bruno Reis disse que a prefeitura vem esfor\u00e7ando para mudar essa realidade e que os resultados j\u00e1 apareceram no \u00faltimo levantamento do Cadastro Geral de Empregados e Desempregados (CAGED).<\/p>\n<p>\u201cA gente tem feito um esfor\u00e7o grande. Inclusive, o CAGED do m\u00eas de fevereiro coloca Salvador como a terceira cidade que mais gerou empregos no Brasil, apenas atras de S\u00e3o Paulo e Curitiba. Mais de 70% dos empregos da Bahia gerados aqui em Salvador\u201d, disse Bruno Reis.<\/p>\n<p>\u201cN\u00f3s temos um esfor\u00e7o grande para melhorar o ambiente de neg\u00f3cios, aumentar a competitividade da cidade. Tenho certeza de que todo esfor\u00e7o que a prefeitura vem fazendo nos \u00faltimos anos tem    proporciono para as pessoas uma vida melhor. Tenho dito sempre: o maior projeto social que um governo \u00e9 gera\u00e7\u00e3o de emprego e renda. Espero que os outros governos se espelhem, fa\u00e7am a sua parte para reduzir as desigualdades que est\u00e3o a\u00ed\u201d, acrescentou.<\/p>\n<p>Foto: Reprodu\u00e7\u00e3o\/ Redes Sociais<br \/>\nAratu On<\/p>\n","protected":false},"excerpt":{"rendered":"<p>Neste s\u00e1bado (30), o prefeito de Salvador, Bruno Reis se pronunciou a respeito da posi\u00e7\u00e3o que a capital baiana se<\/p>\n","protected":false},"author":4,"featured_media":13321,"comment_status":"open","ping_status":"open","sticky":false,"template":"","format":"standard","meta":{"colormag_page_container_layout":"default_layout","colormag_page_sidebar_layout":"default_layout","_FSMCFIC_featured_image_caption":"","_FSMCFIC_featured_image_nocaption":"","_FSMCFIC_featured_image_hide":"","footnotes":""},"categories":[5,1],"tags":[],"class_list":["post-13320","post","type-post","status-publish","format-standard","has-post-thumbnail","hentry","category-politica","category-ultimas"],"yoast_head":"<!-- This site is optimized with the Yoast SEO plugin v27.1.1 - https:\/\/yoast.com\/product\/yoast-seo-wordpress\/ -->\n<title>Bruno Reis se pronunciou neste s\u00e1bado (30), sobre a pesquisa que mostra Salvador com piores \u00edndices sociais do Pa\u00eds - Brasil not\u00edcias<\/title>\n<meta name=\"robots\" content=\"index, follow, max-snippet:-1, max-image-preview:large, max-video-preview:-1\" \/>\n<link rel=\"canonical\" href=\"https:\/\/brasilnoticias.org\/site\/bruno-reis-se-pronunciou-neste-sabado-30-sobre-a-pesquisa-que-mostra-salvador-com-piores-indices-sociais-do-pais\/\" \/>\n<meta property=\"og:locale\" content=\"pt_PT\" \/>\n<meta property=\"og:type\" content=\"article\" \/>\n<meta property=\"og:title\" content=\"Bruno Reis se pronunciou neste s\u00e1bado (30), sobre a pesquisa que mostra Salvador com piores \u00edndices sociais do Pa\u00eds - Brasil not\u00edcias\" \/>\n<meta property=\"og:description\" content=\"Neste s\u00e1bado (30), o prefeito de Salvador, Bruno Reis se pronunciou a respeito da posi\u00e7\u00e3o que a capital baiana se\" \/>\n<meta property=\"og:url\" content=\"https:\/\/brasilnoticias.org\/site\/bruno-reis-se-pronunciou-neste-sabado-30-sobre-a-pesquisa-que-mostra-salvador-com-piores-indices-sociais-do-pais\/\" \/>\n<meta property=\"og:site_name\" content=\"Brasil not\u00edcias\" \/>\n<meta property=\"article:published_time\" content=\"2024-03-30T18:32:02+00:00\" \/>\n<meta property=\"og:image\" content=\"https:\/\/brasilnoticias.org\/site\/wp-content\/uploads\/2024\/03\/91253579_1919125574889265_4469717570970189824_o-960x500-1.webp\" \/>\n\t<meta property=\"og:image:width\" content=\"960\" \/>\n\t<meta property=\"og:image:height\" content=\"500\" \/>\n\t<meta property=\"og:image:type\" content=\"image\/webp\" \/>\n<meta name=\"author\" content=\"Reda\u00e7\u00e3o\" \/>\n<meta name=\"twitter:card\" content=\"summary_large_image\" \/>\n<meta name=\"twitter:label1\" content=\"Escrito por\" \/>\n\t<meta name=\"twitter:data1\" content=\"Reda\u00e7\u00e3o\" \/>\n\t<meta name=\"twitter:label2\" content=\"Tempo estimado de leitura\" \/>\n\t<meta name=\"twitter:data2\" content=\"1 minuto\" \/>\n<script type=\"application\/ld+json\" class=\"yoast-schema-graph\">{\"@context\":\"https:\/\/schema.org\",\"@graph\":[{\"@type\":\"Article\",\"@id\":\"https:\/\/brasilnoticias.org\/site\/bruno-reis-se-pronunciou-neste-sabado-30-sobre-a-pesquisa-que-mostra-salvador-com-piores-indices-sociais-do-pais\/#article\",\"isPartOf\":{\"@id\":\"https:\/\/brasilnoticias.org\/site\/bruno-reis-se-pronunciou-neste-sabado-30-sobre-a-pesquisa-que-mostra-salvador-com-piores-indices-sociais-do-pais\/\"},\"author\":{\"name\":\"Reda\u00e7\u00e3o\",\"@id\":\"https:\/\/brasilnoticias.org\/site\/#\/schema\/person\/03bbbfe6c7634ad18c26444ea39049fa\"},\"headline\":\"Bruno Reis se pronunciou neste s\u00e1bado (30), sobre a pesquisa que mostra Salvador com piores \u00edndices sociais do Pa\u00eds\",\"datePublished\":\"2024-03-30T18:32:02+00:00\",\"mainEntityOfPage\":{\"@id\":\"https:\/\/brasilnoticias.org\/site\/bruno-reis-se-pronunciou-neste-sabado-30-sobre-a-pesquisa-que-mostra-salvador-com-piores-indices-sociais-do-pais\/\"},\"wordCount\":286,\"commentCount\":0,\"publisher\":{\"@id\":\"https:\/\/brasilnoticias.org\/site\/#organization\"},\"image\":{\"@id\":\"https:\/\/brasilnoticias.org\/site\/bruno-reis-se-pronunciou-neste-sabado-30-sobre-a-pesquisa-que-mostra-salvador-com-piores-indices-sociais-do-pais\/#primaryimage\"},\"thumbnailUrl\":\"https:\/\/brasilnoticias.org\/site\/wp-content\/uploads\/2024\/03\/91253579_1919125574889265_4469717570970189824_o-960x500-1.webp\",\"articleSection\":[\"Pol\u00edtica\",\"\u00daltimas\"],\"inLanguage\":\"pt-PT\",\"potentialAction\":[{\"@type\":\"CommentAction\",\"name\":\"Comment\",\"target\":[\"https:\/\/brasilnoticias.org\/site\/bruno-reis-se-pronunciou-neste-sabado-30-sobre-a-pesquisa-que-mostra-salvador-com-piores-indices-sociais-do-pais\/#respond\"]}]},{\"@type\":\"WebPage\",\"@id\":\"https:\/\/brasilnoticias.org\/site\/bruno-reis-se-pronunciou-neste-sabado-30-sobre-a-pesquisa-que-mostra-salvador-com-piores-indices-sociais-do-pais\/\",\"url\":\"https:\/\/brasilnoticias.org\/site\/bruno-reis-se-pronunciou-neste-sabado-30-sobre-a-pesquisa-que-mostra-salvador-com-piores-indices-sociais-do-pais\/\",\"name\":\"Bruno Reis se pronunciou neste s\u00e1bado (30), sobre a pesquisa que mostra Salvador com piores \u00edndices sociais do Pa\u00eds - Brasil not\u00edcias\",\"isPartOf\":{\"@id\":\"https:\/\/brasilnoticias.org\/site\/#website\"},\"primaryImageOfPage\":{\"@id\":\"https:\/\/brasilnoticias.org\/site\/bruno-reis-se-pronunciou-neste-sabado-30-sobre-a-pesquisa-que-mostra-salvador-com-piores-indices-sociais-do-pais\/#primaryimage\"},\"image\":{\"@id\":\"https:\/\/brasilnoticias.org\/site\/bruno-reis-se-pronunciou-neste-sabado-30-sobre-a-pesquisa-que-mostra-salvador-com-piores-indices-sociais-do-pais\/#primaryimage\"},\"thumbnailUrl\":\"https:\/\/brasilnoticias.org\/site\/wp-content\/uploads\/2024\/03\/91253579_1919125574889265_4469717570970189824_o-960x500-1.webp\",\"datePublished\":\"2024-03-30T18:32:02+00:00\",\"breadcrumb\":{\"@id\":\"https:\/\/brasilnoticias.org\/site\/bruno-reis-se-pronunciou-neste-sabado-30-sobre-a-pesquisa-que-mostra-salvador-com-piores-indices-sociais-do-pais\/#breadcrumb\"},\"inLanguage\":\"pt-PT\",\"potentialAction\":[{\"@type\":\"ReadAction\",\"target\":[\"https:\/\/brasilnoticias.org\/site\/bruno-reis-se-pronunciou-neste-sabado-30-sobre-a-pesquisa-que-mostra-salvador-com-piores-indices-sociais-do-pais\/\"]}]},{\"@type\":\"ImageObject\",\"inLanguage\":\"pt-PT\",\"@id\":\"https:\/\/brasilnoticias.org\/site\/bruno-reis-se-pronunciou-neste-sabado-30-sobre-a-pesquisa-que-mostra-salvador-com-piores-indices-sociais-do-pais\/#primaryimage\",\"url\":\"https:\/\/brasilnoticias.org\/site\/wp-content\/uploads\/2024\/03\/91253579_1919125574889265_4469717570970189824_o-960x500-1.webp\",\"contentUrl\":\"https:\/\/brasilnoticias.org\/site\/wp-content\/uploads\/2024\/03\/91253579_1919125574889265_4469717570970189824_o-960x500-1.webp\",\"width\":960,\"height\":500},{\"@type\":\"BreadcrumbList\",\"@id\":\"https:\/\/brasilnoticias.org\/site\/bruno-reis-se-pronunciou-neste-sabado-30-sobre-a-pesquisa-que-mostra-salvador-com-piores-indices-sociais-do-pais\/#breadcrumb\",\"itemListElement\":[{\"@type\":\"ListItem\",\"position\":1,\"name\":\"In\u00edcio\",\"item\":\"https:\/\/brasilnoticias.org\/site\/\"},{\"@type\":\"ListItem\",\"position\":2,\"name\":\"Bruno Reis se pronunciou neste s\u00e1bado (30), sobre a pesquisa que mostra Salvador com piores \u00edndices sociais do Pa\u00eds\"}]},{\"@type\":\"WebSite\",\"@id\":\"https:\/\/brasilnoticias.org\/site\/#website\",\"url\":\"https:\/\/brasilnoticias.org\/site\/\",\"name\":\"Brasil not\u00edcias\",\"description\":\"Brasil not\u00edcias\",\"publisher\":{\"@id\":\"https:\/\/brasilnoticias.org\/site\/#organization\"},\"potentialAction\":[{\"@type\":\"SearchAction\",\"target\":{\"@type\":\"EntryPoint\",\"urlTemplate\":\"https:\/\/brasilnoticias.org\/site\/?s={search_term_string}\"},\"query-input\":{\"@type\":\"PropertyValueSpecification\",\"valueRequired\":true,\"valueName\":\"search_term_string\"}}],\"inLanguage\":\"pt-PT\"},{\"@type\":\"Organization\",\"@id\":\"https:\/\/brasilnoticias.org\/site\/#organization\",\"name\":\"Brasil not\u00edcias\",\"url\":\"https:\/\/brasilnoticias.org\/site\/\",\"logo\":{\"@type\":\"ImageObject\",\"inLanguage\":\"pt-PT\",\"@id\":\"https:\/\/brasilnoticias.org\/site\/#\/schema\/logo\/image\/\",\"url\":\"https:\/\/brasilnoticias.org\/site\/wp-content\/uploads\/2022\/05\/cropped-brasilnoticias-mini.jpg\",\"contentUrl\":\"https:\/\/brasilnoticias.org\/site\/wp-content\/uploads\/2022\/05\/cropped-brasilnoticias-mini.jpg\",\"width\":314,\"height\":86,\"caption\":\"Brasil not\u00edcias\"},\"image\":{\"@id\":\"https:\/\/brasilnoticias.org\/site\/#\/schema\/logo\/image\/\"}},{\"@type\":\"Person\",\"@id\":\"https:\/\/brasilnoticias.org\/site\/#\/schema\/person\/03bbbfe6c7634ad18c26444ea39049fa\",\"name\":\"Reda\u00e7\u00e3o\",\"image\":{\"@type\":\"ImageObject\",\"inLanguage\":\"pt-PT\",\"@id\":\"https:\/\/brasilnoticias.org\/site\/#\/schema\/person\/image\/\",\"url\":\"https:\/\/secure.gravatar.com\/avatar\/9ecaf7327a696cb23ad926fedded5f1f04d7049de9e445375d55b48c001a6e42?s=96&d=mm&r=g\",\"contentUrl\":\"https:\/\/secure.gravatar.com\/avatar\/9ecaf7327a696cb23ad926fedded5f1f04d7049de9e445375d55b48c001a6e42?s=96&d=mm&r=g\",\"caption\":\"Reda\u00e7\u00e3o\"},\"url\":\"https:\/\/brasilnoticias.org\/site\/author\/henrique\/\"}]}<\/script>\n<!-- \/ Yoast SEO plugin. -->","yoast_head_json":{"title":"Bruno Reis se pronunciou neste s\u00e1bado (30), sobre a pesquisa que mostra Salvador com piores \u00edndices sociais do Pa\u00eds - Brasil not\u00edcias","robots":{"index":"index","follow":"follow","max-snippet":"max-snippet:-1","max-image-preview":"max-image-preview:large","max-video-preview":"max-video-preview:-1"},"canonical":"https:\/\/brasilnoticias.org\/site\/bruno-reis-se-pronunciou-neste-sabado-30-sobre-a-pesquisa-que-mostra-salvador-com-piores-indices-sociais-do-pais\/","og_locale":"pt_PT","og_type":"article","og_title":"Bruno Reis se pronunciou neste s\u00e1bado (30), sobre a pesquisa que mostra Salvador com piores \u00edndices sociais do Pa\u00eds - Brasil not\u00edcias","og_description":"Neste s\u00e1bado (30), o prefeito de Salvador, Bruno Reis se pronunciou a respeito da posi\u00e7\u00e3o que a capital baiana se","og_url":"https:\/\/brasilnoticias.org\/site\/bruno-reis-se-pronunciou-neste-sabado-30-sobre-a-pesquisa-que-mostra-salvador-com-piores-indices-sociais-do-pais\/","og_site_name":"Brasil not\u00edcias","article_published_time":"2024-03-30T18:32:02+00:00","og_image":[{"width":960,"height":500,"url":"https:\/\/brasilnoticias.org\/site\/wp-content\/uploads\/2024\/03\/91253579_1919125574889265_4469717570970189824_o-960x500-1.webp","type":"image\/webp"}],"author":"Reda\u00e7\u00e3o","twitter_card":"summary_large_image","twitter_misc":{"Escrito por":"Reda\u00e7\u00e3o","Tempo estimado de leitura":"1 minuto"},"schema":{"@context":"https:\/\/schema.org","@graph":[{"@type":"Article","@id":"https:\/\/brasilnoticias.org\/site\/bruno-reis-se-pronunciou-neste-sabado-30-sobre-a-pesquisa-que-mostra-salvador-com-piores-indices-sociais-do-pais\/#article","isPartOf":{"@id":"https:\/\/brasilnoticias.org\/site\/bruno-reis-se-pronunciou-neste-sabado-30-sobre-a-pesquisa-que-mostra-salvador-com-piores-indices-sociais-do-pais\/"},"author":{"name":"Reda\u00e7\u00e3o","@id":"https:\/\/brasilnoticias.org\/site\/#\/schema\/person\/03bbbfe6c7634ad18c26444ea39049fa"},"headline":"Bruno Reis se pronunciou neste s\u00e1bado (30), sobre a pesquisa que mostra Salvador com piores \u00edndices sociais do Pa\u00eds","datePublished":"2024-03-30T18:32:02+00:00","mainEntityOfPage":{"@id":"https:\/\/brasilnoticias.org\/site\/bruno-reis-se-pronunciou-neste-sabado-30-sobre-a-pesquisa-que-mostra-salvador-com-piores-indices-sociais-do-pais\/"},"wordCount":286,"commentCount":0,"publisher":{"@id":"https:\/\/brasilnoticias.org\/site\/#organization"},"image":{"@id":"https:\/\/brasilnoticias.org\/site\/bruno-reis-se-pronunciou-neste-sabado-30-sobre-a-pesquisa-que-mostra-salvador-com-piores-indices-sociais-do-pais\/#primaryimage"},"thumbnailUrl":"https:\/\/brasilnoticias.org\/site\/wp-content\/uploads\/2024\/03\/91253579_1919125574889265_4469717570970189824_o-960x500-1.webp","articleSection":["Pol\u00edtica","\u00daltimas"],"inLanguage":"pt-PT","potentialAction":[{"@type":"CommentAction","name":"Comment","target":["https:\/\/brasilnoticias.org\/site\/bruno-reis-se-pronunciou-neste-sabado-30-sobre-a-pesquisa-que-mostra-salvador-com-piores-indices-sociais-do-pais\/#respond"]}]},{"@type":"WebPage","@id":"https:\/\/brasilnoticias.org\/site\/bruno-reis-se-pronunciou-neste-sabado-30-sobre-a-pesquisa-que-mostra-salvador-com-piores-indices-sociais-do-pais\/","url":"https:\/\/brasilnoticias.org\/site\/bruno-reis-se-pronunciou-neste-sabado-30-sobre-a-pesquisa-que-mostra-salvador-com-piores-indices-sociais-do-pais\/","name":"Bruno Reis se pronunciou neste s\u00e1bado (30), sobre a pesquisa que mostra Salvador com piores \u00edndices sociais do Pa\u00eds - Brasil not\u00edcias","isPartOf":{"@id":"https:\/\/brasilnoticias.org\/site\/#website"},"primaryImageOfPage":{"@id":"https:\/\/brasilnoticias.org\/site\/bruno-reis-se-pronunciou-neste-sabado-30-sobre-a-pesquisa-que-mostra-salvador-com-piores-indices-sociais-do-pais\/#primaryimage"},"image":{"@id":"https:\/\/brasilnoticias.org\/site\/bruno-reis-se-pronunciou-neste-sabado-30-sobre-a-pesquisa-que-mostra-salvador-com-piores-indices-sociais-do-pais\/#primaryimage"},"thumbnailUrl":"https:\/\/brasilnoticias.org\/site\/wp-content\/uploads\/2024\/03\/91253579_1919125574889265_4469717570970189824_o-960x500-1.webp","datePublished":"2024-03-30T18:32:02+00:00","breadcrumb":{"@id":"https:\/\/brasilnoticias.org\/site\/bruno-reis-se-pronunciou-neste-sabado-30-sobre-a-pesquisa-que-mostra-salvador-com-piores-indices-sociais-do-pais\/#breadcrumb"},"inLanguage":"pt-PT","potentialAction":[{"@type":"ReadAction","target":["https:\/\/brasilnoticias.org\/site\/bruno-reis-se-pronunciou-neste-sabado-30-sobre-a-pesquisa-que-mostra-salvador-com-piores-indices-sociais-do-pais\/"]}]},{"@type":"ImageObject","inLanguage":"pt-PT","@id":"https:\/\/brasilnoticias.org\/site\/bruno-reis-se-pronunciou-neste-sabado-30-sobre-a-pesquisa-que-mostra-salvador-com-piores-indices-sociais-do-pais\/#primaryimage","url":"https:\/\/brasilnoticias.org\/site\/wp-content\/uploads\/2024\/03\/91253579_1919125574889265_4469717570970189824_o-960x500-1.webp","contentUrl":"https:\/\/brasilnoticias.org\/site\/wp-content\/uploads\/2024\/03\/91253579_1919125574889265_4469717570970189824_o-960x500-1.webp","width":960,"height":500},{"@type":"BreadcrumbList","@id":"https:\/\/brasilnoticias.org\/site\/bruno-reis-se-pronunciou-neste-sabado-30-sobre-a-pesquisa-que-mostra-salvador-com-piores-indices-sociais-do-pais\/#breadcrumb","itemListElement":[{"@type":"ListItem","position":1,"name":"In\u00edcio","item":"https:\/\/brasilnoticias.org\/site\/"},{"@type":"ListItem","position":2,"name":"Bruno Reis se pronunciou neste s\u00e1bado (30), sobre a pesquisa que mostra Salvador com piores \u00edndices sociais do Pa\u00eds"}]},{"@type":"WebSite","@id":"https:\/\/brasilnoticias.org\/site\/#website","url":"https:\/\/brasilnoticias.org\/site\/","name":"Brasil not\u00edcias","description":"Brasil not\u00edcias","publisher":{"@id":"https:\/\/brasilnoticias.org\/site\/#organization"},"potentialAction":[{"@type":"SearchAction","target":{"@type":"EntryPoint","urlTemplate":"https:\/\/brasilnoticias.org\/site\/?s={search_term_string}"},"query-input":{"@type":"PropertyValueSpecification","valueRequired":true,"valueName":"search_term_string"}}],"inLanguage":"pt-PT"},{"@type":"Organization","@id":"https:\/\/brasilnoticias.org\/site\/#organization","name":"Brasil not\u00edcias","url":"https:\/\/brasilnoticias.org\/site\/","logo":{"@type":"ImageObject","inLanguage":"pt-PT","@id":"https:\/\/brasilnoticias.org\/site\/#\/schema\/logo\/image\/","url":"https:\/\/brasilnoticias.org\/site\/wp-content\/uploads\/2022\/05\/cropped-brasilnoticias-mini.jpg","contentUrl":"https:\/\/brasilnoticias.org\/site\/wp-content\/uploads\/2022\/05\/cropped-brasilnoticias-mini.jpg","width":314,"height":86,"caption":"Brasil not\u00edcias"},"image":{"@id":"https:\/\/brasilnoticias.org\/site\/#\/schema\/logo\/image\/"}},{"@type":"Person","@id":"https:\/\/brasilnoticias.org\/site\/#\/schema\/person\/03bbbfe6c7634ad18c26444ea39049fa","name":"Reda\u00e7\u00e3o","image":{"@type":"ImageObject","inLanguage":"pt-PT","@id":"https:\/\/brasilnoticias.org\/site\/#\/schema\/person\/image\/","url":"https:\/\/secure.gravatar.com\/avatar\/9ecaf7327a696cb23ad926fedded5f1f04d7049de9e445375d55b48c001a6e42?s=96&d=mm&r=g","contentUrl":"https:\/\/secure.gravatar.com\/avatar\/9ecaf7327a696cb23ad926fedded5f1f04d7049de9e445375d55b48c001a6e42?s=96&d=mm&r=g","caption":"Reda\u00e7\u00e3o"},"url":"https:\/\/brasilnoticias.org\/site\/author\/henrique\/"}]}},"_links":{"self":[{"href":"https:\/\/brasilnoticias.org\/site\/wp-json\/wp\/v2\/posts\/13320","targetHints":{"allow":["GET"]}}],"collection":[{"href":"https:\/\/brasilnoticias.org\/site\/wp-json\/wp\/v2\/posts"}],"about":[{"href":"https:\/\/brasilnoticias.org\/site\/wp-json\/wp\/v2\/types\/post"}],"author":[{"embeddable":true,"href":"https:\/\/brasilnoticias.org\/site\/wp-json\/wp\/v2\/users\/4"}],"replies":[{"embeddable":true,"href":"https:\/\/brasilnoticias.org\/site\/wp-json\/wp\/v2\/comments?post=13320"}],"version-history":[{"count":1,"href":"https:\/\/brasilnoticias.org\/site\/wp-json\/wp\/v2\/posts\/13320\/revisions"}],"predecessor-version":[{"id":13322,"href":"https:\/\/brasilnoticias.org\/site\/wp-json\/wp\/v2\/posts\/13320\/revisions\/13322"}],"wp:featuredmedia":[{"embeddable":true,"href":"https:\/\/brasilnoticias.org\/site\/wp-json\/wp\/v2\/media\/13321"}],"wp:attachment":[{"href":"https:\/\/brasilnoticias.org\/site\/wp-json\/wp\/v2\/media?parent=13320"}],"wp:term":[{"taxonomy":"category","embeddable":true,"href":"https:\/\/brasilnoticias.org\/site\/wp-json\/wp\/v2\/categories?post=13320"},{"taxonomy":"post_tag","embeddable":true,"href":"https:\/\/brasilnoticias.org\/site\/wp-json\/wp\/v2\/tags?post=13320"}],"curies":[{"name":"wp","href":"https:\/\/api.w.org\/{rel}","templated":true}]}}