{"id":13333,"date":"2024-03-31T22:33:54","date_gmt":"2024-04-01T01:33:54","guid":{"rendered":"https:\/\/brasilnoticias.org\/site\/?p=13333"},"modified":"2024-03-31T22:33:54","modified_gmt":"2024-04-01T01:33:54","slug":"medicamentos-ficam-45-mais-caros-a-partir-deste-domingo","status":"publish","type":"post","link":"https:\/\/brasilnoticias.org\/site\/medicamentos-ficam-45-mais-caros-a-partir-deste-domingo\/","title":{"rendered":"Medicamentos ficam 4,5% mais caros a partir deste domingo"},"content":{"rendered":"<p>Farm\u00e1cias poder\u00e3o aplicar o reajuste de uma s\u00f3 vez ou &#8220;parcelar&#8221; ao longo do ano<\/p>\n<p>Os pre\u00e7os dos medicamentos em todo o pa\u00eds devem ser reajustados em at\u00e9 4,5% a partir deste domingo (31). Os valores que podem ser aplicados pelas farm\u00e1cias foram aprovados pela C\u00e2mara de Regula\u00e7\u00e3o do Mercado de Medicamentos (CMED) e publicados no Di\u00e1rio Oficial da Uni\u00e3o (DOU) da quinta-feira (28).<\/p>\n<p>A porcentagem de aumento funcionar\u00e1 com um teto m\u00e1ximo e tem como base o \u00cdndice Nacional de Pre\u00e7os ao Consumidor Amplo (IPCA). A aplica\u00e7\u00e3o do reajuste poder\u00e1 ser feita pelas farm\u00e1cias de uma s\u00f3 vez ou de forma parcelada ao longo do ano.<\/p>\n<p>O Minist\u00e9rio da Sa\u00fade esclareceu que o valor \u00e9 o mais baixo observado desde 2020 e que o percentual &#8220;n\u00e3o representa um aumento autom\u00e1tico nos pre\u00e7os, mas sim a defini\u00e7\u00e3o do teto permitido para reajustes&#8221;.<\/p>\n<p>Para determinar o \u00edndice, a CMED considera diversos elementos, tais como a varia\u00e7\u00e3o da infla\u00e7\u00e3o nos \u00faltimos 12 meses (IPCA), a efici\u00eancia das empresas farmac\u00eauticas, despesas n\u00e3o afetadas pela infla\u00e7\u00e3o, como as taxas de c\u00e2mbio e energia el\u00e9trica, e a competi\u00e7\u00e3o no mercado, conforme estabelecido pelo m\u00e9todo de c\u00e1lculo em vigor desde 2005.<\/p>\n<p>Foto: Freepik<br \/>\nPor: Metro1<\/p>\n","protected":false},"excerpt":{"rendered":"<p>Farm\u00e1cias poder\u00e3o aplicar o reajuste de uma s\u00f3 vez ou &#8220;parcelar&#8221; ao longo do ano Os pre\u00e7os dos medicamentos em<\/p>\n","protected":false},"author":4,"featured_media":13334,"comment_status":"open","ping_status":"open","sticky":false,"template":"","format":"standard","meta":{"colormag_page_container_layout":"default_layout","colormag_page_sidebar_layout":"default_layout","_FSMCFIC_featured_image_caption":"","_FSMCFIC_featured_image_nocaption":"","_FSMCFIC_featured_image_hide":"","footnotes":""},"categories":[2,1],"tags":[],"class_list":["post-13333","post","type-post","status-publish","format-standard","has-post-thumbnail","hentry","category-noticias","category-ultimas"],"yoast_head":"<!-- This site is optimized with the Yoast SEO plugin v27.1.1 - https:\/\/yoast.com\/product\/yoast-seo-wordpress\/ -->\n<title>Medicamentos ficam 4,5% mais caros a partir deste domingo - Brasil not\u00edcias<\/title>\n<meta name=\"robots\" content=\"index, follow, max-snippet:-1, max-image-preview:large, max-video-preview:-1\" \/>\n<link rel=\"canonical\" href=\"https:\/\/brasilnoticias.org\/site\/medicamentos-ficam-45-mais-caros-a-partir-deste-domingo\/\" \/>\n<meta property=\"og:locale\" content=\"pt_PT\" \/>\n<meta property=\"og:type\" content=\"article\" \/>\n<meta property=\"og:title\" content=\"Medicamentos ficam 4,5% mais caros a partir deste domingo - Brasil not\u00edcias\" \/>\n<meta property=\"og:description\" content=\"Farm\u00e1cias poder\u00e3o aplicar o reajuste de uma s\u00f3 vez ou &#8220;parcelar&#8221; ao longo do ano Os pre\u00e7os dos medicamentos em\" \/>\n<meta property=\"og:url\" content=\"https:\/\/brasilnoticias.org\/site\/medicamentos-ficam-45-mais-caros-a-partir-deste-domingo\/\" \/>\n<meta property=\"og:site_name\" content=\"Brasil not\u00edcias\" \/>\n<meta property=\"article:published_time\" content=\"2024-04-01T01:33:54+00:00\" \/>\n<meta property=\"og:image\" content=\"https:\/\/brasilnoticias.org\/site\/wp-content\/uploads\/2024\/03\/148080medicamentos-ficam-45-mais-caros-a-partir-deste-domingo-3.jpg\" \/>\n\t<meta property=\"og:image:width\" content=\"1600\" \/>\n\t<meta property=\"og:image:height\" content=\"752\" \/>\n\t<meta property=\"og:image:type\" content=\"image\/jpeg\" \/>\n<meta name=\"author\" content=\"Reda\u00e7\u00e3o\" \/>\n<meta name=\"twitter:card\" content=\"summary_large_image\" \/>\n<meta name=\"twitter:label1\" content=\"Escrito por\" \/>\n\t<meta name=\"twitter:data1\" content=\"Reda\u00e7\u00e3o\" \/>\n\t<meta name=\"twitter:label2\" content=\"Tempo estimado de leitura\" \/>\n\t<meta name=\"twitter:data2\" content=\"1 minuto\" \/>\n<script type=\"application\/ld+json\" class=\"yoast-schema-graph\">{\"@context\":\"https:\/\/schema.org\",\"@graph\":[{\"@type\":\"Article\",\"@id\":\"https:\/\/brasilnoticias.org\/site\/medicamentos-ficam-45-mais-caros-a-partir-deste-domingo\/#article\",\"isPartOf\":{\"@id\":\"https:\/\/brasilnoticias.org\/site\/medicamentos-ficam-45-mais-caros-a-partir-deste-domingo\/\"},\"author\":{\"name\":\"Reda\u00e7\u00e3o\",\"@id\":\"https:\/\/brasilnoticias.org\/site\/#\/schema\/person\/03bbbfe6c7634ad18c26444ea39049fa\"},\"headline\":\"Medicamentos ficam 4,5% mais caros a partir deste domingo\",\"datePublished\":\"2024-04-01T01:33:54+00:00\",\"mainEntityOfPage\":{\"@id\":\"https:\/\/brasilnoticias.org\/site\/medicamentos-ficam-45-mais-caros-a-partir-deste-domingo\/\"},\"wordCount\":230,\"commentCount\":0,\"publisher\":{\"@id\":\"https:\/\/brasilnoticias.org\/site\/#organization\"},\"image\":{\"@id\":\"https:\/\/brasilnoticias.org\/site\/medicamentos-ficam-45-mais-caros-a-partir-deste-domingo\/#primaryimage\"},\"thumbnailUrl\":\"https:\/\/brasilnoticias.org\/site\/wp-content\/uploads\/2024\/03\/148080medicamentos-ficam-45-mais-caros-a-partir-deste-domingo-3.jpg\",\"articleSection\":[\"Not\u00edcias\",\"\u00daltimas\"],\"inLanguage\":\"pt-PT\",\"potentialAction\":[{\"@type\":\"CommentAction\",\"name\":\"Comment\",\"target\":[\"https:\/\/brasilnoticias.org\/site\/medicamentos-ficam-45-mais-caros-a-partir-deste-domingo\/#respond\"]}]},{\"@type\":\"WebPage\",\"@id\":\"https:\/\/brasilnoticias.org\/site\/medicamentos-ficam-45-mais-caros-a-partir-deste-domingo\/\",\"url\":\"https:\/\/brasilnoticias.org\/site\/medicamentos-ficam-45-mais-caros-a-partir-deste-domingo\/\",\"name\":\"Medicamentos ficam 4,5% mais caros a partir deste domingo - Brasil not\u00edcias\",\"isPartOf\":{\"@id\":\"https:\/\/brasilnoticias.org\/site\/#website\"},\"primaryImageOfPage\":{\"@id\":\"https:\/\/brasilnoticias.org\/site\/medicamentos-ficam-45-mais-caros-a-partir-deste-domingo\/#primaryimage\"},\"image\":{\"@id\":\"https:\/\/brasilnoticias.org\/site\/medicamentos-ficam-45-mais-caros-a-partir-deste-domingo\/#primaryimage\"},\"thumbnailUrl\":\"https:\/\/brasilnoticias.org\/site\/wp-content\/uploads\/2024\/03\/148080medicamentos-ficam-45-mais-caros-a-partir-deste-domingo-3.jpg\",\"datePublished\":\"2024-04-01T01:33:54+00:00\",\"breadcrumb\":{\"@id\":\"https:\/\/brasilnoticias.org\/site\/medicamentos-ficam-45-mais-caros-a-partir-deste-domingo\/#breadcrumb\"},\"inLanguage\":\"pt-PT\",\"potentialAction\":[{\"@type\":\"ReadAction\",\"target\":[\"https:\/\/brasilnoticias.org\/site\/medicamentos-ficam-45-mais-caros-a-partir-deste-domingo\/\"]}]},{\"@type\":\"ImageObject\",\"inLanguage\":\"pt-PT\",\"@id\":\"https:\/\/brasilnoticias.org\/site\/medicamentos-ficam-45-mais-caros-a-partir-deste-domingo\/#primaryimage\",\"url\":\"https:\/\/brasilnoticias.org\/site\/wp-content\/uploads\/2024\/03\/148080medicamentos-ficam-45-mais-caros-a-partir-deste-domingo-3.jpg\",\"contentUrl\":\"https:\/\/brasilnoticias.org\/site\/wp-content\/uploads\/2024\/03\/148080medicamentos-ficam-45-mais-caros-a-partir-deste-domingo-3.jpg\",\"width\":1600,\"height\":752},{\"@type\":\"BreadcrumbList\",\"@id\":\"https:\/\/brasilnoticias.org\/site\/medicamentos-ficam-45-mais-caros-a-partir-deste-domingo\/#breadcrumb\",\"itemListElement\":[{\"@type\":\"ListItem\",\"position\":1,\"name\":\"In\u00edcio\",\"item\":\"https:\/\/brasilnoticias.org\/site\/\"},{\"@type\":\"ListItem\",\"position\":2,\"name\":\"Medicamentos ficam 4,5% mais caros a partir deste domingo\"}]},{\"@type\":\"WebSite\",\"@id\":\"https:\/\/brasilnoticias.org\/site\/#website\",\"url\":\"https:\/\/brasilnoticias.org\/site\/\",\"name\":\"Brasil not\u00edcias\",\"description\":\"Brasil not\u00edcias\",\"publisher\":{\"@id\":\"https:\/\/brasilnoticias.org\/site\/#organization\"},\"potentialAction\":[{\"@type\":\"SearchAction\",\"target\":{\"@type\":\"EntryPoint\",\"urlTemplate\":\"https:\/\/brasilnoticias.org\/site\/?s={search_term_string}\"},\"query-input\":{\"@type\":\"PropertyValueSpecification\",\"valueRequired\":true,\"valueName\":\"search_term_string\"}}],\"inLanguage\":\"pt-PT\"},{\"@type\":\"Organization\",\"@id\":\"https:\/\/brasilnoticias.org\/site\/#organization\",\"name\":\"Brasil not\u00edcias\",\"url\":\"https:\/\/brasilnoticias.org\/site\/\",\"logo\":{\"@type\":\"ImageObject\",\"inLanguage\":\"pt-PT\",\"@id\":\"https:\/\/brasilnoticias.org\/site\/#\/schema\/logo\/image\/\",\"url\":\"https:\/\/brasilnoticias.org\/site\/wp-content\/uploads\/2022\/05\/cropped-brasilnoticias-mini.jpg\",\"contentUrl\":\"https:\/\/brasilnoticias.org\/site\/wp-content\/uploads\/2022\/05\/cropped-brasilnoticias-mini.jpg\",\"width\":314,\"height\":86,\"caption\":\"Brasil not\u00edcias\"},\"image\":{\"@id\":\"https:\/\/brasilnoticias.org\/site\/#\/schema\/logo\/image\/\"}},{\"@type\":\"Person\",\"@id\":\"https:\/\/brasilnoticias.org\/site\/#\/schema\/person\/03bbbfe6c7634ad18c26444ea39049fa\",\"name\":\"Reda\u00e7\u00e3o\",\"image\":{\"@type\":\"ImageObject\",\"inLanguage\":\"pt-PT\",\"@id\":\"https:\/\/brasilnoticias.org\/site\/#\/schema\/person\/image\/\",\"url\":\"https:\/\/secure.gravatar.com\/avatar\/9ecaf7327a696cb23ad926fedded5f1f04d7049de9e445375d55b48c001a6e42?s=96&d=mm&r=g\",\"contentUrl\":\"https:\/\/secure.gravatar.com\/avatar\/9ecaf7327a696cb23ad926fedded5f1f04d7049de9e445375d55b48c001a6e42?s=96&d=mm&r=g\",\"caption\":\"Reda\u00e7\u00e3o\"},\"url\":\"https:\/\/brasilnoticias.org\/site\/author\/henrique\/\"}]}<\/script>\n<!-- \/ Yoast SEO plugin. -->","yoast_head_json":{"title":"Medicamentos ficam 4,5% mais caros a partir deste domingo - Brasil not\u00edcias","robots":{"index":"index","follow":"follow","max-snippet":"max-snippet:-1","max-image-preview":"max-image-preview:large","max-video-preview":"max-video-preview:-1"},"canonical":"https:\/\/brasilnoticias.org\/site\/medicamentos-ficam-45-mais-caros-a-partir-deste-domingo\/","og_locale":"pt_PT","og_type":"article","og_title":"Medicamentos ficam 4,5% mais caros a partir deste domingo - Brasil not\u00edcias","og_description":"Farm\u00e1cias poder\u00e3o aplicar o reajuste de uma s\u00f3 vez ou &#8220;parcelar&#8221; ao longo do ano Os pre\u00e7os dos medicamentos em","og_url":"https:\/\/brasilnoticias.org\/site\/medicamentos-ficam-45-mais-caros-a-partir-deste-domingo\/","og_site_name":"Brasil not\u00edcias","article_published_time":"2024-04-01T01:33:54+00:00","og_image":[{"width":1600,"height":752,"url":"https:\/\/brasilnoticias.org\/site\/wp-content\/uploads\/2024\/03\/148080medicamentos-ficam-45-mais-caros-a-partir-deste-domingo-3.jpg","type":"image\/jpeg"}],"author":"Reda\u00e7\u00e3o","twitter_card":"summary_large_image","twitter_misc":{"Escrito por":"Reda\u00e7\u00e3o","Tempo estimado de leitura":"1 minuto"},"schema":{"@context":"https:\/\/schema.org","@graph":[{"@type":"Article","@id":"https:\/\/brasilnoticias.org\/site\/medicamentos-ficam-45-mais-caros-a-partir-deste-domingo\/#article","isPartOf":{"@id":"https:\/\/brasilnoticias.org\/site\/medicamentos-ficam-45-mais-caros-a-partir-deste-domingo\/"},"author":{"name":"Reda\u00e7\u00e3o","@id":"https:\/\/brasilnoticias.org\/site\/#\/schema\/person\/03bbbfe6c7634ad18c26444ea39049fa"},"headline":"Medicamentos ficam 4,5% mais caros a partir deste domingo","datePublished":"2024-04-01T01:33:54+00:00","mainEntityOfPage":{"@id":"https:\/\/brasilnoticias.org\/site\/medicamentos-ficam-45-mais-caros-a-partir-deste-domingo\/"},"wordCount":230,"commentCount":0,"publisher":{"@id":"https:\/\/brasilnoticias.org\/site\/#organization"},"image":{"@id":"https:\/\/brasilnoticias.org\/site\/medicamentos-ficam-45-mais-caros-a-partir-deste-domingo\/#primaryimage"},"thumbnailUrl":"https:\/\/brasilnoticias.org\/site\/wp-content\/uploads\/2024\/03\/148080medicamentos-ficam-45-mais-caros-a-partir-deste-domingo-3.jpg","articleSection":["Not\u00edcias","\u00daltimas"],"inLanguage":"pt-PT","potentialAction":[{"@type":"CommentAction","name":"Comment","target":["https:\/\/brasilnoticias.org\/site\/medicamentos-ficam-45-mais-caros-a-partir-deste-domingo\/#respond"]}]},{"@type":"WebPage","@id":"https:\/\/brasilnoticias.org\/site\/medicamentos-ficam-45-mais-caros-a-partir-deste-domingo\/","url":"https:\/\/brasilnoticias.org\/site\/medicamentos-ficam-45-mais-caros-a-partir-deste-domingo\/","name":"Medicamentos ficam 4,5% mais caros a partir deste domingo - Brasil not\u00edcias","isPartOf":{"@id":"https:\/\/brasilnoticias.org\/site\/#website"},"primaryImageOfPage":{"@id":"https:\/\/brasilnoticias.org\/site\/medicamentos-ficam-45-mais-caros-a-partir-deste-domingo\/#primaryimage"},"image":{"@id":"https:\/\/brasilnoticias.org\/site\/medicamentos-ficam-45-mais-caros-a-partir-deste-domingo\/#primaryimage"},"thumbnailUrl":"https:\/\/brasilnoticias.org\/site\/wp-content\/uploads\/2024\/03\/148080medicamentos-ficam-45-mais-caros-a-partir-deste-domingo-3.jpg","datePublished":"2024-04-01T01:33:54+00:00","breadcrumb":{"@id":"https:\/\/brasilnoticias.org\/site\/medicamentos-ficam-45-mais-caros-a-partir-deste-domingo\/#breadcrumb"},"inLanguage":"pt-PT","potentialAction":[{"@type":"ReadAction","target":["https:\/\/brasilnoticias.org\/site\/medicamentos-ficam-45-mais-caros-a-partir-deste-domingo\/"]}]},{"@type":"ImageObject","inLanguage":"pt-PT","@id":"https:\/\/brasilnoticias.org\/site\/medicamentos-ficam-45-mais-caros-a-partir-deste-domingo\/#primaryimage","url":"https:\/\/brasilnoticias.org\/site\/wp-content\/uploads\/2024\/03\/148080medicamentos-ficam-45-mais-caros-a-partir-deste-domingo-3.jpg","contentUrl":"https:\/\/brasilnoticias.org\/site\/wp-content\/uploads\/2024\/03\/148080medicamentos-ficam-45-mais-caros-a-partir-deste-domingo-3.jpg","width":1600,"height":752},{"@type":"BreadcrumbList","@id":"https:\/\/brasilnoticias.org\/site\/medicamentos-ficam-45-mais-caros-a-partir-deste-domingo\/#breadcrumb","itemListElement":[{"@type":"ListItem","position":1,"name":"In\u00edcio","item":"https:\/\/brasilnoticias.org\/site\/"},{"@type":"ListItem","position":2,"name":"Medicamentos ficam 4,5% mais caros a partir deste domingo"}]},{"@type":"WebSite","@id":"https:\/\/brasilnoticias.org\/site\/#website","url":"https:\/\/brasilnoticias.org\/site\/","name":"Brasil not\u00edcias","description":"Brasil not\u00edcias","publisher":{"@id":"https:\/\/brasilnoticias.org\/site\/#organization"},"potentialAction":[{"@type":"SearchAction","target":{"@type":"EntryPoint","urlTemplate":"https:\/\/brasilnoticias.org\/site\/?s={search_term_string}"},"query-input":{"@type":"PropertyValueSpecification","valueRequired":true,"valueName":"search_term_string"}}],"inLanguage":"pt-PT"},{"@type":"Organization","@id":"https:\/\/brasilnoticias.org\/site\/#organization","name":"Brasil not\u00edcias","url":"https:\/\/brasilnoticias.org\/site\/","logo":{"@type":"ImageObject","inLanguage":"pt-PT","@id":"https:\/\/brasilnoticias.org\/site\/#\/schema\/logo\/image\/","url":"https:\/\/brasilnoticias.org\/site\/wp-content\/uploads\/2022\/05\/cropped-brasilnoticias-mini.jpg","contentUrl":"https:\/\/brasilnoticias.org\/site\/wp-content\/uploads\/2022\/05\/cropped-brasilnoticias-mini.jpg","width":314,"height":86,"caption":"Brasil not\u00edcias"},"image":{"@id":"https:\/\/brasilnoticias.org\/site\/#\/schema\/logo\/image\/"}},{"@type":"Person","@id":"https:\/\/brasilnoticias.org\/site\/#\/schema\/person\/03bbbfe6c7634ad18c26444ea39049fa","name":"Reda\u00e7\u00e3o","image":{"@type":"ImageObject","inLanguage":"pt-PT","@id":"https:\/\/brasilnoticias.org\/site\/#\/schema\/person\/image\/","url":"https:\/\/secure.gravatar.com\/avatar\/9ecaf7327a696cb23ad926fedded5f1f04d7049de9e445375d55b48c001a6e42?s=96&d=mm&r=g","contentUrl":"https:\/\/secure.gravatar.com\/avatar\/9ecaf7327a696cb23ad926fedded5f1f04d7049de9e445375d55b48c001a6e42?s=96&d=mm&r=g","caption":"Reda\u00e7\u00e3o"},"url":"https:\/\/brasilnoticias.org\/site\/author\/henrique\/"}]}},"_links":{"self":[{"href":"https:\/\/brasilnoticias.org\/site\/wp-json\/wp\/v2\/posts\/13333","targetHints":{"allow":["GET"]}}],"collection":[{"href":"https:\/\/brasilnoticias.org\/site\/wp-json\/wp\/v2\/posts"}],"about":[{"href":"https:\/\/brasilnoticias.org\/site\/wp-json\/wp\/v2\/types\/post"}],"author":[{"embeddable":true,"href":"https:\/\/brasilnoticias.org\/site\/wp-json\/wp\/v2\/users\/4"}],"replies":[{"embeddable":true,"href":"https:\/\/brasilnoticias.org\/site\/wp-json\/wp\/v2\/comments?post=13333"}],"version-history":[{"count":1,"href":"https:\/\/brasilnoticias.org\/site\/wp-json\/wp\/v2\/posts\/13333\/revisions"}],"predecessor-version":[{"id":13335,"href":"https:\/\/brasilnoticias.org\/site\/wp-json\/wp\/v2\/posts\/13333\/revisions\/13335"}],"wp:featuredmedia":[{"embeddable":true,"href":"https:\/\/brasilnoticias.org\/site\/wp-json\/wp\/v2\/media\/13334"}],"wp:attachment":[{"href":"https:\/\/brasilnoticias.org\/site\/wp-json\/wp\/v2\/media?parent=13333"}],"wp:term":[{"taxonomy":"category","embeddable":true,"href":"https:\/\/brasilnoticias.org\/site\/wp-json\/wp\/v2\/categories?post=13333"},{"taxonomy":"post_tag","embeddable":true,"href":"https:\/\/brasilnoticias.org\/site\/wp-json\/wp\/v2\/tags?post=13333"}],"curies":[{"name":"wp","href":"https:\/\/api.w.org\/{rel}","templated":true}]}}