{"id":13364,"date":"2024-04-01T13:28:18","date_gmt":"2024-04-01T16:28:18","guid":{"rendered":"https:\/\/brasilnoticias.org\/site\/?p=13364"},"modified":"2024-04-01T13:28:18","modified_gmt":"2024-04-01T16:28:18","slug":"defesa-de-mauro-cid-garante-que-delacao-nao-sera-anulada-nunca-esteve-em-risco","status":"publish","type":"post","link":"https:\/\/brasilnoticias.org\/site\/defesa-de-mauro-cid-garante-que-delacao-nao-sera-anulada-nunca-esteve-em-risco\/","title":{"rendered":"Defesa de Mauro Cid garante que dela\u00e7\u00e3o n\u00e3o ser\u00e1 anulada: &#8220;Nunca esteve em risco&#8221;"},"content":{"rendered":"<p>Cid foi preso novamente no dia 22 de mar\u00e7o ap\u00f3s o vazamento de \u00e1udios onde ele diz que foi for\u00e7ado a contar o que disse \u00e0 PF<\/p>\n<p>A defesa do ex-ajudante de ordens do ex-presidente Jair Bolsonaro (PL), garantiu que o acordo de dela\u00e7\u00e3o feito entre ele e a Pol\u00edcia Federal (PF) n\u00e3o est\u00e1 em risco. A informa\u00e7\u00e3o foi divulgada nesta segunda-feira (1\u00ba).<\/p>\n<p>\u201cN\u00e3o caiu nada, est\u00e1 mantido. Esse acordo nunca esteve em risco, apesar das bobagens ditas e afirmadas por alguns. Eu sou o advogado do Cid, lembra? E n\u00e3o sou nenhum ne\u00f3fito, n\u00e9!?\u201d, disse Cezar Bitencourt \u00e0 CNN.<\/p>\n<p>A expectativa sobre uma poss\u00edvel anula\u00e7\u00e3o do acordo acontece ap\u00f3s Cid ter sido preso novamente no dia 22 de mar\u00e7o, quando prestou depoimento ao gabinete do ministro do Supremo Tribunal Federal (STF) Alexandre de Moraes sobre \u00e1udio em que aparece dizendo ter sido for\u00e7ado a contar o que disse para a PF. <\/p>\n<p>As revela\u00e7\u00f5es da dela\u00e7\u00e3o realizada por Mauro Cid fundamentaram a\u00e7\u00f5es de pris\u00e3o, busca e apreens\u00e3o da pol\u00edcia, sobre tentativa de golpe no pa\u00eds e no caso das j\u00f3ias sauditas.<\/p>\n<p>Foto: Ant\u00f4nio Cruz\/Ag\u00eancia Brasil<br \/>\nPor: Metro1<\/p>\n","protected":false},"excerpt":{"rendered":"<p>Cid foi preso novamente no dia 22 de mar\u00e7o ap\u00f3s o vazamento de \u00e1udios onde ele diz que foi for\u00e7ado<\/p>\n","protected":false},"author":4,"featured_media":13365,"comment_status":"open","ping_status":"open","sticky":false,"template":"","format":"standard","meta":{"colormag_page_container_layout":"default_layout","colormag_page_sidebar_layout":"default_layout","_FSMCFIC_featured_image_caption":"","_FSMCFIC_featured_image_nocaption":"","_FSMCFIC_featured_image_hide":"","footnotes":""},"categories":[5,1],"tags":[],"class_list":["post-13364","post","type-post","status-publish","format-standard","has-post-thumbnail","hentry","category-politica","category-ultimas"],"yoast_head":"<!-- This site is optimized with the Yoast SEO plugin v27.1.1 - https:\/\/yoast.com\/product\/yoast-seo-wordpress\/ -->\n<title>Defesa de Mauro Cid garante que dela\u00e7\u00e3o n\u00e3o ser\u00e1 anulada: &quot;Nunca esteve em risco&quot; - Brasil not\u00edcias<\/title>\n<meta name=\"robots\" content=\"index, follow, max-snippet:-1, max-image-preview:large, max-video-preview:-1\" \/>\n<link rel=\"canonical\" href=\"https:\/\/brasilnoticias.org\/site\/defesa-de-mauro-cid-garante-que-delacao-nao-sera-anulada-nunca-esteve-em-risco\/\" \/>\n<meta property=\"og:locale\" content=\"pt_PT\" \/>\n<meta property=\"og:type\" content=\"article\" \/>\n<meta property=\"og:title\" content=\"Defesa de Mauro Cid garante que dela\u00e7\u00e3o n\u00e3o ser\u00e1 anulada: &quot;Nunca esteve em risco&quot; - Brasil not\u00edcias\" \/>\n<meta property=\"og:description\" content=\"Cid foi preso novamente no dia 22 de mar\u00e7o ap\u00f3s o vazamento de \u00e1udios onde ele diz que foi for\u00e7ado\" \/>\n<meta property=\"og:url\" content=\"https:\/\/brasilnoticias.org\/site\/defesa-de-mauro-cid-garante-que-delacao-nao-sera-anulada-nunca-esteve-em-risco\/\" \/>\n<meta property=\"og:site_name\" content=\"Brasil not\u00edcias\" \/>\n<meta property=\"article:published_time\" content=\"2024-04-01T16:28:18+00:00\" \/>\n<meta property=\"og:image\" content=\"https:\/\/brasilnoticias.org\/site\/wp-content\/uploads\/2024\/04\/148112defesa-de-mauro-cid-garante-que-delacao-nao-sera-anulada-nunca-esteve-em-risco-3.jpg\" \/>\n\t<meta property=\"og:image:width\" content=\"1600\" \/>\n\t<meta property=\"og:image:height\" content=\"752\" \/>\n\t<meta property=\"og:image:type\" content=\"image\/jpeg\" \/>\n<meta name=\"author\" content=\"Reda\u00e7\u00e3o\" \/>\n<meta name=\"twitter:card\" content=\"summary_large_image\" \/>\n<meta name=\"twitter:label1\" content=\"Escrito por\" \/>\n\t<meta name=\"twitter:data1\" content=\"Reda\u00e7\u00e3o\" \/>\n<script type=\"application\/ld+json\" class=\"yoast-schema-graph\">{\"@context\":\"https:\/\/schema.org\",\"@graph\":[{\"@type\":\"Article\",\"@id\":\"https:\/\/brasilnoticias.org\/site\/defesa-de-mauro-cid-garante-que-delacao-nao-sera-anulada-nunca-esteve-em-risco\/#article\",\"isPartOf\":{\"@id\":\"https:\/\/brasilnoticias.org\/site\/defesa-de-mauro-cid-garante-que-delacao-nao-sera-anulada-nunca-esteve-em-risco\/\"},\"author\":{\"name\":\"Reda\u00e7\u00e3o\",\"@id\":\"https:\/\/brasilnoticias.org\/site\/#\/schema\/person\/03bbbfe6c7634ad18c26444ea39049fa\"},\"headline\":\"Defesa de Mauro Cid garante que dela\u00e7\u00e3o n\u00e3o ser\u00e1 anulada: &#8220;Nunca esteve em risco&#8221;\",\"datePublished\":\"2024-04-01T16:28:18+00:00\",\"mainEntityOfPage\":{\"@id\":\"https:\/\/brasilnoticias.org\/site\/defesa-de-mauro-cid-garante-que-delacao-nao-sera-anulada-nunca-esteve-em-risco\/\"},\"wordCount\":224,\"commentCount\":0,\"publisher\":{\"@id\":\"https:\/\/brasilnoticias.org\/site\/#organization\"},\"image\":{\"@id\":\"https:\/\/brasilnoticias.org\/site\/defesa-de-mauro-cid-garante-que-delacao-nao-sera-anulada-nunca-esteve-em-risco\/#primaryimage\"},\"thumbnailUrl\":\"https:\/\/brasilnoticias.org\/site\/wp-content\/uploads\/2024\/04\/148112defesa-de-mauro-cid-garante-que-delacao-nao-sera-anulada-nunca-esteve-em-risco-3.jpg\",\"articleSection\":[\"Pol\u00edtica\",\"\u00daltimas\"],\"inLanguage\":\"pt-PT\",\"potentialAction\":[{\"@type\":\"CommentAction\",\"name\":\"Comment\",\"target\":[\"https:\/\/brasilnoticias.org\/site\/defesa-de-mauro-cid-garante-que-delacao-nao-sera-anulada-nunca-esteve-em-risco\/#respond\"]}]},{\"@type\":\"WebPage\",\"@id\":\"https:\/\/brasilnoticias.org\/site\/defesa-de-mauro-cid-garante-que-delacao-nao-sera-anulada-nunca-esteve-em-risco\/\",\"url\":\"https:\/\/brasilnoticias.org\/site\/defesa-de-mauro-cid-garante-que-delacao-nao-sera-anulada-nunca-esteve-em-risco\/\",\"name\":\"Defesa de Mauro Cid garante que dela\u00e7\u00e3o n\u00e3o ser\u00e1 anulada: \\\"Nunca esteve em risco\\\" - Brasil not\u00edcias\",\"isPartOf\":{\"@id\":\"https:\/\/brasilnoticias.org\/site\/#website\"},\"primaryImageOfPage\":{\"@id\":\"https:\/\/brasilnoticias.org\/site\/defesa-de-mauro-cid-garante-que-delacao-nao-sera-anulada-nunca-esteve-em-risco\/#primaryimage\"},\"image\":{\"@id\":\"https:\/\/brasilnoticias.org\/site\/defesa-de-mauro-cid-garante-que-delacao-nao-sera-anulada-nunca-esteve-em-risco\/#primaryimage\"},\"thumbnailUrl\":\"https:\/\/brasilnoticias.org\/site\/wp-content\/uploads\/2024\/04\/148112defesa-de-mauro-cid-garante-que-delacao-nao-sera-anulada-nunca-esteve-em-risco-3.jpg\",\"datePublished\":\"2024-04-01T16:28:18+00:00\",\"breadcrumb\":{\"@id\":\"https:\/\/brasilnoticias.org\/site\/defesa-de-mauro-cid-garante-que-delacao-nao-sera-anulada-nunca-esteve-em-risco\/#breadcrumb\"},\"inLanguage\":\"pt-PT\",\"potentialAction\":[{\"@type\":\"ReadAction\",\"target\":[\"https:\/\/brasilnoticias.org\/site\/defesa-de-mauro-cid-garante-que-delacao-nao-sera-anulada-nunca-esteve-em-risco\/\"]}]},{\"@type\":\"ImageObject\",\"inLanguage\":\"pt-PT\",\"@id\":\"https:\/\/brasilnoticias.org\/site\/defesa-de-mauro-cid-garante-que-delacao-nao-sera-anulada-nunca-esteve-em-risco\/#primaryimage\",\"url\":\"https:\/\/brasilnoticias.org\/site\/wp-content\/uploads\/2024\/04\/148112defesa-de-mauro-cid-garante-que-delacao-nao-sera-anulada-nunca-esteve-em-risco-3.jpg\",\"contentUrl\":\"https:\/\/brasilnoticias.org\/site\/wp-content\/uploads\/2024\/04\/148112defesa-de-mauro-cid-garante-que-delacao-nao-sera-anulada-nunca-esteve-em-risco-3.jpg\",\"width\":1600,\"height\":752},{\"@type\":\"BreadcrumbList\",\"@id\":\"https:\/\/brasilnoticias.org\/site\/defesa-de-mauro-cid-garante-que-delacao-nao-sera-anulada-nunca-esteve-em-risco\/#breadcrumb\",\"itemListElement\":[{\"@type\":\"ListItem\",\"position\":1,\"name\":\"In\u00edcio\",\"item\":\"https:\/\/brasilnoticias.org\/site\/\"},{\"@type\":\"ListItem\",\"position\":2,\"name\":\"Defesa de Mauro Cid garante que dela\u00e7\u00e3o n\u00e3o ser\u00e1 anulada: &#8220;Nunca esteve em risco&#8221;\"}]},{\"@type\":\"WebSite\",\"@id\":\"https:\/\/brasilnoticias.org\/site\/#website\",\"url\":\"https:\/\/brasilnoticias.org\/site\/\",\"name\":\"Brasil not\u00edcias\",\"description\":\"Brasil not\u00edcias\",\"publisher\":{\"@id\":\"https:\/\/brasilnoticias.org\/site\/#organization\"},\"potentialAction\":[{\"@type\":\"SearchAction\",\"target\":{\"@type\":\"EntryPoint\",\"urlTemplate\":\"https:\/\/brasilnoticias.org\/site\/?s={search_term_string}\"},\"query-input\":{\"@type\":\"PropertyValueSpecification\",\"valueRequired\":true,\"valueName\":\"search_term_string\"}}],\"inLanguage\":\"pt-PT\"},{\"@type\":\"Organization\",\"@id\":\"https:\/\/brasilnoticias.org\/site\/#organization\",\"name\":\"Brasil not\u00edcias\",\"url\":\"https:\/\/brasilnoticias.org\/site\/\",\"logo\":{\"@type\":\"ImageObject\",\"inLanguage\":\"pt-PT\",\"@id\":\"https:\/\/brasilnoticias.org\/site\/#\/schema\/logo\/image\/\",\"url\":\"https:\/\/brasilnoticias.org\/site\/wp-content\/uploads\/2022\/05\/cropped-brasilnoticias-mini.jpg\",\"contentUrl\":\"https:\/\/brasilnoticias.org\/site\/wp-content\/uploads\/2022\/05\/cropped-brasilnoticias-mini.jpg\",\"width\":314,\"height\":86,\"caption\":\"Brasil not\u00edcias\"},\"image\":{\"@id\":\"https:\/\/brasilnoticias.org\/site\/#\/schema\/logo\/image\/\"}},{\"@type\":\"Person\",\"@id\":\"https:\/\/brasilnoticias.org\/site\/#\/schema\/person\/03bbbfe6c7634ad18c26444ea39049fa\",\"name\":\"Reda\u00e7\u00e3o\",\"image\":{\"@type\":\"ImageObject\",\"inLanguage\":\"pt-PT\",\"@id\":\"https:\/\/brasilnoticias.org\/site\/#\/schema\/person\/image\/\",\"url\":\"https:\/\/secure.gravatar.com\/avatar\/9ecaf7327a696cb23ad926fedded5f1f04d7049de9e445375d55b48c001a6e42?s=96&d=mm&r=g\",\"contentUrl\":\"https:\/\/secure.gravatar.com\/avatar\/9ecaf7327a696cb23ad926fedded5f1f04d7049de9e445375d55b48c001a6e42?s=96&d=mm&r=g\",\"caption\":\"Reda\u00e7\u00e3o\"},\"url\":\"https:\/\/brasilnoticias.org\/site\/author\/henrique\/\"}]}<\/script>\n<!-- \/ Yoast SEO plugin. -->","yoast_head_json":{"title":"Defesa de Mauro Cid garante que dela\u00e7\u00e3o n\u00e3o ser\u00e1 anulada: \"Nunca esteve em risco\" - Brasil not\u00edcias","robots":{"index":"index","follow":"follow","max-snippet":"max-snippet:-1","max-image-preview":"max-image-preview:large","max-video-preview":"max-video-preview:-1"},"canonical":"https:\/\/brasilnoticias.org\/site\/defesa-de-mauro-cid-garante-que-delacao-nao-sera-anulada-nunca-esteve-em-risco\/","og_locale":"pt_PT","og_type":"article","og_title":"Defesa de Mauro Cid garante que dela\u00e7\u00e3o n\u00e3o ser\u00e1 anulada: \"Nunca esteve em risco\" - Brasil not\u00edcias","og_description":"Cid foi preso novamente no dia 22 de mar\u00e7o ap\u00f3s o vazamento de \u00e1udios onde ele diz que foi for\u00e7ado","og_url":"https:\/\/brasilnoticias.org\/site\/defesa-de-mauro-cid-garante-que-delacao-nao-sera-anulada-nunca-esteve-em-risco\/","og_site_name":"Brasil not\u00edcias","article_published_time":"2024-04-01T16:28:18+00:00","og_image":[{"width":1600,"height":752,"url":"https:\/\/brasilnoticias.org\/site\/wp-content\/uploads\/2024\/04\/148112defesa-de-mauro-cid-garante-que-delacao-nao-sera-anulada-nunca-esteve-em-risco-3.jpg","type":"image\/jpeg"}],"author":"Reda\u00e7\u00e3o","twitter_card":"summary_large_image","twitter_misc":{"Escrito por":"Reda\u00e7\u00e3o"},"schema":{"@context":"https:\/\/schema.org","@graph":[{"@type":"Article","@id":"https:\/\/brasilnoticias.org\/site\/defesa-de-mauro-cid-garante-que-delacao-nao-sera-anulada-nunca-esteve-em-risco\/#article","isPartOf":{"@id":"https:\/\/brasilnoticias.org\/site\/defesa-de-mauro-cid-garante-que-delacao-nao-sera-anulada-nunca-esteve-em-risco\/"},"author":{"name":"Reda\u00e7\u00e3o","@id":"https:\/\/brasilnoticias.org\/site\/#\/schema\/person\/03bbbfe6c7634ad18c26444ea39049fa"},"headline":"Defesa de Mauro Cid garante que dela\u00e7\u00e3o n\u00e3o ser\u00e1 anulada: &#8220;Nunca esteve em risco&#8221;","datePublished":"2024-04-01T16:28:18+00:00","mainEntityOfPage":{"@id":"https:\/\/brasilnoticias.org\/site\/defesa-de-mauro-cid-garante-que-delacao-nao-sera-anulada-nunca-esteve-em-risco\/"},"wordCount":224,"commentCount":0,"publisher":{"@id":"https:\/\/brasilnoticias.org\/site\/#organization"},"image":{"@id":"https:\/\/brasilnoticias.org\/site\/defesa-de-mauro-cid-garante-que-delacao-nao-sera-anulada-nunca-esteve-em-risco\/#primaryimage"},"thumbnailUrl":"https:\/\/brasilnoticias.org\/site\/wp-content\/uploads\/2024\/04\/148112defesa-de-mauro-cid-garante-que-delacao-nao-sera-anulada-nunca-esteve-em-risco-3.jpg","articleSection":["Pol\u00edtica","\u00daltimas"],"inLanguage":"pt-PT","potentialAction":[{"@type":"CommentAction","name":"Comment","target":["https:\/\/brasilnoticias.org\/site\/defesa-de-mauro-cid-garante-que-delacao-nao-sera-anulada-nunca-esteve-em-risco\/#respond"]}]},{"@type":"WebPage","@id":"https:\/\/brasilnoticias.org\/site\/defesa-de-mauro-cid-garante-que-delacao-nao-sera-anulada-nunca-esteve-em-risco\/","url":"https:\/\/brasilnoticias.org\/site\/defesa-de-mauro-cid-garante-que-delacao-nao-sera-anulada-nunca-esteve-em-risco\/","name":"Defesa de Mauro Cid garante que dela\u00e7\u00e3o n\u00e3o ser\u00e1 anulada: \"Nunca esteve em risco\" - Brasil not\u00edcias","isPartOf":{"@id":"https:\/\/brasilnoticias.org\/site\/#website"},"primaryImageOfPage":{"@id":"https:\/\/brasilnoticias.org\/site\/defesa-de-mauro-cid-garante-que-delacao-nao-sera-anulada-nunca-esteve-em-risco\/#primaryimage"},"image":{"@id":"https:\/\/brasilnoticias.org\/site\/defesa-de-mauro-cid-garante-que-delacao-nao-sera-anulada-nunca-esteve-em-risco\/#primaryimage"},"thumbnailUrl":"https:\/\/brasilnoticias.org\/site\/wp-content\/uploads\/2024\/04\/148112defesa-de-mauro-cid-garante-que-delacao-nao-sera-anulada-nunca-esteve-em-risco-3.jpg","datePublished":"2024-04-01T16:28:18+00:00","breadcrumb":{"@id":"https:\/\/brasilnoticias.org\/site\/defesa-de-mauro-cid-garante-que-delacao-nao-sera-anulada-nunca-esteve-em-risco\/#breadcrumb"},"inLanguage":"pt-PT","potentialAction":[{"@type":"ReadAction","target":["https:\/\/brasilnoticias.org\/site\/defesa-de-mauro-cid-garante-que-delacao-nao-sera-anulada-nunca-esteve-em-risco\/"]}]},{"@type":"ImageObject","inLanguage":"pt-PT","@id":"https:\/\/brasilnoticias.org\/site\/defesa-de-mauro-cid-garante-que-delacao-nao-sera-anulada-nunca-esteve-em-risco\/#primaryimage","url":"https:\/\/brasilnoticias.org\/site\/wp-content\/uploads\/2024\/04\/148112defesa-de-mauro-cid-garante-que-delacao-nao-sera-anulada-nunca-esteve-em-risco-3.jpg","contentUrl":"https:\/\/brasilnoticias.org\/site\/wp-content\/uploads\/2024\/04\/148112defesa-de-mauro-cid-garante-que-delacao-nao-sera-anulada-nunca-esteve-em-risco-3.jpg","width":1600,"height":752},{"@type":"BreadcrumbList","@id":"https:\/\/brasilnoticias.org\/site\/defesa-de-mauro-cid-garante-que-delacao-nao-sera-anulada-nunca-esteve-em-risco\/#breadcrumb","itemListElement":[{"@type":"ListItem","position":1,"name":"In\u00edcio","item":"https:\/\/brasilnoticias.org\/site\/"},{"@type":"ListItem","position":2,"name":"Defesa de Mauro Cid garante que dela\u00e7\u00e3o n\u00e3o ser\u00e1 anulada: &#8220;Nunca esteve em risco&#8221;"}]},{"@type":"WebSite","@id":"https:\/\/brasilnoticias.org\/site\/#website","url":"https:\/\/brasilnoticias.org\/site\/","name":"Brasil not\u00edcias","description":"Brasil not\u00edcias","publisher":{"@id":"https:\/\/brasilnoticias.org\/site\/#organization"},"potentialAction":[{"@type":"SearchAction","target":{"@type":"EntryPoint","urlTemplate":"https:\/\/brasilnoticias.org\/site\/?s={search_term_string}"},"query-input":{"@type":"PropertyValueSpecification","valueRequired":true,"valueName":"search_term_string"}}],"inLanguage":"pt-PT"},{"@type":"Organization","@id":"https:\/\/brasilnoticias.org\/site\/#organization","name":"Brasil not\u00edcias","url":"https:\/\/brasilnoticias.org\/site\/","logo":{"@type":"ImageObject","inLanguage":"pt-PT","@id":"https:\/\/brasilnoticias.org\/site\/#\/schema\/logo\/image\/","url":"https:\/\/brasilnoticias.org\/site\/wp-content\/uploads\/2022\/05\/cropped-brasilnoticias-mini.jpg","contentUrl":"https:\/\/brasilnoticias.org\/site\/wp-content\/uploads\/2022\/05\/cropped-brasilnoticias-mini.jpg","width":314,"height":86,"caption":"Brasil not\u00edcias"},"image":{"@id":"https:\/\/brasilnoticias.org\/site\/#\/schema\/logo\/image\/"}},{"@type":"Person","@id":"https:\/\/brasilnoticias.org\/site\/#\/schema\/person\/03bbbfe6c7634ad18c26444ea39049fa","name":"Reda\u00e7\u00e3o","image":{"@type":"ImageObject","inLanguage":"pt-PT","@id":"https:\/\/brasilnoticias.org\/site\/#\/schema\/person\/image\/","url":"https:\/\/secure.gravatar.com\/avatar\/9ecaf7327a696cb23ad926fedded5f1f04d7049de9e445375d55b48c001a6e42?s=96&d=mm&r=g","contentUrl":"https:\/\/secure.gravatar.com\/avatar\/9ecaf7327a696cb23ad926fedded5f1f04d7049de9e445375d55b48c001a6e42?s=96&d=mm&r=g","caption":"Reda\u00e7\u00e3o"},"url":"https:\/\/brasilnoticias.org\/site\/author\/henrique\/"}]}},"_links":{"self":[{"href":"https:\/\/brasilnoticias.org\/site\/wp-json\/wp\/v2\/posts\/13364","targetHints":{"allow":["GET"]}}],"collection":[{"href":"https:\/\/brasilnoticias.org\/site\/wp-json\/wp\/v2\/posts"}],"about":[{"href":"https:\/\/brasilnoticias.org\/site\/wp-json\/wp\/v2\/types\/post"}],"author":[{"embeddable":true,"href":"https:\/\/brasilnoticias.org\/site\/wp-json\/wp\/v2\/users\/4"}],"replies":[{"embeddable":true,"href":"https:\/\/brasilnoticias.org\/site\/wp-json\/wp\/v2\/comments?post=13364"}],"version-history":[{"count":1,"href":"https:\/\/brasilnoticias.org\/site\/wp-json\/wp\/v2\/posts\/13364\/revisions"}],"predecessor-version":[{"id":13366,"href":"https:\/\/brasilnoticias.org\/site\/wp-json\/wp\/v2\/posts\/13364\/revisions\/13366"}],"wp:featuredmedia":[{"embeddable":true,"href":"https:\/\/brasilnoticias.org\/site\/wp-json\/wp\/v2\/media\/13365"}],"wp:attachment":[{"href":"https:\/\/brasilnoticias.org\/site\/wp-json\/wp\/v2\/media?parent=13364"}],"wp:term":[{"taxonomy":"category","embeddable":true,"href":"https:\/\/brasilnoticias.org\/site\/wp-json\/wp\/v2\/categories?post=13364"},{"taxonomy":"post_tag","embeddable":true,"href":"https:\/\/brasilnoticias.org\/site\/wp-json\/wp\/v2\/tags?post=13364"}],"curies":[{"name":"wp","href":"https:\/\/api.w.org\/{rel}","templated":true}]}}