{"id":1337,"date":"2022-09-05T11:27:04","date_gmt":"2022-09-05T14:27:04","guid":{"rendered":"https:\/\/brasilnoticias.org\/site\/?p=1337"},"modified":"2022-09-05T11:27:04","modified_gmt":"2022-09-05T14:27:04","slug":"um-dia-apos-ser-alvo-de-busca-moro-muda-material-de-campanha","status":"publish","type":"post","link":"https:\/\/brasilnoticias.org\/site\/um-dia-apos-ser-alvo-de-busca-moro-muda-material-de-campanha\/","title":{"rendered":"Um dia ap\u00f3s ser alvo de busca, Moro muda material de campanha"},"content":{"rendered":"<p>Um dia ap\u00f3s ter sofrido a\u00e7\u00e3o de busca e apreens\u00e3o determinada pela Justi\u00e7a Eleitoral por supostos problemas com a formata\u00e7\u00e3o de seu material de campanha, o candidato\u00a0<a href=\"https:\/\/www.bnews.com.br\/tags\/sergio-moro\" target=\"_blank\" rel=\"noopener\">Sergio Moro (Uni\u00e3o Brasil)<\/a>\u00a0modificou as pe\u00e7as de propaganda.<\/p>\n<p>O candidato ao Senado do Paran\u00e1 agora se apresenta como &#8220;Juiz Moro&#8221;, e os nomes de seus dois suplentes, Luis Felipe Cunha e Ricardo Guerra, aparecem com maior destaque.\u00a0A justificativa para a a\u00e7\u00e3o do TRE no s\u00e1bado (3) foi o tamanho dos nomes dos suplentes, que n\u00e3o cumpririam a determina\u00e7\u00e3o legal de ser no m\u00ednimo 30% do que \u00e9 destinado ao titular da chapa.<\/p>\n<p>A decis\u00e3o de acrescentar a palavra &#8220;juiz&#8221; antes do nome de Moro j\u00e1 havia sido tomada, por sugest\u00e3o da dire\u00e7\u00e3o nacional do Uni\u00e3o Brasil, conforme mostrou a coluna Painel, da Folha de S.Paulo. A avalia\u00e7\u00e3o \u00e9 que isso ajuda a fixar no eleitor o legado da Lava Jato.<\/p>\n<p>Com a a\u00e7\u00e3o determinada pelo TRE, a estreia do novo material foi antecipada. Segundo Gustavo Guedes, coordenador jur\u00eddico da campanha, o material antigo n\u00e3o feria a legisla\u00e7\u00e3o. &#8220;H\u00e1 jurisprud\u00eancia de que o crit\u00e9rio principal deve ser a efetiva visualiza\u00e7\u00e3o dos nomes dos suplentes, e isso estava claro nas nossas pe\u00e7as. Esse \u00e9 o ponto, e n\u00e3o ficar discutindo se est\u00e1 27%, ou 29% do tamanho do titular&#8221;, afirma.<\/p>\n<p>Ele diz que, independente da estreia do novo material de campanha, pedir\u00e1 \u00e0 ju\u00edza que determinou a busca que reconsidere a sua decis\u00e3o. &#8220;H\u00e1 uma discuss\u00e3o se esse percentual tem que se ater ao tamanho das letras ou \u00e0 \u00e1rea ocupada pelo nome. O fato \u00e9 que nossa marca \u00e9 bem mais vis\u00edvel do que a de advers\u00e1rios como o senador Alvaro Dias&#8221;, diz Guedes.<\/p>\n<p>A busca e apreens\u00e3o ocorreu na casa de Moro porque foi este o endere\u00e7o fornecido quando do registro da candidatura. &#8220;Era o endere\u00e7o que t\u00ednhamos naquele momento, n\u00e3o havia escrit\u00f3rio pol\u00edico&#8221;, afirma o advogado.<\/p>\n<p>Moro foi \u00e0s redes sociais logo ap\u00f3s a a\u00e7\u00e3o para criticar o PT, que fez o pedido \u00e0 Justi\u00e7a Eleitoral. &#8220;Isso \u00e9 muito velha pol\u00edtica, coisa que se fazia 20 anos atr\u00e1s. O grande objetivo era criar um fato pol\u00edtico em cima dessa situa\u00e7\u00e3o&#8221;, diz Guedes.<\/p>\n<p>&nbsp;<\/p>\n<p>&nbsp;<\/p>\n<p>&nbsp;<\/p>\n<p>Bnews<\/p>\n","protected":false},"excerpt":{"rendered":"<p>Um dia ap\u00f3s ter sofrido a\u00e7\u00e3o de busca e apreens\u00e3o determinada pela Justi\u00e7a Eleitoral por supostos problemas com a formata\u00e7\u00e3o<\/p>\n","protected":false},"author":2,"featured_media":1338,"comment_status":"open","ping_status":"open","sticky":false,"template":"","format":"standard","meta":{"colormag_page_container_layout":"default_layout","colormag_page_sidebar_layout":"default_layout","_FSMCFIC_featured_image_caption":"","_FSMCFIC_featured_image_nocaption":"","_FSMCFIC_featured_image_hide":"","footnotes":""},"categories":[5,1],"tags":[],"class_list":["post-1337","post","type-post","status-publish","format-standard","has-post-thumbnail","hentry","category-politica","category-ultimas"],"yoast_head":"<!-- This site is optimized with the Yoast SEO plugin v27.1.1 - https:\/\/yoast.com\/product\/yoast-seo-wordpress\/ -->\n<title>Um dia ap\u00f3s ser alvo de busca, Moro muda material de campanha - Brasil not\u00edcias<\/title>\n<meta name=\"robots\" content=\"index, follow, max-snippet:-1, max-image-preview:large, max-video-preview:-1\" \/>\n<link rel=\"canonical\" href=\"https:\/\/brasilnoticias.org\/site\/um-dia-apos-ser-alvo-de-busca-moro-muda-material-de-campanha\/\" \/>\n<meta property=\"og:locale\" content=\"pt_PT\" \/>\n<meta property=\"og:type\" content=\"article\" \/>\n<meta property=\"og:title\" content=\"Um dia ap\u00f3s ser alvo de busca, Moro muda material de campanha - Brasil not\u00edcias\" \/>\n<meta property=\"og:description\" content=\"Um dia ap\u00f3s ter sofrido a\u00e7\u00e3o de busca e apreens\u00e3o determinada pela Justi\u00e7a Eleitoral por supostos problemas com a formata\u00e7\u00e3o\" \/>\n<meta property=\"og:url\" content=\"https:\/\/brasilnoticias.org\/site\/um-dia-apos-ser-alvo-de-busca-moro-muda-material-de-campanha\/\" \/>\n<meta property=\"og:site_name\" content=\"Brasil not\u00edcias\" \/>\n<meta property=\"article:published_time\" content=\"2022-09-05T14:27:04+00:00\" \/>\n<meta property=\"og:image\" content=\"https:\/\/brasilnoticias.org\/site\/wp-content\/uploads\/2022\/09\/sergio_moro_widelg_widelg.jpg\" \/>\n\t<meta property=\"og:image:width\" content=\"800\" \/>\n\t<meta property=\"og:image:height\" content=\"450\" \/>\n\t<meta property=\"og:image:type\" content=\"image\/jpeg\" \/>\n<meta name=\"author\" content=\"Reda\u00e7\u00e3o\" \/>\n<meta name=\"twitter:card\" content=\"summary_large_image\" \/>\n<meta name=\"twitter:label1\" content=\"Escrito por\" \/>\n\t<meta name=\"twitter:data1\" content=\"Reda\u00e7\u00e3o\" \/>\n\t<meta name=\"twitter:label2\" content=\"Tempo estimado de leitura\" \/>\n\t<meta name=\"twitter:data2\" content=\"2 minutos\" \/>\n<script type=\"application\/ld+json\" class=\"yoast-schema-graph\">{\"@context\":\"https:\/\/schema.org\",\"@graph\":[{\"@type\":\"Article\",\"@id\":\"https:\/\/brasilnoticias.org\/site\/um-dia-apos-ser-alvo-de-busca-moro-muda-material-de-campanha\/#article\",\"isPartOf\":{\"@id\":\"https:\/\/brasilnoticias.org\/site\/um-dia-apos-ser-alvo-de-busca-moro-muda-material-de-campanha\/\"},\"author\":{\"name\":\"Reda\u00e7\u00e3o\",\"@id\":\"https:\/\/brasilnoticias.org\/site\/#\/schema\/person\/f609fa847b5314f1c8b983342f34c798\"},\"headline\":\"Um dia ap\u00f3s ser alvo de busca, Moro muda material de campanha\",\"datePublished\":\"2022-09-05T14:27:04+00:00\",\"mainEntityOfPage\":{\"@id\":\"https:\/\/brasilnoticias.org\/site\/um-dia-apos-ser-alvo-de-busca-moro-muda-material-de-campanha\/\"},\"wordCount\":411,\"commentCount\":0,\"publisher\":{\"@id\":\"https:\/\/brasilnoticias.org\/site\/#organization\"},\"image\":{\"@id\":\"https:\/\/brasilnoticias.org\/site\/um-dia-apos-ser-alvo-de-busca-moro-muda-material-de-campanha\/#primaryimage\"},\"thumbnailUrl\":\"https:\/\/brasilnoticias.org\/site\/wp-content\/uploads\/2022\/09\/sergio_moro_widelg_widelg.jpg\",\"articleSection\":[\"Pol\u00edtica\",\"\u00daltimas\"],\"inLanguage\":\"pt-PT\",\"potentialAction\":[{\"@type\":\"CommentAction\",\"name\":\"Comment\",\"target\":[\"https:\/\/brasilnoticias.org\/site\/um-dia-apos-ser-alvo-de-busca-moro-muda-material-de-campanha\/#respond\"]}]},{\"@type\":\"WebPage\",\"@id\":\"https:\/\/brasilnoticias.org\/site\/um-dia-apos-ser-alvo-de-busca-moro-muda-material-de-campanha\/\",\"url\":\"https:\/\/brasilnoticias.org\/site\/um-dia-apos-ser-alvo-de-busca-moro-muda-material-de-campanha\/\",\"name\":\"Um dia ap\u00f3s ser alvo de busca, Moro muda material de campanha - Brasil not\u00edcias\",\"isPartOf\":{\"@id\":\"https:\/\/brasilnoticias.org\/site\/#website\"},\"primaryImageOfPage\":{\"@id\":\"https:\/\/brasilnoticias.org\/site\/um-dia-apos-ser-alvo-de-busca-moro-muda-material-de-campanha\/#primaryimage\"},\"image\":{\"@id\":\"https:\/\/brasilnoticias.org\/site\/um-dia-apos-ser-alvo-de-busca-moro-muda-material-de-campanha\/#primaryimage\"},\"thumbnailUrl\":\"https:\/\/brasilnoticias.org\/site\/wp-content\/uploads\/2022\/09\/sergio_moro_widelg_widelg.jpg\",\"datePublished\":\"2022-09-05T14:27:04+00:00\",\"breadcrumb\":{\"@id\":\"https:\/\/brasilnoticias.org\/site\/um-dia-apos-ser-alvo-de-busca-moro-muda-material-de-campanha\/#breadcrumb\"},\"inLanguage\":\"pt-PT\",\"potentialAction\":[{\"@type\":\"ReadAction\",\"target\":[\"https:\/\/brasilnoticias.org\/site\/um-dia-apos-ser-alvo-de-busca-moro-muda-material-de-campanha\/\"]}]},{\"@type\":\"ImageObject\",\"inLanguage\":\"pt-PT\",\"@id\":\"https:\/\/brasilnoticias.org\/site\/um-dia-apos-ser-alvo-de-busca-moro-muda-material-de-campanha\/#primaryimage\",\"url\":\"https:\/\/brasilnoticias.org\/site\/wp-content\/uploads\/2022\/09\/sergio_moro_widelg_widelg.jpg\",\"contentUrl\":\"https:\/\/brasilnoticias.org\/site\/wp-content\/uploads\/2022\/09\/sergio_moro_widelg_widelg.jpg\",\"width\":800,\"height\":450},{\"@type\":\"BreadcrumbList\",\"@id\":\"https:\/\/brasilnoticias.org\/site\/um-dia-apos-ser-alvo-de-busca-moro-muda-material-de-campanha\/#breadcrumb\",\"itemListElement\":[{\"@type\":\"ListItem\",\"position\":1,\"name\":\"In\u00edcio\",\"item\":\"https:\/\/brasilnoticias.org\/site\/\"},{\"@type\":\"ListItem\",\"position\":2,\"name\":\"Um dia ap\u00f3s ser alvo de busca, Moro muda material de campanha\"}]},{\"@type\":\"WebSite\",\"@id\":\"https:\/\/brasilnoticias.org\/site\/#website\",\"url\":\"https:\/\/brasilnoticias.org\/site\/\",\"name\":\"Brasil not\u00edcias\",\"description\":\"Brasil not\u00edcias\",\"publisher\":{\"@id\":\"https:\/\/brasilnoticias.org\/site\/#organization\"},\"potentialAction\":[{\"@type\":\"SearchAction\",\"target\":{\"@type\":\"EntryPoint\",\"urlTemplate\":\"https:\/\/brasilnoticias.org\/site\/?s={search_term_string}\"},\"query-input\":{\"@type\":\"PropertyValueSpecification\",\"valueRequired\":true,\"valueName\":\"search_term_string\"}}],\"inLanguage\":\"pt-PT\"},{\"@type\":\"Organization\",\"@id\":\"https:\/\/brasilnoticias.org\/site\/#organization\",\"name\":\"Brasil not\u00edcias\",\"url\":\"https:\/\/brasilnoticias.org\/site\/\",\"logo\":{\"@type\":\"ImageObject\",\"inLanguage\":\"pt-PT\",\"@id\":\"https:\/\/brasilnoticias.org\/site\/#\/schema\/logo\/image\/\",\"url\":\"https:\/\/brasilnoticias.org\/site\/wp-content\/uploads\/2022\/05\/cropped-brasilnoticias-mini.jpg\",\"contentUrl\":\"https:\/\/brasilnoticias.org\/site\/wp-content\/uploads\/2022\/05\/cropped-brasilnoticias-mini.jpg\",\"width\":314,\"height\":86,\"caption\":\"Brasil not\u00edcias\"},\"image\":{\"@id\":\"https:\/\/brasilnoticias.org\/site\/#\/schema\/logo\/image\/\"}},{\"@type\":\"Person\",\"@id\":\"https:\/\/brasilnoticias.org\/site\/#\/schema\/person\/f609fa847b5314f1c8b983342f34c798\",\"name\":\"Reda\u00e7\u00e3o\",\"image\":{\"@type\":\"ImageObject\",\"inLanguage\":\"pt-PT\",\"@id\":\"https:\/\/brasilnoticias.org\/site\/#\/schema\/person\/image\/\",\"url\":\"https:\/\/secure.gravatar.com\/avatar\/447284c06c1ad8b46465a36de9cd0d8326b73387a22799b8b1ffb1fbcff2ed0c?s=96&d=mm&r=g\",\"contentUrl\":\"https:\/\/secure.gravatar.com\/avatar\/447284c06c1ad8b46465a36de9cd0d8326b73387a22799b8b1ffb1fbcff2ed0c?s=96&d=mm&r=g\",\"caption\":\"Reda\u00e7\u00e3o\"},\"url\":\"https:\/\/brasilnoticias.org\/site\/author\/redacao\/\"}]}<\/script>\n<!-- \/ Yoast SEO plugin. -->","yoast_head_json":{"title":"Um dia ap\u00f3s ser alvo de busca, Moro muda material de campanha - Brasil not\u00edcias","robots":{"index":"index","follow":"follow","max-snippet":"max-snippet:-1","max-image-preview":"max-image-preview:large","max-video-preview":"max-video-preview:-1"},"canonical":"https:\/\/brasilnoticias.org\/site\/um-dia-apos-ser-alvo-de-busca-moro-muda-material-de-campanha\/","og_locale":"pt_PT","og_type":"article","og_title":"Um dia ap\u00f3s ser alvo de busca, Moro muda material de campanha - Brasil not\u00edcias","og_description":"Um dia ap\u00f3s ter sofrido a\u00e7\u00e3o de busca e apreens\u00e3o determinada pela Justi\u00e7a Eleitoral por supostos problemas com a formata\u00e7\u00e3o","og_url":"https:\/\/brasilnoticias.org\/site\/um-dia-apos-ser-alvo-de-busca-moro-muda-material-de-campanha\/","og_site_name":"Brasil not\u00edcias","article_published_time":"2022-09-05T14:27:04+00:00","og_image":[{"width":800,"height":450,"url":"https:\/\/brasilnoticias.org\/site\/wp-content\/uploads\/2022\/09\/sergio_moro_widelg_widelg.jpg","type":"image\/jpeg"}],"author":"Reda\u00e7\u00e3o","twitter_card":"summary_large_image","twitter_misc":{"Escrito por":"Reda\u00e7\u00e3o","Tempo estimado de leitura":"2 minutos"},"schema":{"@context":"https:\/\/schema.org","@graph":[{"@type":"Article","@id":"https:\/\/brasilnoticias.org\/site\/um-dia-apos-ser-alvo-de-busca-moro-muda-material-de-campanha\/#article","isPartOf":{"@id":"https:\/\/brasilnoticias.org\/site\/um-dia-apos-ser-alvo-de-busca-moro-muda-material-de-campanha\/"},"author":{"name":"Reda\u00e7\u00e3o","@id":"https:\/\/brasilnoticias.org\/site\/#\/schema\/person\/f609fa847b5314f1c8b983342f34c798"},"headline":"Um dia ap\u00f3s ser alvo de busca, Moro muda material de campanha","datePublished":"2022-09-05T14:27:04+00:00","mainEntityOfPage":{"@id":"https:\/\/brasilnoticias.org\/site\/um-dia-apos-ser-alvo-de-busca-moro-muda-material-de-campanha\/"},"wordCount":411,"commentCount":0,"publisher":{"@id":"https:\/\/brasilnoticias.org\/site\/#organization"},"image":{"@id":"https:\/\/brasilnoticias.org\/site\/um-dia-apos-ser-alvo-de-busca-moro-muda-material-de-campanha\/#primaryimage"},"thumbnailUrl":"https:\/\/brasilnoticias.org\/site\/wp-content\/uploads\/2022\/09\/sergio_moro_widelg_widelg.jpg","articleSection":["Pol\u00edtica","\u00daltimas"],"inLanguage":"pt-PT","potentialAction":[{"@type":"CommentAction","name":"Comment","target":["https:\/\/brasilnoticias.org\/site\/um-dia-apos-ser-alvo-de-busca-moro-muda-material-de-campanha\/#respond"]}]},{"@type":"WebPage","@id":"https:\/\/brasilnoticias.org\/site\/um-dia-apos-ser-alvo-de-busca-moro-muda-material-de-campanha\/","url":"https:\/\/brasilnoticias.org\/site\/um-dia-apos-ser-alvo-de-busca-moro-muda-material-de-campanha\/","name":"Um dia ap\u00f3s ser alvo de busca, Moro muda material de campanha - Brasil not\u00edcias","isPartOf":{"@id":"https:\/\/brasilnoticias.org\/site\/#website"},"primaryImageOfPage":{"@id":"https:\/\/brasilnoticias.org\/site\/um-dia-apos-ser-alvo-de-busca-moro-muda-material-de-campanha\/#primaryimage"},"image":{"@id":"https:\/\/brasilnoticias.org\/site\/um-dia-apos-ser-alvo-de-busca-moro-muda-material-de-campanha\/#primaryimage"},"thumbnailUrl":"https:\/\/brasilnoticias.org\/site\/wp-content\/uploads\/2022\/09\/sergio_moro_widelg_widelg.jpg","datePublished":"2022-09-05T14:27:04+00:00","breadcrumb":{"@id":"https:\/\/brasilnoticias.org\/site\/um-dia-apos-ser-alvo-de-busca-moro-muda-material-de-campanha\/#breadcrumb"},"inLanguage":"pt-PT","potentialAction":[{"@type":"ReadAction","target":["https:\/\/brasilnoticias.org\/site\/um-dia-apos-ser-alvo-de-busca-moro-muda-material-de-campanha\/"]}]},{"@type":"ImageObject","inLanguage":"pt-PT","@id":"https:\/\/brasilnoticias.org\/site\/um-dia-apos-ser-alvo-de-busca-moro-muda-material-de-campanha\/#primaryimage","url":"https:\/\/brasilnoticias.org\/site\/wp-content\/uploads\/2022\/09\/sergio_moro_widelg_widelg.jpg","contentUrl":"https:\/\/brasilnoticias.org\/site\/wp-content\/uploads\/2022\/09\/sergio_moro_widelg_widelg.jpg","width":800,"height":450},{"@type":"BreadcrumbList","@id":"https:\/\/brasilnoticias.org\/site\/um-dia-apos-ser-alvo-de-busca-moro-muda-material-de-campanha\/#breadcrumb","itemListElement":[{"@type":"ListItem","position":1,"name":"In\u00edcio","item":"https:\/\/brasilnoticias.org\/site\/"},{"@type":"ListItem","position":2,"name":"Um dia ap\u00f3s ser alvo de busca, Moro muda material de campanha"}]},{"@type":"WebSite","@id":"https:\/\/brasilnoticias.org\/site\/#website","url":"https:\/\/brasilnoticias.org\/site\/","name":"Brasil not\u00edcias","description":"Brasil not\u00edcias","publisher":{"@id":"https:\/\/brasilnoticias.org\/site\/#organization"},"potentialAction":[{"@type":"SearchAction","target":{"@type":"EntryPoint","urlTemplate":"https:\/\/brasilnoticias.org\/site\/?s={search_term_string}"},"query-input":{"@type":"PropertyValueSpecification","valueRequired":true,"valueName":"search_term_string"}}],"inLanguage":"pt-PT"},{"@type":"Organization","@id":"https:\/\/brasilnoticias.org\/site\/#organization","name":"Brasil not\u00edcias","url":"https:\/\/brasilnoticias.org\/site\/","logo":{"@type":"ImageObject","inLanguage":"pt-PT","@id":"https:\/\/brasilnoticias.org\/site\/#\/schema\/logo\/image\/","url":"https:\/\/brasilnoticias.org\/site\/wp-content\/uploads\/2022\/05\/cropped-brasilnoticias-mini.jpg","contentUrl":"https:\/\/brasilnoticias.org\/site\/wp-content\/uploads\/2022\/05\/cropped-brasilnoticias-mini.jpg","width":314,"height":86,"caption":"Brasil not\u00edcias"},"image":{"@id":"https:\/\/brasilnoticias.org\/site\/#\/schema\/logo\/image\/"}},{"@type":"Person","@id":"https:\/\/brasilnoticias.org\/site\/#\/schema\/person\/f609fa847b5314f1c8b983342f34c798","name":"Reda\u00e7\u00e3o","image":{"@type":"ImageObject","inLanguage":"pt-PT","@id":"https:\/\/brasilnoticias.org\/site\/#\/schema\/person\/image\/","url":"https:\/\/secure.gravatar.com\/avatar\/447284c06c1ad8b46465a36de9cd0d8326b73387a22799b8b1ffb1fbcff2ed0c?s=96&d=mm&r=g","contentUrl":"https:\/\/secure.gravatar.com\/avatar\/447284c06c1ad8b46465a36de9cd0d8326b73387a22799b8b1ffb1fbcff2ed0c?s=96&d=mm&r=g","caption":"Reda\u00e7\u00e3o"},"url":"https:\/\/brasilnoticias.org\/site\/author\/redacao\/"}]}},"_links":{"self":[{"href":"https:\/\/brasilnoticias.org\/site\/wp-json\/wp\/v2\/posts\/1337","targetHints":{"allow":["GET"]}}],"collection":[{"href":"https:\/\/brasilnoticias.org\/site\/wp-json\/wp\/v2\/posts"}],"about":[{"href":"https:\/\/brasilnoticias.org\/site\/wp-json\/wp\/v2\/types\/post"}],"author":[{"embeddable":true,"href":"https:\/\/brasilnoticias.org\/site\/wp-json\/wp\/v2\/users\/2"}],"replies":[{"embeddable":true,"href":"https:\/\/brasilnoticias.org\/site\/wp-json\/wp\/v2\/comments?post=1337"}],"version-history":[{"count":1,"href":"https:\/\/brasilnoticias.org\/site\/wp-json\/wp\/v2\/posts\/1337\/revisions"}],"predecessor-version":[{"id":1339,"href":"https:\/\/brasilnoticias.org\/site\/wp-json\/wp\/v2\/posts\/1337\/revisions\/1339"}],"wp:featuredmedia":[{"embeddable":true,"href":"https:\/\/brasilnoticias.org\/site\/wp-json\/wp\/v2\/media\/1338"}],"wp:attachment":[{"href":"https:\/\/brasilnoticias.org\/site\/wp-json\/wp\/v2\/media?parent=1337"}],"wp:term":[{"taxonomy":"category","embeddable":true,"href":"https:\/\/brasilnoticias.org\/site\/wp-json\/wp\/v2\/categories?post=1337"},{"taxonomy":"post_tag","embeddable":true,"href":"https:\/\/brasilnoticias.org\/site\/wp-json\/wp\/v2\/tags?post=1337"}],"curies":[{"name":"wp","href":"https:\/\/api.w.org\/{rel}","templated":true}]}}