{"id":13371,"date":"2024-04-01T13:32:22","date_gmt":"2024-04-01T16:32:22","guid":{"rendered":"https:\/\/brasilnoticias.org\/site\/?p=13371"},"modified":"2024-04-01T13:32:22","modified_gmt":"2024-04-01T16:32:22","slug":"empresa-brasil-de-comunicacao-reve-programacao-e-busca-foco-em-evangelicos","status":"publish","type":"post","link":"https:\/\/brasilnoticias.org\/site\/empresa-brasil-de-comunicacao-reve-programacao-e-busca-foco-em-evangelicos\/","title":{"rendered":"Empresa Brasil de Comunica\u00e7\u00e3o rev\u00ea programa\u00e7\u00e3o e busca foco em evang\u00e9licos"},"content":{"rendered":"<p>A medida faz parte da estrat\u00e9gia do Pal\u00e1cio do Planalto para melhorar a comunica\u00e7\u00e3o do governo. A estatal vai dar mais espa\u00e7o a ministros, ampliar divulga\u00e7\u00e3o de a\u00e7\u00f5es das pastas, al\u00e9m de incluir em sua programa\u00e7\u00e3o mais evang\u00e9licos<\/p>\n<p>A Empresa Brasil de Comunica\u00e7\u00e3o (EBC) vai revisar a grade de programa\u00e7\u00e3o do CanalGov para oferecer mais espa\u00e7o aos ministros, ampliar a divulga\u00e7\u00e3o das a\u00e7\u00f5es das pastas, al\u00e9m de incluir em sua programa\u00e7\u00e3o mais evang\u00e9licos.<\/p>\n<p>De acordo com O Globo, apesar dos baixos \u00edndices de audi\u00eancia, a ideia \u00e9 que os materiais produzidos pelos profissionais da empresa sejam recortados para divulga\u00e7\u00e3o tamb\u00e9m nas redes sociais. A medida passou a integrar a estrat\u00e9gia do Pal\u00e1cio do Planalto de melhorar a comunica\u00e7\u00e3o do governo.<\/p>\n<p>Criada por Lula em 2007 para ser uma esp\u00e9cie de \u201cBBC brasileira\u201d, em refer\u00eancia \u00e0 rede p\u00fablica de comunica\u00e7\u00e3o brit\u00e2nica, a empresa \u00e9 alvo de cr\u00edticas ao longo dos governos. O ex-presidente Jair Bolsonaro, que chegou a prometer privatizar a EBC, entregou seu comando a militares, que passaram a ocupar os principais postos de comando. A programa\u00e7\u00e3o da TV Brasil, principal canal de televis\u00e3o da empresa, costumava ser interrompida com frequ\u00eancia para exibir discursos e eventos do ent\u00e3o presidente.<\/p>\n<p>Foto: Marcello Casal Jr\/Ag\u00eancia Brasil<br \/>\nPor: Metro1 <\/p>\n","protected":false},"excerpt":{"rendered":"<p>A medida faz parte da estrat\u00e9gia do Pal\u00e1cio do Planalto para melhorar a comunica\u00e7\u00e3o do governo. A estatal vai dar<\/p>\n","protected":false},"author":4,"featured_media":13372,"comment_status":"open","ping_status":"open","sticky":false,"template":"","format":"standard","meta":{"colormag_page_container_layout":"default_layout","colormag_page_sidebar_layout":"default_layout","_FSMCFIC_featured_image_caption":"","_FSMCFIC_featured_image_nocaption":"","_FSMCFIC_featured_image_hide":"","footnotes":""},"categories":[5,1],"tags":[],"class_list":["post-13371","post","type-post","status-publish","format-standard","has-post-thumbnail","hentry","category-politica","category-ultimas"],"yoast_head":"<!-- This site is optimized with the Yoast SEO plugin v27.1.1 - https:\/\/yoast.com\/product\/yoast-seo-wordpress\/ -->\n<title>Empresa Brasil de Comunica\u00e7\u00e3o rev\u00ea programa\u00e7\u00e3o e busca foco em evang\u00e9licos - Brasil not\u00edcias<\/title>\n<meta name=\"robots\" content=\"index, follow, max-snippet:-1, max-image-preview:large, max-video-preview:-1\" \/>\n<link rel=\"canonical\" href=\"https:\/\/brasilnoticias.org\/site\/empresa-brasil-de-comunicacao-reve-programacao-e-busca-foco-em-evangelicos\/\" \/>\n<meta property=\"og:locale\" content=\"pt_PT\" \/>\n<meta property=\"og:type\" content=\"article\" \/>\n<meta property=\"og:title\" content=\"Empresa Brasil de Comunica\u00e7\u00e3o rev\u00ea programa\u00e7\u00e3o e busca foco em evang\u00e9licos - Brasil not\u00edcias\" \/>\n<meta property=\"og:description\" content=\"A medida faz parte da estrat\u00e9gia do Pal\u00e1cio do Planalto para melhorar a comunica\u00e7\u00e3o do governo. A estatal vai dar\" \/>\n<meta property=\"og:url\" content=\"https:\/\/brasilnoticias.org\/site\/empresa-brasil-de-comunicacao-reve-programacao-e-busca-foco-em-evangelicos\/\" \/>\n<meta property=\"og:site_name\" content=\"Brasil not\u00edcias\" \/>\n<meta property=\"article:published_time\" content=\"2024-04-01T16:32:22+00:00\" \/>\n<meta property=\"og:image\" content=\"https:\/\/brasilnoticias.org\/site\/wp-content\/uploads\/2024\/04\/148105empresa-brasil-de-comunicacao-reve-programacao-e-busca-foco-em-evangelicos-3.jpg\" \/>\n\t<meta property=\"og:image:width\" content=\"1600\" \/>\n\t<meta property=\"og:image:height\" content=\"752\" \/>\n\t<meta property=\"og:image:type\" content=\"image\/jpeg\" \/>\n<meta name=\"author\" content=\"Reda\u00e7\u00e3o\" \/>\n<meta name=\"twitter:card\" content=\"summary_large_image\" \/>\n<meta name=\"twitter:label1\" content=\"Escrito por\" \/>\n\t<meta name=\"twitter:data1\" content=\"Reda\u00e7\u00e3o\" \/>\n\t<meta name=\"twitter:label2\" content=\"Tempo estimado de leitura\" \/>\n\t<meta name=\"twitter:data2\" content=\"1 minuto\" \/>\n<script type=\"application\/ld+json\" class=\"yoast-schema-graph\">{\"@context\":\"https:\/\/schema.org\",\"@graph\":[{\"@type\":\"Article\",\"@id\":\"https:\/\/brasilnoticias.org\/site\/empresa-brasil-de-comunicacao-reve-programacao-e-busca-foco-em-evangelicos\/#article\",\"isPartOf\":{\"@id\":\"https:\/\/brasilnoticias.org\/site\/empresa-brasil-de-comunicacao-reve-programacao-e-busca-foco-em-evangelicos\/\"},\"author\":{\"name\":\"Reda\u00e7\u00e3o\",\"@id\":\"https:\/\/brasilnoticias.org\/site\/#\/schema\/person\/03bbbfe6c7634ad18c26444ea39049fa\"},\"headline\":\"Empresa Brasil de Comunica\u00e7\u00e3o rev\u00ea programa\u00e7\u00e3o e busca foco em evang\u00e9licos\",\"datePublished\":\"2024-04-01T16:32:22+00:00\",\"mainEntityOfPage\":{\"@id\":\"https:\/\/brasilnoticias.org\/site\/empresa-brasil-de-comunicacao-reve-programacao-e-busca-foco-em-evangelicos\/\"},\"wordCount\":251,\"commentCount\":0,\"publisher\":{\"@id\":\"https:\/\/brasilnoticias.org\/site\/#organization\"},\"image\":{\"@id\":\"https:\/\/brasilnoticias.org\/site\/empresa-brasil-de-comunicacao-reve-programacao-e-busca-foco-em-evangelicos\/#primaryimage\"},\"thumbnailUrl\":\"https:\/\/brasilnoticias.org\/site\/wp-content\/uploads\/2024\/04\/148105empresa-brasil-de-comunicacao-reve-programacao-e-busca-foco-em-evangelicos-3.jpg\",\"articleSection\":[\"Pol\u00edtica\",\"\u00daltimas\"],\"inLanguage\":\"pt-PT\",\"potentialAction\":[{\"@type\":\"CommentAction\",\"name\":\"Comment\",\"target\":[\"https:\/\/brasilnoticias.org\/site\/empresa-brasil-de-comunicacao-reve-programacao-e-busca-foco-em-evangelicos\/#respond\"]}]},{\"@type\":\"WebPage\",\"@id\":\"https:\/\/brasilnoticias.org\/site\/empresa-brasil-de-comunicacao-reve-programacao-e-busca-foco-em-evangelicos\/\",\"url\":\"https:\/\/brasilnoticias.org\/site\/empresa-brasil-de-comunicacao-reve-programacao-e-busca-foco-em-evangelicos\/\",\"name\":\"Empresa Brasil de Comunica\u00e7\u00e3o rev\u00ea programa\u00e7\u00e3o e busca foco em evang\u00e9licos - Brasil not\u00edcias\",\"isPartOf\":{\"@id\":\"https:\/\/brasilnoticias.org\/site\/#website\"},\"primaryImageOfPage\":{\"@id\":\"https:\/\/brasilnoticias.org\/site\/empresa-brasil-de-comunicacao-reve-programacao-e-busca-foco-em-evangelicos\/#primaryimage\"},\"image\":{\"@id\":\"https:\/\/brasilnoticias.org\/site\/empresa-brasil-de-comunicacao-reve-programacao-e-busca-foco-em-evangelicos\/#primaryimage\"},\"thumbnailUrl\":\"https:\/\/brasilnoticias.org\/site\/wp-content\/uploads\/2024\/04\/148105empresa-brasil-de-comunicacao-reve-programacao-e-busca-foco-em-evangelicos-3.jpg\",\"datePublished\":\"2024-04-01T16:32:22+00:00\",\"breadcrumb\":{\"@id\":\"https:\/\/brasilnoticias.org\/site\/empresa-brasil-de-comunicacao-reve-programacao-e-busca-foco-em-evangelicos\/#breadcrumb\"},\"inLanguage\":\"pt-PT\",\"potentialAction\":[{\"@type\":\"ReadAction\",\"target\":[\"https:\/\/brasilnoticias.org\/site\/empresa-brasil-de-comunicacao-reve-programacao-e-busca-foco-em-evangelicos\/\"]}]},{\"@type\":\"ImageObject\",\"inLanguage\":\"pt-PT\",\"@id\":\"https:\/\/brasilnoticias.org\/site\/empresa-brasil-de-comunicacao-reve-programacao-e-busca-foco-em-evangelicos\/#primaryimage\",\"url\":\"https:\/\/brasilnoticias.org\/site\/wp-content\/uploads\/2024\/04\/148105empresa-brasil-de-comunicacao-reve-programacao-e-busca-foco-em-evangelicos-3.jpg\",\"contentUrl\":\"https:\/\/brasilnoticias.org\/site\/wp-content\/uploads\/2024\/04\/148105empresa-brasil-de-comunicacao-reve-programacao-e-busca-foco-em-evangelicos-3.jpg\",\"width\":1600,\"height\":752},{\"@type\":\"BreadcrumbList\",\"@id\":\"https:\/\/brasilnoticias.org\/site\/empresa-brasil-de-comunicacao-reve-programacao-e-busca-foco-em-evangelicos\/#breadcrumb\",\"itemListElement\":[{\"@type\":\"ListItem\",\"position\":1,\"name\":\"In\u00edcio\",\"item\":\"https:\/\/brasilnoticias.org\/site\/\"},{\"@type\":\"ListItem\",\"position\":2,\"name\":\"Empresa Brasil de Comunica\u00e7\u00e3o rev\u00ea programa\u00e7\u00e3o e busca foco em evang\u00e9licos\"}]},{\"@type\":\"WebSite\",\"@id\":\"https:\/\/brasilnoticias.org\/site\/#website\",\"url\":\"https:\/\/brasilnoticias.org\/site\/\",\"name\":\"Brasil not\u00edcias\",\"description\":\"Brasil not\u00edcias\",\"publisher\":{\"@id\":\"https:\/\/brasilnoticias.org\/site\/#organization\"},\"potentialAction\":[{\"@type\":\"SearchAction\",\"target\":{\"@type\":\"EntryPoint\",\"urlTemplate\":\"https:\/\/brasilnoticias.org\/site\/?s={search_term_string}\"},\"query-input\":{\"@type\":\"PropertyValueSpecification\",\"valueRequired\":true,\"valueName\":\"search_term_string\"}}],\"inLanguage\":\"pt-PT\"},{\"@type\":\"Organization\",\"@id\":\"https:\/\/brasilnoticias.org\/site\/#organization\",\"name\":\"Brasil not\u00edcias\",\"url\":\"https:\/\/brasilnoticias.org\/site\/\",\"logo\":{\"@type\":\"ImageObject\",\"inLanguage\":\"pt-PT\",\"@id\":\"https:\/\/brasilnoticias.org\/site\/#\/schema\/logo\/image\/\",\"url\":\"https:\/\/brasilnoticias.org\/site\/wp-content\/uploads\/2022\/05\/cropped-brasilnoticias-mini.jpg\",\"contentUrl\":\"https:\/\/brasilnoticias.org\/site\/wp-content\/uploads\/2022\/05\/cropped-brasilnoticias-mini.jpg\",\"width\":314,\"height\":86,\"caption\":\"Brasil not\u00edcias\"},\"image\":{\"@id\":\"https:\/\/brasilnoticias.org\/site\/#\/schema\/logo\/image\/\"}},{\"@type\":\"Person\",\"@id\":\"https:\/\/brasilnoticias.org\/site\/#\/schema\/person\/03bbbfe6c7634ad18c26444ea39049fa\",\"name\":\"Reda\u00e7\u00e3o\",\"image\":{\"@type\":\"ImageObject\",\"inLanguage\":\"pt-PT\",\"@id\":\"https:\/\/brasilnoticias.org\/site\/#\/schema\/person\/image\/\",\"url\":\"https:\/\/secure.gravatar.com\/avatar\/9ecaf7327a696cb23ad926fedded5f1f04d7049de9e445375d55b48c001a6e42?s=96&d=mm&r=g\",\"contentUrl\":\"https:\/\/secure.gravatar.com\/avatar\/9ecaf7327a696cb23ad926fedded5f1f04d7049de9e445375d55b48c001a6e42?s=96&d=mm&r=g\",\"caption\":\"Reda\u00e7\u00e3o\"},\"url\":\"https:\/\/brasilnoticias.org\/site\/author\/henrique\/\"}]}<\/script>\n<!-- \/ Yoast SEO plugin. -->","yoast_head_json":{"title":"Empresa Brasil de Comunica\u00e7\u00e3o rev\u00ea programa\u00e7\u00e3o e busca foco em evang\u00e9licos - Brasil not\u00edcias","robots":{"index":"index","follow":"follow","max-snippet":"max-snippet:-1","max-image-preview":"max-image-preview:large","max-video-preview":"max-video-preview:-1"},"canonical":"https:\/\/brasilnoticias.org\/site\/empresa-brasil-de-comunicacao-reve-programacao-e-busca-foco-em-evangelicos\/","og_locale":"pt_PT","og_type":"article","og_title":"Empresa Brasil de Comunica\u00e7\u00e3o rev\u00ea programa\u00e7\u00e3o e busca foco em evang\u00e9licos - Brasil not\u00edcias","og_description":"A medida faz parte da estrat\u00e9gia do Pal\u00e1cio do Planalto para melhorar a comunica\u00e7\u00e3o do governo. A estatal vai dar","og_url":"https:\/\/brasilnoticias.org\/site\/empresa-brasil-de-comunicacao-reve-programacao-e-busca-foco-em-evangelicos\/","og_site_name":"Brasil not\u00edcias","article_published_time":"2024-04-01T16:32:22+00:00","og_image":[{"width":1600,"height":752,"url":"https:\/\/brasilnoticias.org\/site\/wp-content\/uploads\/2024\/04\/148105empresa-brasil-de-comunicacao-reve-programacao-e-busca-foco-em-evangelicos-3.jpg","type":"image\/jpeg"}],"author":"Reda\u00e7\u00e3o","twitter_card":"summary_large_image","twitter_misc":{"Escrito por":"Reda\u00e7\u00e3o","Tempo estimado de leitura":"1 minuto"},"schema":{"@context":"https:\/\/schema.org","@graph":[{"@type":"Article","@id":"https:\/\/brasilnoticias.org\/site\/empresa-brasil-de-comunicacao-reve-programacao-e-busca-foco-em-evangelicos\/#article","isPartOf":{"@id":"https:\/\/brasilnoticias.org\/site\/empresa-brasil-de-comunicacao-reve-programacao-e-busca-foco-em-evangelicos\/"},"author":{"name":"Reda\u00e7\u00e3o","@id":"https:\/\/brasilnoticias.org\/site\/#\/schema\/person\/03bbbfe6c7634ad18c26444ea39049fa"},"headline":"Empresa Brasil de Comunica\u00e7\u00e3o rev\u00ea programa\u00e7\u00e3o e busca foco em evang\u00e9licos","datePublished":"2024-04-01T16:32:22+00:00","mainEntityOfPage":{"@id":"https:\/\/brasilnoticias.org\/site\/empresa-brasil-de-comunicacao-reve-programacao-e-busca-foco-em-evangelicos\/"},"wordCount":251,"commentCount":0,"publisher":{"@id":"https:\/\/brasilnoticias.org\/site\/#organization"},"image":{"@id":"https:\/\/brasilnoticias.org\/site\/empresa-brasil-de-comunicacao-reve-programacao-e-busca-foco-em-evangelicos\/#primaryimage"},"thumbnailUrl":"https:\/\/brasilnoticias.org\/site\/wp-content\/uploads\/2024\/04\/148105empresa-brasil-de-comunicacao-reve-programacao-e-busca-foco-em-evangelicos-3.jpg","articleSection":["Pol\u00edtica","\u00daltimas"],"inLanguage":"pt-PT","potentialAction":[{"@type":"CommentAction","name":"Comment","target":["https:\/\/brasilnoticias.org\/site\/empresa-brasil-de-comunicacao-reve-programacao-e-busca-foco-em-evangelicos\/#respond"]}]},{"@type":"WebPage","@id":"https:\/\/brasilnoticias.org\/site\/empresa-brasil-de-comunicacao-reve-programacao-e-busca-foco-em-evangelicos\/","url":"https:\/\/brasilnoticias.org\/site\/empresa-brasil-de-comunicacao-reve-programacao-e-busca-foco-em-evangelicos\/","name":"Empresa Brasil de Comunica\u00e7\u00e3o rev\u00ea programa\u00e7\u00e3o e busca foco em evang\u00e9licos - Brasil not\u00edcias","isPartOf":{"@id":"https:\/\/brasilnoticias.org\/site\/#website"},"primaryImageOfPage":{"@id":"https:\/\/brasilnoticias.org\/site\/empresa-brasil-de-comunicacao-reve-programacao-e-busca-foco-em-evangelicos\/#primaryimage"},"image":{"@id":"https:\/\/brasilnoticias.org\/site\/empresa-brasil-de-comunicacao-reve-programacao-e-busca-foco-em-evangelicos\/#primaryimage"},"thumbnailUrl":"https:\/\/brasilnoticias.org\/site\/wp-content\/uploads\/2024\/04\/148105empresa-brasil-de-comunicacao-reve-programacao-e-busca-foco-em-evangelicos-3.jpg","datePublished":"2024-04-01T16:32:22+00:00","breadcrumb":{"@id":"https:\/\/brasilnoticias.org\/site\/empresa-brasil-de-comunicacao-reve-programacao-e-busca-foco-em-evangelicos\/#breadcrumb"},"inLanguage":"pt-PT","potentialAction":[{"@type":"ReadAction","target":["https:\/\/brasilnoticias.org\/site\/empresa-brasil-de-comunicacao-reve-programacao-e-busca-foco-em-evangelicos\/"]}]},{"@type":"ImageObject","inLanguage":"pt-PT","@id":"https:\/\/brasilnoticias.org\/site\/empresa-brasil-de-comunicacao-reve-programacao-e-busca-foco-em-evangelicos\/#primaryimage","url":"https:\/\/brasilnoticias.org\/site\/wp-content\/uploads\/2024\/04\/148105empresa-brasil-de-comunicacao-reve-programacao-e-busca-foco-em-evangelicos-3.jpg","contentUrl":"https:\/\/brasilnoticias.org\/site\/wp-content\/uploads\/2024\/04\/148105empresa-brasil-de-comunicacao-reve-programacao-e-busca-foco-em-evangelicos-3.jpg","width":1600,"height":752},{"@type":"BreadcrumbList","@id":"https:\/\/brasilnoticias.org\/site\/empresa-brasil-de-comunicacao-reve-programacao-e-busca-foco-em-evangelicos\/#breadcrumb","itemListElement":[{"@type":"ListItem","position":1,"name":"In\u00edcio","item":"https:\/\/brasilnoticias.org\/site\/"},{"@type":"ListItem","position":2,"name":"Empresa Brasil de Comunica\u00e7\u00e3o rev\u00ea programa\u00e7\u00e3o e busca foco em evang\u00e9licos"}]},{"@type":"WebSite","@id":"https:\/\/brasilnoticias.org\/site\/#website","url":"https:\/\/brasilnoticias.org\/site\/","name":"Brasil not\u00edcias","description":"Brasil not\u00edcias","publisher":{"@id":"https:\/\/brasilnoticias.org\/site\/#organization"},"potentialAction":[{"@type":"SearchAction","target":{"@type":"EntryPoint","urlTemplate":"https:\/\/brasilnoticias.org\/site\/?s={search_term_string}"},"query-input":{"@type":"PropertyValueSpecification","valueRequired":true,"valueName":"search_term_string"}}],"inLanguage":"pt-PT"},{"@type":"Organization","@id":"https:\/\/brasilnoticias.org\/site\/#organization","name":"Brasil not\u00edcias","url":"https:\/\/brasilnoticias.org\/site\/","logo":{"@type":"ImageObject","inLanguage":"pt-PT","@id":"https:\/\/brasilnoticias.org\/site\/#\/schema\/logo\/image\/","url":"https:\/\/brasilnoticias.org\/site\/wp-content\/uploads\/2022\/05\/cropped-brasilnoticias-mini.jpg","contentUrl":"https:\/\/brasilnoticias.org\/site\/wp-content\/uploads\/2022\/05\/cropped-brasilnoticias-mini.jpg","width":314,"height":86,"caption":"Brasil not\u00edcias"},"image":{"@id":"https:\/\/brasilnoticias.org\/site\/#\/schema\/logo\/image\/"}},{"@type":"Person","@id":"https:\/\/brasilnoticias.org\/site\/#\/schema\/person\/03bbbfe6c7634ad18c26444ea39049fa","name":"Reda\u00e7\u00e3o","image":{"@type":"ImageObject","inLanguage":"pt-PT","@id":"https:\/\/brasilnoticias.org\/site\/#\/schema\/person\/image\/","url":"https:\/\/secure.gravatar.com\/avatar\/9ecaf7327a696cb23ad926fedded5f1f04d7049de9e445375d55b48c001a6e42?s=96&d=mm&r=g","contentUrl":"https:\/\/secure.gravatar.com\/avatar\/9ecaf7327a696cb23ad926fedded5f1f04d7049de9e445375d55b48c001a6e42?s=96&d=mm&r=g","caption":"Reda\u00e7\u00e3o"},"url":"https:\/\/brasilnoticias.org\/site\/author\/henrique\/"}]}},"_links":{"self":[{"href":"https:\/\/brasilnoticias.org\/site\/wp-json\/wp\/v2\/posts\/13371","targetHints":{"allow":["GET"]}}],"collection":[{"href":"https:\/\/brasilnoticias.org\/site\/wp-json\/wp\/v2\/posts"}],"about":[{"href":"https:\/\/brasilnoticias.org\/site\/wp-json\/wp\/v2\/types\/post"}],"author":[{"embeddable":true,"href":"https:\/\/brasilnoticias.org\/site\/wp-json\/wp\/v2\/users\/4"}],"replies":[{"embeddable":true,"href":"https:\/\/brasilnoticias.org\/site\/wp-json\/wp\/v2\/comments?post=13371"}],"version-history":[{"count":1,"href":"https:\/\/brasilnoticias.org\/site\/wp-json\/wp\/v2\/posts\/13371\/revisions"}],"predecessor-version":[{"id":13373,"href":"https:\/\/brasilnoticias.org\/site\/wp-json\/wp\/v2\/posts\/13371\/revisions\/13373"}],"wp:featuredmedia":[{"embeddable":true,"href":"https:\/\/brasilnoticias.org\/site\/wp-json\/wp\/v2\/media\/13372"}],"wp:attachment":[{"href":"https:\/\/brasilnoticias.org\/site\/wp-json\/wp\/v2\/media?parent=13371"}],"wp:term":[{"taxonomy":"category","embeddable":true,"href":"https:\/\/brasilnoticias.org\/site\/wp-json\/wp\/v2\/categories?post=13371"},{"taxonomy":"post_tag","embeddable":true,"href":"https:\/\/brasilnoticias.org\/site\/wp-json\/wp\/v2\/tags?post=13371"}],"curies":[{"name":"wp","href":"https:\/\/api.w.org\/{rel}","templated":true}]}}