{"id":13378,"date":"2024-04-03T14:03:30","date_gmt":"2024-04-03T17:03:30","guid":{"rendered":"https:\/\/brasilnoticias.org\/site\/?p=13378"},"modified":"2024-04-03T14:03:30","modified_gmt":"2024-04-03T17:03:30","slug":"tj-ba-envia-acordo-de-conciliacao-ao-cnj-para-retomar-convocacao-de-novos-servidores","status":"publish","type":"post","link":"https:\/\/brasilnoticias.org\/site\/tj-ba-envia-acordo-de-conciliacao-ao-cnj-para-retomar-convocacao-de-novos-servidores\/","title":{"rendered":"TJ-BA envia acordo de concilia\u00e7\u00e3o ao CNJ para retomar convoca\u00e7\u00e3o de novos servidores"},"content":{"rendered":"<p>A\u00e7\u00e3o acontece em meio a cr\u00edticas ap\u00f3s designa\u00e7\u00f5es de funcion\u00e1rios sem forma\u00e7\u00e3o em Direito para cargos em que h\u00e1 a obrigatoriedade por lei<\/p>\n<p>Com entraves para convocar novos servidores mesmo ap\u00f3s realiza\u00e7\u00e3o de concurso p\u00fablico, o Tribunal de Justi\u00e7a do Estado da Bahia (TJ-BA) enviou uma proposta de concilia\u00e7\u00e3o ao Conselho Nacional de Justi\u00e7a (CNJ) para conseguir retomar a convoca\u00e7\u00e3o dos aprovados no concurso realizado em 2023. <\/p>\n<p>Desde outubro do ano passado, o Tribunal est\u00e1 impedido de convocar os aprovados no concurso, ap\u00f3s o in\u00edcio de um Processo de Controle Administrativo no CNJ e a consequente suspens\u00e3o do processo seletivo. O Conselho questiona o c\u00e1lculo quantitativo das cotas para negros e pessoas com defici\u00eancia. \u00c9 discutida a n\u00e3o oferta de 30% das vagas aos cotistas, como determina a lei aprovada no ano passado, em comarcas onde foram disponibilizadas apenas uma vaga. <\/p>\n<p>Por conta disso, servidores de outras fun\u00e7\u00f5es est\u00e3o sendo designados para outros cargos como forma de suprir a car\u00eancia. A decis\u00e3o tem gerado um mal-estar entre os aprovados no concurso e associa\u00e7\u00f5es que defendem os direitos dos que est\u00e3o dentro da institui\u00e7\u00e3o de Justi\u00e7a. <\/p>\n<p>No cargo de Oficial de Justi\u00e7a j\u00e1 ocorreram mais de 40 designa\u00e7\u00f5es ap\u00f3s a suspens\u00e3o do concurso. Entre os funcion\u00e1rios p\u00fablicos que passam a ocupar os cargos ou t\u00eam sua perman\u00eancia renovada, est\u00e3o os que n\u00e3o s\u00e3o bachar\u00e9is em Direito, algo obrigat\u00f3rio desde 2008. A maioria deles ocupava anteriormente cargos como escreventes de cart\u00f3rio, h\u00e1 tamb\u00e9m motoristas e digitadores, fun\u00e7\u00f5es que exigem apenas o Ensino M\u00e9dio.<\/p>\n<p>O presidente da Associa\u00e7\u00e3o dos Oficiais de Justi\u00e7a da Bahia (Aojus-BA),  Itailson Farias, criticou a a\u00e7\u00e3o do TJ-BA  e apontou que a situa\u00e7\u00e3o, que j\u00e1 existia bem antes do concurso, se agravou ap\u00f3s a homologa\u00e7\u00e3o do certame. \u201cVira um problema muito mais grave por conta da homologa\u00e7\u00e3o do concurso e n\u00e3o h\u00e1 nenhuma previs\u00e3o de resolu\u00e7\u00e3o\u201d, afirmou.<\/p>\n<p>Segundo ele, a Aojus-BA havia solicitado que o novo concurso fosse realizado nos mesmos moldes que o de 2014, quando foram disponibilizadas o quantitativo de vagas e, ap\u00f3s a aprova\u00e7\u00e3o, foram definidas para quais comarcas os novos funcion\u00e1rios seriam designados. No processo de 2023, os candidatos se inscreveram para as comarcas que gostariam de servir, o que dificultou a distribui\u00e7\u00e3o das cotas.<\/p>\n<p>Itailson aponta ainda que uma forma de resolver o problema seria prover mais vagas aos cargos, mas, de acordo com ele, com o limite de gastos definido pela lei de responsabilidade fiscal se torna invi\u00e1vel.<\/p>\n<p>As den\u00fancias <\/p>\n<p>Entre as den\u00fancias est\u00e3o a do vereador de Cachoeira Paulinho Leite (PSB), motorista da Corte desde 2000 no munic\u00edpio. Em raz\u00e3o da vac\u00e2ncia do cargo, o pol\u00edtico foi designado  para Oficial de Justi\u00e7a e teve sua perman\u00eancia renovada em 2024. A justificativa do Tribunal, ao divulgar a decis\u00e3o no Di\u00e1rio Oficial de 15 de mar\u00e7o, foi de \u201campla experi\u00eancia no m\u00fanus de Oficial de Justi\u00e7a, conforme se verifica na sua Certid\u00e3o e Mapa de Termo de Servi\u00e7o\u201d. Paulinho n\u00e3o \u00e9 bacharel em Direito. <\/p>\n<p>Em nota ao Metro1, o TJ-BA reiterou a suspens\u00e3o da convoca\u00e7\u00e3o de novos concursados e disse que a situa\u00e7\u00e3o que envolve o vereador aconteceu por ser a \u201csolu\u00e7\u00e3o encontrada para o cumprimento de mandados urgentes, de modo a atender os princ\u00edpios da continuidade e efici\u00eancia do servi\u00e7o p\u00fablico\u201d.<\/p>\n<p>\u201cContudo, esclare\u00e7a-se, que assim que poss\u00edvel, ser\u00e1 nomeado e empossado candidato aprovado no concurso p\u00fablico referente ao Edital 01\/2023 para a Comarca de Cachoeira, e, consequentemente, a designa\u00e7\u00e3o prec\u00e1ria do servidor substituto de Oficial de Justi\u00e7a Avaliador ser\u00e1 revogada&#8221;, disse a Corte, ao apontar que dialoga com o CNJ para retomar a convoca\u00e7\u00e3o dos servidores aprovados.<\/p>\n<p>A reportagem entrou em contato com o Conselho Nacional de Justi\u00e7a, mas at\u00e9 o fechamento desta mat\u00e9ria n\u00e3o obteve resposta.<\/p>\n<p>Foto: Divulga\u00e7\u00e3o\/TJ-BA<br \/>\nPor: Laisa Gama<\/p>\n","protected":false},"excerpt":{"rendered":"<p>A\u00e7\u00e3o acontece em meio a cr\u00edticas ap\u00f3s designa\u00e7\u00f5es de funcion\u00e1rios sem forma\u00e7\u00e3o em Direito para cargos em que h\u00e1 a<\/p>\n","protected":false},"author":4,"featured_media":13379,"comment_status":"open","ping_status":"open","sticky":false,"template":"","format":"standard","meta":{"colormag_page_container_layout":"default_layout","colormag_page_sidebar_layout":"default_layout","_FSMCFIC_featured_image_caption":"","_FSMCFIC_featured_image_nocaption":"","_FSMCFIC_featured_image_hide":"","footnotes":""},"categories":[7,1],"tags":[],"class_list":["post-13378","post","type-post","status-publish","format-standard","has-post-thumbnail","hentry","category-justica","category-ultimas"],"yoast_head":"<!-- This site is optimized with the Yoast SEO plugin v27.1.1 - https:\/\/yoast.com\/product\/yoast-seo-wordpress\/ -->\n<title>TJ-BA envia acordo de concilia\u00e7\u00e3o ao CNJ para retomar convoca\u00e7\u00e3o de novos servidores - Brasil not\u00edcias<\/title>\n<meta name=\"robots\" content=\"index, follow, max-snippet:-1, max-image-preview:large, max-video-preview:-1\" \/>\n<link rel=\"canonical\" href=\"https:\/\/brasilnoticias.org\/site\/tj-ba-envia-acordo-de-conciliacao-ao-cnj-para-retomar-convocacao-de-novos-servidores\/\" \/>\n<meta property=\"og:locale\" content=\"pt_PT\" \/>\n<meta property=\"og:type\" content=\"article\" \/>\n<meta property=\"og:title\" content=\"TJ-BA envia acordo de concilia\u00e7\u00e3o ao CNJ para retomar convoca\u00e7\u00e3o de novos servidores - Brasil not\u00edcias\" \/>\n<meta property=\"og:description\" content=\"A\u00e7\u00e3o acontece em meio a cr\u00edticas ap\u00f3s designa\u00e7\u00f5es de funcion\u00e1rios sem forma\u00e7\u00e3o em Direito para cargos em que h\u00e1 a\" \/>\n<meta property=\"og:url\" content=\"https:\/\/brasilnoticias.org\/site\/tj-ba-envia-acordo-de-conciliacao-ao-cnj-para-retomar-convocacao-de-novos-servidores\/\" \/>\n<meta property=\"og:site_name\" content=\"Brasil not\u00edcias\" \/>\n<meta property=\"article:published_time\" content=\"2024-04-03T17:03:30+00:00\" \/>\n<meta property=\"og:image\" content=\"https:\/\/brasilnoticias.org\/site\/wp-content\/uploads\/2024\/04\/148214tj-ba-envia-acordo-de-conciliacao-ao-cnj-para-retomar-convocacao-de-novos-servidores-3.jpg\" \/>\n\t<meta property=\"og:image:width\" content=\"1600\" \/>\n\t<meta property=\"og:image:height\" content=\"752\" \/>\n\t<meta property=\"og:image:type\" content=\"image\/jpeg\" \/>\n<meta name=\"author\" content=\"Reda\u00e7\u00e3o\" \/>\n<meta name=\"twitter:card\" content=\"summary_large_image\" \/>\n<meta name=\"twitter:label1\" content=\"Escrito por\" \/>\n\t<meta name=\"twitter:data1\" content=\"Reda\u00e7\u00e3o\" \/>\n<script type=\"application\/ld+json\" class=\"yoast-schema-graph\">{\"@context\":\"https:\/\/schema.org\",\"@graph\":[{\"@type\":\"Article\",\"@id\":\"https:\/\/brasilnoticias.org\/site\/tj-ba-envia-acordo-de-conciliacao-ao-cnj-para-retomar-convocacao-de-novos-servidores\/#article\",\"isPartOf\":{\"@id\":\"https:\/\/brasilnoticias.org\/site\/tj-ba-envia-acordo-de-conciliacao-ao-cnj-para-retomar-convocacao-de-novos-servidores\/\"},\"author\":{\"name\":\"Reda\u00e7\u00e3o\",\"@id\":\"https:\/\/brasilnoticias.org\/site\/#\/schema\/person\/03bbbfe6c7634ad18c26444ea39049fa\"},\"headline\":\"TJ-BA envia acordo de concilia\u00e7\u00e3o ao CNJ para retomar convoca\u00e7\u00e3o de novos servidores\",\"datePublished\":\"2024-04-03T17:03:30+00:00\",\"mainEntityOfPage\":{\"@id\":\"https:\/\/brasilnoticias.org\/site\/tj-ba-envia-acordo-de-conciliacao-ao-cnj-para-retomar-convocacao-de-novos-servidores\/\"},\"wordCount\":719,\"commentCount\":0,\"publisher\":{\"@id\":\"https:\/\/brasilnoticias.org\/site\/#organization\"},\"image\":{\"@id\":\"https:\/\/brasilnoticias.org\/site\/tj-ba-envia-acordo-de-conciliacao-ao-cnj-para-retomar-convocacao-de-novos-servidores\/#primaryimage\"},\"thumbnailUrl\":\"https:\/\/brasilnoticias.org\/site\/wp-content\/uploads\/2024\/04\/148214tj-ba-envia-acordo-de-conciliacao-ao-cnj-para-retomar-convocacao-de-novos-servidores-3.jpg\",\"articleSection\":[\"Justi\u00e7a\",\"\u00daltimas\"],\"inLanguage\":\"pt-PT\",\"potentialAction\":[{\"@type\":\"CommentAction\",\"name\":\"Comment\",\"target\":[\"https:\/\/brasilnoticias.org\/site\/tj-ba-envia-acordo-de-conciliacao-ao-cnj-para-retomar-convocacao-de-novos-servidores\/#respond\"]}]},{\"@type\":\"WebPage\",\"@id\":\"https:\/\/brasilnoticias.org\/site\/tj-ba-envia-acordo-de-conciliacao-ao-cnj-para-retomar-convocacao-de-novos-servidores\/\",\"url\":\"https:\/\/brasilnoticias.org\/site\/tj-ba-envia-acordo-de-conciliacao-ao-cnj-para-retomar-convocacao-de-novos-servidores\/\",\"name\":\"TJ-BA envia acordo de concilia\u00e7\u00e3o ao CNJ para retomar convoca\u00e7\u00e3o de novos servidores - Brasil not\u00edcias\",\"isPartOf\":{\"@id\":\"https:\/\/brasilnoticias.org\/site\/#website\"},\"primaryImageOfPage\":{\"@id\":\"https:\/\/brasilnoticias.org\/site\/tj-ba-envia-acordo-de-conciliacao-ao-cnj-para-retomar-convocacao-de-novos-servidores\/#primaryimage\"},\"image\":{\"@id\":\"https:\/\/brasilnoticias.org\/site\/tj-ba-envia-acordo-de-conciliacao-ao-cnj-para-retomar-convocacao-de-novos-servidores\/#primaryimage\"},\"thumbnailUrl\":\"https:\/\/brasilnoticias.org\/site\/wp-content\/uploads\/2024\/04\/148214tj-ba-envia-acordo-de-conciliacao-ao-cnj-para-retomar-convocacao-de-novos-servidores-3.jpg\",\"datePublished\":\"2024-04-03T17:03:30+00:00\",\"breadcrumb\":{\"@id\":\"https:\/\/brasilnoticias.org\/site\/tj-ba-envia-acordo-de-conciliacao-ao-cnj-para-retomar-convocacao-de-novos-servidores\/#breadcrumb\"},\"inLanguage\":\"pt-PT\",\"potentialAction\":[{\"@type\":\"ReadAction\",\"target\":[\"https:\/\/brasilnoticias.org\/site\/tj-ba-envia-acordo-de-conciliacao-ao-cnj-para-retomar-convocacao-de-novos-servidores\/\"]}]},{\"@type\":\"ImageObject\",\"inLanguage\":\"pt-PT\",\"@id\":\"https:\/\/brasilnoticias.org\/site\/tj-ba-envia-acordo-de-conciliacao-ao-cnj-para-retomar-convocacao-de-novos-servidores\/#primaryimage\",\"url\":\"https:\/\/brasilnoticias.org\/site\/wp-content\/uploads\/2024\/04\/148214tj-ba-envia-acordo-de-conciliacao-ao-cnj-para-retomar-convocacao-de-novos-servidores-3.jpg\",\"contentUrl\":\"https:\/\/brasilnoticias.org\/site\/wp-content\/uploads\/2024\/04\/148214tj-ba-envia-acordo-de-conciliacao-ao-cnj-para-retomar-convocacao-de-novos-servidores-3.jpg\",\"width\":1600,\"height\":752},{\"@type\":\"BreadcrumbList\",\"@id\":\"https:\/\/brasilnoticias.org\/site\/tj-ba-envia-acordo-de-conciliacao-ao-cnj-para-retomar-convocacao-de-novos-servidores\/#breadcrumb\",\"itemListElement\":[{\"@type\":\"ListItem\",\"position\":1,\"name\":\"In\u00edcio\",\"item\":\"https:\/\/brasilnoticias.org\/site\/\"},{\"@type\":\"ListItem\",\"position\":2,\"name\":\"TJ-BA envia acordo de concilia\u00e7\u00e3o ao CNJ para retomar convoca\u00e7\u00e3o de novos servidores\"}]},{\"@type\":\"WebSite\",\"@id\":\"https:\/\/brasilnoticias.org\/site\/#website\",\"url\":\"https:\/\/brasilnoticias.org\/site\/\",\"name\":\"Brasil not\u00edcias\",\"description\":\"Brasil not\u00edcias\",\"publisher\":{\"@id\":\"https:\/\/brasilnoticias.org\/site\/#organization\"},\"potentialAction\":[{\"@type\":\"SearchAction\",\"target\":{\"@type\":\"EntryPoint\",\"urlTemplate\":\"https:\/\/brasilnoticias.org\/site\/?s={search_term_string}\"},\"query-input\":{\"@type\":\"PropertyValueSpecification\",\"valueRequired\":true,\"valueName\":\"search_term_string\"}}],\"inLanguage\":\"pt-PT\"},{\"@type\":\"Organization\",\"@id\":\"https:\/\/brasilnoticias.org\/site\/#organization\",\"name\":\"Brasil not\u00edcias\",\"url\":\"https:\/\/brasilnoticias.org\/site\/\",\"logo\":{\"@type\":\"ImageObject\",\"inLanguage\":\"pt-PT\",\"@id\":\"https:\/\/brasilnoticias.org\/site\/#\/schema\/logo\/image\/\",\"url\":\"https:\/\/brasilnoticias.org\/site\/wp-content\/uploads\/2022\/05\/cropped-brasilnoticias-mini.jpg\",\"contentUrl\":\"https:\/\/brasilnoticias.org\/site\/wp-content\/uploads\/2022\/05\/cropped-brasilnoticias-mini.jpg\",\"width\":314,\"height\":86,\"caption\":\"Brasil not\u00edcias\"},\"image\":{\"@id\":\"https:\/\/brasilnoticias.org\/site\/#\/schema\/logo\/image\/\"}},{\"@type\":\"Person\",\"@id\":\"https:\/\/brasilnoticias.org\/site\/#\/schema\/person\/03bbbfe6c7634ad18c26444ea39049fa\",\"name\":\"Reda\u00e7\u00e3o\",\"image\":{\"@type\":\"ImageObject\",\"inLanguage\":\"pt-PT\",\"@id\":\"https:\/\/brasilnoticias.org\/site\/#\/schema\/person\/image\/\",\"url\":\"https:\/\/secure.gravatar.com\/avatar\/9ecaf7327a696cb23ad926fedded5f1f04d7049de9e445375d55b48c001a6e42?s=96&d=mm&r=g\",\"contentUrl\":\"https:\/\/secure.gravatar.com\/avatar\/9ecaf7327a696cb23ad926fedded5f1f04d7049de9e445375d55b48c001a6e42?s=96&d=mm&r=g\",\"caption\":\"Reda\u00e7\u00e3o\"},\"url\":\"https:\/\/brasilnoticias.org\/site\/author\/henrique\/\"}]}<\/script>\n<!-- \/ Yoast SEO plugin. -->","yoast_head_json":{"title":"TJ-BA envia acordo de concilia\u00e7\u00e3o ao CNJ para retomar convoca\u00e7\u00e3o de novos servidores - Brasil not\u00edcias","robots":{"index":"index","follow":"follow","max-snippet":"max-snippet:-1","max-image-preview":"max-image-preview:large","max-video-preview":"max-video-preview:-1"},"canonical":"https:\/\/brasilnoticias.org\/site\/tj-ba-envia-acordo-de-conciliacao-ao-cnj-para-retomar-convocacao-de-novos-servidores\/","og_locale":"pt_PT","og_type":"article","og_title":"TJ-BA envia acordo de concilia\u00e7\u00e3o ao CNJ para retomar convoca\u00e7\u00e3o de novos servidores - Brasil not\u00edcias","og_description":"A\u00e7\u00e3o acontece em meio a cr\u00edticas ap\u00f3s designa\u00e7\u00f5es de funcion\u00e1rios sem forma\u00e7\u00e3o em Direito para cargos em que h\u00e1 a","og_url":"https:\/\/brasilnoticias.org\/site\/tj-ba-envia-acordo-de-conciliacao-ao-cnj-para-retomar-convocacao-de-novos-servidores\/","og_site_name":"Brasil not\u00edcias","article_published_time":"2024-04-03T17:03:30+00:00","og_image":[{"width":1600,"height":752,"url":"https:\/\/brasilnoticias.org\/site\/wp-content\/uploads\/2024\/04\/148214tj-ba-envia-acordo-de-conciliacao-ao-cnj-para-retomar-convocacao-de-novos-servidores-3.jpg","type":"image\/jpeg"}],"author":"Reda\u00e7\u00e3o","twitter_card":"summary_large_image","twitter_misc":{"Escrito por":"Reda\u00e7\u00e3o"},"schema":{"@context":"https:\/\/schema.org","@graph":[{"@type":"Article","@id":"https:\/\/brasilnoticias.org\/site\/tj-ba-envia-acordo-de-conciliacao-ao-cnj-para-retomar-convocacao-de-novos-servidores\/#article","isPartOf":{"@id":"https:\/\/brasilnoticias.org\/site\/tj-ba-envia-acordo-de-conciliacao-ao-cnj-para-retomar-convocacao-de-novos-servidores\/"},"author":{"name":"Reda\u00e7\u00e3o","@id":"https:\/\/brasilnoticias.org\/site\/#\/schema\/person\/03bbbfe6c7634ad18c26444ea39049fa"},"headline":"TJ-BA envia acordo de concilia\u00e7\u00e3o ao CNJ para retomar convoca\u00e7\u00e3o de novos servidores","datePublished":"2024-04-03T17:03:30+00:00","mainEntityOfPage":{"@id":"https:\/\/brasilnoticias.org\/site\/tj-ba-envia-acordo-de-conciliacao-ao-cnj-para-retomar-convocacao-de-novos-servidores\/"},"wordCount":719,"commentCount":0,"publisher":{"@id":"https:\/\/brasilnoticias.org\/site\/#organization"},"image":{"@id":"https:\/\/brasilnoticias.org\/site\/tj-ba-envia-acordo-de-conciliacao-ao-cnj-para-retomar-convocacao-de-novos-servidores\/#primaryimage"},"thumbnailUrl":"https:\/\/brasilnoticias.org\/site\/wp-content\/uploads\/2024\/04\/148214tj-ba-envia-acordo-de-conciliacao-ao-cnj-para-retomar-convocacao-de-novos-servidores-3.jpg","articleSection":["Justi\u00e7a","\u00daltimas"],"inLanguage":"pt-PT","potentialAction":[{"@type":"CommentAction","name":"Comment","target":["https:\/\/brasilnoticias.org\/site\/tj-ba-envia-acordo-de-conciliacao-ao-cnj-para-retomar-convocacao-de-novos-servidores\/#respond"]}]},{"@type":"WebPage","@id":"https:\/\/brasilnoticias.org\/site\/tj-ba-envia-acordo-de-conciliacao-ao-cnj-para-retomar-convocacao-de-novos-servidores\/","url":"https:\/\/brasilnoticias.org\/site\/tj-ba-envia-acordo-de-conciliacao-ao-cnj-para-retomar-convocacao-de-novos-servidores\/","name":"TJ-BA envia acordo de concilia\u00e7\u00e3o ao CNJ para retomar convoca\u00e7\u00e3o de novos servidores - Brasil not\u00edcias","isPartOf":{"@id":"https:\/\/brasilnoticias.org\/site\/#website"},"primaryImageOfPage":{"@id":"https:\/\/brasilnoticias.org\/site\/tj-ba-envia-acordo-de-conciliacao-ao-cnj-para-retomar-convocacao-de-novos-servidores\/#primaryimage"},"image":{"@id":"https:\/\/brasilnoticias.org\/site\/tj-ba-envia-acordo-de-conciliacao-ao-cnj-para-retomar-convocacao-de-novos-servidores\/#primaryimage"},"thumbnailUrl":"https:\/\/brasilnoticias.org\/site\/wp-content\/uploads\/2024\/04\/148214tj-ba-envia-acordo-de-conciliacao-ao-cnj-para-retomar-convocacao-de-novos-servidores-3.jpg","datePublished":"2024-04-03T17:03:30+00:00","breadcrumb":{"@id":"https:\/\/brasilnoticias.org\/site\/tj-ba-envia-acordo-de-conciliacao-ao-cnj-para-retomar-convocacao-de-novos-servidores\/#breadcrumb"},"inLanguage":"pt-PT","potentialAction":[{"@type":"ReadAction","target":["https:\/\/brasilnoticias.org\/site\/tj-ba-envia-acordo-de-conciliacao-ao-cnj-para-retomar-convocacao-de-novos-servidores\/"]}]},{"@type":"ImageObject","inLanguage":"pt-PT","@id":"https:\/\/brasilnoticias.org\/site\/tj-ba-envia-acordo-de-conciliacao-ao-cnj-para-retomar-convocacao-de-novos-servidores\/#primaryimage","url":"https:\/\/brasilnoticias.org\/site\/wp-content\/uploads\/2024\/04\/148214tj-ba-envia-acordo-de-conciliacao-ao-cnj-para-retomar-convocacao-de-novos-servidores-3.jpg","contentUrl":"https:\/\/brasilnoticias.org\/site\/wp-content\/uploads\/2024\/04\/148214tj-ba-envia-acordo-de-conciliacao-ao-cnj-para-retomar-convocacao-de-novos-servidores-3.jpg","width":1600,"height":752},{"@type":"BreadcrumbList","@id":"https:\/\/brasilnoticias.org\/site\/tj-ba-envia-acordo-de-conciliacao-ao-cnj-para-retomar-convocacao-de-novos-servidores\/#breadcrumb","itemListElement":[{"@type":"ListItem","position":1,"name":"In\u00edcio","item":"https:\/\/brasilnoticias.org\/site\/"},{"@type":"ListItem","position":2,"name":"TJ-BA envia acordo de concilia\u00e7\u00e3o ao CNJ para retomar convoca\u00e7\u00e3o de novos servidores"}]},{"@type":"WebSite","@id":"https:\/\/brasilnoticias.org\/site\/#website","url":"https:\/\/brasilnoticias.org\/site\/","name":"Brasil not\u00edcias","description":"Brasil not\u00edcias","publisher":{"@id":"https:\/\/brasilnoticias.org\/site\/#organization"},"potentialAction":[{"@type":"SearchAction","target":{"@type":"EntryPoint","urlTemplate":"https:\/\/brasilnoticias.org\/site\/?s={search_term_string}"},"query-input":{"@type":"PropertyValueSpecification","valueRequired":true,"valueName":"search_term_string"}}],"inLanguage":"pt-PT"},{"@type":"Organization","@id":"https:\/\/brasilnoticias.org\/site\/#organization","name":"Brasil not\u00edcias","url":"https:\/\/brasilnoticias.org\/site\/","logo":{"@type":"ImageObject","inLanguage":"pt-PT","@id":"https:\/\/brasilnoticias.org\/site\/#\/schema\/logo\/image\/","url":"https:\/\/brasilnoticias.org\/site\/wp-content\/uploads\/2022\/05\/cropped-brasilnoticias-mini.jpg","contentUrl":"https:\/\/brasilnoticias.org\/site\/wp-content\/uploads\/2022\/05\/cropped-brasilnoticias-mini.jpg","width":314,"height":86,"caption":"Brasil not\u00edcias"},"image":{"@id":"https:\/\/brasilnoticias.org\/site\/#\/schema\/logo\/image\/"}},{"@type":"Person","@id":"https:\/\/brasilnoticias.org\/site\/#\/schema\/person\/03bbbfe6c7634ad18c26444ea39049fa","name":"Reda\u00e7\u00e3o","image":{"@type":"ImageObject","inLanguage":"pt-PT","@id":"https:\/\/brasilnoticias.org\/site\/#\/schema\/person\/image\/","url":"https:\/\/secure.gravatar.com\/avatar\/9ecaf7327a696cb23ad926fedded5f1f04d7049de9e445375d55b48c001a6e42?s=96&d=mm&r=g","contentUrl":"https:\/\/secure.gravatar.com\/avatar\/9ecaf7327a696cb23ad926fedded5f1f04d7049de9e445375d55b48c001a6e42?s=96&d=mm&r=g","caption":"Reda\u00e7\u00e3o"},"url":"https:\/\/brasilnoticias.org\/site\/author\/henrique\/"}]}},"_links":{"self":[{"href":"https:\/\/brasilnoticias.org\/site\/wp-json\/wp\/v2\/posts\/13378","targetHints":{"allow":["GET"]}}],"collection":[{"href":"https:\/\/brasilnoticias.org\/site\/wp-json\/wp\/v2\/posts"}],"about":[{"href":"https:\/\/brasilnoticias.org\/site\/wp-json\/wp\/v2\/types\/post"}],"author":[{"embeddable":true,"href":"https:\/\/brasilnoticias.org\/site\/wp-json\/wp\/v2\/users\/4"}],"replies":[{"embeddable":true,"href":"https:\/\/brasilnoticias.org\/site\/wp-json\/wp\/v2\/comments?post=13378"}],"version-history":[{"count":1,"href":"https:\/\/brasilnoticias.org\/site\/wp-json\/wp\/v2\/posts\/13378\/revisions"}],"predecessor-version":[{"id":13380,"href":"https:\/\/brasilnoticias.org\/site\/wp-json\/wp\/v2\/posts\/13378\/revisions\/13380"}],"wp:featuredmedia":[{"embeddable":true,"href":"https:\/\/brasilnoticias.org\/site\/wp-json\/wp\/v2\/media\/13379"}],"wp:attachment":[{"href":"https:\/\/brasilnoticias.org\/site\/wp-json\/wp\/v2\/media?parent=13378"}],"wp:term":[{"taxonomy":"category","embeddable":true,"href":"https:\/\/brasilnoticias.org\/site\/wp-json\/wp\/v2\/categories?post=13378"},{"taxonomy":"post_tag","embeddable":true,"href":"https:\/\/brasilnoticias.org\/site\/wp-json\/wp\/v2\/tags?post=13378"}],"curies":[{"name":"wp","href":"https:\/\/api.w.org\/{rel}","templated":true}]}}