{"id":13381,"date":"2024-04-03T14:04:16","date_gmt":"2024-04-03T17:04:16","guid":{"rendered":"https:\/\/brasilnoticias.org\/site\/?p=13381"},"modified":"2024-04-03T14:04:16","modified_gmt":"2024-04-03T17:04:16","slug":"kanye-west-e-processado-por-racismo-antissemitismo-e-homofobia-por-ex-funcionario","status":"publish","type":"post","link":"https:\/\/brasilnoticias.org\/site\/kanye-west-e-processado-por-racismo-antissemitismo-e-homofobia-por-ex-funcionario\/","title":{"rendered":"Kanye West \u00e9 processado por racismo, antissemitismo e homofobia por ex-funcion\u00e1rio"},"content":{"rendered":"<p>De acordo com a a\u00e7\u00e3o, o rapper &#8220;pregava obscenidades para seu pessoal, como &#8216;os judeus querem acabar comigo&#8217; e &#8216;os judeus roubam todo o meu dinheiro'&#8221;<\/p>\n<p>Kanye West foi processado por um ex-funcion\u00e1rio sob acusa\u00e7\u00f5es de racismo, antissemitismo, homofobia e &#8220;severa discrimina\u00e7\u00e3o&#8221;. A a\u00e7\u00e3o judicial foi apresentada por Trevor Phillips, nesta ter\u00e7a-feira (2), em um tribunal de Los Angeles. O homem, que \u00e9 negro e trabalhou para duas empresas do rapper por quase um ano, alega que &#8220;sofreu severa discrimina\u00e7\u00e3o, ass\u00e9dio e retalia\u00e7\u00e3o diretamente de Kanye West&#8221;. Ele diz ainda que &#8220;em in\u00fameras ocasi\u00f5es viu ou experimentou pessoalmente os gritos fren\u00e9ticos de Kanye com pessoas negras&#8221;.<\/p>\n<p>Phillips foi contratado em novembro de 2022 pela Yeezy, a marca de roupas de Kanye West, e depois come\u00e7ou a trabalhar tamb\u00e9m em sua escola, a Donda Academy. No processo, ele afirma ser testemunha de ataques homof\u00f3bicos e antissemitas do cantor. &#8220;Phillips, em v\u00e1rias ocasi\u00f5es, testemunhou como Kanye pregava obscenidades para seu pessoal, como &#8216;os judeus querem acabar comigo&#8217; e &#8216;os judeus roubam todo o meu dinheiro'&#8221;, diz um trecho do processo.<\/p>\n<p>O rapper, ali\u00e1s, \u00e9 objeto de outro processo por comportamentos arbitr\u00e1rios em sua escola. Este primeiro processo lhe custou parcerias comerciais milion\u00e1rias com marcas como Adidas e GAP.<\/p>\n<p>De acordo com a nova a\u00e7\u00e3o, durante um jantar em um luxuoso restaurante em Los Angeles, West teria elogiado o l\u00edder nazista Adolf Hitler, chamando-o de &#8220;boa pessoa&#8221;. &#8220;Hitler foi genial. Hitler foi um inovador! Ele inventou tantas coisas&#8221;, teria dito o artista.<\/p>\n<p>O ex-funcion\u00e1rio tamb\u00e9m acusa o rapper de 46 anos, que mudou seu nome para Ye, de usar uma &#8220;ret\u00f3rica perigosa&#8221; na frente dos alunos da Donda Academy. Segundo ele, em uma conversa com dois alunos, &#8220;Kanye disse a eles que queria que raspassem suas cabe\u00e7as e que tinha a inten\u00e7\u00e3o de colocar uma pris\u00e3o na escola, e que poderia tranc\u00e1-los em jaulas&#8221;.<\/p>\n<p>Relata ainda que Ye alertou em uma reuni\u00e3o que seus funcion\u00e1rios n\u00e3o podiam ser gordos, sob pena de serem demitidos. &#8220;Ao apresentar este processo, esperamos que os direitos de nossos clientes prejudicados sejam reivindicados, e que o famoso artista Sr. West compreenda que suas mensagens, que, segundo alegamos, pregam discrimina\u00e7\u00e3o, antissemitismo e amor a Hitler, n\u00e3o t\u00eam lugar no mundo&#8221;, disse em comunicado o advogado Carney R. Shegerian, respons\u00e1vel pelo processo.<\/p>\n<p>Phillips, que deixou de trabalhar para as empresas de West em agosto de 2023, busca uma compensa\u00e7\u00e3o financeira de 35 mil d\u00f3lares (R$ 177 mil) pelos transtornos que afirma ter sofrido.<\/p>\n<p>Foto: Divulga\u00e7\u00e3o<br \/>\nPor: Metro1<\/p>\n","protected":false},"excerpt":{"rendered":"<p>De acordo com a a\u00e7\u00e3o, o rapper &#8220;pregava obscenidades para seu pessoal, como &#8216;os judeus querem acabar comigo&#8217; e &#8216;os<\/p>\n","protected":false},"author":4,"featured_media":13382,"comment_status":"open","ping_status":"open","sticky":false,"template":"","format":"standard","meta":{"colormag_page_container_layout":"default_layout","colormag_page_sidebar_layout":"default_layout","_FSMCFIC_featured_image_caption":"","_FSMCFIC_featured_image_nocaption":"","_FSMCFIC_featured_image_hide":"","footnotes":""},"categories":[8,1],"tags":[],"class_list":["post-13381","post","type-post","status-publish","format-standard","has-post-thumbnail","hentry","category-entretenimento","category-ultimas"],"yoast_head":"<!-- This site is optimized with the Yoast SEO plugin v27.1.1 - https:\/\/yoast.com\/product\/yoast-seo-wordpress\/ -->\n<title>Kanye West \u00e9 processado por racismo, antissemitismo e homofobia por ex-funcion\u00e1rio - Brasil not\u00edcias<\/title>\n<meta name=\"robots\" content=\"index, follow, max-snippet:-1, max-image-preview:large, max-video-preview:-1\" \/>\n<link rel=\"canonical\" href=\"https:\/\/brasilnoticias.org\/site\/kanye-west-e-processado-por-racismo-antissemitismo-e-homofobia-por-ex-funcionario\/\" \/>\n<meta property=\"og:locale\" content=\"pt_PT\" \/>\n<meta property=\"og:type\" content=\"article\" \/>\n<meta property=\"og:title\" content=\"Kanye West \u00e9 processado por racismo, antissemitismo e homofobia por ex-funcion\u00e1rio - Brasil not\u00edcias\" \/>\n<meta property=\"og:description\" content=\"De acordo com a a\u00e7\u00e3o, o rapper &#8220;pregava obscenidades para seu pessoal, como &#8216;os judeus querem acabar comigo&#8217; e &#8216;os\" \/>\n<meta property=\"og:url\" content=\"https:\/\/brasilnoticias.org\/site\/kanye-west-e-processado-por-racismo-antissemitismo-e-homofobia-por-ex-funcionario\/\" \/>\n<meta property=\"og:site_name\" content=\"Brasil not\u00edcias\" \/>\n<meta property=\"article:published_time\" content=\"2024-04-03T17:04:16+00:00\" \/>\n<meta property=\"og:image\" content=\"https:\/\/brasilnoticias.org\/site\/wp-content\/uploads\/2024\/04\/148196kanye-west-e-processado-por-racismo-antissemitismo-e-homofobia-por-ex-funcionario-3.jpg\" \/>\n\t<meta property=\"og:image:width\" content=\"1600\" \/>\n\t<meta property=\"og:image:height\" content=\"752\" \/>\n\t<meta property=\"og:image:type\" content=\"image\/jpeg\" \/>\n<meta name=\"author\" content=\"Reda\u00e7\u00e3o\" \/>\n<meta name=\"twitter:card\" content=\"summary_large_image\" \/>\n<meta name=\"twitter:label1\" content=\"Escrito por\" \/>\n\t<meta name=\"twitter:data1\" content=\"Reda\u00e7\u00e3o\" \/>\n\t<meta name=\"twitter:label2\" content=\"Tempo estimado de leitura\" \/>\n\t<meta name=\"twitter:data2\" content=\"1 minuto\" \/>\n<script type=\"application\/ld+json\" class=\"yoast-schema-graph\">{\"@context\":\"https:\/\/schema.org\",\"@graph\":[{\"@type\":\"Article\",\"@id\":\"https:\/\/brasilnoticias.org\/site\/kanye-west-e-processado-por-racismo-antissemitismo-e-homofobia-por-ex-funcionario\/#article\",\"isPartOf\":{\"@id\":\"https:\/\/brasilnoticias.org\/site\/kanye-west-e-processado-por-racismo-antissemitismo-e-homofobia-por-ex-funcionario\/\"},\"author\":{\"name\":\"Reda\u00e7\u00e3o\",\"@id\":\"https:\/\/brasilnoticias.org\/site\/#\/schema\/person\/03bbbfe6c7634ad18c26444ea39049fa\"},\"headline\":\"Kanye West \u00e9 processado por racismo, antissemitismo e homofobia por ex-funcion\u00e1rio\",\"datePublished\":\"2024-04-03T17:04:16+00:00\",\"mainEntityOfPage\":{\"@id\":\"https:\/\/brasilnoticias.org\/site\/kanye-west-e-processado-por-racismo-antissemitismo-e-homofobia-por-ex-funcionario\/\"},\"wordCount\":459,\"commentCount\":0,\"publisher\":{\"@id\":\"https:\/\/brasilnoticias.org\/site\/#organization\"},\"image\":{\"@id\":\"https:\/\/brasilnoticias.org\/site\/kanye-west-e-processado-por-racismo-antissemitismo-e-homofobia-por-ex-funcionario\/#primaryimage\"},\"thumbnailUrl\":\"https:\/\/brasilnoticias.org\/site\/wp-content\/uploads\/2024\/04\/148196kanye-west-e-processado-por-racismo-antissemitismo-e-homofobia-por-ex-funcionario-3.jpg\",\"articleSection\":[\"Entretenimento\",\"\u00daltimas\"],\"inLanguage\":\"pt-PT\",\"potentialAction\":[{\"@type\":\"CommentAction\",\"name\":\"Comment\",\"target\":[\"https:\/\/brasilnoticias.org\/site\/kanye-west-e-processado-por-racismo-antissemitismo-e-homofobia-por-ex-funcionario\/#respond\"]}]},{\"@type\":\"WebPage\",\"@id\":\"https:\/\/brasilnoticias.org\/site\/kanye-west-e-processado-por-racismo-antissemitismo-e-homofobia-por-ex-funcionario\/\",\"url\":\"https:\/\/brasilnoticias.org\/site\/kanye-west-e-processado-por-racismo-antissemitismo-e-homofobia-por-ex-funcionario\/\",\"name\":\"Kanye West \u00e9 processado por racismo, antissemitismo e homofobia por ex-funcion\u00e1rio - Brasil not\u00edcias\",\"isPartOf\":{\"@id\":\"https:\/\/brasilnoticias.org\/site\/#website\"},\"primaryImageOfPage\":{\"@id\":\"https:\/\/brasilnoticias.org\/site\/kanye-west-e-processado-por-racismo-antissemitismo-e-homofobia-por-ex-funcionario\/#primaryimage\"},\"image\":{\"@id\":\"https:\/\/brasilnoticias.org\/site\/kanye-west-e-processado-por-racismo-antissemitismo-e-homofobia-por-ex-funcionario\/#primaryimage\"},\"thumbnailUrl\":\"https:\/\/brasilnoticias.org\/site\/wp-content\/uploads\/2024\/04\/148196kanye-west-e-processado-por-racismo-antissemitismo-e-homofobia-por-ex-funcionario-3.jpg\",\"datePublished\":\"2024-04-03T17:04:16+00:00\",\"breadcrumb\":{\"@id\":\"https:\/\/brasilnoticias.org\/site\/kanye-west-e-processado-por-racismo-antissemitismo-e-homofobia-por-ex-funcionario\/#breadcrumb\"},\"inLanguage\":\"pt-PT\",\"potentialAction\":[{\"@type\":\"ReadAction\",\"target\":[\"https:\/\/brasilnoticias.org\/site\/kanye-west-e-processado-por-racismo-antissemitismo-e-homofobia-por-ex-funcionario\/\"]}]},{\"@type\":\"ImageObject\",\"inLanguage\":\"pt-PT\",\"@id\":\"https:\/\/brasilnoticias.org\/site\/kanye-west-e-processado-por-racismo-antissemitismo-e-homofobia-por-ex-funcionario\/#primaryimage\",\"url\":\"https:\/\/brasilnoticias.org\/site\/wp-content\/uploads\/2024\/04\/148196kanye-west-e-processado-por-racismo-antissemitismo-e-homofobia-por-ex-funcionario-3.jpg\",\"contentUrl\":\"https:\/\/brasilnoticias.org\/site\/wp-content\/uploads\/2024\/04\/148196kanye-west-e-processado-por-racismo-antissemitismo-e-homofobia-por-ex-funcionario-3.jpg\",\"width\":1600,\"height\":752},{\"@type\":\"BreadcrumbList\",\"@id\":\"https:\/\/brasilnoticias.org\/site\/kanye-west-e-processado-por-racismo-antissemitismo-e-homofobia-por-ex-funcionario\/#breadcrumb\",\"itemListElement\":[{\"@type\":\"ListItem\",\"position\":1,\"name\":\"In\u00edcio\",\"item\":\"https:\/\/brasilnoticias.org\/site\/\"},{\"@type\":\"ListItem\",\"position\":2,\"name\":\"Kanye West \u00e9 processado por racismo, antissemitismo e homofobia por ex-funcion\u00e1rio\"}]},{\"@type\":\"WebSite\",\"@id\":\"https:\/\/brasilnoticias.org\/site\/#website\",\"url\":\"https:\/\/brasilnoticias.org\/site\/\",\"name\":\"Brasil not\u00edcias\",\"description\":\"Brasil not\u00edcias\",\"publisher\":{\"@id\":\"https:\/\/brasilnoticias.org\/site\/#organization\"},\"potentialAction\":[{\"@type\":\"SearchAction\",\"target\":{\"@type\":\"EntryPoint\",\"urlTemplate\":\"https:\/\/brasilnoticias.org\/site\/?s={search_term_string}\"},\"query-input\":{\"@type\":\"PropertyValueSpecification\",\"valueRequired\":true,\"valueName\":\"search_term_string\"}}],\"inLanguage\":\"pt-PT\"},{\"@type\":\"Organization\",\"@id\":\"https:\/\/brasilnoticias.org\/site\/#organization\",\"name\":\"Brasil not\u00edcias\",\"url\":\"https:\/\/brasilnoticias.org\/site\/\",\"logo\":{\"@type\":\"ImageObject\",\"inLanguage\":\"pt-PT\",\"@id\":\"https:\/\/brasilnoticias.org\/site\/#\/schema\/logo\/image\/\",\"url\":\"https:\/\/brasilnoticias.org\/site\/wp-content\/uploads\/2022\/05\/cropped-brasilnoticias-mini.jpg\",\"contentUrl\":\"https:\/\/brasilnoticias.org\/site\/wp-content\/uploads\/2022\/05\/cropped-brasilnoticias-mini.jpg\",\"width\":314,\"height\":86,\"caption\":\"Brasil not\u00edcias\"},\"image\":{\"@id\":\"https:\/\/brasilnoticias.org\/site\/#\/schema\/logo\/image\/\"}},{\"@type\":\"Person\",\"@id\":\"https:\/\/brasilnoticias.org\/site\/#\/schema\/person\/03bbbfe6c7634ad18c26444ea39049fa\",\"name\":\"Reda\u00e7\u00e3o\",\"image\":{\"@type\":\"ImageObject\",\"inLanguage\":\"pt-PT\",\"@id\":\"https:\/\/brasilnoticias.org\/site\/#\/schema\/person\/image\/\",\"url\":\"https:\/\/secure.gravatar.com\/avatar\/9ecaf7327a696cb23ad926fedded5f1f04d7049de9e445375d55b48c001a6e42?s=96&d=mm&r=g\",\"contentUrl\":\"https:\/\/secure.gravatar.com\/avatar\/9ecaf7327a696cb23ad926fedded5f1f04d7049de9e445375d55b48c001a6e42?s=96&d=mm&r=g\",\"caption\":\"Reda\u00e7\u00e3o\"},\"url\":\"https:\/\/brasilnoticias.org\/site\/author\/henrique\/\"}]}<\/script>\n<!-- \/ Yoast SEO plugin. -->","yoast_head_json":{"title":"Kanye West \u00e9 processado por racismo, antissemitismo e homofobia por ex-funcion\u00e1rio - Brasil not\u00edcias","robots":{"index":"index","follow":"follow","max-snippet":"max-snippet:-1","max-image-preview":"max-image-preview:large","max-video-preview":"max-video-preview:-1"},"canonical":"https:\/\/brasilnoticias.org\/site\/kanye-west-e-processado-por-racismo-antissemitismo-e-homofobia-por-ex-funcionario\/","og_locale":"pt_PT","og_type":"article","og_title":"Kanye West \u00e9 processado por racismo, antissemitismo e homofobia por ex-funcion\u00e1rio - Brasil not\u00edcias","og_description":"De acordo com a a\u00e7\u00e3o, o rapper &#8220;pregava obscenidades para seu pessoal, como &#8216;os judeus querem acabar comigo&#8217; e &#8216;os","og_url":"https:\/\/brasilnoticias.org\/site\/kanye-west-e-processado-por-racismo-antissemitismo-e-homofobia-por-ex-funcionario\/","og_site_name":"Brasil not\u00edcias","article_published_time":"2024-04-03T17:04:16+00:00","og_image":[{"width":1600,"height":752,"url":"https:\/\/brasilnoticias.org\/site\/wp-content\/uploads\/2024\/04\/148196kanye-west-e-processado-por-racismo-antissemitismo-e-homofobia-por-ex-funcionario-3.jpg","type":"image\/jpeg"}],"author":"Reda\u00e7\u00e3o","twitter_card":"summary_large_image","twitter_misc":{"Escrito por":"Reda\u00e7\u00e3o","Tempo estimado de leitura":"1 minuto"},"schema":{"@context":"https:\/\/schema.org","@graph":[{"@type":"Article","@id":"https:\/\/brasilnoticias.org\/site\/kanye-west-e-processado-por-racismo-antissemitismo-e-homofobia-por-ex-funcionario\/#article","isPartOf":{"@id":"https:\/\/brasilnoticias.org\/site\/kanye-west-e-processado-por-racismo-antissemitismo-e-homofobia-por-ex-funcionario\/"},"author":{"name":"Reda\u00e7\u00e3o","@id":"https:\/\/brasilnoticias.org\/site\/#\/schema\/person\/03bbbfe6c7634ad18c26444ea39049fa"},"headline":"Kanye West \u00e9 processado por racismo, antissemitismo e homofobia por ex-funcion\u00e1rio","datePublished":"2024-04-03T17:04:16+00:00","mainEntityOfPage":{"@id":"https:\/\/brasilnoticias.org\/site\/kanye-west-e-processado-por-racismo-antissemitismo-e-homofobia-por-ex-funcionario\/"},"wordCount":459,"commentCount":0,"publisher":{"@id":"https:\/\/brasilnoticias.org\/site\/#organization"},"image":{"@id":"https:\/\/brasilnoticias.org\/site\/kanye-west-e-processado-por-racismo-antissemitismo-e-homofobia-por-ex-funcionario\/#primaryimage"},"thumbnailUrl":"https:\/\/brasilnoticias.org\/site\/wp-content\/uploads\/2024\/04\/148196kanye-west-e-processado-por-racismo-antissemitismo-e-homofobia-por-ex-funcionario-3.jpg","articleSection":["Entretenimento","\u00daltimas"],"inLanguage":"pt-PT","potentialAction":[{"@type":"CommentAction","name":"Comment","target":["https:\/\/brasilnoticias.org\/site\/kanye-west-e-processado-por-racismo-antissemitismo-e-homofobia-por-ex-funcionario\/#respond"]}]},{"@type":"WebPage","@id":"https:\/\/brasilnoticias.org\/site\/kanye-west-e-processado-por-racismo-antissemitismo-e-homofobia-por-ex-funcionario\/","url":"https:\/\/brasilnoticias.org\/site\/kanye-west-e-processado-por-racismo-antissemitismo-e-homofobia-por-ex-funcionario\/","name":"Kanye West \u00e9 processado por racismo, antissemitismo e homofobia por ex-funcion\u00e1rio - Brasil not\u00edcias","isPartOf":{"@id":"https:\/\/brasilnoticias.org\/site\/#website"},"primaryImageOfPage":{"@id":"https:\/\/brasilnoticias.org\/site\/kanye-west-e-processado-por-racismo-antissemitismo-e-homofobia-por-ex-funcionario\/#primaryimage"},"image":{"@id":"https:\/\/brasilnoticias.org\/site\/kanye-west-e-processado-por-racismo-antissemitismo-e-homofobia-por-ex-funcionario\/#primaryimage"},"thumbnailUrl":"https:\/\/brasilnoticias.org\/site\/wp-content\/uploads\/2024\/04\/148196kanye-west-e-processado-por-racismo-antissemitismo-e-homofobia-por-ex-funcionario-3.jpg","datePublished":"2024-04-03T17:04:16+00:00","breadcrumb":{"@id":"https:\/\/brasilnoticias.org\/site\/kanye-west-e-processado-por-racismo-antissemitismo-e-homofobia-por-ex-funcionario\/#breadcrumb"},"inLanguage":"pt-PT","potentialAction":[{"@type":"ReadAction","target":["https:\/\/brasilnoticias.org\/site\/kanye-west-e-processado-por-racismo-antissemitismo-e-homofobia-por-ex-funcionario\/"]}]},{"@type":"ImageObject","inLanguage":"pt-PT","@id":"https:\/\/brasilnoticias.org\/site\/kanye-west-e-processado-por-racismo-antissemitismo-e-homofobia-por-ex-funcionario\/#primaryimage","url":"https:\/\/brasilnoticias.org\/site\/wp-content\/uploads\/2024\/04\/148196kanye-west-e-processado-por-racismo-antissemitismo-e-homofobia-por-ex-funcionario-3.jpg","contentUrl":"https:\/\/brasilnoticias.org\/site\/wp-content\/uploads\/2024\/04\/148196kanye-west-e-processado-por-racismo-antissemitismo-e-homofobia-por-ex-funcionario-3.jpg","width":1600,"height":752},{"@type":"BreadcrumbList","@id":"https:\/\/brasilnoticias.org\/site\/kanye-west-e-processado-por-racismo-antissemitismo-e-homofobia-por-ex-funcionario\/#breadcrumb","itemListElement":[{"@type":"ListItem","position":1,"name":"In\u00edcio","item":"https:\/\/brasilnoticias.org\/site\/"},{"@type":"ListItem","position":2,"name":"Kanye West \u00e9 processado por racismo, antissemitismo e homofobia por ex-funcion\u00e1rio"}]},{"@type":"WebSite","@id":"https:\/\/brasilnoticias.org\/site\/#website","url":"https:\/\/brasilnoticias.org\/site\/","name":"Brasil not\u00edcias","description":"Brasil not\u00edcias","publisher":{"@id":"https:\/\/brasilnoticias.org\/site\/#organization"},"potentialAction":[{"@type":"SearchAction","target":{"@type":"EntryPoint","urlTemplate":"https:\/\/brasilnoticias.org\/site\/?s={search_term_string}"},"query-input":{"@type":"PropertyValueSpecification","valueRequired":true,"valueName":"search_term_string"}}],"inLanguage":"pt-PT"},{"@type":"Organization","@id":"https:\/\/brasilnoticias.org\/site\/#organization","name":"Brasil not\u00edcias","url":"https:\/\/brasilnoticias.org\/site\/","logo":{"@type":"ImageObject","inLanguage":"pt-PT","@id":"https:\/\/brasilnoticias.org\/site\/#\/schema\/logo\/image\/","url":"https:\/\/brasilnoticias.org\/site\/wp-content\/uploads\/2022\/05\/cropped-brasilnoticias-mini.jpg","contentUrl":"https:\/\/brasilnoticias.org\/site\/wp-content\/uploads\/2022\/05\/cropped-brasilnoticias-mini.jpg","width":314,"height":86,"caption":"Brasil not\u00edcias"},"image":{"@id":"https:\/\/brasilnoticias.org\/site\/#\/schema\/logo\/image\/"}},{"@type":"Person","@id":"https:\/\/brasilnoticias.org\/site\/#\/schema\/person\/03bbbfe6c7634ad18c26444ea39049fa","name":"Reda\u00e7\u00e3o","image":{"@type":"ImageObject","inLanguage":"pt-PT","@id":"https:\/\/brasilnoticias.org\/site\/#\/schema\/person\/image\/","url":"https:\/\/secure.gravatar.com\/avatar\/9ecaf7327a696cb23ad926fedded5f1f04d7049de9e445375d55b48c001a6e42?s=96&d=mm&r=g","contentUrl":"https:\/\/secure.gravatar.com\/avatar\/9ecaf7327a696cb23ad926fedded5f1f04d7049de9e445375d55b48c001a6e42?s=96&d=mm&r=g","caption":"Reda\u00e7\u00e3o"},"url":"https:\/\/brasilnoticias.org\/site\/author\/henrique\/"}]}},"_links":{"self":[{"href":"https:\/\/brasilnoticias.org\/site\/wp-json\/wp\/v2\/posts\/13381","targetHints":{"allow":["GET"]}}],"collection":[{"href":"https:\/\/brasilnoticias.org\/site\/wp-json\/wp\/v2\/posts"}],"about":[{"href":"https:\/\/brasilnoticias.org\/site\/wp-json\/wp\/v2\/types\/post"}],"author":[{"embeddable":true,"href":"https:\/\/brasilnoticias.org\/site\/wp-json\/wp\/v2\/users\/4"}],"replies":[{"embeddable":true,"href":"https:\/\/brasilnoticias.org\/site\/wp-json\/wp\/v2\/comments?post=13381"}],"version-history":[{"count":1,"href":"https:\/\/brasilnoticias.org\/site\/wp-json\/wp\/v2\/posts\/13381\/revisions"}],"predecessor-version":[{"id":13383,"href":"https:\/\/brasilnoticias.org\/site\/wp-json\/wp\/v2\/posts\/13381\/revisions\/13383"}],"wp:featuredmedia":[{"embeddable":true,"href":"https:\/\/brasilnoticias.org\/site\/wp-json\/wp\/v2\/media\/13382"}],"wp:attachment":[{"href":"https:\/\/brasilnoticias.org\/site\/wp-json\/wp\/v2\/media?parent=13381"}],"wp:term":[{"taxonomy":"category","embeddable":true,"href":"https:\/\/brasilnoticias.org\/site\/wp-json\/wp\/v2\/categories?post=13381"},{"taxonomy":"post_tag","embeddable":true,"href":"https:\/\/brasilnoticias.org\/site\/wp-json\/wp\/v2\/tags?post=13381"}],"curies":[{"name":"wp","href":"https:\/\/api.w.org\/{rel}","templated":true}]}}