{"id":13387,"date":"2024-04-03T14:08:58","date_gmt":"2024-04-03T17:08:58","guid":{"rendered":"https:\/\/brasilnoticias.org\/site\/?p=13387"},"modified":"2024-04-03T14:08:58","modified_gmt":"2024-04-03T17:08:58","slug":"apos-vazamento-de-imagens-embaixada-da-hungria-demite-funcionarios","status":"publish","type":"post","link":"https:\/\/brasilnoticias.org\/site\/apos-vazamento-de-imagens-embaixada-da-hungria-demite-funcionarios\/","title":{"rendered":"Ap\u00f3s vazamento de imagens, embaixada da Hungria demite funcion\u00e1rios"},"content":{"rendered":"<p>Cerca de dois funcion\u00e1rios brasileiros foram demitidos da embaixada da Hungria como puni\u00e7\u00e3o pelo vazamento de imagens do circuito interno que mostram a visita do ex-presidente Jair Bolsonaro (PL), durante o Carnaval, em meio \u00e0 investiga\u00e7\u00e3o por tentativa de golpe de Estado.<\/p>\n<p>Cerca de dois funcion\u00e1rios brasileiros foram demitidos da embaixada da Hungria como puni\u00e7\u00e3o pelo vazamento de imagens do circuito interno que mostram a visita do ex-presidente Jair Bolsonaro (PL), durante o Carnaval, em meio \u00e0 investiga\u00e7\u00e3o por tentativa de golpe de Estado.<\/p>\n<p>Segundo apura\u00e7\u00e3o da CNN, a representa\u00e7\u00e3o h\u00fangara optou pelo desligamento dos trabalhadores com acesso \u00e0s imagens em tempo real, mesmo sem comprovar envolvimentos.<\/p>\n<p>A Embaixada realiza investiga\u00e7\u00f5es internas desde que veio \u00e0 tona a not\u00edcia de que Bolsonaro passou duas noites no local, onde n\u00e3o poderia ser preso.<\/p>\n<p>Ainda que no per\u00edodo de visita de Bolsonaro houvesse menos funcion\u00e1rios circulando no local, devido ao feriado, os brasileiros que trabalham na embaixada entraram na mira das investiga\u00e7\u00f5es internas.<\/p>\n<p>O embaixador Mikl\u00f3s Halmai foi chamado na semana passada no Itamaraty para dar explica\u00e7\u00f5es sobre a hospedagem ao ex-presidente da Rep\u00fablica. Na ocasi\u00e3o, Halmai repetiu a vers\u00e3o de Bolsonaro e disse que o recebeu para conversar sobre interesses dos dois pa\u00edses, resposta que n\u00e3o agradou o Itamaraty.<\/p>\n<p>Na \u00faltima semana, o jornal norte-americano The New York Times revelou, com direito \u00e0 publica\u00e7\u00e3o de v\u00eddeos, a estadia de Bolsonaro na embaixada h\u00fangara, em Bras\u00edlia.<\/p>\n<p>O ex-presidente chegou a ficar dois dias abrigado no local, quatro dias depois de ter sido alvo de uma opera\u00e7\u00e3o da Pol\u00edcia Federal (PF) que apreendeu seu passaporte e prendeu dois de seus ex-assessores.<\/p>\n<p>A opera\u00e7\u00e3o da PF ocorreu no dia 8 de fevereiro e Bolsonaro esteve hospedado na embaixada da Hungria entre os dias 12 e 14 de fevereiro. Portanto, ap\u00f3s a Justi\u00e7a brasileira proibir a sa\u00edda dele do pa\u00eds.<\/p>\n<p>Ap\u00f3s a publica\u00e7\u00e3o da mat\u00e9ria no ve\u00edculo dos Estados Unidos, o ex-mandat\u00e1rio admitiu que esteve no local. \u201cN\u00e3o vou negar que estive na embaixada\u201d, disse o ex-mandat\u00e1rio ao Metr\u00f3poles. \u201cTenho um c\u00edrculo de amizade com alguns l\u00edderes mundiais. Eles est\u00e3o preocupados\u201d, acrescentou.<\/p>\n<p>Na avalia\u00e7\u00e3o do The New York Times, a estadia de Bolsonaro na embaixada da Hungria aponta que o ex-presidente estaria tentando fugir da Justi\u00e7a e de desdobramentos das investiga\u00e7\u00f5es contra ele, se aproveitando da amizade que ele possui com o primeiro-ministro h\u00fangaro Viktor Orban, de extrema-direita<\/p>\n<p>Estando em uma embaixada, Bolsonaro estaria oficialmente em outro pa\u00eds e, portanto, estaria protegido de uma poss\u00edvel pris\u00e3o ordenada pela Justi\u00e7a brasileira.<\/p>\n<p>O ex-presidente est\u00e1 sendo investigado, na Justi\u00e7a brasileira, por participa\u00e7\u00e3o na tentativa de golpe de Estado vivida pelo Brasil no dia 8 de janeiro de 2023, quando milhares de apoiadores bolsonaristas invadiram e destru\u00edram as sedes dos tr\u00eas Poderes.<\/p>\n<p>Informa\u00e7\u00f5es do jornal A Tarde \/ Reprodu\u00e7\u00e3o\/New York Times<\/p>\n","protected":false},"excerpt":{"rendered":"<p>Cerca de dois funcion\u00e1rios brasileiros foram demitidos da embaixada da Hungria como puni\u00e7\u00e3o pelo vazamento de imagens do circuito interno<\/p>\n","protected":false},"author":4,"featured_media":13388,"comment_status":"open","ping_status":"open","sticky":false,"template":"","format":"standard","meta":{"colormag_page_container_layout":"default_layout","colormag_page_sidebar_layout":"default_layout","_FSMCFIC_featured_image_caption":"","_FSMCFIC_featured_image_nocaption":"","_FSMCFIC_featured_image_hide":"","footnotes":""},"categories":[5,1],"tags":[],"class_list":["post-13387","post","type-post","status-publish","format-standard","has-post-thumbnail","hentry","category-politica","category-ultimas"],"yoast_head":"<!-- This site is optimized with the Yoast SEO plugin v27.1.1 - https:\/\/yoast.com\/product\/yoast-seo-wordpress\/ -->\n<title>Ap\u00f3s vazamento de imagens, embaixada da Hungria demite funcion\u00e1rios - Brasil not\u00edcias<\/title>\n<meta name=\"robots\" content=\"index, follow, max-snippet:-1, max-image-preview:large, max-video-preview:-1\" \/>\n<link rel=\"canonical\" href=\"https:\/\/brasilnoticias.org\/site\/apos-vazamento-de-imagens-embaixada-da-hungria-demite-funcionarios\/\" \/>\n<meta property=\"og:locale\" content=\"pt_PT\" \/>\n<meta property=\"og:type\" content=\"article\" \/>\n<meta property=\"og:title\" content=\"Ap\u00f3s vazamento de imagens, embaixada da Hungria demite funcion\u00e1rios - Brasil not\u00edcias\" \/>\n<meta property=\"og:description\" content=\"Cerca de dois funcion\u00e1rios brasileiros foram demitidos da embaixada da Hungria como puni\u00e7\u00e3o pelo vazamento de imagens do circuito interno\" \/>\n<meta property=\"og:url\" content=\"https:\/\/brasilnoticias.org\/site\/apos-vazamento-de-imagens-embaixada-da-hungria-demite-funcionarios\/\" \/>\n<meta property=\"og:site_name\" content=\"Brasil not\u00edcias\" \/>\n<meta property=\"article:published_time\" content=\"2024-04-03T17:08:58+00:00\" \/>\n<meta name=\"author\" content=\"Reda\u00e7\u00e3o\" \/>\n<meta name=\"twitter:card\" content=\"summary_large_image\" \/>\n<meta name=\"twitter:label1\" content=\"Escrito por\" \/>\n\t<meta name=\"twitter:data1\" content=\"Reda\u00e7\u00e3o\" \/>\n\t<meta name=\"twitter:label2\" content=\"Tempo estimado de leitura\" \/>\n\t<meta name=\"twitter:data2\" content=\"1 minuto\" \/>\n<script type=\"application\/ld+json\" class=\"yoast-schema-graph\">{\"@context\":\"https:\/\/schema.org\",\"@graph\":[{\"@type\":\"Article\",\"@id\":\"https:\/\/brasilnoticias.org\/site\/apos-vazamento-de-imagens-embaixada-da-hungria-demite-funcionarios\/#article\",\"isPartOf\":{\"@id\":\"https:\/\/brasilnoticias.org\/site\/apos-vazamento-de-imagens-embaixada-da-hungria-demite-funcionarios\/\"},\"author\":{\"name\":\"Reda\u00e7\u00e3o\",\"@id\":\"https:\/\/brasilnoticias.org\/site\/#\/schema\/person\/03bbbfe6c7634ad18c26444ea39049fa\"},\"headline\":\"Ap\u00f3s vazamento de imagens, embaixada da Hungria demite funcion\u00e1rios\",\"datePublished\":\"2024-04-03T17:08:58+00:00\",\"mainEntityOfPage\":{\"@id\":\"https:\/\/brasilnoticias.org\/site\/apos-vazamento-de-imagens-embaixada-da-hungria-demite-funcionarios\/\"},\"wordCount\":523,\"commentCount\":0,\"publisher\":{\"@id\":\"https:\/\/brasilnoticias.org\/site\/#organization\"},\"image\":{\"@id\":\"https:\/\/brasilnoticias.org\/site\/apos-vazamento-de-imagens-embaixada-da-hungria-demite-funcionarios\/#primaryimage\"},\"thumbnailUrl\":\"https:\/\/brasilnoticias.org\/site\/wp-content\/uploads\/2024\/04\/bolsonaro2.avif\",\"articleSection\":[\"Pol\u00edtica\",\"\u00daltimas\"],\"inLanguage\":\"pt-PT\",\"potentialAction\":[{\"@type\":\"CommentAction\",\"name\":\"Comment\",\"target\":[\"https:\/\/brasilnoticias.org\/site\/apos-vazamento-de-imagens-embaixada-da-hungria-demite-funcionarios\/#respond\"]}]},{\"@type\":\"WebPage\",\"@id\":\"https:\/\/brasilnoticias.org\/site\/apos-vazamento-de-imagens-embaixada-da-hungria-demite-funcionarios\/\",\"url\":\"https:\/\/brasilnoticias.org\/site\/apos-vazamento-de-imagens-embaixada-da-hungria-demite-funcionarios\/\",\"name\":\"Ap\u00f3s vazamento de imagens, embaixada da Hungria demite funcion\u00e1rios - Brasil not\u00edcias\",\"isPartOf\":{\"@id\":\"https:\/\/brasilnoticias.org\/site\/#website\"},\"primaryImageOfPage\":{\"@id\":\"https:\/\/brasilnoticias.org\/site\/apos-vazamento-de-imagens-embaixada-da-hungria-demite-funcionarios\/#primaryimage\"},\"image\":{\"@id\":\"https:\/\/brasilnoticias.org\/site\/apos-vazamento-de-imagens-embaixada-da-hungria-demite-funcionarios\/#primaryimage\"},\"thumbnailUrl\":\"https:\/\/brasilnoticias.org\/site\/wp-content\/uploads\/2024\/04\/bolsonaro2.avif\",\"datePublished\":\"2024-04-03T17:08:58+00:00\",\"breadcrumb\":{\"@id\":\"https:\/\/brasilnoticias.org\/site\/apos-vazamento-de-imagens-embaixada-da-hungria-demite-funcionarios\/#breadcrumb\"},\"inLanguage\":\"pt-PT\",\"potentialAction\":[{\"@type\":\"ReadAction\",\"target\":[\"https:\/\/brasilnoticias.org\/site\/apos-vazamento-de-imagens-embaixada-da-hungria-demite-funcionarios\/\"]}]},{\"@type\":\"ImageObject\",\"inLanguage\":\"pt-PT\",\"@id\":\"https:\/\/brasilnoticias.org\/site\/apos-vazamento-de-imagens-embaixada-da-hungria-demite-funcionarios\/#primaryimage\",\"url\":\"https:\/\/brasilnoticias.org\/site\/wp-content\/uploads\/2024\/04\/bolsonaro2.avif\",\"contentUrl\":\"https:\/\/brasilnoticias.org\/site\/wp-content\/uploads\/2024\/04\/bolsonaro2.avif\",\"width\":888,\"height\":584},{\"@type\":\"BreadcrumbList\",\"@id\":\"https:\/\/brasilnoticias.org\/site\/apos-vazamento-de-imagens-embaixada-da-hungria-demite-funcionarios\/#breadcrumb\",\"itemListElement\":[{\"@type\":\"ListItem\",\"position\":1,\"name\":\"In\u00edcio\",\"item\":\"https:\/\/brasilnoticias.org\/site\/\"},{\"@type\":\"ListItem\",\"position\":2,\"name\":\"Ap\u00f3s vazamento de imagens, embaixada da Hungria demite funcion\u00e1rios\"}]},{\"@type\":\"WebSite\",\"@id\":\"https:\/\/brasilnoticias.org\/site\/#website\",\"url\":\"https:\/\/brasilnoticias.org\/site\/\",\"name\":\"Brasil not\u00edcias\",\"description\":\"Brasil not\u00edcias\",\"publisher\":{\"@id\":\"https:\/\/brasilnoticias.org\/site\/#organization\"},\"potentialAction\":[{\"@type\":\"SearchAction\",\"target\":{\"@type\":\"EntryPoint\",\"urlTemplate\":\"https:\/\/brasilnoticias.org\/site\/?s={search_term_string}\"},\"query-input\":{\"@type\":\"PropertyValueSpecification\",\"valueRequired\":true,\"valueName\":\"search_term_string\"}}],\"inLanguage\":\"pt-PT\"},{\"@type\":\"Organization\",\"@id\":\"https:\/\/brasilnoticias.org\/site\/#organization\",\"name\":\"Brasil not\u00edcias\",\"url\":\"https:\/\/brasilnoticias.org\/site\/\",\"logo\":{\"@type\":\"ImageObject\",\"inLanguage\":\"pt-PT\",\"@id\":\"https:\/\/brasilnoticias.org\/site\/#\/schema\/logo\/image\/\",\"url\":\"https:\/\/brasilnoticias.org\/site\/wp-content\/uploads\/2022\/05\/cropped-brasilnoticias-mini.jpg\",\"contentUrl\":\"https:\/\/brasilnoticias.org\/site\/wp-content\/uploads\/2022\/05\/cropped-brasilnoticias-mini.jpg\",\"width\":314,\"height\":86,\"caption\":\"Brasil not\u00edcias\"},\"image\":{\"@id\":\"https:\/\/brasilnoticias.org\/site\/#\/schema\/logo\/image\/\"}},{\"@type\":\"Person\",\"@id\":\"https:\/\/brasilnoticias.org\/site\/#\/schema\/person\/03bbbfe6c7634ad18c26444ea39049fa\",\"name\":\"Reda\u00e7\u00e3o\",\"image\":{\"@type\":\"ImageObject\",\"inLanguage\":\"pt-PT\",\"@id\":\"https:\/\/brasilnoticias.org\/site\/#\/schema\/person\/image\/\",\"url\":\"https:\/\/secure.gravatar.com\/avatar\/9ecaf7327a696cb23ad926fedded5f1f04d7049de9e445375d55b48c001a6e42?s=96&d=mm&r=g\",\"contentUrl\":\"https:\/\/secure.gravatar.com\/avatar\/9ecaf7327a696cb23ad926fedded5f1f04d7049de9e445375d55b48c001a6e42?s=96&d=mm&r=g\",\"caption\":\"Reda\u00e7\u00e3o\"},\"url\":\"https:\/\/brasilnoticias.org\/site\/author\/henrique\/\"}]}<\/script>\n<!-- \/ Yoast SEO plugin. -->","yoast_head_json":{"title":"Ap\u00f3s vazamento de imagens, embaixada da Hungria demite funcion\u00e1rios - Brasil not\u00edcias","robots":{"index":"index","follow":"follow","max-snippet":"max-snippet:-1","max-image-preview":"max-image-preview:large","max-video-preview":"max-video-preview:-1"},"canonical":"https:\/\/brasilnoticias.org\/site\/apos-vazamento-de-imagens-embaixada-da-hungria-demite-funcionarios\/","og_locale":"pt_PT","og_type":"article","og_title":"Ap\u00f3s vazamento de imagens, embaixada da Hungria demite funcion\u00e1rios - Brasil not\u00edcias","og_description":"Cerca de dois funcion\u00e1rios brasileiros foram demitidos da embaixada da Hungria como puni\u00e7\u00e3o pelo vazamento de imagens do circuito interno","og_url":"https:\/\/brasilnoticias.org\/site\/apos-vazamento-de-imagens-embaixada-da-hungria-demite-funcionarios\/","og_site_name":"Brasil not\u00edcias","article_published_time":"2024-04-03T17:08:58+00:00","author":"Reda\u00e7\u00e3o","twitter_card":"summary_large_image","twitter_misc":{"Escrito por":"Reda\u00e7\u00e3o","Tempo estimado de leitura":"1 minuto"},"schema":{"@context":"https:\/\/schema.org","@graph":[{"@type":"Article","@id":"https:\/\/brasilnoticias.org\/site\/apos-vazamento-de-imagens-embaixada-da-hungria-demite-funcionarios\/#article","isPartOf":{"@id":"https:\/\/brasilnoticias.org\/site\/apos-vazamento-de-imagens-embaixada-da-hungria-demite-funcionarios\/"},"author":{"name":"Reda\u00e7\u00e3o","@id":"https:\/\/brasilnoticias.org\/site\/#\/schema\/person\/03bbbfe6c7634ad18c26444ea39049fa"},"headline":"Ap\u00f3s vazamento de imagens, embaixada da Hungria demite funcion\u00e1rios","datePublished":"2024-04-03T17:08:58+00:00","mainEntityOfPage":{"@id":"https:\/\/brasilnoticias.org\/site\/apos-vazamento-de-imagens-embaixada-da-hungria-demite-funcionarios\/"},"wordCount":523,"commentCount":0,"publisher":{"@id":"https:\/\/brasilnoticias.org\/site\/#organization"},"image":{"@id":"https:\/\/brasilnoticias.org\/site\/apos-vazamento-de-imagens-embaixada-da-hungria-demite-funcionarios\/#primaryimage"},"thumbnailUrl":"https:\/\/brasilnoticias.org\/site\/wp-content\/uploads\/2024\/04\/bolsonaro2.avif","articleSection":["Pol\u00edtica","\u00daltimas"],"inLanguage":"pt-PT","potentialAction":[{"@type":"CommentAction","name":"Comment","target":["https:\/\/brasilnoticias.org\/site\/apos-vazamento-de-imagens-embaixada-da-hungria-demite-funcionarios\/#respond"]}]},{"@type":"WebPage","@id":"https:\/\/brasilnoticias.org\/site\/apos-vazamento-de-imagens-embaixada-da-hungria-demite-funcionarios\/","url":"https:\/\/brasilnoticias.org\/site\/apos-vazamento-de-imagens-embaixada-da-hungria-demite-funcionarios\/","name":"Ap\u00f3s vazamento de imagens, embaixada da Hungria demite funcion\u00e1rios - Brasil not\u00edcias","isPartOf":{"@id":"https:\/\/brasilnoticias.org\/site\/#website"},"primaryImageOfPage":{"@id":"https:\/\/brasilnoticias.org\/site\/apos-vazamento-de-imagens-embaixada-da-hungria-demite-funcionarios\/#primaryimage"},"image":{"@id":"https:\/\/brasilnoticias.org\/site\/apos-vazamento-de-imagens-embaixada-da-hungria-demite-funcionarios\/#primaryimage"},"thumbnailUrl":"https:\/\/brasilnoticias.org\/site\/wp-content\/uploads\/2024\/04\/bolsonaro2.avif","datePublished":"2024-04-03T17:08:58+00:00","breadcrumb":{"@id":"https:\/\/brasilnoticias.org\/site\/apos-vazamento-de-imagens-embaixada-da-hungria-demite-funcionarios\/#breadcrumb"},"inLanguage":"pt-PT","potentialAction":[{"@type":"ReadAction","target":["https:\/\/brasilnoticias.org\/site\/apos-vazamento-de-imagens-embaixada-da-hungria-demite-funcionarios\/"]}]},{"@type":"ImageObject","inLanguage":"pt-PT","@id":"https:\/\/brasilnoticias.org\/site\/apos-vazamento-de-imagens-embaixada-da-hungria-demite-funcionarios\/#primaryimage","url":"https:\/\/brasilnoticias.org\/site\/wp-content\/uploads\/2024\/04\/bolsonaro2.avif","contentUrl":"https:\/\/brasilnoticias.org\/site\/wp-content\/uploads\/2024\/04\/bolsonaro2.avif","width":888,"height":584},{"@type":"BreadcrumbList","@id":"https:\/\/brasilnoticias.org\/site\/apos-vazamento-de-imagens-embaixada-da-hungria-demite-funcionarios\/#breadcrumb","itemListElement":[{"@type":"ListItem","position":1,"name":"In\u00edcio","item":"https:\/\/brasilnoticias.org\/site\/"},{"@type":"ListItem","position":2,"name":"Ap\u00f3s vazamento de imagens, embaixada da Hungria demite funcion\u00e1rios"}]},{"@type":"WebSite","@id":"https:\/\/brasilnoticias.org\/site\/#website","url":"https:\/\/brasilnoticias.org\/site\/","name":"Brasil not\u00edcias","description":"Brasil not\u00edcias","publisher":{"@id":"https:\/\/brasilnoticias.org\/site\/#organization"},"potentialAction":[{"@type":"SearchAction","target":{"@type":"EntryPoint","urlTemplate":"https:\/\/brasilnoticias.org\/site\/?s={search_term_string}"},"query-input":{"@type":"PropertyValueSpecification","valueRequired":true,"valueName":"search_term_string"}}],"inLanguage":"pt-PT"},{"@type":"Organization","@id":"https:\/\/brasilnoticias.org\/site\/#organization","name":"Brasil not\u00edcias","url":"https:\/\/brasilnoticias.org\/site\/","logo":{"@type":"ImageObject","inLanguage":"pt-PT","@id":"https:\/\/brasilnoticias.org\/site\/#\/schema\/logo\/image\/","url":"https:\/\/brasilnoticias.org\/site\/wp-content\/uploads\/2022\/05\/cropped-brasilnoticias-mini.jpg","contentUrl":"https:\/\/brasilnoticias.org\/site\/wp-content\/uploads\/2022\/05\/cropped-brasilnoticias-mini.jpg","width":314,"height":86,"caption":"Brasil not\u00edcias"},"image":{"@id":"https:\/\/brasilnoticias.org\/site\/#\/schema\/logo\/image\/"}},{"@type":"Person","@id":"https:\/\/brasilnoticias.org\/site\/#\/schema\/person\/03bbbfe6c7634ad18c26444ea39049fa","name":"Reda\u00e7\u00e3o","image":{"@type":"ImageObject","inLanguage":"pt-PT","@id":"https:\/\/brasilnoticias.org\/site\/#\/schema\/person\/image\/","url":"https:\/\/secure.gravatar.com\/avatar\/9ecaf7327a696cb23ad926fedded5f1f04d7049de9e445375d55b48c001a6e42?s=96&d=mm&r=g","contentUrl":"https:\/\/secure.gravatar.com\/avatar\/9ecaf7327a696cb23ad926fedded5f1f04d7049de9e445375d55b48c001a6e42?s=96&d=mm&r=g","caption":"Reda\u00e7\u00e3o"},"url":"https:\/\/brasilnoticias.org\/site\/author\/henrique\/"}]}},"_links":{"self":[{"href":"https:\/\/brasilnoticias.org\/site\/wp-json\/wp\/v2\/posts\/13387","targetHints":{"allow":["GET"]}}],"collection":[{"href":"https:\/\/brasilnoticias.org\/site\/wp-json\/wp\/v2\/posts"}],"about":[{"href":"https:\/\/brasilnoticias.org\/site\/wp-json\/wp\/v2\/types\/post"}],"author":[{"embeddable":true,"href":"https:\/\/brasilnoticias.org\/site\/wp-json\/wp\/v2\/users\/4"}],"replies":[{"embeddable":true,"href":"https:\/\/brasilnoticias.org\/site\/wp-json\/wp\/v2\/comments?post=13387"}],"version-history":[{"count":1,"href":"https:\/\/brasilnoticias.org\/site\/wp-json\/wp\/v2\/posts\/13387\/revisions"}],"predecessor-version":[{"id":13389,"href":"https:\/\/brasilnoticias.org\/site\/wp-json\/wp\/v2\/posts\/13387\/revisions\/13389"}],"wp:featuredmedia":[{"embeddable":true,"href":"https:\/\/brasilnoticias.org\/site\/wp-json\/wp\/v2\/media\/13388"}],"wp:attachment":[{"href":"https:\/\/brasilnoticias.org\/site\/wp-json\/wp\/v2\/media?parent=13387"}],"wp:term":[{"taxonomy":"category","embeddable":true,"href":"https:\/\/brasilnoticias.org\/site\/wp-json\/wp\/v2\/categories?post=13387"},{"taxonomy":"post_tag","embeddable":true,"href":"https:\/\/brasilnoticias.org\/site\/wp-json\/wp\/v2\/tags?post=13387"}],"curies":[{"name":"wp","href":"https:\/\/api.w.org\/{rel}","templated":true}]}}