{"id":13408,"date":"2024-04-04T18:25:55","date_gmt":"2024-04-04T21:25:55","guid":{"rendered":"https:\/\/brasilnoticias.org\/site\/?p=13408"},"modified":"2024-04-04T18:25:55","modified_gmt":"2024-04-04T21:25:55","slug":"mercadante-e-cotado-para-assumir-presidencia-da-petrobras-caso-prates-seja-afastado","status":"publish","type":"post","link":"https:\/\/brasilnoticias.org\/site\/mercadante-e-cotado-para-assumir-presidencia-da-petrobras-caso-prates-seja-afastado\/","title":{"rendered":"Mercadante \u00e9 cotado para assumir presid\u00eancia da Petrobras caso Prates seja afastado"},"content":{"rendered":"<p>A assessoria do atual presidente da estatal confirmou que solicitou uma reuni\u00e3o com o presidente Luiz In\u00e1cio Lula da Silva (PT) para tratar da situa\u00e7\u00e3o<\/p>\n<p>O nome de Aloizio Mercadante, presidente do Banco Nacional de Desenvolvimento Econ\u00f4mico e Social (BNDES), tem sido cotado pelo governo Lula para assumir o posto do atual presidente da Petrobras, Jean Paul Prates. A informa\u00e7\u00e3o foi divulgada, nesta quinta-feira (4), pelo G1.<\/p>\n<p>Ao ser questionado sobre a possibilidade de ocupar o cargo de Prates, Mercadante teria dito que n\u00e3o gostaria de derrubar o colega, mas que aceitaria chefiar a empresa caso fosse convocado. Tamb\u00e9m foi pontuado como os dois presidentes, do BNDES e da Petrobras, possuem um bom relacionamento.<\/p>\n<p>Ap\u00f3s a poss\u00edvel troca ser divulgada e repercutida nacionalmente, a assessoria de Prates confirmou ter solicitado um encontro com o presidente Luiz In\u00e1cio Lula da Silva (PT) para tratar da situa\u00e7\u00e3o e das cr\u00edticas que tem recebido do ministro de Minas e Energia, Alexandre Silveira.<\/p>\n<p>O chefe da pasta, inclusive, confirmou que costuma discutir com o presidente da estatal. &#8220;Sempre tive debates acalorados, verdadeiros. Mas debates transparentes sobre o que eu, como governo, defendo na Petrobras; e o presidente da Petrobras, naturalmente, [defende] como presidente de uma empresa. Os pap\u00e9is s\u00e3o diferentes. Por isso h\u00e1 um conflito&#8221;, afirmou, em entrevista ao jornal Folha de S.Paulo.<\/p>\n<p>Foto: Marcelo Camargo\/Ag\u00eancia Brasil<br \/>\nPor: Metro1<\/p>\n","protected":false},"excerpt":{"rendered":"<p>A assessoria do atual presidente da estatal confirmou que solicitou uma reuni\u00e3o com o presidente Luiz In\u00e1cio Lula da Silva<\/p>\n","protected":false},"author":4,"featured_media":13409,"comment_status":"open","ping_status":"open","sticky":false,"template":"","format":"standard","meta":{"colormag_page_container_layout":"default_layout","colormag_page_sidebar_layout":"default_layout","_FSMCFIC_featured_image_caption":"","_FSMCFIC_featured_image_nocaption":"","_FSMCFIC_featured_image_hide":"","footnotes":""},"categories":[5,1],"tags":[],"class_list":["post-13408","post","type-post","status-publish","format-standard","has-post-thumbnail","hentry","category-politica","category-ultimas"],"yoast_head":"<!-- This site is optimized with the Yoast SEO plugin v27.1.1 - https:\/\/yoast.com\/product\/yoast-seo-wordpress\/ -->\n<title>Mercadante \u00e9 cotado para assumir presid\u00eancia da Petrobras caso Prates seja afastado - Brasil not\u00edcias<\/title>\n<meta name=\"robots\" content=\"index, follow, max-snippet:-1, max-image-preview:large, max-video-preview:-1\" \/>\n<link rel=\"canonical\" href=\"https:\/\/brasilnoticias.org\/site\/mercadante-e-cotado-para-assumir-presidencia-da-petrobras-caso-prates-seja-afastado\/\" \/>\n<meta property=\"og:locale\" content=\"pt_PT\" \/>\n<meta property=\"og:type\" content=\"article\" \/>\n<meta property=\"og:title\" content=\"Mercadante \u00e9 cotado para assumir presid\u00eancia da Petrobras caso Prates seja afastado - Brasil not\u00edcias\" \/>\n<meta property=\"og:description\" content=\"A assessoria do atual presidente da estatal confirmou que solicitou uma reuni\u00e3o com o presidente Luiz In\u00e1cio Lula da Silva\" \/>\n<meta property=\"og:url\" content=\"https:\/\/brasilnoticias.org\/site\/mercadante-e-cotado-para-assumir-presidencia-da-petrobras-caso-prates-seja-afastado\/\" \/>\n<meta property=\"og:site_name\" content=\"Brasil not\u00edcias\" \/>\n<meta property=\"article:published_time\" content=\"2024-04-04T21:25:55+00:00\" \/>\n<meta property=\"og:image\" content=\"https:\/\/brasilnoticias.org\/site\/wp-content\/uploads\/2024\/04\/148275mercadante-e-cotado-para-assumir-presidencia-da-petrobras-caso-prates-seja-afastado-3.jpg\" \/>\n\t<meta property=\"og:image:width\" content=\"1600\" \/>\n\t<meta property=\"og:image:height\" content=\"752\" \/>\n\t<meta property=\"og:image:type\" content=\"image\/jpeg\" \/>\n<meta name=\"author\" content=\"Reda\u00e7\u00e3o\" \/>\n<meta name=\"twitter:card\" content=\"summary_large_image\" \/>\n<meta name=\"twitter:label1\" content=\"Escrito por\" \/>\n\t<meta name=\"twitter:data1\" content=\"Reda\u00e7\u00e3o\" \/>\n\t<meta name=\"twitter:label2\" content=\"Tempo estimado de leitura\" \/>\n\t<meta name=\"twitter:data2\" content=\"1 minuto\" \/>\n<script type=\"application\/ld+json\" class=\"yoast-schema-graph\">{\"@context\":\"https:\/\/schema.org\",\"@graph\":[{\"@type\":\"Article\",\"@id\":\"https:\/\/brasilnoticias.org\/site\/mercadante-e-cotado-para-assumir-presidencia-da-petrobras-caso-prates-seja-afastado\/#article\",\"isPartOf\":{\"@id\":\"https:\/\/brasilnoticias.org\/site\/mercadante-e-cotado-para-assumir-presidencia-da-petrobras-caso-prates-seja-afastado\/\"},\"author\":{\"name\":\"Reda\u00e7\u00e3o\",\"@id\":\"https:\/\/brasilnoticias.org\/site\/#\/schema\/person\/03bbbfe6c7634ad18c26444ea39049fa\"},\"headline\":\"Mercadante \u00e9 cotado para assumir presid\u00eancia da Petrobras caso Prates seja afastado\",\"datePublished\":\"2024-04-04T21:25:55+00:00\",\"mainEntityOfPage\":{\"@id\":\"https:\/\/brasilnoticias.org\/site\/mercadante-e-cotado-para-assumir-presidencia-da-petrobras-caso-prates-seja-afastado\/\"},\"wordCount\":253,\"commentCount\":0,\"publisher\":{\"@id\":\"https:\/\/brasilnoticias.org\/site\/#organization\"},\"image\":{\"@id\":\"https:\/\/brasilnoticias.org\/site\/mercadante-e-cotado-para-assumir-presidencia-da-petrobras-caso-prates-seja-afastado\/#primaryimage\"},\"thumbnailUrl\":\"https:\/\/brasilnoticias.org\/site\/wp-content\/uploads\/2024\/04\/148275mercadante-e-cotado-para-assumir-presidencia-da-petrobras-caso-prates-seja-afastado-3.jpg\",\"articleSection\":[\"Pol\u00edtica\",\"\u00daltimas\"],\"inLanguage\":\"pt-PT\",\"potentialAction\":[{\"@type\":\"CommentAction\",\"name\":\"Comment\",\"target\":[\"https:\/\/brasilnoticias.org\/site\/mercadante-e-cotado-para-assumir-presidencia-da-petrobras-caso-prates-seja-afastado\/#respond\"]}]},{\"@type\":\"WebPage\",\"@id\":\"https:\/\/brasilnoticias.org\/site\/mercadante-e-cotado-para-assumir-presidencia-da-petrobras-caso-prates-seja-afastado\/\",\"url\":\"https:\/\/brasilnoticias.org\/site\/mercadante-e-cotado-para-assumir-presidencia-da-petrobras-caso-prates-seja-afastado\/\",\"name\":\"Mercadante \u00e9 cotado para assumir presid\u00eancia da Petrobras caso Prates seja afastado - Brasil not\u00edcias\",\"isPartOf\":{\"@id\":\"https:\/\/brasilnoticias.org\/site\/#website\"},\"primaryImageOfPage\":{\"@id\":\"https:\/\/brasilnoticias.org\/site\/mercadante-e-cotado-para-assumir-presidencia-da-petrobras-caso-prates-seja-afastado\/#primaryimage\"},\"image\":{\"@id\":\"https:\/\/brasilnoticias.org\/site\/mercadante-e-cotado-para-assumir-presidencia-da-petrobras-caso-prates-seja-afastado\/#primaryimage\"},\"thumbnailUrl\":\"https:\/\/brasilnoticias.org\/site\/wp-content\/uploads\/2024\/04\/148275mercadante-e-cotado-para-assumir-presidencia-da-petrobras-caso-prates-seja-afastado-3.jpg\",\"datePublished\":\"2024-04-04T21:25:55+00:00\",\"breadcrumb\":{\"@id\":\"https:\/\/brasilnoticias.org\/site\/mercadante-e-cotado-para-assumir-presidencia-da-petrobras-caso-prates-seja-afastado\/#breadcrumb\"},\"inLanguage\":\"pt-PT\",\"potentialAction\":[{\"@type\":\"ReadAction\",\"target\":[\"https:\/\/brasilnoticias.org\/site\/mercadante-e-cotado-para-assumir-presidencia-da-petrobras-caso-prates-seja-afastado\/\"]}]},{\"@type\":\"ImageObject\",\"inLanguage\":\"pt-PT\",\"@id\":\"https:\/\/brasilnoticias.org\/site\/mercadante-e-cotado-para-assumir-presidencia-da-petrobras-caso-prates-seja-afastado\/#primaryimage\",\"url\":\"https:\/\/brasilnoticias.org\/site\/wp-content\/uploads\/2024\/04\/148275mercadante-e-cotado-para-assumir-presidencia-da-petrobras-caso-prates-seja-afastado-3.jpg\",\"contentUrl\":\"https:\/\/brasilnoticias.org\/site\/wp-content\/uploads\/2024\/04\/148275mercadante-e-cotado-para-assumir-presidencia-da-petrobras-caso-prates-seja-afastado-3.jpg\",\"width\":1600,\"height\":752},{\"@type\":\"BreadcrumbList\",\"@id\":\"https:\/\/brasilnoticias.org\/site\/mercadante-e-cotado-para-assumir-presidencia-da-petrobras-caso-prates-seja-afastado\/#breadcrumb\",\"itemListElement\":[{\"@type\":\"ListItem\",\"position\":1,\"name\":\"In\u00edcio\",\"item\":\"https:\/\/brasilnoticias.org\/site\/\"},{\"@type\":\"ListItem\",\"position\":2,\"name\":\"Mercadante \u00e9 cotado para assumir presid\u00eancia da Petrobras caso Prates seja afastado\"}]},{\"@type\":\"WebSite\",\"@id\":\"https:\/\/brasilnoticias.org\/site\/#website\",\"url\":\"https:\/\/brasilnoticias.org\/site\/\",\"name\":\"Brasil not\u00edcias\",\"description\":\"Brasil not\u00edcias\",\"publisher\":{\"@id\":\"https:\/\/brasilnoticias.org\/site\/#organization\"},\"potentialAction\":[{\"@type\":\"SearchAction\",\"target\":{\"@type\":\"EntryPoint\",\"urlTemplate\":\"https:\/\/brasilnoticias.org\/site\/?s={search_term_string}\"},\"query-input\":{\"@type\":\"PropertyValueSpecification\",\"valueRequired\":true,\"valueName\":\"search_term_string\"}}],\"inLanguage\":\"pt-PT\"},{\"@type\":\"Organization\",\"@id\":\"https:\/\/brasilnoticias.org\/site\/#organization\",\"name\":\"Brasil not\u00edcias\",\"url\":\"https:\/\/brasilnoticias.org\/site\/\",\"logo\":{\"@type\":\"ImageObject\",\"inLanguage\":\"pt-PT\",\"@id\":\"https:\/\/brasilnoticias.org\/site\/#\/schema\/logo\/image\/\",\"url\":\"https:\/\/brasilnoticias.org\/site\/wp-content\/uploads\/2022\/05\/cropped-brasilnoticias-mini.jpg\",\"contentUrl\":\"https:\/\/brasilnoticias.org\/site\/wp-content\/uploads\/2022\/05\/cropped-brasilnoticias-mini.jpg\",\"width\":314,\"height\":86,\"caption\":\"Brasil not\u00edcias\"},\"image\":{\"@id\":\"https:\/\/brasilnoticias.org\/site\/#\/schema\/logo\/image\/\"}},{\"@type\":\"Person\",\"@id\":\"https:\/\/brasilnoticias.org\/site\/#\/schema\/person\/03bbbfe6c7634ad18c26444ea39049fa\",\"name\":\"Reda\u00e7\u00e3o\",\"image\":{\"@type\":\"ImageObject\",\"inLanguage\":\"pt-PT\",\"@id\":\"https:\/\/brasilnoticias.org\/site\/#\/schema\/person\/image\/\",\"url\":\"https:\/\/secure.gravatar.com\/avatar\/9ecaf7327a696cb23ad926fedded5f1f04d7049de9e445375d55b48c001a6e42?s=96&d=mm&r=g\",\"contentUrl\":\"https:\/\/secure.gravatar.com\/avatar\/9ecaf7327a696cb23ad926fedded5f1f04d7049de9e445375d55b48c001a6e42?s=96&d=mm&r=g\",\"caption\":\"Reda\u00e7\u00e3o\"},\"url\":\"https:\/\/brasilnoticias.org\/site\/author\/henrique\/\"}]}<\/script>\n<!-- \/ Yoast SEO plugin. -->","yoast_head_json":{"title":"Mercadante \u00e9 cotado para assumir presid\u00eancia da Petrobras caso Prates seja afastado - Brasil not\u00edcias","robots":{"index":"index","follow":"follow","max-snippet":"max-snippet:-1","max-image-preview":"max-image-preview:large","max-video-preview":"max-video-preview:-1"},"canonical":"https:\/\/brasilnoticias.org\/site\/mercadante-e-cotado-para-assumir-presidencia-da-petrobras-caso-prates-seja-afastado\/","og_locale":"pt_PT","og_type":"article","og_title":"Mercadante \u00e9 cotado para assumir presid\u00eancia da Petrobras caso Prates seja afastado - Brasil not\u00edcias","og_description":"A assessoria do atual presidente da estatal confirmou que solicitou uma reuni\u00e3o com o presidente Luiz In\u00e1cio Lula da Silva","og_url":"https:\/\/brasilnoticias.org\/site\/mercadante-e-cotado-para-assumir-presidencia-da-petrobras-caso-prates-seja-afastado\/","og_site_name":"Brasil not\u00edcias","article_published_time":"2024-04-04T21:25:55+00:00","og_image":[{"width":1600,"height":752,"url":"https:\/\/brasilnoticias.org\/site\/wp-content\/uploads\/2024\/04\/148275mercadante-e-cotado-para-assumir-presidencia-da-petrobras-caso-prates-seja-afastado-3.jpg","type":"image\/jpeg"}],"author":"Reda\u00e7\u00e3o","twitter_card":"summary_large_image","twitter_misc":{"Escrito por":"Reda\u00e7\u00e3o","Tempo estimado de leitura":"1 minuto"},"schema":{"@context":"https:\/\/schema.org","@graph":[{"@type":"Article","@id":"https:\/\/brasilnoticias.org\/site\/mercadante-e-cotado-para-assumir-presidencia-da-petrobras-caso-prates-seja-afastado\/#article","isPartOf":{"@id":"https:\/\/brasilnoticias.org\/site\/mercadante-e-cotado-para-assumir-presidencia-da-petrobras-caso-prates-seja-afastado\/"},"author":{"name":"Reda\u00e7\u00e3o","@id":"https:\/\/brasilnoticias.org\/site\/#\/schema\/person\/03bbbfe6c7634ad18c26444ea39049fa"},"headline":"Mercadante \u00e9 cotado para assumir presid\u00eancia da Petrobras caso Prates seja afastado","datePublished":"2024-04-04T21:25:55+00:00","mainEntityOfPage":{"@id":"https:\/\/brasilnoticias.org\/site\/mercadante-e-cotado-para-assumir-presidencia-da-petrobras-caso-prates-seja-afastado\/"},"wordCount":253,"commentCount":0,"publisher":{"@id":"https:\/\/brasilnoticias.org\/site\/#organization"},"image":{"@id":"https:\/\/brasilnoticias.org\/site\/mercadante-e-cotado-para-assumir-presidencia-da-petrobras-caso-prates-seja-afastado\/#primaryimage"},"thumbnailUrl":"https:\/\/brasilnoticias.org\/site\/wp-content\/uploads\/2024\/04\/148275mercadante-e-cotado-para-assumir-presidencia-da-petrobras-caso-prates-seja-afastado-3.jpg","articleSection":["Pol\u00edtica","\u00daltimas"],"inLanguage":"pt-PT","potentialAction":[{"@type":"CommentAction","name":"Comment","target":["https:\/\/brasilnoticias.org\/site\/mercadante-e-cotado-para-assumir-presidencia-da-petrobras-caso-prates-seja-afastado\/#respond"]}]},{"@type":"WebPage","@id":"https:\/\/brasilnoticias.org\/site\/mercadante-e-cotado-para-assumir-presidencia-da-petrobras-caso-prates-seja-afastado\/","url":"https:\/\/brasilnoticias.org\/site\/mercadante-e-cotado-para-assumir-presidencia-da-petrobras-caso-prates-seja-afastado\/","name":"Mercadante \u00e9 cotado para assumir presid\u00eancia da Petrobras caso Prates seja afastado - Brasil not\u00edcias","isPartOf":{"@id":"https:\/\/brasilnoticias.org\/site\/#website"},"primaryImageOfPage":{"@id":"https:\/\/brasilnoticias.org\/site\/mercadante-e-cotado-para-assumir-presidencia-da-petrobras-caso-prates-seja-afastado\/#primaryimage"},"image":{"@id":"https:\/\/brasilnoticias.org\/site\/mercadante-e-cotado-para-assumir-presidencia-da-petrobras-caso-prates-seja-afastado\/#primaryimage"},"thumbnailUrl":"https:\/\/brasilnoticias.org\/site\/wp-content\/uploads\/2024\/04\/148275mercadante-e-cotado-para-assumir-presidencia-da-petrobras-caso-prates-seja-afastado-3.jpg","datePublished":"2024-04-04T21:25:55+00:00","breadcrumb":{"@id":"https:\/\/brasilnoticias.org\/site\/mercadante-e-cotado-para-assumir-presidencia-da-petrobras-caso-prates-seja-afastado\/#breadcrumb"},"inLanguage":"pt-PT","potentialAction":[{"@type":"ReadAction","target":["https:\/\/brasilnoticias.org\/site\/mercadante-e-cotado-para-assumir-presidencia-da-petrobras-caso-prates-seja-afastado\/"]}]},{"@type":"ImageObject","inLanguage":"pt-PT","@id":"https:\/\/brasilnoticias.org\/site\/mercadante-e-cotado-para-assumir-presidencia-da-petrobras-caso-prates-seja-afastado\/#primaryimage","url":"https:\/\/brasilnoticias.org\/site\/wp-content\/uploads\/2024\/04\/148275mercadante-e-cotado-para-assumir-presidencia-da-petrobras-caso-prates-seja-afastado-3.jpg","contentUrl":"https:\/\/brasilnoticias.org\/site\/wp-content\/uploads\/2024\/04\/148275mercadante-e-cotado-para-assumir-presidencia-da-petrobras-caso-prates-seja-afastado-3.jpg","width":1600,"height":752},{"@type":"BreadcrumbList","@id":"https:\/\/brasilnoticias.org\/site\/mercadante-e-cotado-para-assumir-presidencia-da-petrobras-caso-prates-seja-afastado\/#breadcrumb","itemListElement":[{"@type":"ListItem","position":1,"name":"In\u00edcio","item":"https:\/\/brasilnoticias.org\/site\/"},{"@type":"ListItem","position":2,"name":"Mercadante \u00e9 cotado para assumir presid\u00eancia da Petrobras caso Prates seja afastado"}]},{"@type":"WebSite","@id":"https:\/\/brasilnoticias.org\/site\/#website","url":"https:\/\/brasilnoticias.org\/site\/","name":"Brasil not\u00edcias","description":"Brasil not\u00edcias","publisher":{"@id":"https:\/\/brasilnoticias.org\/site\/#organization"},"potentialAction":[{"@type":"SearchAction","target":{"@type":"EntryPoint","urlTemplate":"https:\/\/brasilnoticias.org\/site\/?s={search_term_string}"},"query-input":{"@type":"PropertyValueSpecification","valueRequired":true,"valueName":"search_term_string"}}],"inLanguage":"pt-PT"},{"@type":"Organization","@id":"https:\/\/brasilnoticias.org\/site\/#organization","name":"Brasil not\u00edcias","url":"https:\/\/brasilnoticias.org\/site\/","logo":{"@type":"ImageObject","inLanguage":"pt-PT","@id":"https:\/\/brasilnoticias.org\/site\/#\/schema\/logo\/image\/","url":"https:\/\/brasilnoticias.org\/site\/wp-content\/uploads\/2022\/05\/cropped-brasilnoticias-mini.jpg","contentUrl":"https:\/\/brasilnoticias.org\/site\/wp-content\/uploads\/2022\/05\/cropped-brasilnoticias-mini.jpg","width":314,"height":86,"caption":"Brasil not\u00edcias"},"image":{"@id":"https:\/\/brasilnoticias.org\/site\/#\/schema\/logo\/image\/"}},{"@type":"Person","@id":"https:\/\/brasilnoticias.org\/site\/#\/schema\/person\/03bbbfe6c7634ad18c26444ea39049fa","name":"Reda\u00e7\u00e3o","image":{"@type":"ImageObject","inLanguage":"pt-PT","@id":"https:\/\/brasilnoticias.org\/site\/#\/schema\/person\/image\/","url":"https:\/\/secure.gravatar.com\/avatar\/9ecaf7327a696cb23ad926fedded5f1f04d7049de9e445375d55b48c001a6e42?s=96&d=mm&r=g","contentUrl":"https:\/\/secure.gravatar.com\/avatar\/9ecaf7327a696cb23ad926fedded5f1f04d7049de9e445375d55b48c001a6e42?s=96&d=mm&r=g","caption":"Reda\u00e7\u00e3o"},"url":"https:\/\/brasilnoticias.org\/site\/author\/henrique\/"}]}},"_links":{"self":[{"href":"https:\/\/brasilnoticias.org\/site\/wp-json\/wp\/v2\/posts\/13408","targetHints":{"allow":["GET"]}}],"collection":[{"href":"https:\/\/brasilnoticias.org\/site\/wp-json\/wp\/v2\/posts"}],"about":[{"href":"https:\/\/brasilnoticias.org\/site\/wp-json\/wp\/v2\/types\/post"}],"author":[{"embeddable":true,"href":"https:\/\/brasilnoticias.org\/site\/wp-json\/wp\/v2\/users\/4"}],"replies":[{"embeddable":true,"href":"https:\/\/brasilnoticias.org\/site\/wp-json\/wp\/v2\/comments?post=13408"}],"version-history":[{"count":1,"href":"https:\/\/brasilnoticias.org\/site\/wp-json\/wp\/v2\/posts\/13408\/revisions"}],"predecessor-version":[{"id":13410,"href":"https:\/\/brasilnoticias.org\/site\/wp-json\/wp\/v2\/posts\/13408\/revisions\/13410"}],"wp:featuredmedia":[{"embeddable":true,"href":"https:\/\/brasilnoticias.org\/site\/wp-json\/wp\/v2\/media\/13409"}],"wp:attachment":[{"href":"https:\/\/brasilnoticias.org\/site\/wp-json\/wp\/v2\/media?parent=13408"}],"wp:term":[{"taxonomy":"category","embeddable":true,"href":"https:\/\/brasilnoticias.org\/site\/wp-json\/wp\/v2\/categories?post=13408"},{"taxonomy":"post_tag","embeddable":true,"href":"https:\/\/brasilnoticias.org\/site\/wp-json\/wp\/v2\/tags?post=13408"}],"curies":[{"name":"wp","href":"https:\/\/api.w.org\/{rel}","templated":true}]}}