{"id":13415,"date":"2024-04-04T18:28:23","date_gmt":"2024-04-04T21:28:23","guid":{"rendered":"https:\/\/brasilnoticias.org\/site\/?p=13415"},"modified":"2024-04-04T18:28:23","modified_gmt":"2024-04-04T21:28:23","slug":"fugitivos-da-penitenciaria-federal-de-mossoro-sao-encontrados-no-para-e-detidos-pela-pf","status":"publish","type":"post","link":"https:\/\/brasilnoticias.org\/site\/fugitivos-da-penitenciaria-federal-de-mossoro-sao-encontrados-no-para-e-detidos-pela-pf\/","title":{"rendered":"Fugitivos da Penitenci\u00e1ria Federal de Mossor\u00f3 s\u00e3o encontrados no Par\u00e1 e detidos pela PF"},"content":{"rendered":"<p>Para sair do estado, os presidi\u00e1rios contaram com a ajuda da fac\u00e7\u00e3o criminosa que s\u00e3o filiados<\/p>\n<p>Os dois presidi\u00e1rios que fugiram da Penitenci\u00e1ria Federal de Mossor\u00f3 (RN) foram capturados, nesta quinta-feira (4), ap\u00f3s 51 dias de buscas. A dupla de criminosos foi detida durante uma a\u00e7\u00e3o conjunta da Pol\u00edcia Federal (PF) e da Pol\u00edcia Rodovi\u00e1ria Federal (PRF).<\/p>\n<p>Ambos os detentos foram achados na cidade de Marab\u00e1, no sudoeste do Par\u00e1, situada a 1.600 km de Mossor\u00f3, de onde a dupla fugiu. Segundo a PF, os presidi\u00e1rios conseguiram despistar os agentes de seguran\u00e7a e sair do estado com a ajuda da fac\u00e7\u00e3o criminosa que s\u00e3o filiados, o Comando Vermelho.<\/p>\n<p>Ap\u00f3s descobrir o paradeiro dos presidi\u00e1rios, a corpora\u00e7\u00e3o passou a focar na apura\u00e7\u00e3o para averiguar se dentro da unidade penitenci\u00e1ria ocorreu alguma forma de facilita\u00e7\u00e3o da fuga, que ocorreu em fevereiro de 2024. Na ocasi\u00e3o, os homens escaparam por volta das 3h da madrugada, atrav\u00e9s de um buraco que cavaram na cela.<\/p>\n<p>Foto: Pol\u00edcia Federal\/Divulga\u00e7\u00e3o<br \/>\nPor: Metro1 <\/p>\n","protected":false},"excerpt":{"rendered":"<p>Para sair do estado, os presidi\u00e1rios contaram com a ajuda da fac\u00e7\u00e3o criminosa que s\u00e3o filiados Os dois presidi\u00e1rios que<\/p>\n","protected":false},"author":4,"featured_media":13416,"comment_status":"open","ping_status":"open","sticky":false,"template":"","format":"standard","meta":{"colormag_page_container_layout":"default_layout","colormag_page_sidebar_layout":"default_layout","_FSMCFIC_featured_image_caption":"","_FSMCFIC_featured_image_nocaption":"","_FSMCFIC_featured_image_hide":"","footnotes":""},"categories":[3,1],"tags":[],"class_list":["post-13415","post","type-post","status-publish","format-standard","has-post-thumbnail","hentry","category-policia","category-ultimas"],"yoast_head":"<!-- This site is optimized with the Yoast SEO plugin v27.1.1 - https:\/\/yoast.com\/product\/yoast-seo-wordpress\/ -->\n<title>Fugitivos da Penitenci\u00e1ria Federal de Mossor\u00f3 s\u00e3o encontrados no Par\u00e1 e detidos pela PF - Brasil not\u00edcias<\/title>\n<meta name=\"robots\" content=\"index, follow, max-snippet:-1, max-image-preview:large, max-video-preview:-1\" \/>\n<link rel=\"canonical\" href=\"https:\/\/brasilnoticias.org\/site\/fugitivos-da-penitenciaria-federal-de-mossoro-sao-encontrados-no-para-e-detidos-pela-pf\/\" \/>\n<meta property=\"og:locale\" content=\"pt_PT\" \/>\n<meta property=\"og:type\" content=\"article\" \/>\n<meta property=\"og:title\" content=\"Fugitivos da Penitenci\u00e1ria Federal de Mossor\u00f3 s\u00e3o encontrados no Par\u00e1 e detidos pela PF - Brasil not\u00edcias\" \/>\n<meta property=\"og:description\" content=\"Para sair do estado, os presidi\u00e1rios contaram com a ajuda da fac\u00e7\u00e3o criminosa que s\u00e3o filiados Os dois presidi\u00e1rios que\" \/>\n<meta property=\"og:url\" content=\"https:\/\/brasilnoticias.org\/site\/fugitivos-da-penitenciaria-federal-de-mossoro-sao-encontrados-no-para-e-detidos-pela-pf\/\" \/>\n<meta property=\"og:site_name\" content=\"Brasil not\u00edcias\" \/>\n<meta property=\"article:published_time\" content=\"2024-04-04T21:28:23+00:00\" \/>\n<meta property=\"og:image\" content=\"https:\/\/brasilnoticias.org\/site\/wp-content\/uploads\/2024\/04\/148268fugitivos-da-penitenciaria-federal-de-mossoro-sao-encontrados-no-para-e-detidos-pela-pf-3.jpg\" \/>\n\t<meta property=\"og:image:width\" content=\"1600\" \/>\n\t<meta property=\"og:image:height\" content=\"752\" \/>\n\t<meta property=\"og:image:type\" content=\"image\/jpeg\" \/>\n<meta name=\"author\" content=\"Reda\u00e7\u00e3o\" \/>\n<meta name=\"twitter:card\" content=\"summary_large_image\" \/>\n<meta name=\"twitter:label1\" content=\"Escrito por\" \/>\n\t<meta name=\"twitter:data1\" content=\"Reda\u00e7\u00e3o\" \/>\n\t<meta name=\"twitter:label2\" content=\"Tempo estimado de leitura\" \/>\n\t<meta name=\"twitter:data2\" content=\"1 minuto\" \/>\n<script type=\"application\/ld+json\" class=\"yoast-schema-graph\">{\"@context\":\"https:\/\/schema.org\",\"@graph\":[{\"@type\":\"Article\",\"@id\":\"https:\/\/brasilnoticias.org\/site\/fugitivos-da-penitenciaria-federal-de-mossoro-sao-encontrados-no-para-e-detidos-pela-pf\/#article\",\"isPartOf\":{\"@id\":\"https:\/\/brasilnoticias.org\/site\/fugitivos-da-penitenciaria-federal-de-mossoro-sao-encontrados-no-para-e-detidos-pela-pf\/\"},\"author\":{\"name\":\"Reda\u00e7\u00e3o\",\"@id\":\"https:\/\/brasilnoticias.org\/site\/#\/schema\/person\/03bbbfe6c7634ad18c26444ea39049fa\"},\"headline\":\"Fugitivos da Penitenci\u00e1ria Federal de Mossor\u00f3 s\u00e3o encontrados no Par\u00e1 e detidos pela PF\",\"datePublished\":\"2024-04-04T21:28:23+00:00\",\"mainEntityOfPage\":{\"@id\":\"https:\/\/brasilnoticias.org\/site\/fugitivos-da-penitenciaria-federal-de-mossoro-sao-encontrados-no-para-e-detidos-pela-pf\/\"},\"wordCount\":202,\"commentCount\":0,\"publisher\":{\"@id\":\"https:\/\/brasilnoticias.org\/site\/#organization\"},\"image\":{\"@id\":\"https:\/\/brasilnoticias.org\/site\/fugitivos-da-penitenciaria-federal-de-mossoro-sao-encontrados-no-para-e-detidos-pela-pf\/#primaryimage\"},\"thumbnailUrl\":\"https:\/\/brasilnoticias.org\/site\/wp-content\/uploads\/2024\/04\/148268fugitivos-da-penitenciaria-federal-de-mossoro-sao-encontrados-no-para-e-detidos-pela-pf-3.jpg\",\"articleSection\":[\"Pol\u00edcia\",\"\u00daltimas\"],\"inLanguage\":\"pt-PT\",\"potentialAction\":[{\"@type\":\"CommentAction\",\"name\":\"Comment\",\"target\":[\"https:\/\/brasilnoticias.org\/site\/fugitivos-da-penitenciaria-federal-de-mossoro-sao-encontrados-no-para-e-detidos-pela-pf\/#respond\"]}]},{\"@type\":\"WebPage\",\"@id\":\"https:\/\/brasilnoticias.org\/site\/fugitivos-da-penitenciaria-federal-de-mossoro-sao-encontrados-no-para-e-detidos-pela-pf\/\",\"url\":\"https:\/\/brasilnoticias.org\/site\/fugitivos-da-penitenciaria-federal-de-mossoro-sao-encontrados-no-para-e-detidos-pela-pf\/\",\"name\":\"Fugitivos da Penitenci\u00e1ria Federal de Mossor\u00f3 s\u00e3o encontrados no Par\u00e1 e detidos pela PF - Brasil not\u00edcias\",\"isPartOf\":{\"@id\":\"https:\/\/brasilnoticias.org\/site\/#website\"},\"primaryImageOfPage\":{\"@id\":\"https:\/\/brasilnoticias.org\/site\/fugitivos-da-penitenciaria-federal-de-mossoro-sao-encontrados-no-para-e-detidos-pela-pf\/#primaryimage\"},\"image\":{\"@id\":\"https:\/\/brasilnoticias.org\/site\/fugitivos-da-penitenciaria-federal-de-mossoro-sao-encontrados-no-para-e-detidos-pela-pf\/#primaryimage\"},\"thumbnailUrl\":\"https:\/\/brasilnoticias.org\/site\/wp-content\/uploads\/2024\/04\/148268fugitivos-da-penitenciaria-federal-de-mossoro-sao-encontrados-no-para-e-detidos-pela-pf-3.jpg\",\"datePublished\":\"2024-04-04T21:28:23+00:00\",\"breadcrumb\":{\"@id\":\"https:\/\/brasilnoticias.org\/site\/fugitivos-da-penitenciaria-federal-de-mossoro-sao-encontrados-no-para-e-detidos-pela-pf\/#breadcrumb\"},\"inLanguage\":\"pt-PT\",\"potentialAction\":[{\"@type\":\"ReadAction\",\"target\":[\"https:\/\/brasilnoticias.org\/site\/fugitivos-da-penitenciaria-federal-de-mossoro-sao-encontrados-no-para-e-detidos-pela-pf\/\"]}]},{\"@type\":\"ImageObject\",\"inLanguage\":\"pt-PT\",\"@id\":\"https:\/\/brasilnoticias.org\/site\/fugitivos-da-penitenciaria-federal-de-mossoro-sao-encontrados-no-para-e-detidos-pela-pf\/#primaryimage\",\"url\":\"https:\/\/brasilnoticias.org\/site\/wp-content\/uploads\/2024\/04\/148268fugitivos-da-penitenciaria-federal-de-mossoro-sao-encontrados-no-para-e-detidos-pela-pf-3.jpg\",\"contentUrl\":\"https:\/\/brasilnoticias.org\/site\/wp-content\/uploads\/2024\/04\/148268fugitivos-da-penitenciaria-federal-de-mossoro-sao-encontrados-no-para-e-detidos-pela-pf-3.jpg\",\"width\":1600,\"height\":752},{\"@type\":\"BreadcrumbList\",\"@id\":\"https:\/\/brasilnoticias.org\/site\/fugitivos-da-penitenciaria-federal-de-mossoro-sao-encontrados-no-para-e-detidos-pela-pf\/#breadcrumb\",\"itemListElement\":[{\"@type\":\"ListItem\",\"position\":1,\"name\":\"In\u00edcio\",\"item\":\"https:\/\/brasilnoticias.org\/site\/\"},{\"@type\":\"ListItem\",\"position\":2,\"name\":\"Fugitivos da Penitenci\u00e1ria Federal de Mossor\u00f3 s\u00e3o encontrados no Par\u00e1 e detidos pela PF\"}]},{\"@type\":\"WebSite\",\"@id\":\"https:\/\/brasilnoticias.org\/site\/#website\",\"url\":\"https:\/\/brasilnoticias.org\/site\/\",\"name\":\"Brasil not\u00edcias\",\"description\":\"Brasil not\u00edcias\",\"publisher\":{\"@id\":\"https:\/\/brasilnoticias.org\/site\/#organization\"},\"potentialAction\":[{\"@type\":\"SearchAction\",\"target\":{\"@type\":\"EntryPoint\",\"urlTemplate\":\"https:\/\/brasilnoticias.org\/site\/?s={search_term_string}\"},\"query-input\":{\"@type\":\"PropertyValueSpecification\",\"valueRequired\":true,\"valueName\":\"search_term_string\"}}],\"inLanguage\":\"pt-PT\"},{\"@type\":\"Organization\",\"@id\":\"https:\/\/brasilnoticias.org\/site\/#organization\",\"name\":\"Brasil not\u00edcias\",\"url\":\"https:\/\/brasilnoticias.org\/site\/\",\"logo\":{\"@type\":\"ImageObject\",\"inLanguage\":\"pt-PT\",\"@id\":\"https:\/\/brasilnoticias.org\/site\/#\/schema\/logo\/image\/\",\"url\":\"https:\/\/brasilnoticias.org\/site\/wp-content\/uploads\/2022\/05\/cropped-brasilnoticias-mini.jpg\",\"contentUrl\":\"https:\/\/brasilnoticias.org\/site\/wp-content\/uploads\/2022\/05\/cropped-brasilnoticias-mini.jpg\",\"width\":314,\"height\":86,\"caption\":\"Brasil not\u00edcias\"},\"image\":{\"@id\":\"https:\/\/brasilnoticias.org\/site\/#\/schema\/logo\/image\/\"}},{\"@type\":\"Person\",\"@id\":\"https:\/\/brasilnoticias.org\/site\/#\/schema\/person\/03bbbfe6c7634ad18c26444ea39049fa\",\"name\":\"Reda\u00e7\u00e3o\",\"image\":{\"@type\":\"ImageObject\",\"inLanguage\":\"pt-PT\",\"@id\":\"https:\/\/brasilnoticias.org\/site\/#\/schema\/person\/image\/\",\"url\":\"https:\/\/secure.gravatar.com\/avatar\/9ecaf7327a696cb23ad926fedded5f1f04d7049de9e445375d55b48c001a6e42?s=96&d=mm&r=g\",\"contentUrl\":\"https:\/\/secure.gravatar.com\/avatar\/9ecaf7327a696cb23ad926fedded5f1f04d7049de9e445375d55b48c001a6e42?s=96&d=mm&r=g\",\"caption\":\"Reda\u00e7\u00e3o\"},\"url\":\"https:\/\/brasilnoticias.org\/site\/author\/henrique\/\"}]}<\/script>\n<!-- \/ Yoast SEO plugin. -->","yoast_head_json":{"title":"Fugitivos da Penitenci\u00e1ria Federal de Mossor\u00f3 s\u00e3o encontrados no Par\u00e1 e detidos pela PF - Brasil not\u00edcias","robots":{"index":"index","follow":"follow","max-snippet":"max-snippet:-1","max-image-preview":"max-image-preview:large","max-video-preview":"max-video-preview:-1"},"canonical":"https:\/\/brasilnoticias.org\/site\/fugitivos-da-penitenciaria-federal-de-mossoro-sao-encontrados-no-para-e-detidos-pela-pf\/","og_locale":"pt_PT","og_type":"article","og_title":"Fugitivos da Penitenci\u00e1ria Federal de Mossor\u00f3 s\u00e3o encontrados no Par\u00e1 e detidos pela PF - Brasil not\u00edcias","og_description":"Para sair do estado, os presidi\u00e1rios contaram com a ajuda da fac\u00e7\u00e3o criminosa que s\u00e3o filiados Os dois presidi\u00e1rios que","og_url":"https:\/\/brasilnoticias.org\/site\/fugitivos-da-penitenciaria-federal-de-mossoro-sao-encontrados-no-para-e-detidos-pela-pf\/","og_site_name":"Brasil not\u00edcias","article_published_time":"2024-04-04T21:28:23+00:00","og_image":[{"width":1600,"height":752,"url":"https:\/\/brasilnoticias.org\/site\/wp-content\/uploads\/2024\/04\/148268fugitivos-da-penitenciaria-federal-de-mossoro-sao-encontrados-no-para-e-detidos-pela-pf-3.jpg","type":"image\/jpeg"}],"author":"Reda\u00e7\u00e3o","twitter_card":"summary_large_image","twitter_misc":{"Escrito por":"Reda\u00e7\u00e3o","Tempo estimado de leitura":"1 minuto"},"schema":{"@context":"https:\/\/schema.org","@graph":[{"@type":"Article","@id":"https:\/\/brasilnoticias.org\/site\/fugitivos-da-penitenciaria-federal-de-mossoro-sao-encontrados-no-para-e-detidos-pela-pf\/#article","isPartOf":{"@id":"https:\/\/brasilnoticias.org\/site\/fugitivos-da-penitenciaria-federal-de-mossoro-sao-encontrados-no-para-e-detidos-pela-pf\/"},"author":{"name":"Reda\u00e7\u00e3o","@id":"https:\/\/brasilnoticias.org\/site\/#\/schema\/person\/03bbbfe6c7634ad18c26444ea39049fa"},"headline":"Fugitivos da Penitenci\u00e1ria Federal de Mossor\u00f3 s\u00e3o encontrados no Par\u00e1 e detidos pela PF","datePublished":"2024-04-04T21:28:23+00:00","mainEntityOfPage":{"@id":"https:\/\/brasilnoticias.org\/site\/fugitivos-da-penitenciaria-federal-de-mossoro-sao-encontrados-no-para-e-detidos-pela-pf\/"},"wordCount":202,"commentCount":0,"publisher":{"@id":"https:\/\/brasilnoticias.org\/site\/#organization"},"image":{"@id":"https:\/\/brasilnoticias.org\/site\/fugitivos-da-penitenciaria-federal-de-mossoro-sao-encontrados-no-para-e-detidos-pela-pf\/#primaryimage"},"thumbnailUrl":"https:\/\/brasilnoticias.org\/site\/wp-content\/uploads\/2024\/04\/148268fugitivos-da-penitenciaria-federal-de-mossoro-sao-encontrados-no-para-e-detidos-pela-pf-3.jpg","articleSection":["Pol\u00edcia","\u00daltimas"],"inLanguage":"pt-PT","potentialAction":[{"@type":"CommentAction","name":"Comment","target":["https:\/\/brasilnoticias.org\/site\/fugitivos-da-penitenciaria-federal-de-mossoro-sao-encontrados-no-para-e-detidos-pela-pf\/#respond"]}]},{"@type":"WebPage","@id":"https:\/\/brasilnoticias.org\/site\/fugitivos-da-penitenciaria-federal-de-mossoro-sao-encontrados-no-para-e-detidos-pela-pf\/","url":"https:\/\/brasilnoticias.org\/site\/fugitivos-da-penitenciaria-federal-de-mossoro-sao-encontrados-no-para-e-detidos-pela-pf\/","name":"Fugitivos da Penitenci\u00e1ria Federal de Mossor\u00f3 s\u00e3o encontrados no Par\u00e1 e detidos pela PF - Brasil not\u00edcias","isPartOf":{"@id":"https:\/\/brasilnoticias.org\/site\/#website"},"primaryImageOfPage":{"@id":"https:\/\/brasilnoticias.org\/site\/fugitivos-da-penitenciaria-federal-de-mossoro-sao-encontrados-no-para-e-detidos-pela-pf\/#primaryimage"},"image":{"@id":"https:\/\/brasilnoticias.org\/site\/fugitivos-da-penitenciaria-federal-de-mossoro-sao-encontrados-no-para-e-detidos-pela-pf\/#primaryimage"},"thumbnailUrl":"https:\/\/brasilnoticias.org\/site\/wp-content\/uploads\/2024\/04\/148268fugitivos-da-penitenciaria-federal-de-mossoro-sao-encontrados-no-para-e-detidos-pela-pf-3.jpg","datePublished":"2024-04-04T21:28:23+00:00","breadcrumb":{"@id":"https:\/\/brasilnoticias.org\/site\/fugitivos-da-penitenciaria-federal-de-mossoro-sao-encontrados-no-para-e-detidos-pela-pf\/#breadcrumb"},"inLanguage":"pt-PT","potentialAction":[{"@type":"ReadAction","target":["https:\/\/brasilnoticias.org\/site\/fugitivos-da-penitenciaria-federal-de-mossoro-sao-encontrados-no-para-e-detidos-pela-pf\/"]}]},{"@type":"ImageObject","inLanguage":"pt-PT","@id":"https:\/\/brasilnoticias.org\/site\/fugitivos-da-penitenciaria-federal-de-mossoro-sao-encontrados-no-para-e-detidos-pela-pf\/#primaryimage","url":"https:\/\/brasilnoticias.org\/site\/wp-content\/uploads\/2024\/04\/148268fugitivos-da-penitenciaria-federal-de-mossoro-sao-encontrados-no-para-e-detidos-pela-pf-3.jpg","contentUrl":"https:\/\/brasilnoticias.org\/site\/wp-content\/uploads\/2024\/04\/148268fugitivos-da-penitenciaria-federal-de-mossoro-sao-encontrados-no-para-e-detidos-pela-pf-3.jpg","width":1600,"height":752},{"@type":"BreadcrumbList","@id":"https:\/\/brasilnoticias.org\/site\/fugitivos-da-penitenciaria-federal-de-mossoro-sao-encontrados-no-para-e-detidos-pela-pf\/#breadcrumb","itemListElement":[{"@type":"ListItem","position":1,"name":"In\u00edcio","item":"https:\/\/brasilnoticias.org\/site\/"},{"@type":"ListItem","position":2,"name":"Fugitivos da Penitenci\u00e1ria Federal de Mossor\u00f3 s\u00e3o encontrados no Par\u00e1 e detidos pela PF"}]},{"@type":"WebSite","@id":"https:\/\/brasilnoticias.org\/site\/#website","url":"https:\/\/brasilnoticias.org\/site\/","name":"Brasil not\u00edcias","description":"Brasil not\u00edcias","publisher":{"@id":"https:\/\/brasilnoticias.org\/site\/#organization"},"potentialAction":[{"@type":"SearchAction","target":{"@type":"EntryPoint","urlTemplate":"https:\/\/brasilnoticias.org\/site\/?s={search_term_string}"},"query-input":{"@type":"PropertyValueSpecification","valueRequired":true,"valueName":"search_term_string"}}],"inLanguage":"pt-PT"},{"@type":"Organization","@id":"https:\/\/brasilnoticias.org\/site\/#organization","name":"Brasil not\u00edcias","url":"https:\/\/brasilnoticias.org\/site\/","logo":{"@type":"ImageObject","inLanguage":"pt-PT","@id":"https:\/\/brasilnoticias.org\/site\/#\/schema\/logo\/image\/","url":"https:\/\/brasilnoticias.org\/site\/wp-content\/uploads\/2022\/05\/cropped-brasilnoticias-mini.jpg","contentUrl":"https:\/\/brasilnoticias.org\/site\/wp-content\/uploads\/2022\/05\/cropped-brasilnoticias-mini.jpg","width":314,"height":86,"caption":"Brasil not\u00edcias"},"image":{"@id":"https:\/\/brasilnoticias.org\/site\/#\/schema\/logo\/image\/"}},{"@type":"Person","@id":"https:\/\/brasilnoticias.org\/site\/#\/schema\/person\/03bbbfe6c7634ad18c26444ea39049fa","name":"Reda\u00e7\u00e3o","image":{"@type":"ImageObject","inLanguage":"pt-PT","@id":"https:\/\/brasilnoticias.org\/site\/#\/schema\/person\/image\/","url":"https:\/\/secure.gravatar.com\/avatar\/9ecaf7327a696cb23ad926fedded5f1f04d7049de9e445375d55b48c001a6e42?s=96&d=mm&r=g","contentUrl":"https:\/\/secure.gravatar.com\/avatar\/9ecaf7327a696cb23ad926fedded5f1f04d7049de9e445375d55b48c001a6e42?s=96&d=mm&r=g","caption":"Reda\u00e7\u00e3o"},"url":"https:\/\/brasilnoticias.org\/site\/author\/henrique\/"}]}},"_links":{"self":[{"href":"https:\/\/brasilnoticias.org\/site\/wp-json\/wp\/v2\/posts\/13415","targetHints":{"allow":["GET"]}}],"collection":[{"href":"https:\/\/brasilnoticias.org\/site\/wp-json\/wp\/v2\/posts"}],"about":[{"href":"https:\/\/brasilnoticias.org\/site\/wp-json\/wp\/v2\/types\/post"}],"author":[{"embeddable":true,"href":"https:\/\/brasilnoticias.org\/site\/wp-json\/wp\/v2\/users\/4"}],"replies":[{"embeddable":true,"href":"https:\/\/brasilnoticias.org\/site\/wp-json\/wp\/v2\/comments?post=13415"}],"version-history":[{"count":1,"href":"https:\/\/brasilnoticias.org\/site\/wp-json\/wp\/v2\/posts\/13415\/revisions"}],"predecessor-version":[{"id":13417,"href":"https:\/\/brasilnoticias.org\/site\/wp-json\/wp\/v2\/posts\/13415\/revisions\/13417"}],"wp:featuredmedia":[{"embeddable":true,"href":"https:\/\/brasilnoticias.org\/site\/wp-json\/wp\/v2\/media\/13416"}],"wp:attachment":[{"href":"https:\/\/brasilnoticias.org\/site\/wp-json\/wp\/v2\/media?parent=13415"}],"wp:term":[{"taxonomy":"category","embeddable":true,"href":"https:\/\/brasilnoticias.org\/site\/wp-json\/wp\/v2\/categories?post=13415"},{"taxonomy":"post_tag","embeddable":true,"href":"https:\/\/brasilnoticias.org\/site\/wp-json\/wp\/v2\/tags?post=13415"}],"curies":[{"name":"wp","href":"https:\/\/api.w.org\/{rel}","templated":true}]}}