{"id":13427,"date":"2024-04-05T19:40:28","date_gmt":"2024-04-05T22:40:28","guid":{"rendered":"https:\/\/brasilnoticias.org\/site\/?p=13427"},"modified":"2024-04-05T19:40:28","modified_gmt":"2024-04-05T22:40:28","slug":"idoso-fica-ferido-apos-bater-carro-em-arvore-na-federacao-veja-video","status":"publish","type":"post","link":"https:\/\/brasilnoticias.org\/site\/idoso-fica-ferido-apos-bater-carro-em-arvore-na-federacao-veja-video\/","title":{"rendered":"Idoso fica ferido ap\u00f3s bater carro em \u00e1rvore na Federa\u00e7\u00e3o; veja v\u00eddeo"},"content":{"rendered":"<p>Filho acredita que pai pode ter passado mal por ser diab\u00e9tico<\/p>\n<p>Um idoso de 75 anos ficou ferido ap\u00f3s bater o carro em uma \u00e1rvore na Rua Engenheiro Afonso Oliva, bairro da Federa\u00e7\u00e3o, em Salvador, no in\u00edcio da tarde desta sexta-feira (5\/4). Ele foi socorrido por equipes do Samu ao Hospital Geral do Estado (HGE).<\/p>\n<p>Ao Aratu On, que esteve no local do acidente, o filho do motorista, Gleidson Mascarenhas, contou que o pai, Crist\u00f3v\u00e3o Carneiro, estava sozinho no momento do ocorrido. Ele acredita que o idoso tenha passado mal em decorr\u00eancia da diabetes.<\/p>\n<p>Os airbags do ve\u00edculo foram acionados, no impacto, e pouco depois da colis\u00e3o testemunhas ligaram para a emerg\u00eancia. Ainda n\u00e3o h\u00e1 detalhes do estado de sa\u00fade de Crist\u00f3v\u00e3o.<\/p>\n<p>Foto: Juana Castro\/Aratu On<br \/>\nAratu On<\/p>\n","protected":false},"excerpt":{"rendered":"<p>Filho acredita que pai pode ter passado mal por ser diab\u00e9tico Um idoso de 75 anos ficou ferido ap\u00f3s bater<\/p>\n","protected":false},"author":4,"featured_media":13428,"comment_status":"open","ping_status":"open","sticky":false,"template":"","format":"standard","meta":{"colormag_page_container_layout":"default_layout","colormag_page_sidebar_layout":"default_layout","_FSMCFIC_featured_image_caption":"","_FSMCFIC_featured_image_nocaption":"","_FSMCFIC_featured_image_hide":"","footnotes":""},"categories":[2,1],"tags":[],"class_list":["post-13427","post","type-post","status-publish","format-standard","has-post-thumbnail","hentry","category-noticias","category-ultimas"],"yoast_head":"<!-- This site is optimized with the Yoast SEO plugin v27.1.1 - https:\/\/yoast.com\/product\/yoast-seo-wordpress\/ -->\n<title>Idoso fica ferido ap\u00f3s bater carro em \u00e1rvore na Federa\u00e7\u00e3o; veja v\u00eddeo - Brasil not\u00edcias<\/title>\n<meta name=\"robots\" content=\"index, follow, max-snippet:-1, max-image-preview:large, max-video-preview:-1\" \/>\n<link rel=\"canonical\" href=\"https:\/\/brasilnoticias.org\/site\/idoso-fica-ferido-apos-bater-carro-em-arvore-na-federacao-veja-video\/\" \/>\n<meta property=\"og:locale\" content=\"pt_PT\" \/>\n<meta property=\"og:type\" content=\"article\" \/>\n<meta property=\"og:title\" content=\"Idoso fica ferido ap\u00f3s bater carro em \u00e1rvore na Federa\u00e7\u00e3o; veja v\u00eddeo - Brasil not\u00edcias\" \/>\n<meta property=\"og:description\" content=\"Filho acredita que pai pode ter passado mal por ser diab\u00e9tico Um idoso de 75 anos ficou ferido ap\u00f3s bater\" \/>\n<meta property=\"og:url\" content=\"https:\/\/brasilnoticias.org\/site\/idoso-fica-ferido-apos-bater-carro-em-arvore-na-federacao-veja-video\/\" \/>\n<meta property=\"og:site_name\" content=\"Brasil not\u00edcias\" \/>\n<meta property=\"article:published_time\" content=\"2024-04-05T22:40:28+00:00\" \/>\n<meta property=\"og:image\" content=\"https:\/\/brasilnoticias.org\/site\/wp-content\/uploads\/2024\/04\/carro-arvore-federacao-foto-juana-castro-aratuon.jpg\" \/>\n\t<meta property=\"og:image:width\" content=\"740\" \/>\n\t<meta property=\"og:image:height\" content=\"470\" \/>\n\t<meta property=\"og:image:type\" content=\"image\/jpeg\" \/>\n<meta name=\"author\" content=\"Reda\u00e7\u00e3o\" \/>\n<meta name=\"twitter:card\" content=\"summary_large_image\" \/>\n<meta name=\"twitter:label1\" content=\"Escrito por\" \/>\n\t<meta name=\"twitter:data1\" content=\"Reda\u00e7\u00e3o\" \/>\n\t<meta name=\"twitter:label2\" content=\"Tempo estimado de leitura\" \/>\n\t<meta name=\"twitter:data2\" content=\"1 minuto\" \/>\n<script type=\"application\/ld+json\" class=\"yoast-schema-graph\">{\"@context\":\"https:\/\/schema.org\",\"@graph\":[{\"@type\":\"Article\",\"@id\":\"https:\/\/brasilnoticias.org\/site\/idoso-fica-ferido-apos-bater-carro-em-arvore-na-federacao-veja-video\/#article\",\"isPartOf\":{\"@id\":\"https:\/\/brasilnoticias.org\/site\/idoso-fica-ferido-apos-bater-carro-em-arvore-na-federacao-veja-video\/\"},\"author\":{\"name\":\"Reda\u00e7\u00e3o\",\"@id\":\"https:\/\/brasilnoticias.org\/site\/#\/schema\/person\/03bbbfe6c7634ad18c26444ea39049fa\"},\"headline\":\"Idoso fica ferido ap\u00f3s bater carro em \u00e1rvore na Federa\u00e7\u00e3o; veja v\u00eddeo\",\"datePublished\":\"2024-04-05T22:40:28+00:00\",\"mainEntityOfPage\":{\"@id\":\"https:\/\/brasilnoticias.org\/site\/idoso-fica-ferido-apos-bater-carro-em-arvore-na-federacao-veja-video\/\"},\"wordCount\":156,\"commentCount\":0,\"publisher\":{\"@id\":\"https:\/\/brasilnoticias.org\/site\/#organization\"},\"image\":{\"@id\":\"https:\/\/brasilnoticias.org\/site\/idoso-fica-ferido-apos-bater-carro-em-arvore-na-federacao-veja-video\/#primaryimage\"},\"thumbnailUrl\":\"https:\/\/brasilnoticias.org\/site\/wp-content\/uploads\/2024\/04\/carro-arvore-federacao-foto-juana-castro-aratuon.jpg\",\"articleSection\":[\"Not\u00edcias\",\"\u00daltimas\"],\"inLanguage\":\"pt-PT\",\"potentialAction\":[{\"@type\":\"CommentAction\",\"name\":\"Comment\",\"target\":[\"https:\/\/brasilnoticias.org\/site\/idoso-fica-ferido-apos-bater-carro-em-arvore-na-federacao-veja-video\/#respond\"]}]},{\"@type\":\"WebPage\",\"@id\":\"https:\/\/brasilnoticias.org\/site\/idoso-fica-ferido-apos-bater-carro-em-arvore-na-federacao-veja-video\/\",\"url\":\"https:\/\/brasilnoticias.org\/site\/idoso-fica-ferido-apos-bater-carro-em-arvore-na-federacao-veja-video\/\",\"name\":\"Idoso fica ferido ap\u00f3s bater carro em \u00e1rvore na Federa\u00e7\u00e3o; veja v\u00eddeo - Brasil not\u00edcias\",\"isPartOf\":{\"@id\":\"https:\/\/brasilnoticias.org\/site\/#website\"},\"primaryImageOfPage\":{\"@id\":\"https:\/\/brasilnoticias.org\/site\/idoso-fica-ferido-apos-bater-carro-em-arvore-na-federacao-veja-video\/#primaryimage\"},\"image\":{\"@id\":\"https:\/\/brasilnoticias.org\/site\/idoso-fica-ferido-apos-bater-carro-em-arvore-na-federacao-veja-video\/#primaryimage\"},\"thumbnailUrl\":\"https:\/\/brasilnoticias.org\/site\/wp-content\/uploads\/2024\/04\/carro-arvore-federacao-foto-juana-castro-aratuon.jpg\",\"datePublished\":\"2024-04-05T22:40:28+00:00\",\"breadcrumb\":{\"@id\":\"https:\/\/brasilnoticias.org\/site\/idoso-fica-ferido-apos-bater-carro-em-arvore-na-federacao-veja-video\/#breadcrumb\"},\"inLanguage\":\"pt-PT\",\"potentialAction\":[{\"@type\":\"ReadAction\",\"target\":[\"https:\/\/brasilnoticias.org\/site\/idoso-fica-ferido-apos-bater-carro-em-arvore-na-federacao-veja-video\/\"]}]},{\"@type\":\"ImageObject\",\"inLanguage\":\"pt-PT\",\"@id\":\"https:\/\/brasilnoticias.org\/site\/idoso-fica-ferido-apos-bater-carro-em-arvore-na-federacao-veja-video\/#primaryimage\",\"url\":\"https:\/\/brasilnoticias.org\/site\/wp-content\/uploads\/2024\/04\/carro-arvore-federacao-foto-juana-castro-aratuon.jpg\",\"contentUrl\":\"https:\/\/brasilnoticias.org\/site\/wp-content\/uploads\/2024\/04\/carro-arvore-federacao-foto-juana-castro-aratuon.jpg\",\"width\":740,\"height\":470},{\"@type\":\"BreadcrumbList\",\"@id\":\"https:\/\/brasilnoticias.org\/site\/idoso-fica-ferido-apos-bater-carro-em-arvore-na-federacao-veja-video\/#breadcrumb\",\"itemListElement\":[{\"@type\":\"ListItem\",\"position\":1,\"name\":\"In\u00edcio\",\"item\":\"https:\/\/brasilnoticias.org\/site\/\"},{\"@type\":\"ListItem\",\"position\":2,\"name\":\"Idoso fica ferido ap\u00f3s bater carro em \u00e1rvore na Federa\u00e7\u00e3o; veja v\u00eddeo\"}]},{\"@type\":\"WebSite\",\"@id\":\"https:\/\/brasilnoticias.org\/site\/#website\",\"url\":\"https:\/\/brasilnoticias.org\/site\/\",\"name\":\"Brasil not\u00edcias\",\"description\":\"Brasil not\u00edcias\",\"publisher\":{\"@id\":\"https:\/\/brasilnoticias.org\/site\/#organization\"},\"potentialAction\":[{\"@type\":\"SearchAction\",\"target\":{\"@type\":\"EntryPoint\",\"urlTemplate\":\"https:\/\/brasilnoticias.org\/site\/?s={search_term_string}\"},\"query-input\":{\"@type\":\"PropertyValueSpecification\",\"valueRequired\":true,\"valueName\":\"search_term_string\"}}],\"inLanguage\":\"pt-PT\"},{\"@type\":\"Organization\",\"@id\":\"https:\/\/brasilnoticias.org\/site\/#organization\",\"name\":\"Brasil not\u00edcias\",\"url\":\"https:\/\/brasilnoticias.org\/site\/\",\"logo\":{\"@type\":\"ImageObject\",\"inLanguage\":\"pt-PT\",\"@id\":\"https:\/\/brasilnoticias.org\/site\/#\/schema\/logo\/image\/\",\"url\":\"https:\/\/brasilnoticias.org\/site\/wp-content\/uploads\/2022\/05\/cropped-brasilnoticias-mini.jpg\",\"contentUrl\":\"https:\/\/brasilnoticias.org\/site\/wp-content\/uploads\/2022\/05\/cropped-brasilnoticias-mini.jpg\",\"width\":314,\"height\":86,\"caption\":\"Brasil not\u00edcias\"},\"image\":{\"@id\":\"https:\/\/brasilnoticias.org\/site\/#\/schema\/logo\/image\/\"}},{\"@type\":\"Person\",\"@id\":\"https:\/\/brasilnoticias.org\/site\/#\/schema\/person\/03bbbfe6c7634ad18c26444ea39049fa\",\"name\":\"Reda\u00e7\u00e3o\",\"image\":{\"@type\":\"ImageObject\",\"inLanguage\":\"pt-PT\",\"@id\":\"https:\/\/brasilnoticias.org\/site\/#\/schema\/person\/image\/\",\"url\":\"https:\/\/secure.gravatar.com\/avatar\/9ecaf7327a696cb23ad926fedded5f1f04d7049de9e445375d55b48c001a6e42?s=96&d=mm&r=g\",\"contentUrl\":\"https:\/\/secure.gravatar.com\/avatar\/9ecaf7327a696cb23ad926fedded5f1f04d7049de9e445375d55b48c001a6e42?s=96&d=mm&r=g\",\"caption\":\"Reda\u00e7\u00e3o\"},\"url\":\"https:\/\/brasilnoticias.org\/site\/author\/henrique\/\"}]}<\/script>\n<!-- \/ Yoast SEO plugin. -->","yoast_head_json":{"title":"Idoso fica ferido ap\u00f3s bater carro em \u00e1rvore na Federa\u00e7\u00e3o; veja v\u00eddeo - Brasil not\u00edcias","robots":{"index":"index","follow":"follow","max-snippet":"max-snippet:-1","max-image-preview":"max-image-preview:large","max-video-preview":"max-video-preview:-1"},"canonical":"https:\/\/brasilnoticias.org\/site\/idoso-fica-ferido-apos-bater-carro-em-arvore-na-federacao-veja-video\/","og_locale":"pt_PT","og_type":"article","og_title":"Idoso fica ferido ap\u00f3s bater carro em \u00e1rvore na Federa\u00e7\u00e3o; veja v\u00eddeo - Brasil not\u00edcias","og_description":"Filho acredita que pai pode ter passado mal por ser diab\u00e9tico Um idoso de 75 anos ficou ferido ap\u00f3s bater","og_url":"https:\/\/brasilnoticias.org\/site\/idoso-fica-ferido-apos-bater-carro-em-arvore-na-federacao-veja-video\/","og_site_name":"Brasil not\u00edcias","article_published_time":"2024-04-05T22:40:28+00:00","og_image":[{"width":740,"height":470,"url":"https:\/\/brasilnoticias.org\/site\/wp-content\/uploads\/2024\/04\/carro-arvore-federacao-foto-juana-castro-aratuon.jpg","type":"image\/jpeg"}],"author":"Reda\u00e7\u00e3o","twitter_card":"summary_large_image","twitter_misc":{"Escrito por":"Reda\u00e7\u00e3o","Tempo estimado de leitura":"1 minuto"},"schema":{"@context":"https:\/\/schema.org","@graph":[{"@type":"Article","@id":"https:\/\/brasilnoticias.org\/site\/idoso-fica-ferido-apos-bater-carro-em-arvore-na-federacao-veja-video\/#article","isPartOf":{"@id":"https:\/\/brasilnoticias.org\/site\/idoso-fica-ferido-apos-bater-carro-em-arvore-na-federacao-veja-video\/"},"author":{"name":"Reda\u00e7\u00e3o","@id":"https:\/\/brasilnoticias.org\/site\/#\/schema\/person\/03bbbfe6c7634ad18c26444ea39049fa"},"headline":"Idoso fica ferido ap\u00f3s bater carro em \u00e1rvore na Federa\u00e7\u00e3o; veja v\u00eddeo","datePublished":"2024-04-05T22:40:28+00:00","mainEntityOfPage":{"@id":"https:\/\/brasilnoticias.org\/site\/idoso-fica-ferido-apos-bater-carro-em-arvore-na-federacao-veja-video\/"},"wordCount":156,"commentCount":0,"publisher":{"@id":"https:\/\/brasilnoticias.org\/site\/#organization"},"image":{"@id":"https:\/\/brasilnoticias.org\/site\/idoso-fica-ferido-apos-bater-carro-em-arvore-na-federacao-veja-video\/#primaryimage"},"thumbnailUrl":"https:\/\/brasilnoticias.org\/site\/wp-content\/uploads\/2024\/04\/carro-arvore-federacao-foto-juana-castro-aratuon.jpg","articleSection":["Not\u00edcias","\u00daltimas"],"inLanguage":"pt-PT","potentialAction":[{"@type":"CommentAction","name":"Comment","target":["https:\/\/brasilnoticias.org\/site\/idoso-fica-ferido-apos-bater-carro-em-arvore-na-federacao-veja-video\/#respond"]}]},{"@type":"WebPage","@id":"https:\/\/brasilnoticias.org\/site\/idoso-fica-ferido-apos-bater-carro-em-arvore-na-federacao-veja-video\/","url":"https:\/\/brasilnoticias.org\/site\/idoso-fica-ferido-apos-bater-carro-em-arvore-na-federacao-veja-video\/","name":"Idoso fica ferido ap\u00f3s bater carro em \u00e1rvore na Federa\u00e7\u00e3o; veja v\u00eddeo - Brasil not\u00edcias","isPartOf":{"@id":"https:\/\/brasilnoticias.org\/site\/#website"},"primaryImageOfPage":{"@id":"https:\/\/brasilnoticias.org\/site\/idoso-fica-ferido-apos-bater-carro-em-arvore-na-federacao-veja-video\/#primaryimage"},"image":{"@id":"https:\/\/brasilnoticias.org\/site\/idoso-fica-ferido-apos-bater-carro-em-arvore-na-federacao-veja-video\/#primaryimage"},"thumbnailUrl":"https:\/\/brasilnoticias.org\/site\/wp-content\/uploads\/2024\/04\/carro-arvore-federacao-foto-juana-castro-aratuon.jpg","datePublished":"2024-04-05T22:40:28+00:00","breadcrumb":{"@id":"https:\/\/brasilnoticias.org\/site\/idoso-fica-ferido-apos-bater-carro-em-arvore-na-federacao-veja-video\/#breadcrumb"},"inLanguage":"pt-PT","potentialAction":[{"@type":"ReadAction","target":["https:\/\/brasilnoticias.org\/site\/idoso-fica-ferido-apos-bater-carro-em-arvore-na-federacao-veja-video\/"]}]},{"@type":"ImageObject","inLanguage":"pt-PT","@id":"https:\/\/brasilnoticias.org\/site\/idoso-fica-ferido-apos-bater-carro-em-arvore-na-federacao-veja-video\/#primaryimage","url":"https:\/\/brasilnoticias.org\/site\/wp-content\/uploads\/2024\/04\/carro-arvore-federacao-foto-juana-castro-aratuon.jpg","contentUrl":"https:\/\/brasilnoticias.org\/site\/wp-content\/uploads\/2024\/04\/carro-arvore-federacao-foto-juana-castro-aratuon.jpg","width":740,"height":470},{"@type":"BreadcrumbList","@id":"https:\/\/brasilnoticias.org\/site\/idoso-fica-ferido-apos-bater-carro-em-arvore-na-federacao-veja-video\/#breadcrumb","itemListElement":[{"@type":"ListItem","position":1,"name":"In\u00edcio","item":"https:\/\/brasilnoticias.org\/site\/"},{"@type":"ListItem","position":2,"name":"Idoso fica ferido ap\u00f3s bater carro em \u00e1rvore na Federa\u00e7\u00e3o; veja v\u00eddeo"}]},{"@type":"WebSite","@id":"https:\/\/brasilnoticias.org\/site\/#website","url":"https:\/\/brasilnoticias.org\/site\/","name":"Brasil not\u00edcias","description":"Brasil not\u00edcias","publisher":{"@id":"https:\/\/brasilnoticias.org\/site\/#organization"},"potentialAction":[{"@type":"SearchAction","target":{"@type":"EntryPoint","urlTemplate":"https:\/\/brasilnoticias.org\/site\/?s={search_term_string}"},"query-input":{"@type":"PropertyValueSpecification","valueRequired":true,"valueName":"search_term_string"}}],"inLanguage":"pt-PT"},{"@type":"Organization","@id":"https:\/\/brasilnoticias.org\/site\/#organization","name":"Brasil not\u00edcias","url":"https:\/\/brasilnoticias.org\/site\/","logo":{"@type":"ImageObject","inLanguage":"pt-PT","@id":"https:\/\/brasilnoticias.org\/site\/#\/schema\/logo\/image\/","url":"https:\/\/brasilnoticias.org\/site\/wp-content\/uploads\/2022\/05\/cropped-brasilnoticias-mini.jpg","contentUrl":"https:\/\/brasilnoticias.org\/site\/wp-content\/uploads\/2022\/05\/cropped-brasilnoticias-mini.jpg","width":314,"height":86,"caption":"Brasil not\u00edcias"},"image":{"@id":"https:\/\/brasilnoticias.org\/site\/#\/schema\/logo\/image\/"}},{"@type":"Person","@id":"https:\/\/brasilnoticias.org\/site\/#\/schema\/person\/03bbbfe6c7634ad18c26444ea39049fa","name":"Reda\u00e7\u00e3o","image":{"@type":"ImageObject","inLanguage":"pt-PT","@id":"https:\/\/brasilnoticias.org\/site\/#\/schema\/person\/image\/","url":"https:\/\/secure.gravatar.com\/avatar\/9ecaf7327a696cb23ad926fedded5f1f04d7049de9e445375d55b48c001a6e42?s=96&d=mm&r=g","contentUrl":"https:\/\/secure.gravatar.com\/avatar\/9ecaf7327a696cb23ad926fedded5f1f04d7049de9e445375d55b48c001a6e42?s=96&d=mm&r=g","caption":"Reda\u00e7\u00e3o"},"url":"https:\/\/brasilnoticias.org\/site\/author\/henrique\/"}]}},"_links":{"self":[{"href":"https:\/\/brasilnoticias.org\/site\/wp-json\/wp\/v2\/posts\/13427","targetHints":{"allow":["GET"]}}],"collection":[{"href":"https:\/\/brasilnoticias.org\/site\/wp-json\/wp\/v2\/posts"}],"about":[{"href":"https:\/\/brasilnoticias.org\/site\/wp-json\/wp\/v2\/types\/post"}],"author":[{"embeddable":true,"href":"https:\/\/brasilnoticias.org\/site\/wp-json\/wp\/v2\/users\/4"}],"replies":[{"embeddable":true,"href":"https:\/\/brasilnoticias.org\/site\/wp-json\/wp\/v2\/comments?post=13427"}],"version-history":[{"count":1,"href":"https:\/\/brasilnoticias.org\/site\/wp-json\/wp\/v2\/posts\/13427\/revisions"}],"predecessor-version":[{"id":13429,"href":"https:\/\/brasilnoticias.org\/site\/wp-json\/wp\/v2\/posts\/13427\/revisions\/13429"}],"wp:featuredmedia":[{"embeddable":true,"href":"https:\/\/brasilnoticias.org\/site\/wp-json\/wp\/v2\/media\/13428"}],"wp:attachment":[{"href":"https:\/\/brasilnoticias.org\/site\/wp-json\/wp\/v2\/media?parent=13427"}],"wp:term":[{"taxonomy":"category","embeddable":true,"href":"https:\/\/brasilnoticias.org\/site\/wp-json\/wp\/v2\/categories?post=13427"},{"taxonomy":"post_tag","embeddable":true,"href":"https:\/\/brasilnoticias.org\/site\/wp-json\/wp\/v2\/tags?post=13427"}],"curies":[{"name":"wp","href":"https:\/\/api.w.org\/{rel}","templated":true}]}}