{"id":13433,"date":"2024-04-05T19:43:34","date_gmt":"2024-04-05T22:43:34","guid":{"rendered":"https:\/\/brasilnoticias.org\/site\/?p=13433"},"modified":"2024-04-05T19:43:34","modified_gmt":"2024-04-05T22:43:34","slug":"policia-civil-conclui-inquerito-e-pede-prisao-de-tres-envolvidos-no-golpe-do-pix-em-emissora-baiana","status":"publish","type":"post","link":"https:\/\/brasilnoticias.org\/site\/policia-civil-conclui-inquerito-e-pede-prisao-de-tres-envolvidos-no-golpe-do-pix-em-emissora-baiana\/","title":{"rendered":"Pol\u00edcia Civil conclui inqu\u00e9rito e pede pris\u00e3o de tr\u00eas envolvidos no &#8220;golpe do Pix&#8221; em emissora baiana"},"content":{"rendered":"<p>Foram solicitadas as pris\u00f5es de tr\u00eas acusados de liderar o esquema criminoso. O procedimento indiciou 12 pessoas por crimes de associa\u00e7\u00e3o criminosa, estelionato e lavagem de dinheiro<\/p>\n<p>A Pol\u00edcia Civil divulgou nota, nesta sexta-feira (5), informando ter conclu\u00eddo o inqu\u00e9rito que apurou desvios de doa\u00e7\u00f5es por meio de transfer\u00eancias via Pix em emissora de TV na Bahia. <\/p>\n<p>O procedimento, que foi encaminhado para o Poder Judici\u00e1rio em dezembro de 2023, indiciou 12 pessoas por crimes de associa\u00e7\u00e3o criminosa, estelionato e lavagem de dinheiro. Tamb\u00e9m foram solicitadas as pris\u00f5es de tr\u00eas acusados de liderar o esquema criminoso.<\/p>\n<p>Durante as investiga\u00e7\u00f5es, que consistiram na quebra de sigilos banc\u00e1rios dos suspeitos e em outros atos investigativos, foram identificados 13 casos, totalizando o valor de mais de R$ 500 mil desviados, representando 75% dos montantes arrecadados para as doa\u00e7\u00f5es.<\/p>\n<p>&#8220;A Pol\u00edcia Civil por meio do Departamento Especializado de Investiga\u00e7\u00f5es Criminais (DEIC) concluiu o inqu\u00e9rito que apurou desvios de doa\u00e7\u00f5es por meio de transfer\u00eancias via pix, as quais atenderiam necessidades de pessoas em situa\u00e7\u00e3o de vulnerabilidade social, via solicita\u00e7\u00e3o em um programa de TV&#8221;, diz nota.<\/p>\n<p>Foto: Ascom\/PC<br \/>\nPor: Metro1<\/p>\n","protected":false},"excerpt":{"rendered":"<p>Foram solicitadas as pris\u00f5es de tr\u00eas acusados de liderar o esquema criminoso. O procedimento indiciou 12 pessoas por crimes de<\/p>\n","protected":false},"author":4,"featured_media":13434,"comment_status":"open","ping_status":"open","sticky":false,"template":"","format":"standard","meta":{"colormag_page_container_layout":"default_layout","colormag_page_sidebar_layout":"default_layout","_FSMCFIC_featured_image_caption":"","_FSMCFIC_featured_image_nocaption":"","_FSMCFIC_featured_image_hide":"","footnotes":""},"categories":[3,1],"tags":[],"class_list":["post-13433","post","type-post","status-publish","format-standard","has-post-thumbnail","hentry","category-policia","category-ultimas"],"yoast_head":"<!-- This site is optimized with the Yoast SEO plugin v27.1.1 - https:\/\/yoast.com\/product\/yoast-seo-wordpress\/ -->\n<title>Pol\u00edcia Civil conclui inqu\u00e9rito e pede pris\u00e3o de tr\u00eas envolvidos no &quot;golpe do Pix&quot; em emissora baiana - Brasil not\u00edcias<\/title>\n<meta name=\"robots\" content=\"index, follow, max-snippet:-1, max-image-preview:large, max-video-preview:-1\" \/>\n<link rel=\"canonical\" href=\"https:\/\/brasilnoticias.org\/site\/policia-civil-conclui-inquerito-e-pede-prisao-de-tres-envolvidos-no-golpe-do-pix-em-emissora-baiana\/\" \/>\n<meta property=\"og:locale\" content=\"pt_PT\" \/>\n<meta property=\"og:type\" content=\"article\" \/>\n<meta property=\"og:title\" content=\"Pol\u00edcia Civil conclui inqu\u00e9rito e pede pris\u00e3o de tr\u00eas envolvidos no &quot;golpe do Pix&quot; em emissora baiana - Brasil not\u00edcias\" \/>\n<meta property=\"og:description\" content=\"Foram solicitadas as pris\u00f5es de tr\u00eas acusados de liderar o esquema criminoso. O procedimento indiciou 12 pessoas por crimes de\" \/>\n<meta property=\"og:url\" content=\"https:\/\/brasilnoticias.org\/site\/policia-civil-conclui-inquerito-e-pede-prisao-de-tres-envolvidos-no-golpe-do-pix-em-emissora-baiana\/\" \/>\n<meta property=\"og:site_name\" content=\"Brasil not\u00edcias\" \/>\n<meta property=\"article:published_time\" content=\"2024-04-05T22:43:34+00:00\" \/>\n<meta property=\"og:image\" content=\"https:\/\/brasilnoticias.org\/site\/wp-content\/uploads\/2024\/04\/148327policia-civil-conclui-inquerito-e-pede-prisao-de-tres-envolvidos-no-golpe-do-pix-em-emissora-baiana-3.jpg\" \/>\n\t<meta property=\"og:image:width\" content=\"1600\" \/>\n\t<meta property=\"og:image:height\" content=\"752\" \/>\n\t<meta property=\"og:image:type\" content=\"image\/jpeg\" \/>\n<meta name=\"author\" content=\"Reda\u00e7\u00e3o\" \/>\n<meta name=\"twitter:card\" content=\"summary_large_image\" \/>\n<meta name=\"twitter:label1\" content=\"Escrito por\" \/>\n\t<meta name=\"twitter:data1\" content=\"Reda\u00e7\u00e3o\" \/>\n<script type=\"application\/ld+json\" class=\"yoast-schema-graph\">{\"@context\":\"https:\/\/schema.org\",\"@graph\":[{\"@type\":\"Article\",\"@id\":\"https:\/\/brasilnoticias.org\/site\/policia-civil-conclui-inquerito-e-pede-prisao-de-tres-envolvidos-no-golpe-do-pix-em-emissora-baiana\/#article\",\"isPartOf\":{\"@id\":\"https:\/\/brasilnoticias.org\/site\/policia-civil-conclui-inquerito-e-pede-prisao-de-tres-envolvidos-no-golpe-do-pix-em-emissora-baiana\/\"},\"author\":{\"name\":\"Reda\u00e7\u00e3o\",\"@id\":\"https:\/\/brasilnoticias.org\/site\/#\/schema\/person\/03bbbfe6c7634ad18c26444ea39049fa\"},\"headline\":\"Pol\u00edcia Civil conclui inqu\u00e9rito e pede pris\u00e3o de tr\u00eas envolvidos no &#8220;golpe do Pix&#8221; em emissora baiana\",\"datePublished\":\"2024-04-05T22:43:34+00:00\",\"mainEntityOfPage\":{\"@id\":\"https:\/\/brasilnoticias.org\/site\/policia-civil-conclui-inquerito-e-pede-prisao-de-tres-envolvidos-no-golpe-do-pix-em-emissora-baiana\/\"},\"wordCount\":223,\"commentCount\":0,\"publisher\":{\"@id\":\"https:\/\/brasilnoticias.org\/site\/#organization\"},\"image\":{\"@id\":\"https:\/\/brasilnoticias.org\/site\/policia-civil-conclui-inquerito-e-pede-prisao-de-tres-envolvidos-no-golpe-do-pix-em-emissora-baiana\/#primaryimage\"},\"thumbnailUrl\":\"https:\/\/brasilnoticias.org\/site\/wp-content\/uploads\/2024\/04\/148327policia-civil-conclui-inquerito-e-pede-prisao-de-tres-envolvidos-no-golpe-do-pix-em-emissora-baiana-3.jpg\",\"articleSection\":[\"Pol\u00edcia\",\"\u00daltimas\"],\"inLanguage\":\"pt-PT\",\"potentialAction\":[{\"@type\":\"CommentAction\",\"name\":\"Comment\",\"target\":[\"https:\/\/brasilnoticias.org\/site\/policia-civil-conclui-inquerito-e-pede-prisao-de-tres-envolvidos-no-golpe-do-pix-em-emissora-baiana\/#respond\"]}]},{\"@type\":\"WebPage\",\"@id\":\"https:\/\/brasilnoticias.org\/site\/policia-civil-conclui-inquerito-e-pede-prisao-de-tres-envolvidos-no-golpe-do-pix-em-emissora-baiana\/\",\"url\":\"https:\/\/brasilnoticias.org\/site\/policia-civil-conclui-inquerito-e-pede-prisao-de-tres-envolvidos-no-golpe-do-pix-em-emissora-baiana\/\",\"name\":\"Pol\u00edcia Civil conclui inqu\u00e9rito e pede pris\u00e3o de tr\u00eas envolvidos no \\\"golpe do Pix\\\" em emissora baiana - Brasil not\u00edcias\",\"isPartOf\":{\"@id\":\"https:\/\/brasilnoticias.org\/site\/#website\"},\"primaryImageOfPage\":{\"@id\":\"https:\/\/brasilnoticias.org\/site\/policia-civil-conclui-inquerito-e-pede-prisao-de-tres-envolvidos-no-golpe-do-pix-em-emissora-baiana\/#primaryimage\"},\"image\":{\"@id\":\"https:\/\/brasilnoticias.org\/site\/policia-civil-conclui-inquerito-e-pede-prisao-de-tres-envolvidos-no-golpe-do-pix-em-emissora-baiana\/#primaryimage\"},\"thumbnailUrl\":\"https:\/\/brasilnoticias.org\/site\/wp-content\/uploads\/2024\/04\/148327policia-civil-conclui-inquerito-e-pede-prisao-de-tres-envolvidos-no-golpe-do-pix-em-emissora-baiana-3.jpg\",\"datePublished\":\"2024-04-05T22:43:34+00:00\",\"breadcrumb\":{\"@id\":\"https:\/\/brasilnoticias.org\/site\/policia-civil-conclui-inquerito-e-pede-prisao-de-tres-envolvidos-no-golpe-do-pix-em-emissora-baiana\/#breadcrumb\"},\"inLanguage\":\"pt-PT\",\"potentialAction\":[{\"@type\":\"ReadAction\",\"target\":[\"https:\/\/brasilnoticias.org\/site\/policia-civil-conclui-inquerito-e-pede-prisao-de-tres-envolvidos-no-golpe-do-pix-em-emissora-baiana\/\"]}]},{\"@type\":\"ImageObject\",\"inLanguage\":\"pt-PT\",\"@id\":\"https:\/\/brasilnoticias.org\/site\/policia-civil-conclui-inquerito-e-pede-prisao-de-tres-envolvidos-no-golpe-do-pix-em-emissora-baiana\/#primaryimage\",\"url\":\"https:\/\/brasilnoticias.org\/site\/wp-content\/uploads\/2024\/04\/148327policia-civil-conclui-inquerito-e-pede-prisao-de-tres-envolvidos-no-golpe-do-pix-em-emissora-baiana-3.jpg\",\"contentUrl\":\"https:\/\/brasilnoticias.org\/site\/wp-content\/uploads\/2024\/04\/148327policia-civil-conclui-inquerito-e-pede-prisao-de-tres-envolvidos-no-golpe-do-pix-em-emissora-baiana-3.jpg\",\"width\":1600,\"height\":752},{\"@type\":\"BreadcrumbList\",\"@id\":\"https:\/\/brasilnoticias.org\/site\/policia-civil-conclui-inquerito-e-pede-prisao-de-tres-envolvidos-no-golpe-do-pix-em-emissora-baiana\/#breadcrumb\",\"itemListElement\":[{\"@type\":\"ListItem\",\"position\":1,\"name\":\"In\u00edcio\",\"item\":\"https:\/\/brasilnoticias.org\/site\/\"},{\"@type\":\"ListItem\",\"position\":2,\"name\":\"Pol\u00edcia Civil conclui inqu\u00e9rito e pede pris\u00e3o de tr\u00eas envolvidos no &#8220;golpe do Pix&#8221; em emissora baiana\"}]},{\"@type\":\"WebSite\",\"@id\":\"https:\/\/brasilnoticias.org\/site\/#website\",\"url\":\"https:\/\/brasilnoticias.org\/site\/\",\"name\":\"Brasil not\u00edcias\",\"description\":\"Brasil not\u00edcias\",\"publisher\":{\"@id\":\"https:\/\/brasilnoticias.org\/site\/#organization\"},\"potentialAction\":[{\"@type\":\"SearchAction\",\"target\":{\"@type\":\"EntryPoint\",\"urlTemplate\":\"https:\/\/brasilnoticias.org\/site\/?s={search_term_string}\"},\"query-input\":{\"@type\":\"PropertyValueSpecification\",\"valueRequired\":true,\"valueName\":\"search_term_string\"}}],\"inLanguage\":\"pt-PT\"},{\"@type\":\"Organization\",\"@id\":\"https:\/\/brasilnoticias.org\/site\/#organization\",\"name\":\"Brasil not\u00edcias\",\"url\":\"https:\/\/brasilnoticias.org\/site\/\",\"logo\":{\"@type\":\"ImageObject\",\"inLanguage\":\"pt-PT\",\"@id\":\"https:\/\/brasilnoticias.org\/site\/#\/schema\/logo\/image\/\",\"url\":\"https:\/\/brasilnoticias.org\/site\/wp-content\/uploads\/2022\/05\/cropped-brasilnoticias-mini.jpg\",\"contentUrl\":\"https:\/\/brasilnoticias.org\/site\/wp-content\/uploads\/2022\/05\/cropped-brasilnoticias-mini.jpg\",\"width\":314,\"height\":86,\"caption\":\"Brasil not\u00edcias\"},\"image\":{\"@id\":\"https:\/\/brasilnoticias.org\/site\/#\/schema\/logo\/image\/\"}},{\"@type\":\"Person\",\"@id\":\"https:\/\/brasilnoticias.org\/site\/#\/schema\/person\/03bbbfe6c7634ad18c26444ea39049fa\",\"name\":\"Reda\u00e7\u00e3o\",\"image\":{\"@type\":\"ImageObject\",\"inLanguage\":\"pt-PT\",\"@id\":\"https:\/\/brasilnoticias.org\/site\/#\/schema\/person\/image\/\",\"url\":\"https:\/\/secure.gravatar.com\/avatar\/9ecaf7327a696cb23ad926fedded5f1f04d7049de9e445375d55b48c001a6e42?s=96&d=mm&r=g\",\"contentUrl\":\"https:\/\/secure.gravatar.com\/avatar\/9ecaf7327a696cb23ad926fedded5f1f04d7049de9e445375d55b48c001a6e42?s=96&d=mm&r=g\",\"caption\":\"Reda\u00e7\u00e3o\"},\"url\":\"https:\/\/brasilnoticias.org\/site\/author\/henrique\/\"}]}<\/script>\n<!-- \/ Yoast SEO plugin. -->","yoast_head_json":{"title":"Pol\u00edcia Civil conclui inqu\u00e9rito e pede pris\u00e3o de tr\u00eas envolvidos no \"golpe do Pix\" em emissora baiana - Brasil not\u00edcias","robots":{"index":"index","follow":"follow","max-snippet":"max-snippet:-1","max-image-preview":"max-image-preview:large","max-video-preview":"max-video-preview:-1"},"canonical":"https:\/\/brasilnoticias.org\/site\/policia-civil-conclui-inquerito-e-pede-prisao-de-tres-envolvidos-no-golpe-do-pix-em-emissora-baiana\/","og_locale":"pt_PT","og_type":"article","og_title":"Pol\u00edcia Civil conclui inqu\u00e9rito e pede pris\u00e3o de tr\u00eas envolvidos no \"golpe do Pix\" em emissora baiana - Brasil not\u00edcias","og_description":"Foram solicitadas as pris\u00f5es de tr\u00eas acusados de liderar o esquema criminoso. O procedimento indiciou 12 pessoas por crimes de","og_url":"https:\/\/brasilnoticias.org\/site\/policia-civil-conclui-inquerito-e-pede-prisao-de-tres-envolvidos-no-golpe-do-pix-em-emissora-baiana\/","og_site_name":"Brasil not\u00edcias","article_published_time":"2024-04-05T22:43:34+00:00","og_image":[{"width":1600,"height":752,"url":"https:\/\/brasilnoticias.org\/site\/wp-content\/uploads\/2024\/04\/148327policia-civil-conclui-inquerito-e-pede-prisao-de-tres-envolvidos-no-golpe-do-pix-em-emissora-baiana-3.jpg","type":"image\/jpeg"}],"author":"Reda\u00e7\u00e3o","twitter_card":"summary_large_image","twitter_misc":{"Escrito por":"Reda\u00e7\u00e3o"},"schema":{"@context":"https:\/\/schema.org","@graph":[{"@type":"Article","@id":"https:\/\/brasilnoticias.org\/site\/policia-civil-conclui-inquerito-e-pede-prisao-de-tres-envolvidos-no-golpe-do-pix-em-emissora-baiana\/#article","isPartOf":{"@id":"https:\/\/brasilnoticias.org\/site\/policia-civil-conclui-inquerito-e-pede-prisao-de-tres-envolvidos-no-golpe-do-pix-em-emissora-baiana\/"},"author":{"name":"Reda\u00e7\u00e3o","@id":"https:\/\/brasilnoticias.org\/site\/#\/schema\/person\/03bbbfe6c7634ad18c26444ea39049fa"},"headline":"Pol\u00edcia Civil conclui inqu\u00e9rito e pede pris\u00e3o de tr\u00eas envolvidos no &#8220;golpe do Pix&#8221; em emissora baiana","datePublished":"2024-04-05T22:43:34+00:00","mainEntityOfPage":{"@id":"https:\/\/brasilnoticias.org\/site\/policia-civil-conclui-inquerito-e-pede-prisao-de-tres-envolvidos-no-golpe-do-pix-em-emissora-baiana\/"},"wordCount":223,"commentCount":0,"publisher":{"@id":"https:\/\/brasilnoticias.org\/site\/#organization"},"image":{"@id":"https:\/\/brasilnoticias.org\/site\/policia-civil-conclui-inquerito-e-pede-prisao-de-tres-envolvidos-no-golpe-do-pix-em-emissora-baiana\/#primaryimage"},"thumbnailUrl":"https:\/\/brasilnoticias.org\/site\/wp-content\/uploads\/2024\/04\/148327policia-civil-conclui-inquerito-e-pede-prisao-de-tres-envolvidos-no-golpe-do-pix-em-emissora-baiana-3.jpg","articleSection":["Pol\u00edcia","\u00daltimas"],"inLanguage":"pt-PT","potentialAction":[{"@type":"CommentAction","name":"Comment","target":["https:\/\/brasilnoticias.org\/site\/policia-civil-conclui-inquerito-e-pede-prisao-de-tres-envolvidos-no-golpe-do-pix-em-emissora-baiana\/#respond"]}]},{"@type":"WebPage","@id":"https:\/\/brasilnoticias.org\/site\/policia-civil-conclui-inquerito-e-pede-prisao-de-tres-envolvidos-no-golpe-do-pix-em-emissora-baiana\/","url":"https:\/\/brasilnoticias.org\/site\/policia-civil-conclui-inquerito-e-pede-prisao-de-tres-envolvidos-no-golpe-do-pix-em-emissora-baiana\/","name":"Pol\u00edcia Civil conclui inqu\u00e9rito e pede pris\u00e3o de tr\u00eas envolvidos no \"golpe do Pix\" em emissora baiana - Brasil not\u00edcias","isPartOf":{"@id":"https:\/\/brasilnoticias.org\/site\/#website"},"primaryImageOfPage":{"@id":"https:\/\/brasilnoticias.org\/site\/policia-civil-conclui-inquerito-e-pede-prisao-de-tres-envolvidos-no-golpe-do-pix-em-emissora-baiana\/#primaryimage"},"image":{"@id":"https:\/\/brasilnoticias.org\/site\/policia-civil-conclui-inquerito-e-pede-prisao-de-tres-envolvidos-no-golpe-do-pix-em-emissora-baiana\/#primaryimage"},"thumbnailUrl":"https:\/\/brasilnoticias.org\/site\/wp-content\/uploads\/2024\/04\/148327policia-civil-conclui-inquerito-e-pede-prisao-de-tres-envolvidos-no-golpe-do-pix-em-emissora-baiana-3.jpg","datePublished":"2024-04-05T22:43:34+00:00","breadcrumb":{"@id":"https:\/\/brasilnoticias.org\/site\/policia-civil-conclui-inquerito-e-pede-prisao-de-tres-envolvidos-no-golpe-do-pix-em-emissora-baiana\/#breadcrumb"},"inLanguage":"pt-PT","potentialAction":[{"@type":"ReadAction","target":["https:\/\/brasilnoticias.org\/site\/policia-civil-conclui-inquerito-e-pede-prisao-de-tres-envolvidos-no-golpe-do-pix-em-emissora-baiana\/"]}]},{"@type":"ImageObject","inLanguage":"pt-PT","@id":"https:\/\/brasilnoticias.org\/site\/policia-civil-conclui-inquerito-e-pede-prisao-de-tres-envolvidos-no-golpe-do-pix-em-emissora-baiana\/#primaryimage","url":"https:\/\/brasilnoticias.org\/site\/wp-content\/uploads\/2024\/04\/148327policia-civil-conclui-inquerito-e-pede-prisao-de-tres-envolvidos-no-golpe-do-pix-em-emissora-baiana-3.jpg","contentUrl":"https:\/\/brasilnoticias.org\/site\/wp-content\/uploads\/2024\/04\/148327policia-civil-conclui-inquerito-e-pede-prisao-de-tres-envolvidos-no-golpe-do-pix-em-emissora-baiana-3.jpg","width":1600,"height":752},{"@type":"BreadcrumbList","@id":"https:\/\/brasilnoticias.org\/site\/policia-civil-conclui-inquerito-e-pede-prisao-de-tres-envolvidos-no-golpe-do-pix-em-emissora-baiana\/#breadcrumb","itemListElement":[{"@type":"ListItem","position":1,"name":"In\u00edcio","item":"https:\/\/brasilnoticias.org\/site\/"},{"@type":"ListItem","position":2,"name":"Pol\u00edcia Civil conclui inqu\u00e9rito e pede pris\u00e3o de tr\u00eas envolvidos no &#8220;golpe do Pix&#8221; em emissora baiana"}]},{"@type":"WebSite","@id":"https:\/\/brasilnoticias.org\/site\/#website","url":"https:\/\/brasilnoticias.org\/site\/","name":"Brasil not\u00edcias","description":"Brasil not\u00edcias","publisher":{"@id":"https:\/\/brasilnoticias.org\/site\/#organization"},"potentialAction":[{"@type":"SearchAction","target":{"@type":"EntryPoint","urlTemplate":"https:\/\/brasilnoticias.org\/site\/?s={search_term_string}"},"query-input":{"@type":"PropertyValueSpecification","valueRequired":true,"valueName":"search_term_string"}}],"inLanguage":"pt-PT"},{"@type":"Organization","@id":"https:\/\/brasilnoticias.org\/site\/#organization","name":"Brasil not\u00edcias","url":"https:\/\/brasilnoticias.org\/site\/","logo":{"@type":"ImageObject","inLanguage":"pt-PT","@id":"https:\/\/brasilnoticias.org\/site\/#\/schema\/logo\/image\/","url":"https:\/\/brasilnoticias.org\/site\/wp-content\/uploads\/2022\/05\/cropped-brasilnoticias-mini.jpg","contentUrl":"https:\/\/brasilnoticias.org\/site\/wp-content\/uploads\/2022\/05\/cropped-brasilnoticias-mini.jpg","width":314,"height":86,"caption":"Brasil not\u00edcias"},"image":{"@id":"https:\/\/brasilnoticias.org\/site\/#\/schema\/logo\/image\/"}},{"@type":"Person","@id":"https:\/\/brasilnoticias.org\/site\/#\/schema\/person\/03bbbfe6c7634ad18c26444ea39049fa","name":"Reda\u00e7\u00e3o","image":{"@type":"ImageObject","inLanguage":"pt-PT","@id":"https:\/\/brasilnoticias.org\/site\/#\/schema\/person\/image\/","url":"https:\/\/secure.gravatar.com\/avatar\/9ecaf7327a696cb23ad926fedded5f1f04d7049de9e445375d55b48c001a6e42?s=96&d=mm&r=g","contentUrl":"https:\/\/secure.gravatar.com\/avatar\/9ecaf7327a696cb23ad926fedded5f1f04d7049de9e445375d55b48c001a6e42?s=96&d=mm&r=g","caption":"Reda\u00e7\u00e3o"},"url":"https:\/\/brasilnoticias.org\/site\/author\/henrique\/"}]}},"_links":{"self":[{"href":"https:\/\/brasilnoticias.org\/site\/wp-json\/wp\/v2\/posts\/13433","targetHints":{"allow":["GET"]}}],"collection":[{"href":"https:\/\/brasilnoticias.org\/site\/wp-json\/wp\/v2\/posts"}],"about":[{"href":"https:\/\/brasilnoticias.org\/site\/wp-json\/wp\/v2\/types\/post"}],"author":[{"embeddable":true,"href":"https:\/\/brasilnoticias.org\/site\/wp-json\/wp\/v2\/users\/4"}],"replies":[{"embeddable":true,"href":"https:\/\/brasilnoticias.org\/site\/wp-json\/wp\/v2\/comments?post=13433"}],"version-history":[{"count":1,"href":"https:\/\/brasilnoticias.org\/site\/wp-json\/wp\/v2\/posts\/13433\/revisions"}],"predecessor-version":[{"id":13435,"href":"https:\/\/brasilnoticias.org\/site\/wp-json\/wp\/v2\/posts\/13433\/revisions\/13435"}],"wp:featuredmedia":[{"embeddable":true,"href":"https:\/\/brasilnoticias.org\/site\/wp-json\/wp\/v2\/media\/13434"}],"wp:attachment":[{"href":"https:\/\/brasilnoticias.org\/site\/wp-json\/wp\/v2\/media?parent=13433"}],"wp:term":[{"taxonomy":"category","embeddable":true,"href":"https:\/\/brasilnoticias.org\/site\/wp-json\/wp\/v2\/categories?post=13433"},{"taxonomy":"post_tag","embeddable":true,"href":"https:\/\/brasilnoticias.org\/site\/wp-json\/wp\/v2\/tags?post=13433"}],"curies":[{"name":"wp","href":"https:\/\/api.w.org\/{rel}","templated":true}]}}