{"id":13436,"date":"2024-04-05T19:44:31","date_gmt":"2024-04-05T22:44:31","guid":{"rendered":"https:\/\/brasilnoticias.org\/site\/?p=13436"},"modified":"2024-04-05T19:44:31","modified_gmt":"2024-04-05T22:44:31","slug":"pimenta-nega-ver-indicios-de-eventual-reforma-ministerial-no-governo-lula","status":"publish","type":"post","link":"https:\/\/brasilnoticias.org\/site\/pimenta-nega-ver-indicios-de-eventual-reforma-ministerial-no-governo-lula\/","title":{"rendered":"Pimenta nega ver &#8220;ind\u00edcios&#8221; de eventual reforma ministerial no governo Lula"},"content":{"rendered":"<p>Ministro afirmou que a \u00fanica pessoa que poderia responder sobre uma reforma no minist\u00e9rio da Educa\u00e7\u00e3o seria Lula<\/p>\n<p>O ministro Paulo Pimenta, da Secretaria de Comunica\u00e7\u00e3o Social (Secom), negou ver &#8220;ind\u00edcios&#8221; de uma eventual reforma ministerial no governo do presidente Luiz In\u00e1cio Lula da Silva (PT). Segundo ele, o petista est\u00e1 &#8220;muito satisfeito&#8221; com a equipe.<\/p>\n<p>&#8220;Eu sinceramente n\u00e3o vejo nenhum ind\u00edcio disso. Acabamos de fazer uma reuni\u00e3o ministerial, uma reuni\u00e3o boa de planejamento&#8221;, declarou Pimenta em entrevista \u00e0 GloboNews, que foi ao ar na tarde desta sexta-feira (5). <\/p>\n<p>Ao ser questionado sobre uma poss\u00edvel reforma no governo, o ministro afirmou que a \u00fanica pessoa que poderia responder \u00e0 pergunta seria Lula. De acordo com Pimenta, a medida em que as \u201centregas\u201d come\u00e7am a ser feitas, o grau de exig\u00eancia aumenta.<\/p>\n<p>O ministro disse ainda que os ministros precisam \u201cacompanhar mais\u201d as execu\u00e7\u00f5es das obras e o dia a dia do governo, al\u00e9m de estarem mais \u201cpresentes\u201d.<\/p>\n<p>Foto: Marcelo Camargo\/Ag\u00eancia Brasil<br \/>\nPor: Metro1<\/p>\n","protected":false},"excerpt":{"rendered":"<p>Ministro afirmou que a \u00fanica pessoa que poderia responder sobre uma reforma no minist\u00e9rio da Educa\u00e7\u00e3o seria Lula O ministro<\/p>\n","protected":false},"author":4,"featured_media":13437,"comment_status":"open","ping_status":"open","sticky":false,"template":"","format":"standard","meta":{"colormag_page_container_layout":"default_layout","colormag_page_sidebar_layout":"default_layout","_FSMCFIC_featured_image_caption":"","_FSMCFIC_featured_image_nocaption":"","_FSMCFIC_featured_image_hide":"","footnotes":""},"categories":[5,1],"tags":[],"class_list":["post-13436","post","type-post","status-publish","format-standard","has-post-thumbnail","hentry","category-politica","category-ultimas"],"yoast_head":"<!-- This site is optimized with the Yoast SEO plugin v27.1.1 - https:\/\/yoast.com\/product\/yoast-seo-wordpress\/ -->\n<title>Pimenta nega ver &quot;ind\u00edcios&quot; de eventual reforma ministerial no governo Lula - Brasil not\u00edcias<\/title>\n<meta name=\"robots\" content=\"index, follow, max-snippet:-1, max-image-preview:large, max-video-preview:-1\" \/>\n<link rel=\"canonical\" href=\"https:\/\/brasilnoticias.org\/site\/pimenta-nega-ver-indicios-de-eventual-reforma-ministerial-no-governo-lula\/\" \/>\n<meta property=\"og:locale\" content=\"pt_PT\" \/>\n<meta property=\"og:type\" content=\"article\" \/>\n<meta property=\"og:title\" content=\"Pimenta nega ver &quot;ind\u00edcios&quot; de eventual reforma ministerial no governo Lula - Brasil not\u00edcias\" \/>\n<meta property=\"og:description\" content=\"Ministro afirmou que a \u00fanica pessoa que poderia responder sobre uma reforma no minist\u00e9rio da Educa\u00e7\u00e3o seria Lula O ministro\" \/>\n<meta property=\"og:url\" content=\"https:\/\/brasilnoticias.org\/site\/pimenta-nega-ver-indicios-de-eventual-reforma-ministerial-no-governo-lula\/\" \/>\n<meta property=\"og:site_name\" content=\"Brasil not\u00edcias\" \/>\n<meta property=\"article:published_time\" content=\"2024-04-05T22:44:31+00:00\" \/>\n<meta property=\"og:image\" content=\"https:\/\/brasilnoticias.org\/site\/wp-content\/uploads\/2024\/04\/148323pimenta-nega-ver-indicios-de-eventual-reforma-ministerial-no-governo-lula-3.jpg\" \/>\n\t<meta property=\"og:image:width\" content=\"1600\" \/>\n\t<meta property=\"og:image:height\" content=\"752\" \/>\n\t<meta property=\"og:image:type\" content=\"image\/jpeg\" \/>\n<meta name=\"author\" content=\"Reda\u00e7\u00e3o\" \/>\n<meta name=\"twitter:card\" content=\"summary_large_image\" \/>\n<meta name=\"twitter:label1\" content=\"Escrito por\" \/>\n\t<meta name=\"twitter:data1\" content=\"Reda\u00e7\u00e3o\" \/>\n<script type=\"application\/ld+json\" class=\"yoast-schema-graph\">{\"@context\":\"https:\/\/schema.org\",\"@graph\":[{\"@type\":\"Article\",\"@id\":\"https:\/\/brasilnoticias.org\/site\/pimenta-nega-ver-indicios-de-eventual-reforma-ministerial-no-governo-lula\/#article\",\"isPartOf\":{\"@id\":\"https:\/\/brasilnoticias.org\/site\/pimenta-nega-ver-indicios-de-eventual-reforma-ministerial-no-governo-lula\/\"},\"author\":{\"name\":\"Reda\u00e7\u00e3o\",\"@id\":\"https:\/\/brasilnoticias.org\/site\/#\/schema\/person\/03bbbfe6c7634ad18c26444ea39049fa\"},\"headline\":\"Pimenta nega ver &#8220;ind\u00edcios&#8221; de eventual reforma ministerial no governo Lula\",\"datePublished\":\"2024-04-05T22:44:31+00:00\",\"mainEntityOfPage\":{\"@id\":\"https:\/\/brasilnoticias.org\/site\/pimenta-nega-ver-indicios-de-eventual-reforma-ministerial-no-governo-lula\/\"},\"wordCount\":188,\"commentCount\":0,\"publisher\":{\"@id\":\"https:\/\/brasilnoticias.org\/site\/#organization\"},\"image\":{\"@id\":\"https:\/\/brasilnoticias.org\/site\/pimenta-nega-ver-indicios-de-eventual-reforma-ministerial-no-governo-lula\/#primaryimage\"},\"thumbnailUrl\":\"https:\/\/brasilnoticias.org\/site\/wp-content\/uploads\/2024\/04\/148323pimenta-nega-ver-indicios-de-eventual-reforma-ministerial-no-governo-lula-3.jpg\",\"articleSection\":[\"Pol\u00edtica\",\"\u00daltimas\"],\"inLanguage\":\"pt-PT\",\"potentialAction\":[{\"@type\":\"CommentAction\",\"name\":\"Comment\",\"target\":[\"https:\/\/brasilnoticias.org\/site\/pimenta-nega-ver-indicios-de-eventual-reforma-ministerial-no-governo-lula\/#respond\"]}]},{\"@type\":\"WebPage\",\"@id\":\"https:\/\/brasilnoticias.org\/site\/pimenta-nega-ver-indicios-de-eventual-reforma-ministerial-no-governo-lula\/\",\"url\":\"https:\/\/brasilnoticias.org\/site\/pimenta-nega-ver-indicios-de-eventual-reforma-ministerial-no-governo-lula\/\",\"name\":\"Pimenta nega ver \\\"ind\u00edcios\\\" de eventual reforma ministerial no governo Lula - Brasil not\u00edcias\",\"isPartOf\":{\"@id\":\"https:\/\/brasilnoticias.org\/site\/#website\"},\"primaryImageOfPage\":{\"@id\":\"https:\/\/brasilnoticias.org\/site\/pimenta-nega-ver-indicios-de-eventual-reforma-ministerial-no-governo-lula\/#primaryimage\"},\"image\":{\"@id\":\"https:\/\/brasilnoticias.org\/site\/pimenta-nega-ver-indicios-de-eventual-reforma-ministerial-no-governo-lula\/#primaryimage\"},\"thumbnailUrl\":\"https:\/\/brasilnoticias.org\/site\/wp-content\/uploads\/2024\/04\/148323pimenta-nega-ver-indicios-de-eventual-reforma-ministerial-no-governo-lula-3.jpg\",\"datePublished\":\"2024-04-05T22:44:31+00:00\",\"breadcrumb\":{\"@id\":\"https:\/\/brasilnoticias.org\/site\/pimenta-nega-ver-indicios-de-eventual-reforma-ministerial-no-governo-lula\/#breadcrumb\"},\"inLanguage\":\"pt-PT\",\"potentialAction\":[{\"@type\":\"ReadAction\",\"target\":[\"https:\/\/brasilnoticias.org\/site\/pimenta-nega-ver-indicios-de-eventual-reforma-ministerial-no-governo-lula\/\"]}]},{\"@type\":\"ImageObject\",\"inLanguage\":\"pt-PT\",\"@id\":\"https:\/\/brasilnoticias.org\/site\/pimenta-nega-ver-indicios-de-eventual-reforma-ministerial-no-governo-lula\/#primaryimage\",\"url\":\"https:\/\/brasilnoticias.org\/site\/wp-content\/uploads\/2024\/04\/148323pimenta-nega-ver-indicios-de-eventual-reforma-ministerial-no-governo-lula-3.jpg\",\"contentUrl\":\"https:\/\/brasilnoticias.org\/site\/wp-content\/uploads\/2024\/04\/148323pimenta-nega-ver-indicios-de-eventual-reforma-ministerial-no-governo-lula-3.jpg\",\"width\":1600,\"height\":752},{\"@type\":\"BreadcrumbList\",\"@id\":\"https:\/\/brasilnoticias.org\/site\/pimenta-nega-ver-indicios-de-eventual-reforma-ministerial-no-governo-lula\/#breadcrumb\",\"itemListElement\":[{\"@type\":\"ListItem\",\"position\":1,\"name\":\"In\u00edcio\",\"item\":\"https:\/\/brasilnoticias.org\/site\/\"},{\"@type\":\"ListItem\",\"position\":2,\"name\":\"Pimenta nega ver &#8220;ind\u00edcios&#8221; de eventual reforma ministerial no governo Lula\"}]},{\"@type\":\"WebSite\",\"@id\":\"https:\/\/brasilnoticias.org\/site\/#website\",\"url\":\"https:\/\/brasilnoticias.org\/site\/\",\"name\":\"Brasil not\u00edcias\",\"description\":\"Brasil not\u00edcias\",\"publisher\":{\"@id\":\"https:\/\/brasilnoticias.org\/site\/#organization\"},\"potentialAction\":[{\"@type\":\"SearchAction\",\"target\":{\"@type\":\"EntryPoint\",\"urlTemplate\":\"https:\/\/brasilnoticias.org\/site\/?s={search_term_string}\"},\"query-input\":{\"@type\":\"PropertyValueSpecification\",\"valueRequired\":true,\"valueName\":\"search_term_string\"}}],\"inLanguage\":\"pt-PT\"},{\"@type\":\"Organization\",\"@id\":\"https:\/\/brasilnoticias.org\/site\/#organization\",\"name\":\"Brasil not\u00edcias\",\"url\":\"https:\/\/brasilnoticias.org\/site\/\",\"logo\":{\"@type\":\"ImageObject\",\"inLanguage\":\"pt-PT\",\"@id\":\"https:\/\/brasilnoticias.org\/site\/#\/schema\/logo\/image\/\",\"url\":\"https:\/\/brasilnoticias.org\/site\/wp-content\/uploads\/2022\/05\/cropped-brasilnoticias-mini.jpg\",\"contentUrl\":\"https:\/\/brasilnoticias.org\/site\/wp-content\/uploads\/2022\/05\/cropped-brasilnoticias-mini.jpg\",\"width\":314,\"height\":86,\"caption\":\"Brasil not\u00edcias\"},\"image\":{\"@id\":\"https:\/\/brasilnoticias.org\/site\/#\/schema\/logo\/image\/\"}},{\"@type\":\"Person\",\"@id\":\"https:\/\/brasilnoticias.org\/site\/#\/schema\/person\/03bbbfe6c7634ad18c26444ea39049fa\",\"name\":\"Reda\u00e7\u00e3o\",\"image\":{\"@type\":\"ImageObject\",\"inLanguage\":\"pt-PT\",\"@id\":\"https:\/\/brasilnoticias.org\/site\/#\/schema\/person\/image\/\",\"url\":\"https:\/\/secure.gravatar.com\/avatar\/9ecaf7327a696cb23ad926fedded5f1f04d7049de9e445375d55b48c001a6e42?s=96&d=mm&r=g\",\"contentUrl\":\"https:\/\/secure.gravatar.com\/avatar\/9ecaf7327a696cb23ad926fedded5f1f04d7049de9e445375d55b48c001a6e42?s=96&d=mm&r=g\",\"caption\":\"Reda\u00e7\u00e3o\"},\"url\":\"https:\/\/brasilnoticias.org\/site\/author\/henrique\/\"}]}<\/script>\n<!-- \/ Yoast SEO plugin. -->","yoast_head_json":{"title":"Pimenta nega ver \"ind\u00edcios\" de eventual reforma ministerial no governo Lula - Brasil not\u00edcias","robots":{"index":"index","follow":"follow","max-snippet":"max-snippet:-1","max-image-preview":"max-image-preview:large","max-video-preview":"max-video-preview:-1"},"canonical":"https:\/\/brasilnoticias.org\/site\/pimenta-nega-ver-indicios-de-eventual-reforma-ministerial-no-governo-lula\/","og_locale":"pt_PT","og_type":"article","og_title":"Pimenta nega ver \"ind\u00edcios\" de eventual reforma ministerial no governo Lula - Brasil not\u00edcias","og_description":"Ministro afirmou que a \u00fanica pessoa que poderia responder sobre uma reforma no minist\u00e9rio da Educa\u00e7\u00e3o seria Lula O ministro","og_url":"https:\/\/brasilnoticias.org\/site\/pimenta-nega-ver-indicios-de-eventual-reforma-ministerial-no-governo-lula\/","og_site_name":"Brasil not\u00edcias","article_published_time":"2024-04-05T22:44:31+00:00","og_image":[{"width":1600,"height":752,"url":"https:\/\/brasilnoticias.org\/site\/wp-content\/uploads\/2024\/04\/148323pimenta-nega-ver-indicios-de-eventual-reforma-ministerial-no-governo-lula-3.jpg","type":"image\/jpeg"}],"author":"Reda\u00e7\u00e3o","twitter_card":"summary_large_image","twitter_misc":{"Escrito por":"Reda\u00e7\u00e3o"},"schema":{"@context":"https:\/\/schema.org","@graph":[{"@type":"Article","@id":"https:\/\/brasilnoticias.org\/site\/pimenta-nega-ver-indicios-de-eventual-reforma-ministerial-no-governo-lula\/#article","isPartOf":{"@id":"https:\/\/brasilnoticias.org\/site\/pimenta-nega-ver-indicios-de-eventual-reforma-ministerial-no-governo-lula\/"},"author":{"name":"Reda\u00e7\u00e3o","@id":"https:\/\/brasilnoticias.org\/site\/#\/schema\/person\/03bbbfe6c7634ad18c26444ea39049fa"},"headline":"Pimenta nega ver &#8220;ind\u00edcios&#8221; de eventual reforma ministerial no governo Lula","datePublished":"2024-04-05T22:44:31+00:00","mainEntityOfPage":{"@id":"https:\/\/brasilnoticias.org\/site\/pimenta-nega-ver-indicios-de-eventual-reforma-ministerial-no-governo-lula\/"},"wordCount":188,"commentCount":0,"publisher":{"@id":"https:\/\/brasilnoticias.org\/site\/#organization"},"image":{"@id":"https:\/\/brasilnoticias.org\/site\/pimenta-nega-ver-indicios-de-eventual-reforma-ministerial-no-governo-lula\/#primaryimage"},"thumbnailUrl":"https:\/\/brasilnoticias.org\/site\/wp-content\/uploads\/2024\/04\/148323pimenta-nega-ver-indicios-de-eventual-reforma-ministerial-no-governo-lula-3.jpg","articleSection":["Pol\u00edtica","\u00daltimas"],"inLanguage":"pt-PT","potentialAction":[{"@type":"CommentAction","name":"Comment","target":["https:\/\/brasilnoticias.org\/site\/pimenta-nega-ver-indicios-de-eventual-reforma-ministerial-no-governo-lula\/#respond"]}]},{"@type":"WebPage","@id":"https:\/\/brasilnoticias.org\/site\/pimenta-nega-ver-indicios-de-eventual-reforma-ministerial-no-governo-lula\/","url":"https:\/\/brasilnoticias.org\/site\/pimenta-nega-ver-indicios-de-eventual-reforma-ministerial-no-governo-lula\/","name":"Pimenta nega ver \"ind\u00edcios\" de eventual reforma ministerial no governo Lula - Brasil not\u00edcias","isPartOf":{"@id":"https:\/\/brasilnoticias.org\/site\/#website"},"primaryImageOfPage":{"@id":"https:\/\/brasilnoticias.org\/site\/pimenta-nega-ver-indicios-de-eventual-reforma-ministerial-no-governo-lula\/#primaryimage"},"image":{"@id":"https:\/\/brasilnoticias.org\/site\/pimenta-nega-ver-indicios-de-eventual-reforma-ministerial-no-governo-lula\/#primaryimage"},"thumbnailUrl":"https:\/\/brasilnoticias.org\/site\/wp-content\/uploads\/2024\/04\/148323pimenta-nega-ver-indicios-de-eventual-reforma-ministerial-no-governo-lula-3.jpg","datePublished":"2024-04-05T22:44:31+00:00","breadcrumb":{"@id":"https:\/\/brasilnoticias.org\/site\/pimenta-nega-ver-indicios-de-eventual-reforma-ministerial-no-governo-lula\/#breadcrumb"},"inLanguage":"pt-PT","potentialAction":[{"@type":"ReadAction","target":["https:\/\/brasilnoticias.org\/site\/pimenta-nega-ver-indicios-de-eventual-reforma-ministerial-no-governo-lula\/"]}]},{"@type":"ImageObject","inLanguage":"pt-PT","@id":"https:\/\/brasilnoticias.org\/site\/pimenta-nega-ver-indicios-de-eventual-reforma-ministerial-no-governo-lula\/#primaryimage","url":"https:\/\/brasilnoticias.org\/site\/wp-content\/uploads\/2024\/04\/148323pimenta-nega-ver-indicios-de-eventual-reforma-ministerial-no-governo-lula-3.jpg","contentUrl":"https:\/\/brasilnoticias.org\/site\/wp-content\/uploads\/2024\/04\/148323pimenta-nega-ver-indicios-de-eventual-reforma-ministerial-no-governo-lula-3.jpg","width":1600,"height":752},{"@type":"BreadcrumbList","@id":"https:\/\/brasilnoticias.org\/site\/pimenta-nega-ver-indicios-de-eventual-reforma-ministerial-no-governo-lula\/#breadcrumb","itemListElement":[{"@type":"ListItem","position":1,"name":"In\u00edcio","item":"https:\/\/brasilnoticias.org\/site\/"},{"@type":"ListItem","position":2,"name":"Pimenta nega ver &#8220;ind\u00edcios&#8221; de eventual reforma ministerial no governo Lula"}]},{"@type":"WebSite","@id":"https:\/\/brasilnoticias.org\/site\/#website","url":"https:\/\/brasilnoticias.org\/site\/","name":"Brasil not\u00edcias","description":"Brasil not\u00edcias","publisher":{"@id":"https:\/\/brasilnoticias.org\/site\/#organization"},"potentialAction":[{"@type":"SearchAction","target":{"@type":"EntryPoint","urlTemplate":"https:\/\/brasilnoticias.org\/site\/?s={search_term_string}"},"query-input":{"@type":"PropertyValueSpecification","valueRequired":true,"valueName":"search_term_string"}}],"inLanguage":"pt-PT"},{"@type":"Organization","@id":"https:\/\/brasilnoticias.org\/site\/#organization","name":"Brasil not\u00edcias","url":"https:\/\/brasilnoticias.org\/site\/","logo":{"@type":"ImageObject","inLanguage":"pt-PT","@id":"https:\/\/brasilnoticias.org\/site\/#\/schema\/logo\/image\/","url":"https:\/\/brasilnoticias.org\/site\/wp-content\/uploads\/2022\/05\/cropped-brasilnoticias-mini.jpg","contentUrl":"https:\/\/brasilnoticias.org\/site\/wp-content\/uploads\/2022\/05\/cropped-brasilnoticias-mini.jpg","width":314,"height":86,"caption":"Brasil not\u00edcias"},"image":{"@id":"https:\/\/brasilnoticias.org\/site\/#\/schema\/logo\/image\/"}},{"@type":"Person","@id":"https:\/\/brasilnoticias.org\/site\/#\/schema\/person\/03bbbfe6c7634ad18c26444ea39049fa","name":"Reda\u00e7\u00e3o","image":{"@type":"ImageObject","inLanguage":"pt-PT","@id":"https:\/\/brasilnoticias.org\/site\/#\/schema\/person\/image\/","url":"https:\/\/secure.gravatar.com\/avatar\/9ecaf7327a696cb23ad926fedded5f1f04d7049de9e445375d55b48c001a6e42?s=96&d=mm&r=g","contentUrl":"https:\/\/secure.gravatar.com\/avatar\/9ecaf7327a696cb23ad926fedded5f1f04d7049de9e445375d55b48c001a6e42?s=96&d=mm&r=g","caption":"Reda\u00e7\u00e3o"},"url":"https:\/\/brasilnoticias.org\/site\/author\/henrique\/"}]}},"_links":{"self":[{"href":"https:\/\/brasilnoticias.org\/site\/wp-json\/wp\/v2\/posts\/13436","targetHints":{"allow":["GET"]}}],"collection":[{"href":"https:\/\/brasilnoticias.org\/site\/wp-json\/wp\/v2\/posts"}],"about":[{"href":"https:\/\/brasilnoticias.org\/site\/wp-json\/wp\/v2\/types\/post"}],"author":[{"embeddable":true,"href":"https:\/\/brasilnoticias.org\/site\/wp-json\/wp\/v2\/users\/4"}],"replies":[{"embeddable":true,"href":"https:\/\/brasilnoticias.org\/site\/wp-json\/wp\/v2\/comments?post=13436"}],"version-history":[{"count":1,"href":"https:\/\/brasilnoticias.org\/site\/wp-json\/wp\/v2\/posts\/13436\/revisions"}],"predecessor-version":[{"id":13438,"href":"https:\/\/brasilnoticias.org\/site\/wp-json\/wp\/v2\/posts\/13436\/revisions\/13438"}],"wp:featuredmedia":[{"embeddable":true,"href":"https:\/\/brasilnoticias.org\/site\/wp-json\/wp\/v2\/media\/13437"}],"wp:attachment":[{"href":"https:\/\/brasilnoticias.org\/site\/wp-json\/wp\/v2\/media?parent=13436"}],"wp:term":[{"taxonomy":"category","embeddable":true,"href":"https:\/\/brasilnoticias.org\/site\/wp-json\/wp\/v2\/categories?post=13436"},{"taxonomy":"post_tag","embeddable":true,"href":"https:\/\/brasilnoticias.org\/site\/wp-json\/wp\/v2\/tags?post=13436"}],"curies":[{"name":"wp","href":"https:\/\/api.w.org\/{rel}","templated":true}]}}