{"id":13449,"date":"2024-04-05T19:50:59","date_gmt":"2024-04-05T22:50:59","guid":{"rendered":"https:\/\/brasilnoticias.org\/site\/?p=13449"},"modified":"2024-04-05T19:50:59","modified_gmt":"2024-04-05T22:50:59","slug":"apae-salvador-promove-visita-guiada-com-oficina-a-exposicao-do-atelie-criativo-formada-por-artistas-autistas","status":"publish","type":"post","link":"https:\/\/brasilnoticias.org\/site\/apae-salvador-promove-visita-guiada-com-oficina-a-exposicao-do-atelie-criativo-formada-por-artistas-autistas\/","title":{"rendered":"Apae Salvador promove visita guiada com oficina \u00e0 exposi\u00e7\u00e3o do Ateli\u00ea Criativo formada por artistas autistas"},"content":{"rendered":"<p>Usu\u00e1rios do Centro de Reabilita\u00e7\u00e3o (CER) da Apae Salvador participaram, nesta quinta-feira (4), no Shopping Piedade, de uma visita guiada com oficina \u00e0 Exposi\u00e7\u00e3o Trem das Cores, composta por artistas autistas do Ateli\u00ea Criativo de Artes Visuais, em comemora\u00e7\u00e3o ao Abril Azul, m\u00eas de conscientiza\u00e7\u00e3o sobre o autismo.  A mostra ter\u00e1 outras duas edi\u00e7\u00f5es nos dias 9 e 11, ter\u00e7a e quinta-feira, das 9h \u00e0s 11h, respectivamente, no Shopping Piedade.<\/p>\n<p>O projeto Trem das Cores tem como objetivo realizar uma exposi\u00e7\u00e3o de 12 telas, de oito artistas que fazem parte Ateli\u00ea, um grupo de jovens formado por artistas pl\u00e1sticos com defici\u00eancia intelectual, atendidos pela Associa\u00e7\u00e3o, na Unidade S\u00e3o Joaquim. O coordenador de Artes da Apae Salvador, Ant\u00f4nio Marques revelou que o t\u00edtulo do projeto faz refer\u00eancia \u00e0 can\u00e7\u00e3o Trem das Cores do cantor, m\u00fasico e compositor, Caetano Veloso.<\/p>\n<p>\u201cAo ouvirem essa can\u00e7\u00e3o, num processo de sensibiliza\u00e7\u00e3o musical, frequentemente realizado em sala de aula, manifestaram o desejo de transform\u00e1-la em imagem. O referido processo buscou despertar a sensibilidade musical e se deu a partir da audi\u00e7\u00e3o, sob a orienta\u00e7\u00e3o de deixar-se levar pela melodia, pelo som, sem dar aten\u00e7\u00e3o \u00e0 letra, nem \u00e0 mensagem verbal, o que trouxe leveza e bem-estar, pois a melodia \u00e9 bem suave e alegre\u201d, disse. <\/p>\n<p>Foto: Divulga\u00e7\u00e3o\/Apae Salvador<\/p>\n","protected":false},"excerpt":{"rendered":"<p>Usu\u00e1rios do Centro de Reabilita\u00e7\u00e3o (CER) da Apae Salvador participaram, nesta quinta-feira (4), no Shopping Piedade, de uma visita guiada<\/p>\n","protected":false},"author":4,"featured_media":13450,"comment_status":"open","ping_status":"open","sticky":false,"template":"","format":"standard","meta":{"colormag_page_container_layout":"default_layout","colormag_page_sidebar_layout":"default_layout","_FSMCFIC_featured_image_caption":"","_FSMCFIC_featured_image_nocaption":"","_FSMCFIC_featured_image_hide":"","footnotes":""},"categories":[2,1],"tags":[],"class_list":["post-13449","post","type-post","status-publish","format-standard","has-post-thumbnail","hentry","category-noticias","category-ultimas"],"yoast_head":"<!-- This site is optimized with the Yoast SEO plugin v27.1.1 - https:\/\/yoast.com\/product\/yoast-seo-wordpress\/ -->\n<title>Apae Salvador promove visita guiada com oficina \u00e0 exposi\u00e7\u00e3o do Ateli\u00ea Criativo formada por artistas autistas - Brasil not\u00edcias<\/title>\n<meta name=\"robots\" content=\"index, follow, max-snippet:-1, max-image-preview:large, max-video-preview:-1\" \/>\n<link rel=\"canonical\" href=\"https:\/\/brasilnoticias.org\/site\/apae-salvador-promove-visita-guiada-com-oficina-a-exposicao-do-atelie-criativo-formada-por-artistas-autistas\/\" \/>\n<meta property=\"og:locale\" content=\"pt_PT\" \/>\n<meta property=\"og:type\" content=\"article\" \/>\n<meta property=\"og:title\" content=\"Apae Salvador promove visita guiada com oficina \u00e0 exposi\u00e7\u00e3o do Ateli\u00ea Criativo formada por artistas autistas - Brasil not\u00edcias\" \/>\n<meta property=\"og:description\" content=\"Usu\u00e1rios do Centro de Reabilita\u00e7\u00e3o (CER) da Apae Salvador participaram, nesta quinta-feira (4), no Shopping Piedade, de uma visita guiada\" \/>\n<meta property=\"og:url\" content=\"https:\/\/brasilnoticias.org\/site\/apae-salvador-promove-visita-guiada-com-oficina-a-exposicao-do-atelie-criativo-formada-por-artistas-autistas\/\" \/>\n<meta property=\"og:site_name\" content=\"Brasil not\u00edcias\" \/>\n<meta property=\"article:published_time\" content=\"2024-04-05T22:50:59+00:00\" \/>\n<meta property=\"og:image\" content=\"https:\/\/brasilnoticias.org\/site\/wp-content\/uploads\/2024\/04\/WhatsApp-Image-2024-04-04-at-17.59.40-1536x1152-1.webp\" \/>\n\t<meta property=\"og:image:width\" content=\"1536\" \/>\n\t<meta property=\"og:image:height\" content=\"1152\" \/>\n\t<meta property=\"og:image:type\" content=\"image\/webp\" \/>\n<meta name=\"author\" content=\"Reda\u00e7\u00e3o\" \/>\n<meta name=\"twitter:card\" content=\"summary_large_image\" \/>\n<meta name=\"twitter:label1\" content=\"Escrito por\" \/>\n\t<meta name=\"twitter:data1\" content=\"Reda\u00e7\u00e3o\" \/>\n<script type=\"application\/ld+json\" class=\"yoast-schema-graph\">{\"@context\":\"https:\/\/schema.org\",\"@graph\":[{\"@type\":\"Article\",\"@id\":\"https:\/\/brasilnoticias.org\/site\/apae-salvador-promove-visita-guiada-com-oficina-a-exposicao-do-atelie-criativo-formada-por-artistas-autistas\/#article\",\"isPartOf\":{\"@id\":\"https:\/\/brasilnoticias.org\/site\/apae-salvador-promove-visita-guiada-com-oficina-a-exposicao-do-atelie-criativo-formada-por-artistas-autistas\/\"},\"author\":{\"name\":\"Reda\u00e7\u00e3o\",\"@id\":\"https:\/\/brasilnoticias.org\/site\/#\/schema\/person\/03bbbfe6c7634ad18c26444ea39049fa\"},\"headline\":\"Apae Salvador promove visita guiada com oficina \u00e0 exposi\u00e7\u00e3o do Ateli\u00ea Criativo formada por artistas autistas\",\"datePublished\":\"2024-04-05T22:50:59+00:00\",\"mainEntityOfPage\":{\"@id\":\"https:\/\/brasilnoticias.org\/site\/apae-salvador-promove-visita-guiada-com-oficina-a-exposicao-do-atelie-criativo-formada-por-artistas-autistas\/\"},\"wordCount\":245,\"commentCount\":0,\"publisher\":{\"@id\":\"https:\/\/brasilnoticias.org\/site\/#organization\"},\"image\":{\"@id\":\"https:\/\/brasilnoticias.org\/site\/apae-salvador-promove-visita-guiada-com-oficina-a-exposicao-do-atelie-criativo-formada-por-artistas-autistas\/#primaryimage\"},\"thumbnailUrl\":\"https:\/\/brasilnoticias.org\/site\/wp-content\/uploads\/2024\/04\/WhatsApp-Image-2024-04-04-at-17.59.40-1536x1152-1.webp\",\"articleSection\":[\"Not\u00edcias\",\"\u00daltimas\"],\"inLanguage\":\"pt-PT\",\"potentialAction\":[{\"@type\":\"CommentAction\",\"name\":\"Comment\",\"target\":[\"https:\/\/brasilnoticias.org\/site\/apae-salvador-promove-visita-guiada-com-oficina-a-exposicao-do-atelie-criativo-formada-por-artistas-autistas\/#respond\"]}]},{\"@type\":\"WebPage\",\"@id\":\"https:\/\/brasilnoticias.org\/site\/apae-salvador-promove-visita-guiada-com-oficina-a-exposicao-do-atelie-criativo-formada-por-artistas-autistas\/\",\"url\":\"https:\/\/brasilnoticias.org\/site\/apae-salvador-promove-visita-guiada-com-oficina-a-exposicao-do-atelie-criativo-formada-por-artistas-autistas\/\",\"name\":\"Apae Salvador promove visita guiada com oficina \u00e0 exposi\u00e7\u00e3o do Ateli\u00ea Criativo formada por artistas autistas - Brasil not\u00edcias\",\"isPartOf\":{\"@id\":\"https:\/\/brasilnoticias.org\/site\/#website\"},\"primaryImageOfPage\":{\"@id\":\"https:\/\/brasilnoticias.org\/site\/apae-salvador-promove-visita-guiada-com-oficina-a-exposicao-do-atelie-criativo-formada-por-artistas-autistas\/#primaryimage\"},\"image\":{\"@id\":\"https:\/\/brasilnoticias.org\/site\/apae-salvador-promove-visita-guiada-com-oficina-a-exposicao-do-atelie-criativo-formada-por-artistas-autistas\/#primaryimage\"},\"thumbnailUrl\":\"https:\/\/brasilnoticias.org\/site\/wp-content\/uploads\/2024\/04\/WhatsApp-Image-2024-04-04-at-17.59.40-1536x1152-1.webp\",\"datePublished\":\"2024-04-05T22:50:59+00:00\",\"breadcrumb\":{\"@id\":\"https:\/\/brasilnoticias.org\/site\/apae-salvador-promove-visita-guiada-com-oficina-a-exposicao-do-atelie-criativo-formada-por-artistas-autistas\/#breadcrumb\"},\"inLanguage\":\"pt-PT\",\"potentialAction\":[{\"@type\":\"ReadAction\",\"target\":[\"https:\/\/brasilnoticias.org\/site\/apae-salvador-promove-visita-guiada-com-oficina-a-exposicao-do-atelie-criativo-formada-por-artistas-autistas\/\"]}]},{\"@type\":\"ImageObject\",\"inLanguage\":\"pt-PT\",\"@id\":\"https:\/\/brasilnoticias.org\/site\/apae-salvador-promove-visita-guiada-com-oficina-a-exposicao-do-atelie-criativo-formada-por-artistas-autistas\/#primaryimage\",\"url\":\"https:\/\/brasilnoticias.org\/site\/wp-content\/uploads\/2024\/04\/WhatsApp-Image-2024-04-04-at-17.59.40-1536x1152-1.webp\",\"contentUrl\":\"https:\/\/brasilnoticias.org\/site\/wp-content\/uploads\/2024\/04\/WhatsApp-Image-2024-04-04-at-17.59.40-1536x1152-1.webp\",\"width\":1536,\"height\":1152},{\"@type\":\"BreadcrumbList\",\"@id\":\"https:\/\/brasilnoticias.org\/site\/apae-salvador-promove-visita-guiada-com-oficina-a-exposicao-do-atelie-criativo-formada-por-artistas-autistas\/#breadcrumb\",\"itemListElement\":[{\"@type\":\"ListItem\",\"position\":1,\"name\":\"In\u00edcio\",\"item\":\"https:\/\/brasilnoticias.org\/site\/\"},{\"@type\":\"ListItem\",\"position\":2,\"name\":\"Apae Salvador promove visita guiada com oficina \u00e0 exposi\u00e7\u00e3o do Ateli\u00ea Criativo formada por artistas autistas\"}]},{\"@type\":\"WebSite\",\"@id\":\"https:\/\/brasilnoticias.org\/site\/#website\",\"url\":\"https:\/\/brasilnoticias.org\/site\/\",\"name\":\"Brasil not\u00edcias\",\"description\":\"Brasil not\u00edcias\",\"publisher\":{\"@id\":\"https:\/\/brasilnoticias.org\/site\/#organization\"},\"potentialAction\":[{\"@type\":\"SearchAction\",\"target\":{\"@type\":\"EntryPoint\",\"urlTemplate\":\"https:\/\/brasilnoticias.org\/site\/?s={search_term_string}\"},\"query-input\":{\"@type\":\"PropertyValueSpecification\",\"valueRequired\":true,\"valueName\":\"search_term_string\"}}],\"inLanguage\":\"pt-PT\"},{\"@type\":\"Organization\",\"@id\":\"https:\/\/brasilnoticias.org\/site\/#organization\",\"name\":\"Brasil not\u00edcias\",\"url\":\"https:\/\/brasilnoticias.org\/site\/\",\"logo\":{\"@type\":\"ImageObject\",\"inLanguage\":\"pt-PT\",\"@id\":\"https:\/\/brasilnoticias.org\/site\/#\/schema\/logo\/image\/\",\"url\":\"https:\/\/brasilnoticias.org\/site\/wp-content\/uploads\/2022\/05\/cropped-brasilnoticias-mini.jpg\",\"contentUrl\":\"https:\/\/brasilnoticias.org\/site\/wp-content\/uploads\/2022\/05\/cropped-brasilnoticias-mini.jpg\",\"width\":314,\"height\":86,\"caption\":\"Brasil not\u00edcias\"},\"image\":{\"@id\":\"https:\/\/brasilnoticias.org\/site\/#\/schema\/logo\/image\/\"}},{\"@type\":\"Person\",\"@id\":\"https:\/\/brasilnoticias.org\/site\/#\/schema\/person\/03bbbfe6c7634ad18c26444ea39049fa\",\"name\":\"Reda\u00e7\u00e3o\",\"image\":{\"@type\":\"ImageObject\",\"inLanguage\":\"pt-PT\",\"@id\":\"https:\/\/brasilnoticias.org\/site\/#\/schema\/person\/image\/\",\"url\":\"https:\/\/secure.gravatar.com\/avatar\/9ecaf7327a696cb23ad926fedded5f1f04d7049de9e445375d55b48c001a6e42?s=96&d=mm&r=g\",\"contentUrl\":\"https:\/\/secure.gravatar.com\/avatar\/9ecaf7327a696cb23ad926fedded5f1f04d7049de9e445375d55b48c001a6e42?s=96&d=mm&r=g\",\"caption\":\"Reda\u00e7\u00e3o\"},\"url\":\"https:\/\/brasilnoticias.org\/site\/author\/henrique\/\"}]}<\/script>\n<!-- \/ Yoast SEO plugin. -->","yoast_head_json":{"title":"Apae Salvador promove visita guiada com oficina \u00e0 exposi\u00e7\u00e3o do Ateli\u00ea Criativo formada por artistas autistas - Brasil not\u00edcias","robots":{"index":"index","follow":"follow","max-snippet":"max-snippet:-1","max-image-preview":"max-image-preview:large","max-video-preview":"max-video-preview:-1"},"canonical":"https:\/\/brasilnoticias.org\/site\/apae-salvador-promove-visita-guiada-com-oficina-a-exposicao-do-atelie-criativo-formada-por-artistas-autistas\/","og_locale":"pt_PT","og_type":"article","og_title":"Apae Salvador promove visita guiada com oficina \u00e0 exposi\u00e7\u00e3o do Ateli\u00ea Criativo formada por artistas autistas - Brasil not\u00edcias","og_description":"Usu\u00e1rios do Centro de Reabilita\u00e7\u00e3o (CER) da Apae Salvador participaram, nesta quinta-feira (4), no Shopping Piedade, de uma visita guiada","og_url":"https:\/\/brasilnoticias.org\/site\/apae-salvador-promove-visita-guiada-com-oficina-a-exposicao-do-atelie-criativo-formada-por-artistas-autistas\/","og_site_name":"Brasil not\u00edcias","article_published_time":"2024-04-05T22:50:59+00:00","og_image":[{"width":1536,"height":1152,"url":"https:\/\/brasilnoticias.org\/site\/wp-content\/uploads\/2024\/04\/WhatsApp-Image-2024-04-04-at-17.59.40-1536x1152-1.webp","type":"image\/webp"}],"author":"Reda\u00e7\u00e3o","twitter_card":"summary_large_image","twitter_misc":{"Escrito por":"Reda\u00e7\u00e3o"},"schema":{"@context":"https:\/\/schema.org","@graph":[{"@type":"Article","@id":"https:\/\/brasilnoticias.org\/site\/apae-salvador-promove-visita-guiada-com-oficina-a-exposicao-do-atelie-criativo-formada-por-artistas-autistas\/#article","isPartOf":{"@id":"https:\/\/brasilnoticias.org\/site\/apae-salvador-promove-visita-guiada-com-oficina-a-exposicao-do-atelie-criativo-formada-por-artistas-autistas\/"},"author":{"name":"Reda\u00e7\u00e3o","@id":"https:\/\/brasilnoticias.org\/site\/#\/schema\/person\/03bbbfe6c7634ad18c26444ea39049fa"},"headline":"Apae Salvador promove visita guiada com oficina \u00e0 exposi\u00e7\u00e3o do Ateli\u00ea Criativo formada por artistas autistas","datePublished":"2024-04-05T22:50:59+00:00","mainEntityOfPage":{"@id":"https:\/\/brasilnoticias.org\/site\/apae-salvador-promove-visita-guiada-com-oficina-a-exposicao-do-atelie-criativo-formada-por-artistas-autistas\/"},"wordCount":245,"commentCount":0,"publisher":{"@id":"https:\/\/brasilnoticias.org\/site\/#organization"},"image":{"@id":"https:\/\/brasilnoticias.org\/site\/apae-salvador-promove-visita-guiada-com-oficina-a-exposicao-do-atelie-criativo-formada-por-artistas-autistas\/#primaryimage"},"thumbnailUrl":"https:\/\/brasilnoticias.org\/site\/wp-content\/uploads\/2024\/04\/WhatsApp-Image-2024-04-04-at-17.59.40-1536x1152-1.webp","articleSection":["Not\u00edcias","\u00daltimas"],"inLanguage":"pt-PT","potentialAction":[{"@type":"CommentAction","name":"Comment","target":["https:\/\/brasilnoticias.org\/site\/apae-salvador-promove-visita-guiada-com-oficina-a-exposicao-do-atelie-criativo-formada-por-artistas-autistas\/#respond"]}]},{"@type":"WebPage","@id":"https:\/\/brasilnoticias.org\/site\/apae-salvador-promove-visita-guiada-com-oficina-a-exposicao-do-atelie-criativo-formada-por-artistas-autistas\/","url":"https:\/\/brasilnoticias.org\/site\/apae-salvador-promove-visita-guiada-com-oficina-a-exposicao-do-atelie-criativo-formada-por-artistas-autistas\/","name":"Apae Salvador promove visita guiada com oficina \u00e0 exposi\u00e7\u00e3o do Ateli\u00ea Criativo formada por artistas autistas - Brasil not\u00edcias","isPartOf":{"@id":"https:\/\/brasilnoticias.org\/site\/#website"},"primaryImageOfPage":{"@id":"https:\/\/brasilnoticias.org\/site\/apae-salvador-promove-visita-guiada-com-oficina-a-exposicao-do-atelie-criativo-formada-por-artistas-autistas\/#primaryimage"},"image":{"@id":"https:\/\/brasilnoticias.org\/site\/apae-salvador-promove-visita-guiada-com-oficina-a-exposicao-do-atelie-criativo-formada-por-artistas-autistas\/#primaryimage"},"thumbnailUrl":"https:\/\/brasilnoticias.org\/site\/wp-content\/uploads\/2024\/04\/WhatsApp-Image-2024-04-04-at-17.59.40-1536x1152-1.webp","datePublished":"2024-04-05T22:50:59+00:00","breadcrumb":{"@id":"https:\/\/brasilnoticias.org\/site\/apae-salvador-promove-visita-guiada-com-oficina-a-exposicao-do-atelie-criativo-formada-por-artistas-autistas\/#breadcrumb"},"inLanguage":"pt-PT","potentialAction":[{"@type":"ReadAction","target":["https:\/\/brasilnoticias.org\/site\/apae-salvador-promove-visita-guiada-com-oficina-a-exposicao-do-atelie-criativo-formada-por-artistas-autistas\/"]}]},{"@type":"ImageObject","inLanguage":"pt-PT","@id":"https:\/\/brasilnoticias.org\/site\/apae-salvador-promove-visita-guiada-com-oficina-a-exposicao-do-atelie-criativo-formada-por-artistas-autistas\/#primaryimage","url":"https:\/\/brasilnoticias.org\/site\/wp-content\/uploads\/2024\/04\/WhatsApp-Image-2024-04-04-at-17.59.40-1536x1152-1.webp","contentUrl":"https:\/\/brasilnoticias.org\/site\/wp-content\/uploads\/2024\/04\/WhatsApp-Image-2024-04-04-at-17.59.40-1536x1152-1.webp","width":1536,"height":1152},{"@type":"BreadcrumbList","@id":"https:\/\/brasilnoticias.org\/site\/apae-salvador-promove-visita-guiada-com-oficina-a-exposicao-do-atelie-criativo-formada-por-artistas-autistas\/#breadcrumb","itemListElement":[{"@type":"ListItem","position":1,"name":"In\u00edcio","item":"https:\/\/brasilnoticias.org\/site\/"},{"@type":"ListItem","position":2,"name":"Apae Salvador promove visita guiada com oficina \u00e0 exposi\u00e7\u00e3o do Ateli\u00ea Criativo formada por artistas autistas"}]},{"@type":"WebSite","@id":"https:\/\/brasilnoticias.org\/site\/#website","url":"https:\/\/brasilnoticias.org\/site\/","name":"Brasil not\u00edcias","description":"Brasil not\u00edcias","publisher":{"@id":"https:\/\/brasilnoticias.org\/site\/#organization"},"potentialAction":[{"@type":"SearchAction","target":{"@type":"EntryPoint","urlTemplate":"https:\/\/brasilnoticias.org\/site\/?s={search_term_string}"},"query-input":{"@type":"PropertyValueSpecification","valueRequired":true,"valueName":"search_term_string"}}],"inLanguage":"pt-PT"},{"@type":"Organization","@id":"https:\/\/brasilnoticias.org\/site\/#organization","name":"Brasil not\u00edcias","url":"https:\/\/brasilnoticias.org\/site\/","logo":{"@type":"ImageObject","inLanguage":"pt-PT","@id":"https:\/\/brasilnoticias.org\/site\/#\/schema\/logo\/image\/","url":"https:\/\/brasilnoticias.org\/site\/wp-content\/uploads\/2022\/05\/cropped-brasilnoticias-mini.jpg","contentUrl":"https:\/\/brasilnoticias.org\/site\/wp-content\/uploads\/2022\/05\/cropped-brasilnoticias-mini.jpg","width":314,"height":86,"caption":"Brasil not\u00edcias"},"image":{"@id":"https:\/\/brasilnoticias.org\/site\/#\/schema\/logo\/image\/"}},{"@type":"Person","@id":"https:\/\/brasilnoticias.org\/site\/#\/schema\/person\/03bbbfe6c7634ad18c26444ea39049fa","name":"Reda\u00e7\u00e3o","image":{"@type":"ImageObject","inLanguage":"pt-PT","@id":"https:\/\/brasilnoticias.org\/site\/#\/schema\/person\/image\/","url":"https:\/\/secure.gravatar.com\/avatar\/9ecaf7327a696cb23ad926fedded5f1f04d7049de9e445375d55b48c001a6e42?s=96&d=mm&r=g","contentUrl":"https:\/\/secure.gravatar.com\/avatar\/9ecaf7327a696cb23ad926fedded5f1f04d7049de9e445375d55b48c001a6e42?s=96&d=mm&r=g","caption":"Reda\u00e7\u00e3o"},"url":"https:\/\/brasilnoticias.org\/site\/author\/henrique\/"}]}},"_links":{"self":[{"href":"https:\/\/brasilnoticias.org\/site\/wp-json\/wp\/v2\/posts\/13449","targetHints":{"allow":["GET"]}}],"collection":[{"href":"https:\/\/brasilnoticias.org\/site\/wp-json\/wp\/v2\/posts"}],"about":[{"href":"https:\/\/brasilnoticias.org\/site\/wp-json\/wp\/v2\/types\/post"}],"author":[{"embeddable":true,"href":"https:\/\/brasilnoticias.org\/site\/wp-json\/wp\/v2\/users\/4"}],"replies":[{"embeddable":true,"href":"https:\/\/brasilnoticias.org\/site\/wp-json\/wp\/v2\/comments?post=13449"}],"version-history":[{"count":1,"href":"https:\/\/brasilnoticias.org\/site\/wp-json\/wp\/v2\/posts\/13449\/revisions"}],"predecessor-version":[{"id":13451,"href":"https:\/\/brasilnoticias.org\/site\/wp-json\/wp\/v2\/posts\/13449\/revisions\/13451"}],"wp:featuredmedia":[{"embeddable":true,"href":"https:\/\/brasilnoticias.org\/site\/wp-json\/wp\/v2\/media\/13450"}],"wp:attachment":[{"href":"https:\/\/brasilnoticias.org\/site\/wp-json\/wp\/v2\/media?parent=13449"}],"wp:term":[{"taxonomy":"category","embeddable":true,"href":"https:\/\/brasilnoticias.org\/site\/wp-json\/wp\/v2\/categories?post=13449"},{"taxonomy":"post_tag","embeddable":true,"href":"https:\/\/brasilnoticias.org\/site\/wp-json\/wp\/v2\/tags?post=13449"}],"curies":[{"name":"wp","href":"https:\/\/api.w.org\/{rel}","templated":true}]}}