{"id":13458,"date":"2024-04-06T19:34:38","date_gmt":"2024-04-06T22:34:38","guid":{"rendered":"https:\/\/brasilnoticias.org\/site\/?p=13458"},"modified":"2024-04-06T19:34:38","modified_gmt":"2024-04-06T22:34:38","slug":"apos-vencer-o-cancer-preta-gil-e-homenageada-com-lei-de-conscientizacao-da-doenca-no-rio-de-janeiro","status":"publish","type":"post","link":"https:\/\/brasilnoticias.org\/site\/apos-vencer-o-cancer-preta-gil-e-homenageada-com-lei-de-conscientizacao-da-doenca-no-rio-de-janeiro\/","title":{"rendered":"Ap\u00f3s vencer o c\u00e2ncer, Preta Gil \u00e9 homenageada com lei de conscientiza\u00e7\u00e3o da doen\u00e7a no Rio de Janeiro"},"content":{"rendered":"<p>Cantora anunciou a cura da doen\u00e7a em mar\u00e7o desde ano<\/p>\n<p>Ap\u00f3s passar por uma luta contra um c\u00e2ncer colorretal, tumor que afeta um segmento do intestino grosso (o c\u00f3lon) e o reto, a cantora Preta Maria Gadelha Gil Moreira, filha do cantor Gilberto Gil, \u00e9 homenageada com um projeto de lei na cidade do Rio de Janeiro.<\/p>\n<p>Proposto pela vereadora Ver\u00f4nica Costa, em parceria com os vereadores Marcos Paulo e Niquinho, \u201ca campanha permanente de preven\u00e7\u00e3o ao adenocarcinoma [tipo de c\u00e2ncer] tem a finalidade de promover e conscientizar a popula\u00e7\u00e3o acerca da doen\u00e7a, as formas de preven\u00e7\u00e3o e os tratamentos\u201d, como est\u00e1 escrito no segundo artigo da Lei Preta Gil.<\/p>\n<p>Ap\u00f3s quase um anos de tratamento, a cantora usou as redes sociais, em dezembro do ano passado, para anunciar que estava curada da doen\u00e7a, tamb\u00e9m chamada de c\u00e2ncer de c\u00f3lon e reto. Na publica\u00e7\u00e3o, preta escreveu que \u201ceu tiro algumas coisas muito positivas desses 12 meses de tratamento, de um tratamento \u00e1rduo, um tratamento muito sofrido, mas que eu venci e tiro li\u00e7\u00f5es muito positivas. Acho que a maior de todas elas \u00e9 realmente ver esse amor todo materializado\u201d.<\/p>\n<p>C\u00c2NCER COLORRETAL <\/p>\n<p>*Com informa\u00e7\u00f5es da Ag\u00eancia Brasil*<\/p>\n<p>Estimativa do Instituto Nacional do C\u00e2ncer (Inca) indica o surgimento de 44 mil novos casos por ano de c\u00e2ncer de intestino, ou c\u00e2ncer colorretal, no Brasil, com 70% concentrados nas regi\u00f5es Sudeste e Sul. A alimenta\u00e7\u00e3o pobre em fibras est\u00e1 relacionada ao aumento do n\u00famero de casos de c\u00e2ncer colorretal, confirmou o cirurgi\u00e3o oncol\u00f3gico, Rubens Kesley, coordenador do Grupo de C\u00e2ncer Colorretal do Inca.<\/p>\n<p>Outro fator que pode levar ao c\u00e2ncer colorretal \u00e9 a carne vermelha, especialmente aquela usada em churrascos, queimada, com muita gordura. Outro cuidado que se deve ter \u00e9 com a sa\u00fade bucal, porque h\u00e1 uma bact\u00e9ria na boca que favorece o desenvolvimento da doen\u00e7a.<\/p>\n<p>Em todo o mundo, a colonoscopia foi o m\u00e9todo considerado mais eficiente para a preven\u00e7\u00e3o do c\u00e2ncer colorretal, afirmou Kesley. Isso se explica porque o c\u00e2ncer do intestino n\u00e3o come\u00e7a grande. \u201cEle \u00e9 descoberto grande. Mas j\u00e1 foi um p\u00f3lipo, j\u00e1 foi pequenininho\u201d. Nesse est\u00e1gio, a colonoscopia retira esses pequenos p\u00f3lipos. \u201cA colonoscopia \u00e9 uma arma, compar\u00e1vel a uma bomba nuclear, contra o c\u00e2ncer colorretal, porque ela consegue prevenir, identificar precocemente, ver ainda na fase de p\u00f3lipo, e consegue tratar, porque remove o p\u00f3lipo, sem precisar de cirurgia, economizando milh\u00f5es. No diagn\u00f3stico, o m\u00e9dico identifica que ali h\u00e1 um tumor, e no tratamento, se houver um pequeno tumor, voc\u00ea j\u00e1 cura o doente. O c\u00e2ncer \u00e9 removido por colonoscopia, em algumas situa\u00e7\u00f5es selecionadas.<\/p>\n<p>Foto: Redes sociais \/ @pretagil<br \/>\nAratu On<\/p>\n","protected":false},"excerpt":{"rendered":"<p>Cantora anunciou a cura da doen\u00e7a em mar\u00e7o desde ano Ap\u00f3s passar por uma luta contra um c\u00e2ncer colorretal, tumor<\/p>\n","protected":false},"author":4,"featured_media":13459,"comment_status":"open","ping_status":"open","sticky":false,"template":"","format":"standard","meta":{"colormag_page_container_layout":"default_layout","colormag_page_sidebar_layout":"default_layout","_FSMCFIC_featured_image_caption":"","_FSMCFIC_featured_image_nocaption":"","_FSMCFIC_featured_image_hide":"","footnotes":""},"categories":[8,1],"tags":[],"class_list":["post-13458","post","type-post","status-publish","format-standard","has-post-thumbnail","hentry","category-entretenimento","category-ultimas"],"yoast_head":"<!-- This site is optimized with the Yoast SEO plugin v27.1.1 - https:\/\/yoast.com\/product\/yoast-seo-wordpress\/ -->\n<title>Ap\u00f3s vencer o c\u00e2ncer, Preta Gil \u00e9 homenageada com lei de conscientiza\u00e7\u00e3o da doen\u00e7a no Rio de Janeiro - Brasil not\u00edcias<\/title>\n<meta name=\"robots\" content=\"index, follow, max-snippet:-1, max-image-preview:large, max-video-preview:-1\" \/>\n<link rel=\"canonical\" href=\"https:\/\/brasilnoticias.org\/site\/apos-vencer-o-cancer-preta-gil-e-homenageada-com-lei-de-conscientizacao-da-doenca-no-rio-de-janeiro\/\" \/>\n<meta property=\"og:locale\" content=\"pt_PT\" \/>\n<meta property=\"og:type\" content=\"article\" \/>\n<meta property=\"og:title\" content=\"Ap\u00f3s vencer o c\u00e2ncer, Preta Gil \u00e9 homenageada com lei de conscientiza\u00e7\u00e3o da doen\u00e7a no Rio de Janeiro - Brasil not\u00edcias\" \/>\n<meta property=\"og:description\" content=\"Cantora anunciou a cura da doen\u00e7a em mar\u00e7o desde ano Ap\u00f3s passar por uma luta contra um c\u00e2ncer colorretal, tumor\" \/>\n<meta property=\"og:url\" content=\"https:\/\/brasilnoticias.org\/site\/apos-vencer-o-cancer-preta-gil-e-homenageada-com-lei-de-conscientizacao-da-doenca-no-rio-de-janeiro\/\" \/>\n<meta property=\"og:site_name\" content=\"Brasil not\u00edcias\" \/>\n<meta property=\"article:published_time\" content=\"2024-04-06T22:34:38+00:00\" \/>\n<meta property=\"og:image\" content=\"https:\/\/brasilnoticias.org\/site\/wp-content\/uploads\/2024\/04\/preta-gil.jpg\" \/>\n\t<meta property=\"og:image:width\" content=\"960\" \/>\n\t<meta property=\"og:image:height\" content=\"500\" \/>\n\t<meta property=\"og:image:type\" content=\"image\/jpeg\" \/>\n<meta name=\"author\" content=\"Reda\u00e7\u00e3o\" \/>\n<meta name=\"twitter:card\" content=\"summary_large_image\" \/>\n<meta name=\"twitter:label1\" content=\"Escrito por\" \/>\n\t<meta name=\"twitter:data1\" content=\"Reda\u00e7\u00e3o\" \/>\n\t<meta name=\"twitter:label2\" content=\"Tempo estimado de leitura\" \/>\n\t<meta name=\"twitter:data2\" content=\"1 minuto\" \/>\n<script type=\"application\/ld+json\" class=\"yoast-schema-graph\">{\"@context\":\"https:\/\/schema.org\",\"@graph\":[{\"@type\":\"Article\",\"@id\":\"https:\/\/brasilnoticias.org\/site\/apos-vencer-o-cancer-preta-gil-e-homenageada-com-lei-de-conscientizacao-da-doenca-no-rio-de-janeiro\/#article\",\"isPartOf\":{\"@id\":\"https:\/\/brasilnoticias.org\/site\/apos-vencer-o-cancer-preta-gil-e-homenageada-com-lei-de-conscientizacao-da-doenca-no-rio-de-janeiro\/\"},\"author\":{\"name\":\"Reda\u00e7\u00e3o\",\"@id\":\"https:\/\/brasilnoticias.org\/site\/#\/schema\/person\/03bbbfe6c7634ad18c26444ea39049fa\"},\"headline\":\"Ap\u00f3s vencer o c\u00e2ncer, Preta Gil \u00e9 homenageada com lei de conscientiza\u00e7\u00e3o da doen\u00e7a no Rio de Janeiro\",\"datePublished\":\"2024-04-06T22:34:38+00:00\",\"mainEntityOfPage\":{\"@id\":\"https:\/\/brasilnoticias.org\/site\/apos-vencer-o-cancer-preta-gil-e-homenageada-com-lei-de-conscientizacao-da-doenca-no-rio-de-janeiro\/\"},\"wordCount\":497,\"commentCount\":0,\"publisher\":{\"@id\":\"https:\/\/brasilnoticias.org\/site\/#organization\"},\"image\":{\"@id\":\"https:\/\/brasilnoticias.org\/site\/apos-vencer-o-cancer-preta-gil-e-homenageada-com-lei-de-conscientizacao-da-doenca-no-rio-de-janeiro\/#primaryimage\"},\"thumbnailUrl\":\"https:\/\/brasilnoticias.org\/site\/wp-content\/uploads\/2024\/04\/preta-gil.jpg\",\"articleSection\":[\"Entretenimento\",\"\u00daltimas\"],\"inLanguage\":\"pt-PT\",\"potentialAction\":[{\"@type\":\"CommentAction\",\"name\":\"Comment\",\"target\":[\"https:\/\/brasilnoticias.org\/site\/apos-vencer-o-cancer-preta-gil-e-homenageada-com-lei-de-conscientizacao-da-doenca-no-rio-de-janeiro\/#respond\"]}]},{\"@type\":\"WebPage\",\"@id\":\"https:\/\/brasilnoticias.org\/site\/apos-vencer-o-cancer-preta-gil-e-homenageada-com-lei-de-conscientizacao-da-doenca-no-rio-de-janeiro\/\",\"url\":\"https:\/\/brasilnoticias.org\/site\/apos-vencer-o-cancer-preta-gil-e-homenageada-com-lei-de-conscientizacao-da-doenca-no-rio-de-janeiro\/\",\"name\":\"Ap\u00f3s vencer o c\u00e2ncer, Preta Gil \u00e9 homenageada com lei de conscientiza\u00e7\u00e3o da doen\u00e7a no Rio de Janeiro - Brasil not\u00edcias\",\"isPartOf\":{\"@id\":\"https:\/\/brasilnoticias.org\/site\/#website\"},\"primaryImageOfPage\":{\"@id\":\"https:\/\/brasilnoticias.org\/site\/apos-vencer-o-cancer-preta-gil-e-homenageada-com-lei-de-conscientizacao-da-doenca-no-rio-de-janeiro\/#primaryimage\"},\"image\":{\"@id\":\"https:\/\/brasilnoticias.org\/site\/apos-vencer-o-cancer-preta-gil-e-homenageada-com-lei-de-conscientizacao-da-doenca-no-rio-de-janeiro\/#primaryimage\"},\"thumbnailUrl\":\"https:\/\/brasilnoticias.org\/site\/wp-content\/uploads\/2024\/04\/preta-gil.jpg\",\"datePublished\":\"2024-04-06T22:34:38+00:00\",\"breadcrumb\":{\"@id\":\"https:\/\/brasilnoticias.org\/site\/apos-vencer-o-cancer-preta-gil-e-homenageada-com-lei-de-conscientizacao-da-doenca-no-rio-de-janeiro\/#breadcrumb\"},\"inLanguage\":\"pt-PT\",\"potentialAction\":[{\"@type\":\"ReadAction\",\"target\":[\"https:\/\/brasilnoticias.org\/site\/apos-vencer-o-cancer-preta-gil-e-homenageada-com-lei-de-conscientizacao-da-doenca-no-rio-de-janeiro\/\"]}]},{\"@type\":\"ImageObject\",\"inLanguage\":\"pt-PT\",\"@id\":\"https:\/\/brasilnoticias.org\/site\/apos-vencer-o-cancer-preta-gil-e-homenageada-com-lei-de-conscientizacao-da-doenca-no-rio-de-janeiro\/#primaryimage\",\"url\":\"https:\/\/brasilnoticias.org\/site\/wp-content\/uploads\/2024\/04\/preta-gil.jpg\",\"contentUrl\":\"https:\/\/brasilnoticias.org\/site\/wp-content\/uploads\/2024\/04\/preta-gil.jpg\",\"width\":960,\"height\":500},{\"@type\":\"BreadcrumbList\",\"@id\":\"https:\/\/brasilnoticias.org\/site\/apos-vencer-o-cancer-preta-gil-e-homenageada-com-lei-de-conscientizacao-da-doenca-no-rio-de-janeiro\/#breadcrumb\",\"itemListElement\":[{\"@type\":\"ListItem\",\"position\":1,\"name\":\"In\u00edcio\",\"item\":\"https:\/\/brasilnoticias.org\/site\/\"},{\"@type\":\"ListItem\",\"position\":2,\"name\":\"Ap\u00f3s vencer o c\u00e2ncer, Preta Gil \u00e9 homenageada com lei de conscientiza\u00e7\u00e3o da doen\u00e7a no Rio de Janeiro\"}]},{\"@type\":\"WebSite\",\"@id\":\"https:\/\/brasilnoticias.org\/site\/#website\",\"url\":\"https:\/\/brasilnoticias.org\/site\/\",\"name\":\"Brasil not\u00edcias\",\"description\":\"Brasil not\u00edcias\",\"publisher\":{\"@id\":\"https:\/\/brasilnoticias.org\/site\/#organization\"},\"potentialAction\":[{\"@type\":\"SearchAction\",\"target\":{\"@type\":\"EntryPoint\",\"urlTemplate\":\"https:\/\/brasilnoticias.org\/site\/?s={search_term_string}\"},\"query-input\":{\"@type\":\"PropertyValueSpecification\",\"valueRequired\":true,\"valueName\":\"search_term_string\"}}],\"inLanguage\":\"pt-PT\"},{\"@type\":\"Organization\",\"@id\":\"https:\/\/brasilnoticias.org\/site\/#organization\",\"name\":\"Brasil not\u00edcias\",\"url\":\"https:\/\/brasilnoticias.org\/site\/\",\"logo\":{\"@type\":\"ImageObject\",\"inLanguage\":\"pt-PT\",\"@id\":\"https:\/\/brasilnoticias.org\/site\/#\/schema\/logo\/image\/\",\"url\":\"https:\/\/brasilnoticias.org\/site\/wp-content\/uploads\/2022\/05\/cropped-brasilnoticias-mini.jpg\",\"contentUrl\":\"https:\/\/brasilnoticias.org\/site\/wp-content\/uploads\/2022\/05\/cropped-brasilnoticias-mini.jpg\",\"width\":314,\"height\":86,\"caption\":\"Brasil not\u00edcias\"},\"image\":{\"@id\":\"https:\/\/brasilnoticias.org\/site\/#\/schema\/logo\/image\/\"}},{\"@type\":\"Person\",\"@id\":\"https:\/\/brasilnoticias.org\/site\/#\/schema\/person\/03bbbfe6c7634ad18c26444ea39049fa\",\"name\":\"Reda\u00e7\u00e3o\",\"image\":{\"@type\":\"ImageObject\",\"inLanguage\":\"pt-PT\",\"@id\":\"https:\/\/brasilnoticias.org\/site\/#\/schema\/person\/image\/\",\"url\":\"https:\/\/secure.gravatar.com\/avatar\/9ecaf7327a696cb23ad926fedded5f1f04d7049de9e445375d55b48c001a6e42?s=96&d=mm&r=g\",\"contentUrl\":\"https:\/\/secure.gravatar.com\/avatar\/9ecaf7327a696cb23ad926fedded5f1f04d7049de9e445375d55b48c001a6e42?s=96&d=mm&r=g\",\"caption\":\"Reda\u00e7\u00e3o\"},\"url\":\"https:\/\/brasilnoticias.org\/site\/author\/henrique\/\"}]}<\/script>\n<!-- \/ Yoast SEO plugin. -->","yoast_head_json":{"title":"Ap\u00f3s vencer o c\u00e2ncer, Preta Gil \u00e9 homenageada com lei de conscientiza\u00e7\u00e3o da doen\u00e7a no Rio de Janeiro - Brasil not\u00edcias","robots":{"index":"index","follow":"follow","max-snippet":"max-snippet:-1","max-image-preview":"max-image-preview:large","max-video-preview":"max-video-preview:-1"},"canonical":"https:\/\/brasilnoticias.org\/site\/apos-vencer-o-cancer-preta-gil-e-homenageada-com-lei-de-conscientizacao-da-doenca-no-rio-de-janeiro\/","og_locale":"pt_PT","og_type":"article","og_title":"Ap\u00f3s vencer o c\u00e2ncer, Preta Gil \u00e9 homenageada com lei de conscientiza\u00e7\u00e3o da doen\u00e7a no Rio de Janeiro - Brasil not\u00edcias","og_description":"Cantora anunciou a cura da doen\u00e7a em mar\u00e7o desde ano Ap\u00f3s passar por uma luta contra um c\u00e2ncer colorretal, tumor","og_url":"https:\/\/brasilnoticias.org\/site\/apos-vencer-o-cancer-preta-gil-e-homenageada-com-lei-de-conscientizacao-da-doenca-no-rio-de-janeiro\/","og_site_name":"Brasil not\u00edcias","article_published_time":"2024-04-06T22:34:38+00:00","og_image":[{"width":960,"height":500,"url":"https:\/\/brasilnoticias.org\/site\/wp-content\/uploads\/2024\/04\/preta-gil.jpg","type":"image\/jpeg"}],"author":"Reda\u00e7\u00e3o","twitter_card":"summary_large_image","twitter_misc":{"Escrito por":"Reda\u00e7\u00e3o","Tempo estimado de leitura":"1 minuto"},"schema":{"@context":"https:\/\/schema.org","@graph":[{"@type":"Article","@id":"https:\/\/brasilnoticias.org\/site\/apos-vencer-o-cancer-preta-gil-e-homenageada-com-lei-de-conscientizacao-da-doenca-no-rio-de-janeiro\/#article","isPartOf":{"@id":"https:\/\/brasilnoticias.org\/site\/apos-vencer-o-cancer-preta-gil-e-homenageada-com-lei-de-conscientizacao-da-doenca-no-rio-de-janeiro\/"},"author":{"name":"Reda\u00e7\u00e3o","@id":"https:\/\/brasilnoticias.org\/site\/#\/schema\/person\/03bbbfe6c7634ad18c26444ea39049fa"},"headline":"Ap\u00f3s vencer o c\u00e2ncer, Preta Gil \u00e9 homenageada com lei de conscientiza\u00e7\u00e3o da doen\u00e7a no Rio de Janeiro","datePublished":"2024-04-06T22:34:38+00:00","mainEntityOfPage":{"@id":"https:\/\/brasilnoticias.org\/site\/apos-vencer-o-cancer-preta-gil-e-homenageada-com-lei-de-conscientizacao-da-doenca-no-rio-de-janeiro\/"},"wordCount":497,"commentCount":0,"publisher":{"@id":"https:\/\/brasilnoticias.org\/site\/#organization"},"image":{"@id":"https:\/\/brasilnoticias.org\/site\/apos-vencer-o-cancer-preta-gil-e-homenageada-com-lei-de-conscientizacao-da-doenca-no-rio-de-janeiro\/#primaryimage"},"thumbnailUrl":"https:\/\/brasilnoticias.org\/site\/wp-content\/uploads\/2024\/04\/preta-gil.jpg","articleSection":["Entretenimento","\u00daltimas"],"inLanguage":"pt-PT","potentialAction":[{"@type":"CommentAction","name":"Comment","target":["https:\/\/brasilnoticias.org\/site\/apos-vencer-o-cancer-preta-gil-e-homenageada-com-lei-de-conscientizacao-da-doenca-no-rio-de-janeiro\/#respond"]}]},{"@type":"WebPage","@id":"https:\/\/brasilnoticias.org\/site\/apos-vencer-o-cancer-preta-gil-e-homenageada-com-lei-de-conscientizacao-da-doenca-no-rio-de-janeiro\/","url":"https:\/\/brasilnoticias.org\/site\/apos-vencer-o-cancer-preta-gil-e-homenageada-com-lei-de-conscientizacao-da-doenca-no-rio-de-janeiro\/","name":"Ap\u00f3s vencer o c\u00e2ncer, Preta Gil \u00e9 homenageada com lei de conscientiza\u00e7\u00e3o da doen\u00e7a no Rio de Janeiro - Brasil not\u00edcias","isPartOf":{"@id":"https:\/\/brasilnoticias.org\/site\/#website"},"primaryImageOfPage":{"@id":"https:\/\/brasilnoticias.org\/site\/apos-vencer-o-cancer-preta-gil-e-homenageada-com-lei-de-conscientizacao-da-doenca-no-rio-de-janeiro\/#primaryimage"},"image":{"@id":"https:\/\/brasilnoticias.org\/site\/apos-vencer-o-cancer-preta-gil-e-homenageada-com-lei-de-conscientizacao-da-doenca-no-rio-de-janeiro\/#primaryimage"},"thumbnailUrl":"https:\/\/brasilnoticias.org\/site\/wp-content\/uploads\/2024\/04\/preta-gil.jpg","datePublished":"2024-04-06T22:34:38+00:00","breadcrumb":{"@id":"https:\/\/brasilnoticias.org\/site\/apos-vencer-o-cancer-preta-gil-e-homenageada-com-lei-de-conscientizacao-da-doenca-no-rio-de-janeiro\/#breadcrumb"},"inLanguage":"pt-PT","potentialAction":[{"@type":"ReadAction","target":["https:\/\/brasilnoticias.org\/site\/apos-vencer-o-cancer-preta-gil-e-homenageada-com-lei-de-conscientizacao-da-doenca-no-rio-de-janeiro\/"]}]},{"@type":"ImageObject","inLanguage":"pt-PT","@id":"https:\/\/brasilnoticias.org\/site\/apos-vencer-o-cancer-preta-gil-e-homenageada-com-lei-de-conscientizacao-da-doenca-no-rio-de-janeiro\/#primaryimage","url":"https:\/\/brasilnoticias.org\/site\/wp-content\/uploads\/2024\/04\/preta-gil.jpg","contentUrl":"https:\/\/brasilnoticias.org\/site\/wp-content\/uploads\/2024\/04\/preta-gil.jpg","width":960,"height":500},{"@type":"BreadcrumbList","@id":"https:\/\/brasilnoticias.org\/site\/apos-vencer-o-cancer-preta-gil-e-homenageada-com-lei-de-conscientizacao-da-doenca-no-rio-de-janeiro\/#breadcrumb","itemListElement":[{"@type":"ListItem","position":1,"name":"In\u00edcio","item":"https:\/\/brasilnoticias.org\/site\/"},{"@type":"ListItem","position":2,"name":"Ap\u00f3s vencer o c\u00e2ncer, Preta Gil \u00e9 homenageada com lei de conscientiza\u00e7\u00e3o da doen\u00e7a no Rio de Janeiro"}]},{"@type":"WebSite","@id":"https:\/\/brasilnoticias.org\/site\/#website","url":"https:\/\/brasilnoticias.org\/site\/","name":"Brasil not\u00edcias","description":"Brasil not\u00edcias","publisher":{"@id":"https:\/\/brasilnoticias.org\/site\/#organization"},"potentialAction":[{"@type":"SearchAction","target":{"@type":"EntryPoint","urlTemplate":"https:\/\/brasilnoticias.org\/site\/?s={search_term_string}"},"query-input":{"@type":"PropertyValueSpecification","valueRequired":true,"valueName":"search_term_string"}}],"inLanguage":"pt-PT"},{"@type":"Organization","@id":"https:\/\/brasilnoticias.org\/site\/#organization","name":"Brasil not\u00edcias","url":"https:\/\/brasilnoticias.org\/site\/","logo":{"@type":"ImageObject","inLanguage":"pt-PT","@id":"https:\/\/brasilnoticias.org\/site\/#\/schema\/logo\/image\/","url":"https:\/\/brasilnoticias.org\/site\/wp-content\/uploads\/2022\/05\/cropped-brasilnoticias-mini.jpg","contentUrl":"https:\/\/brasilnoticias.org\/site\/wp-content\/uploads\/2022\/05\/cropped-brasilnoticias-mini.jpg","width":314,"height":86,"caption":"Brasil not\u00edcias"},"image":{"@id":"https:\/\/brasilnoticias.org\/site\/#\/schema\/logo\/image\/"}},{"@type":"Person","@id":"https:\/\/brasilnoticias.org\/site\/#\/schema\/person\/03bbbfe6c7634ad18c26444ea39049fa","name":"Reda\u00e7\u00e3o","image":{"@type":"ImageObject","inLanguage":"pt-PT","@id":"https:\/\/brasilnoticias.org\/site\/#\/schema\/person\/image\/","url":"https:\/\/secure.gravatar.com\/avatar\/9ecaf7327a696cb23ad926fedded5f1f04d7049de9e445375d55b48c001a6e42?s=96&d=mm&r=g","contentUrl":"https:\/\/secure.gravatar.com\/avatar\/9ecaf7327a696cb23ad926fedded5f1f04d7049de9e445375d55b48c001a6e42?s=96&d=mm&r=g","caption":"Reda\u00e7\u00e3o"},"url":"https:\/\/brasilnoticias.org\/site\/author\/henrique\/"}]}},"_links":{"self":[{"href":"https:\/\/brasilnoticias.org\/site\/wp-json\/wp\/v2\/posts\/13458","targetHints":{"allow":["GET"]}}],"collection":[{"href":"https:\/\/brasilnoticias.org\/site\/wp-json\/wp\/v2\/posts"}],"about":[{"href":"https:\/\/brasilnoticias.org\/site\/wp-json\/wp\/v2\/types\/post"}],"author":[{"embeddable":true,"href":"https:\/\/brasilnoticias.org\/site\/wp-json\/wp\/v2\/users\/4"}],"replies":[{"embeddable":true,"href":"https:\/\/brasilnoticias.org\/site\/wp-json\/wp\/v2\/comments?post=13458"}],"version-history":[{"count":1,"href":"https:\/\/brasilnoticias.org\/site\/wp-json\/wp\/v2\/posts\/13458\/revisions"}],"predecessor-version":[{"id":13460,"href":"https:\/\/brasilnoticias.org\/site\/wp-json\/wp\/v2\/posts\/13458\/revisions\/13460"}],"wp:featuredmedia":[{"embeddable":true,"href":"https:\/\/brasilnoticias.org\/site\/wp-json\/wp\/v2\/media\/13459"}],"wp:attachment":[{"href":"https:\/\/brasilnoticias.org\/site\/wp-json\/wp\/v2\/media?parent=13458"}],"wp:term":[{"taxonomy":"category","embeddable":true,"href":"https:\/\/brasilnoticias.org\/site\/wp-json\/wp\/v2\/categories?post=13458"},{"taxonomy":"post_tag","embeddable":true,"href":"https:\/\/brasilnoticias.org\/site\/wp-json\/wp\/v2\/tags?post=13458"}],"curies":[{"name":"wp","href":"https:\/\/api.w.org\/{rel}","templated":true}]}}