{"id":13467,"date":"2024-04-06T19:39:40","date_gmt":"2024-04-06T22:39:40","guid":{"rendered":"https:\/\/brasilnoticias.org\/site\/?p=13467"},"modified":"2024-04-06T19:39:40","modified_gmt":"2024-04-06T22:39:40","slug":"empresario-vira-reu-por-importunacao-sexual-contra-nutricionista-em-elevador","status":"publish","type":"post","link":"https:\/\/brasilnoticias.org\/site\/empresario-vira-reu-por-importunacao-sexual-contra-nutricionista-em-elevador\/","title":{"rendered":"Empres\u00e1rio vira r\u00e9u por importuna\u00e7\u00e3o sexual contra nutricionista em elevador"},"content":{"rendered":"<p>O pedido de pris\u00e3o ainda n\u00e3o foi decretado e precisa seguir o C\u00f3digo de Processo Penal.<\/p>\n<p>Ap\u00f3s ser flagrado tocando nas partes \u00edntimas de uma nutricionista em um elevador em Fortaleza, o empres\u00e1rio Israel Leal Bandeira Neto virou r\u00e9u pelo crime de importuna\u00e7\u00e3o sexual, atrav\u00e9s da den\u00fancia a Justi\u00e7a do Cear\u00e1. O pedido de pris\u00e3o ainda n\u00e3o foi analisado.<\/p>\n<p>Segundo a advogada Daniele Pimentel, membro do n\u00facleo de Cultura da Paz do Grupo Mulheres do Brasil, responder processos em liberdade \u00e9 a regra b\u00e1sica adotada no sistema processual pena. Portanto, para determinar a pris\u00e3o preventiva, \u00e9 necess\u00e1rio cumprir as exig\u00eancias do C\u00f3digo de Processo Penal.<\/p>\n<p>\u201cNo caso concreto do crime de importuna\u00e7\u00e3o sexual, a pris\u00e3o preventiva s\u00f3 se justificaria no caso de o acusado, por exemplo, atrapalhar a instru\u00e7\u00e3o criminal, intimidando a v\u00edtima ou testemunhas, empreender fuga e ficar em lugar incerto e n\u00e3o sabido para se esquivar da futura aplica\u00e7\u00e3o da lei penal\u201d, aponta a advogada.<\/p>\n<p>Foto: Reprodu\u00e7\u00e3o\/Youtube<br \/>\nPor: Metro1<\/p>\n","protected":false},"excerpt":{"rendered":"<p>O pedido de pris\u00e3o ainda n\u00e3o foi decretado e precisa seguir o C\u00f3digo de Processo Penal. Ap\u00f3s ser flagrado tocando<\/p>\n","protected":false},"author":4,"featured_media":13468,"comment_status":"open","ping_status":"open","sticky":false,"template":"","format":"standard","meta":{"colormag_page_container_layout":"default_layout","colormag_page_sidebar_layout":"default_layout","_FSMCFIC_featured_image_caption":"","_FSMCFIC_featured_image_nocaption":"","_FSMCFIC_featured_image_hide":"","footnotes":""},"categories":[3,1],"tags":[],"class_list":["post-13467","post","type-post","status-publish","format-standard","has-post-thumbnail","hentry","category-policia","category-ultimas"],"yoast_head":"<!-- This site is optimized with the Yoast SEO plugin v27.1.1 - https:\/\/yoast.com\/product\/yoast-seo-wordpress\/ -->\n<title>Empres\u00e1rio vira r\u00e9u por importuna\u00e7\u00e3o sexual contra nutricionista em elevador - Brasil not\u00edcias<\/title>\n<meta name=\"robots\" content=\"index, follow, max-snippet:-1, max-image-preview:large, max-video-preview:-1\" \/>\n<link rel=\"canonical\" href=\"https:\/\/brasilnoticias.org\/site\/empresario-vira-reu-por-importunacao-sexual-contra-nutricionista-em-elevador\/\" \/>\n<meta property=\"og:locale\" content=\"pt_PT\" \/>\n<meta property=\"og:type\" content=\"article\" \/>\n<meta property=\"og:title\" content=\"Empres\u00e1rio vira r\u00e9u por importuna\u00e7\u00e3o sexual contra nutricionista em elevador - Brasil not\u00edcias\" \/>\n<meta property=\"og:description\" content=\"O pedido de pris\u00e3o ainda n\u00e3o foi decretado e precisa seguir o C\u00f3digo de Processo Penal. Ap\u00f3s ser flagrado tocando\" \/>\n<meta property=\"og:url\" content=\"https:\/\/brasilnoticias.org\/site\/empresario-vira-reu-por-importunacao-sexual-contra-nutricionista-em-elevador\/\" \/>\n<meta property=\"og:site_name\" content=\"Brasil not\u00edcias\" \/>\n<meta property=\"article:published_time\" content=\"2024-04-06T22:39:40+00:00\" \/>\n<meta property=\"og:image\" content=\"https:\/\/brasilnoticias.org\/site\/wp-content\/uploads\/2024\/04\/148357empresario-vira-reu-por-importunacao-sexual-contra-nutricionista-em-elevador-3.jpg\" \/>\n\t<meta property=\"og:image:width\" content=\"1600\" \/>\n\t<meta property=\"og:image:height\" content=\"752\" \/>\n\t<meta property=\"og:image:type\" content=\"image\/jpeg\" \/>\n<meta name=\"author\" content=\"Reda\u00e7\u00e3o\" \/>\n<meta name=\"twitter:card\" content=\"summary_large_image\" \/>\n<meta name=\"twitter:label1\" content=\"Escrito por\" \/>\n\t<meta name=\"twitter:data1\" content=\"Reda\u00e7\u00e3o\" \/>\n\t<meta name=\"twitter:label2\" content=\"Tempo estimado de leitura\" \/>\n\t<meta name=\"twitter:data2\" content=\"1 minuto\" \/>\n<script type=\"application\/ld+json\" class=\"yoast-schema-graph\">{\"@context\":\"https:\/\/schema.org\",\"@graph\":[{\"@type\":\"Article\",\"@id\":\"https:\/\/brasilnoticias.org\/site\/empresario-vira-reu-por-importunacao-sexual-contra-nutricionista-em-elevador\/#article\",\"isPartOf\":{\"@id\":\"https:\/\/brasilnoticias.org\/site\/empresario-vira-reu-por-importunacao-sexual-contra-nutricionista-em-elevador\/\"},\"author\":{\"name\":\"Reda\u00e7\u00e3o\",\"@id\":\"https:\/\/brasilnoticias.org\/site\/#\/schema\/person\/03bbbfe6c7634ad18c26444ea39049fa\"},\"headline\":\"Empres\u00e1rio vira r\u00e9u por importuna\u00e7\u00e3o sexual contra nutricionista em elevador\",\"datePublished\":\"2024-04-06T22:39:40+00:00\",\"mainEntityOfPage\":{\"@id\":\"https:\/\/brasilnoticias.org\/site\/empresario-vira-reu-por-importunacao-sexual-contra-nutricionista-em-elevador\/\"},\"wordCount\":198,\"commentCount\":0,\"publisher\":{\"@id\":\"https:\/\/brasilnoticias.org\/site\/#organization\"},\"image\":{\"@id\":\"https:\/\/brasilnoticias.org\/site\/empresario-vira-reu-por-importunacao-sexual-contra-nutricionista-em-elevador\/#primaryimage\"},\"thumbnailUrl\":\"https:\/\/brasilnoticias.org\/site\/wp-content\/uploads\/2024\/04\/148357empresario-vira-reu-por-importunacao-sexual-contra-nutricionista-em-elevador-3.jpg\",\"articleSection\":[\"Pol\u00edcia\",\"\u00daltimas\"],\"inLanguage\":\"pt-PT\",\"potentialAction\":[{\"@type\":\"CommentAction\",\"name\":\"Comment\",\"target\":[\"https:\/\/brasilnoticias.org\/site\/empresario-vira-reu-por-importunacao-sexual-contra-nutricionista-em-elevador\/#respond\"]}]},{\"@type\":\"WebPage\",\"@id\":\"https:\/\/brasilnoticias.org\/site\/empresario-vira-reu-por-importunacao-sexual-contra-nutricionista-em-elevador\/\",\"url\":\"https:\/\/brasilnoticias.org\/site\/empresario-vira-reu-por-importunacao-sexual-contra-nutricionista-em-elevador\/\",\"name\":\"Empres\u00e1rio vira r\u00e9u por importuna\u00e7\u00e3o sexual contra nutricionista em elevador - Brasil not\u00edcias\",\"isPartOf\":{\"@id\":\"https:\/\/brasilnoticias.org\/site\/#website\"},\"primaryImageOfPage\":{\"@id\":\"https:\/\/brasilnoticias.org\/site\/empresario-vira-reu-por-importunacao-sexual-contra-nutricionista-em-elevador\/#primaryimage\"},\"image\":{\"@id\":\"https:\/\/brasilnoticias.org\/site\/empresario-vira-reu-por-importunacao-sexual-contra-nutricionista-em-elevador\/#primaryimage\"},\"thumbnailUrl\":\"https:\/\/brasilnoticias.org\/site\/wp-content\/uploads\/2024\/04\/148357empresario-vira-reu-por-importunacao-sexual-contra-nutricionista-em-elevador-3.jpg\",\"datePublished\":\"2024-04-06T22:39:40+00:00\",\"breadcrumb\":{\"@id\":\"https:\/\/brasilnoticias.org\/site\/empresario-vira-reu-por-importunacao-sexual-contra-nutricionista-em-elevador\/#breadcrumb\"},\"inLanguage\":\"pt-PT\",\"potentialAction\":[{\"@type\":\"ReadAction\",\"target\":[\"https:\/\/brasilnoticias.org\/site\/empresario-vira-reu-por-importunacao-sexual-contra-nutricionista-em-elevador\/\"]}]},{\"@type\":\"ImageObject\",\"inLanguage\":\"pt-PT\",\"@id\":\"https:\/\/brasilnoticias.org\/site\/empresario-vira-reu-por-importunacao-sexual-contra-nutricionista-em-elevador\/#primaryimage\",\"url\":\"https:\/\/brasilnoticias.org\/site\/wp-content\/uploads\/2024\/04\/148357empresario-vira-reu-por-importunacao-sexual-contra-nutricionista-em-elevador-3.jpg\",\"contentUrl\":\"https:\/\/brasilnoticias.org\/site\/wp-content\/uploads\/2024\/04\/148357empresario-vira-reu-por-importunacao-sexual-contra-nutricionista-em-elevador-3.jpg\",\"width\":1600,\"height\":752},{\"@type\":\"BreadcrumbList\",\"@id\":\"https:\/\/brasilnoticias.org\/site\/empresario-vira-reu-por-importunacao-sexual-contra-nutricionista-em-elevador\/#breadcrumb\",\"itemListElement\":[{\"@type\":\"ListItem\",\"position\":1,\"name\":\"In\u00edcio\",\"item\":\"https:\/\/brasilnoticias.org\/site\/\"},{\"@type\":\"ListItem\",\"position\":2,\"name\":\"Empres\u00e1rio vira r\u00e9u por importuna\u00e7\u00e3o sexual contra nutricionista em elevador\"}]},{\"@type\":\"WebSite\",\"@id\":\"https:\/\/brasilnoticias.org\/site\/#website\",\"url\":\"https:\/\/brasilnoticias.org\/site\/\",\"name\":\"Brasil not\u00edcias\",\"description\":\"Brasil not\u00edcias\",\"publisher\":{\"@id\":\"https:\/\/brasilnoticias.org\/site\/#organization\"},\"potentialAction\":[{\"@type\":\"SearchAction\",\"target\":{\"@type\":\"EntryPoint\",\"urlTemplate\":\"https:\/\/brasilnoticias.org\/site\/?s={search_term_string}\"},\"query-input\":{\"@type\":\"PropertyValueSpecification\",\"valueRequired\":true,\"valueName\":\"search_term_string\"}}],\"inLanguage\":\"pt-PT\"},{\"@type\":\"Organization\",\"@id\":\"https:\/\/brasilnoticias.org\/site\/#organization\",\"name\":\"Brasil not\u00edcias\",\"url\":\"https:\/\/brasilnoticias.org\/site\/\",\"logo\":{\"@type\":\"ImageObject\",\"inLanguage\":\"pt-PT\",\"@id\":\"https:\/\/brasilnoticias.org\/site\/#\/schema\/logo\/image\/\",\"url\":\"https:\/\/brasilnoticias.org\/site\/wp-content\/uploads\/2022\/05\/cropped-brasilnoticias-mini.jpg\",\"contentUrl\":\"https:\/\/brasilnoticias.org\/site\/wp-content\/uploads\/2022\/05\/cropped-brasilnoticias-mini.jpg\",\"width\":314,\"height\":86,\"caption\":\"Brasil not\u00edcias\"},\"image\":{\"@id\":\"https:\/\/brasilnoticias.org\/site\/#\/schema\/logo\/image\/\"}},{\"@type\":\"Person\",\"@id\":\"https:\/\/brasilnoticias.org\/site\/#\/schema\/person\/03bbbfe6c7634ad18c26444ea39049fa\",\"name\":\"Reda\u00e7\u00e3o\",\"image\":{\"@type\":\"ImageObject\",\"inLanguage\":\"pt-PT\",\"@id\":\"https:\/\/brasilnoticias.org\/site\/#\/schema\/person\/image\/\",\"url\":\"https:\/\/secure.gravatar.com\/avatar\/9ecaf7327a696cb23ad926fedded5f1f04d7049de9e445375d55b48c001a6e42?s=96&d=mm&r=g\",\"contentUrl\":\"https:\/\/secure.gravatar.com\/avatar\/9ecaf7327a696cb23ad926fedded5f1f04d7049de9e445375d55b48c001a6e42?s=96&d=mm&r=g\",\"caption\":\"Reda\u00e7\u00e3o\"},\"url\":\"https:\/\/brasilnoticias.org\/site\/author\/henrique\/\"}]}<\/script>\n<!-- \/ Yoast SEO plugin. -->","yoast_head_json":{"title":"Empres\u00e1rio vira r\u00e9u por importuna\u00e7\u00e3o sexual contra nutricionista em elevador - Brasil not\u00edcias","robots":{"index":"index","follow":"follow","max-snippet":"max-snippet:-1","max-image-preview":"max-image-preview:large","max-video-preview":"max-video-preview:-1"},"canonical":"https:\/\/brasilnoticias.org\/site\/empresario-vira-reu-por-importunacao-sexual-contra-nutricionista-em-elevador\/","og_locale":"pt_PT","og_type":"article","og_title":"Empres\u00e1rio vira r\u00e9u por importuna\u00e7\u00e3o sexual contra nutricionista em elevador - Brasil not\u00edcias","og_description":"O pedido de pris\u00e3o ainda n\u00e3o foi decretado e precisa seguir o C\u00f3digo de Processo Penal. Ap\u00f3s ser flagrado tocando","og_url":"https:\/\/brasilnoticias.org\/site\/empresario-vira-reu-por-importunacao-sexual-contra-nutricionista-em-elevador\/","og_site_name":"Brasil not\u00edcias","article_published_time":"2024-04-06T22:39:40+00:00","og_image":[{"width":1600,"height":752,"url":"https:\/\/brasilnoticias.org\/site\/wp-content\/uploads\/2024\/04\/148357empresario-vira-reu-por-importunacao-sexual-contra-nutricionista-em-elevador-3.jpg","type":"image\/jpeg"}],"author":"Reda\u00e7\u00e3o","twitter_card":"summary_large_image","twitter_misc":{"Escrito por":"Reda\u00e7\u00e3o","Tempo estimado de leitura":"1 minuto"},"schema":{"@context":"https:\/\/schema.org","@graph":[{"@type":"Article","@id":"https:\/\/brasilnoticias.org\/site\/empresario-vira-reu-por-importunacao-sexual-contra-nutricionista-em-elevador\/#article","isPartOf":{"@id":"https:\/\/brasilnoticias.org\/site\/empresario-vira-reu-por-importunacao-sexual-contra-nutricionista-em-elevador\/"},"author":{"name":"Reda\u00e7\u00e3o","@id":"https:\/\/brasilnoticias.org\/site\/#\/schema\/person\/03bbbfe6c7634ad18c26444ea39049fa"},"headline":"Empres\u00e1rio vira r\u00e9u por importuna\u00e7\u00e3o sexual contra nutricionista em elevador","datePublished":"2024-04-06T22:39:40+00:00","mainEntityOfPage":{"@id":"https:\/\/brasilnoticias.org\/site\/empresario-vira-reu-por-importunacao-sexual-contra-nutricionista-em-elevador\/"},"wordCount":198,"commentCount":0,"publisher":{"@id":"https:\/\/brasilnoticias.org\/site\/#organization"},"image":{"@id":"https:\/\/brasilnoticias.org\/site\/empresario-vira-reu-por-importunacao-sexual-contra-nutricionista-em-elevador\/#primaryimage"},"thumbnailUrl":"https:\/\/brasilnoticias.org\/site\/wp-content\/uploads\/2024\/04\/148357empresario-vira-reu-por-importunacao-sexual-contra-nutricionista-em-elevador-3.jpg","articleSection":["Pol\u00edcia","\u00daltimas"],"inLanguage":"pt-PT","potentialAction":[{"@type":"CommentAction","name":"Comment","target":["https:\/\/brasilnoticias.org\/site\/empresario-vira-reu-por-importunacao-sexual-contra-nutricionista-em-elevador\/#respond"]}]},{"@type":"WebPage","@id":"https:\/\/brasilnoticias.org\/site\/empresario-vira-reu-por-importunacao-sexual-contra-nutricionista-em-elevador\/","url":"https:\/\/brasilnoticias.org\/site\/empresario-vira-reu-por-importunacao-sexual-contra-nutricionista-em-elevador\/","name":"Empres\u00e1rio vira r\u00e9u por importuna\u00e7\u00e3o sexual contra nutricionista em elevador - Brasil not\u00edcias","isPartOf":{"@id":"https:\/\/brasilnoticias.org\/site\/#website"},"primaryImageOfPage":{"@id":"https:\/\/brasilnoticias.org\/site\/empresario-vira-reu-por-importunacao-sexual-contra-nutricionista-em-elevador\/#primaryimage"},"image":{"@id":"https:\/\/brasilnoticias.org\/site\/empresario-vira-reu-por-importunacao-sexual-contra-nutricionista-em-elevador\/#primaryimage"},"thumbnailUrl":"https:\/\/brasilnoticias.org\/site\/wp-content\/uploads\/2024\/04\/148357empresario-vira-reu-por-importunacao-sexual-contra-nutricionista-em-elevador-3.jpg","datePublished":"2024-04-06T22:39:40+00:00","breadcrumb":{"@id":"https:\/\/brasilnoticias.org\/site\/empresario-vira-reu-por-importunacao-sexual-contra-nutricionista-em-elevador\/#breadcrumb"},"inLanguage":"pt-PT","potentialAction":[{"@type":"ReadAction","target":["https:\/\/brasilnoticias.org\/site\/empresario-vira-reu-por-importunacao-sexual-contra-nutricionista-em-elevador\/"]}]},{"@type":"ImageObject","inLanguage":"pt-PT","@id":"https:\/\/brasilnoticias.org\/site\/empresario-vira-reu-por-importunacao-sexual-contra-nutricionista-em-elevador\/#primaryimage","url":"https:\/\/brasilnoticias.org\/site\/wp-content\/uploads\/2024\/04\/148357empresario-vira-reu-por-importunacao-sexual-contra-nutricionista-em-elevador-3.jpg","contentUrl":"https:\/\/brasilnoticias.org\/site\/wp-content\/uploads\/2024\/04\/148357empresario-vira-reu-por-importunacao-sexual-contra-nutricionista-em-elevador-3.jpg","width":1600,"height":752},{"@type":"BreadcrumbList","@id":"https:\/\/brasilnoticias.org\/site\/empresario-vira-reu-por-importunacao-sexual-contra-nutricionista-em-elevador\/#breadcrumb","itemListElement":[{"@type":"ListItem","position":1,"name":"In\u00edcio","item":"https:\/\/brasilnoticias.org\/site\/"},{"@type":"ListItem","position":2,"name":"Empres\u00e1rio vira r\u00e9u por importuna\u00e7\u00e3o sexual contra nutricionista em elevador"}]},{"@type":"WebSite","@id":"https:\/\/brasilnoticias.org\/site\/#website","url":"https:\/\/brasilnoticias.org\/site\/","name":"Brasil not\u00edcias","description":"Brasil not\u00edcias","publisher":{"@id":"https:\/\/brasilnoticias.org\/site\/#organization"},"potentialAction":[{"@type":"SearchAction","target":{"@type":"EntryPoint","urlTemplate":"https:\/\/brasilnoticias.org\/site\/?s={search_term_string}"},"query-input":{"@type":"PropertyValueSpecification","valueRequired":true,"valueName":"search_term_string"}}],"inLanguage":"pt-PT"},{"@type":"Organization","@id":"https:\/\/brasilnoticias.org\/site\/#organization","name":"Brasil not\u00edcias","url":"https:\/\/brasilnoticias.org\/site\/","logo":{"@type":"ImageObject","inLanguage":"pt-PT","@id":"https:\/\/brasilnoticias.org\/site\/#\/schema\/logo\/image\/","url":"https:\/\/brasilnoticias.org\/site\/wp-content\/uploads\/2022\/05\/cropped-brasilnoticias-mini.jpg","contentUrl":"https:\/\/brasilnoticias.org\/site\/wp-content\/uploads\/2022\/05\/cropped-brasilnoticias-mini.jpg","width":314,"height":86,"caption":"Brasil not\u00edcias"},"image":{"@id":"https:\/\/brasilnoticias.org\/site\/#\/schema\/logo\/image\/"}},{"@type":"Person","@id":"https:\/\/brasilnoticias.org\/site\/#\/schema\/person\/03bbbfe6c7634ad18c26444ea39049fa","name":"Reda\u00e7\u00e3o","image":{"@type":"ImageObject","inLanguage":"pt-PT","@id":"https:\/\/brasilnoticias.org\/site\/#\/schema\/person\/image\/","url":"https:\/\/secure.gravatar.com\/avatar\/9ecaf7327a696cb23ad926fedded5f1f04d7049de9e445375d55b48c001a6e42?s=96&d=mm&r=g","contentUrl":"https:\/\/secure.gravatar.com\/avatar\/9ecaf7327a696cb23ad926fedded5f1f04d7049de9e445375d55b48c001a6e42?s=96&d=mm&r=g","caption":"Reda\u00e7\u00e3o"},"url":"https:\/\/brasilnoticias.org\/site\/author\/henrique\/"}]}},"_links":{"self":[{"href":"https:\/\/brasilnoticias.org\/site\/wp-json\/wp\/v2\/posts\/13467","targetHints":{"allow":["GET"]}}],"collection":[{"href":"https:\/\/brasilnoticias.org\/site\/wp-json\/wp\/v2\/posts"}],"about":[{"href":"https:\/\/brasilnoticias.org\/site\/wp-json\/wp\/v2\/types\/post"}],"author":[{"embeddable":true,"href":"https:\/\/brasilnoticias.org\/site\/wp-json\/wp\/v2\/users\/4"}],"replies":[{"embeddable":true,"href":"https:\/\/brasilnoticias.org\/site\/wp-json\/wp\/v2\/comments?post=13467"}],"version-history":[{"count":1,"href":"https:\/\/brasilnoticias.org\/site\/wp-json\/wp\/v2\/posts\/13467\/revisions"}],"predecessor-version":[{"id":13469,"href":"https:\/\/brasilnoticias.org\/site\/wp-json\/wp\/v2\/posts\/13467\/revisions\/13469"}],"wp:featuredmedia":[{"embeddable":true,"href":"https:\/\/brasilnoticias.org\/site\/wp-json\/wp\/v2\/media\/13468"}],"wp:attachment":[{"href":"https:\/\/brasilnoticias.org\/site\/wp-json\/wp\/v2\/media?parent=13467"}],"wp:term":[{"taxonomy":"category","embeddable":true,"href":"https:\/\/brasilnoticias.org\/site\/wp-json\/wp\/v2\/categories?post=13467"},{"taxonomy":"post_tag","embeddable":true,"href":"https:\/\/brasilnoticias.org\/site\/wp-json\/wp\/v2\/tags?post=13467"}],"curies":[{"name":"wp","href":"https:\/\/api.w.org\/{rel}","templated":true}]}}