{"id":13470,"date":"2024-04-06T19:40:38","date_gmt":"2024-04-06T22:40:38","guid":{"rendered":"https:\/\/brasilnoticias.org\/site\/?p=13470"},"modified":"2024-04-06T19:40:38","modified_gmt":"2024-04-06T22:40:38","slug":"filho-de-lula-nega-agressoes-e-traicoes-contra-ex-companheira-jamais-agrediria","status":"publish","type":"post","link":"https:\/\/brasilnoticias.org\/site\/filho-de-lula-nega-agressoes-e-traicoes-contra-ex-companheira-jamais-agrediria\/","title":{"rendered":"Filho de Lula nega agress\u00f5es e trai\u00e7\u00f5es contra ex-companheira: &#8220;Jamais agrediria&#8221;"},"content":{"rendered":"<p>Em defesa, Luis Cl\u00e1udio disse que chegou a receber uma \u201ccesta de caf\u00e9 da manh\u00e3\u201d da v\u00edtima no dia anterior a suposta agress\u00e3o<\/p>\n<p>O filho ca\u00e7ula do presidente Lula, Lu\u00eds Cl\u00e1udio Lula da Silva, acusado de agredir f\u00edsica, verbal e psicologicamente a ex-companheira, nega todas as acusa\u00e7\u00f5es feitas contra ele. O empres\u00e1rio teria um relacionamento de dois anos com a v\u00edtima, que prestou depoimento nesta sexta-feira (5) acompanhada de escolta policial. <\/p>\n<p>Segundo informa\u00e7\u00f5es do portal UOL, Lu\u00eds Cl\u00e1udio disse que \u201cjamais agrediria\u201d a v\u00edtima e que, \u201cdesde o t\u00e9rmino do relacionamento, em janeiro deste ano, sempre fui muito atencioso com ela\u201d. \u201cNunca chamei ela destes nomes todos que ela diz. Vou provar minha inoc\u00eancia\u201d. <\/p>\n<p>No depoimento, a v\u00edtima alegou que Luis Cl\u00e1udio deu \u201cuma cotovelada na barriga\u201d dela \u201cem uma das brigas no final de janeiro deste ano\u201d, e que recebia amea\u00e7as e ofensas constantes dele, sendo chamada de \u201cdoente mental\u201d, \u201cvagabunda\u201d e \u201clouca\u201d.<\/p>\n<p>Em defesa, o filho do presidente da Rep\u00fablica alega que chegou a receber uma cesta de caf\u00e9 da manh\u00e3 de Nat\u00e1lia ap\u00f3s a data da suposta agress\u00e3o e que ela planejava fazer uma festa surpresa a ele. Ordens da ju\u00edza Joanna Palmieri Abdallah, do Foro da Casa da Mulher Brasileira, pro\u00edbem o contato e a aproxima\u00e7\u00e3o de Luis Cl\u00e1udio com a v\u00edtima.<\/p>\n<p>\u201cSe eu a tivesse agredido de alguma forma, tivesse machucado, voc\u00ea acha que ela teria mandado um presente para mim no dia do meu anivers\u00e1rio?, disse Lu\u00eds Cl\u00e1udio. \u201cEla me mandou uma cesta cheia de comida, com mensagem e tudo. Como uma pessoa que foi agredida, tem esse tipo de rea\u00e7\u00e3o?\u201d, afirmou. <\/p>\n<p>Em nota, a defesa de Lu\u00eds Cl\u00e1udio negou as acusa\u00e7\u00f5es e disse que processar\u00e1 a ex-companheira. <\/p>\n<p>\u201cTomamos conhecimento das fantasiosas declara\u00e7\u00f5es que teriam sido proferidas pela m\u00e9dica, atribuindo ao nosso cliente inver\u00eddicas e fantasiosas agress\u00f5es, cujas mentiras s\u00e3o enquadr\u00e1veis nos tipos dos delitos de cal\u00fania, inj\u00faria e difama\u00e7\u00e3o, al\u00e9m de responder por repara\u00e7\u00e3o por danos morais, motivos pelos quais ser\u00e3o tomadas as medidas legais pertinentes\u201d, disse a advogada, Carmen Tannuri.<\/p>\n<p>Foto: Reprodu\u00e7\u00e3o\/Redes Sociais<br \/>\nPor: Metro1<\/p>\n","protected":false},"excerpt":{"rendered":"<p>Em defesa, Luis Cl\u00e1udio disse que chegou a receber uma \u201ccesta de caf\u00e9 da manh\u00e3\u201d da v\u00edtima no dia anterior<\/p>\n","protected":false},"author":4,"featured_media":13471,"comment_status":"open","ping_status":"open","sticky":false,"template":"","format":"standard","meta":{"colormag_page_container_layout":"default_layout","colormag_page_sidebar_layout":"default_layout","_FSMCFIC_featured_image_caption":"","_FSMCFIC_featured_image_nocaption":"","_FSMCFIC_featured_image_hide":"","footnotes":""},"categories":[2,1],"tags":[],"class_list":["post-13470","post","type-post","status-publish","format-standard","has-post-thumbnail","hentry","category-noticias","category-ultimas"],"yoast_head":"<!-- This site is optimized with the Yoast SEO plugin v27.1.1 - https:\/\/yoast.com\/product\/yoast-seo-wordpress\/ -->\n<title>Filho de Lula nega agress\u00f5es e trai\u00e7\u00f5es contra ex-companheira: &quot;Jamais agrediria&quot; - Brasil not\u00edcias<\/title>\n<meta name=\"robots\" content=\"index, follow, max-snippet:-1, max-image-preview:large, max-video-preview:-1\" \/>\n<link rel=\"canonical\" href=\"https:\/\/brasilnoticias.org\/site\/filho-de-lula-nega-agressoes-e-traicoes-contra-ex-companheira-jamais-agrediria\/\" \/>\n<meta property=\"og:locale\" content=\"pt_PT\" \/>\n<meta property=\"og:type\" content=\"article\" \/>\n<meta property=\"og:title\" content=\"Filho de Lula nega agress\u00f5es e trai\u00e7\u00f5es contra ex-companheira: &quot;Jamais agrediria&quot; - Brasil not\u00edcias\" \/>\n<meta property=\"og:description\" content=\"Em defesa, Luis Cl\u00e1udio disse que chegou a receber uma \u201ccesta de caf\u00e9 da manh\u00e3\u201d da v\u00edtima no dia anterior\" \/>\n<meta property=\"og:url\" content=\"https:\/\/brasilnoticias.org\/site\/filho-de-lula-nega-agressoes-e-traicoes-contra-ex-companheira-jamais-agrediria\/\" \/>\n<meta property=\"og:site_name\" content=\"Brasil not\u00edcias\" \/>\n<meta property=\"article:published_time\" content=\"2024-04-06T22:40:38+00:00\" \/>\n<meta property=\"og:image\" content=\"https:\/\/brasilnoticias.org\/site\/wp-content\/uploads\/2024\/04\/148352filho-de-lula-nega-agressoes-e-traicoes-contra-ex-companheira-jamais-agrediria-3.jpg\" \/>\n\t<meta property=\"og:image:width\" content=\"1600\" \/>\n\t<meta property=\"og:image:height\" content=\"752\" \/>\n\t<meta property=\"og:image:type\" content=\"image\/jpeg\" \/>\n<meta name=\"author\" content=\"Reda\u00e7\u00e3o\" \/>\n<meta name=\"twitter:card\" content=\"summary_large_image\" \/>\n<meta name=\"twitter:label1\" content=\"Escrito por\" \/>\n\t<meta name=\"twitter:data1\" content=\"Reda\u00e7\u00e3o\" \/>\n<script type=\"application\/ld+json\" class=\"yoast-schema-graph\">{\"@context\":\"https:\/\/schema.org\",\"@graph\":[{\"@type\":\"Article\",\"@id\":\"https:\/\/brasilnoticias.org\/site\/filho-de-lula-nega-agressoes-e-traicoes-contra-ex-companheira-jamais-agrediria\/#article\",\"isPartOf\":{\"@id\":\"https:\/\/brasilnoticias.org\/site\/filho-de-lula-nega-agressoes-e-traicoes-contra-ex-companheira-jamais-agrediria\/\"},\"author\":{\"name\":\"Reda\u00e7\u00e3o\",\"@id\":\"https:\/\/brasilnoticias.org\/site\/#\/schema\/person\/03bbbfe6c7634ad18c26444ea39049fa\"},\"headline\":\"Filho de Lula nega agress\u00f5es e trai\u00e7\u00f5es contra ex-companheira: &#8220;Jamais agrediria&#8221;\",\"datePublished\":\"2024-04-06T22:40:38+00:00\",\"mainEntityOfPage\":{\"@id\":\"https:\/\/brasilnoticias.org\/site\/filho-de-lula-nega-agressoes-e-traicoes-contra-ex-companheira-jamais-agrediria\/\"},\"wordCount\":404,\"commentCount\":0,\"publisher\":{\"@id\":\"https:\/\/brasilnoticias.org\/site\/#organization\"},\"image\":{\"@id\":\"https:\/\/brasilnoticias.org\/site\/filho-de-lula-nega-agressoes-e-traicoes-contra-ex-companheira-jamais-agrediria\/#primaryimage\"},\"thumbnailUrl\":\"https:\/\/brasilnoticias.org\/site\/wp-content\/uploads\/2024\/04\/148352filho-de-lula-nega-agressoes-e-traicoes-contra-ex-companheira-jamais-agrediria-3.jpg\",\"articleSection\":[\"Not\u00edcias\",\"\u00daltimas\"],\"inLanguage\":\"pt-PT\",\"potentialAction\":[{\"@type\":\"CommentAction\",\"name\":\"Comment\",\"target\":[\"https:\/\/brasilnoticias.org\/site\/filho-de-lula-nega-agressoes-e-traicoes-contra-ex-companheira-jamais-agrediria\/#respond\"]}]},{\"@type\":\"WebPage\",\"@id\":\"https:\/\/brasilnoticias.org\/site\/filho-de-lula-nega-agressoes-e-traicoes-contra-ex-companheira-jamais-agrediria\/\",\"url\":\"https:\/\/brasilnoticias.org\/site\/filho-de-lula-nega-agressoes-e-traicoes-contra-ex-companheira-jamais-agrediria\/\",\"name\":\"Filho de Lula nega agress\u00f5es e trai\u00e7\u00f5es contra ex-companheira: \\\"Jamais agrediria\\\" - Brasil not\u00edcias\",\"isPartOf\":{\"@id\":\"https:\/\/brasilnoticias.org\/site\/#website\"},\"primaryImageOfPage\":{\"@id\":\"https:\/\/brasilnoticias.org\/site\/filho-de-lula-nega-agressoes-e-traicoes-contra-ex-companheira-jamais-agrediria\/#primaryimage\"},\"image\":{\"@id\":\"https:\/\/brasilnoticias.org\/site\/filho-de-lula-nega-agressoes-e-traicoes-contra-ex-companheira-jamais-agrediria\/#primaryimage\"},\"thumbnailUrl\":\"https:\/\/brasilnoticias.org\/site\/wp-content\/uploads\/2024\/04\/148352filho-de-lula-nega-agressoes-e-traicoes-contra-ex-companheira-jamais-agrediria-3.jpg\",\"datePublished\":\"2024-04-06T22:40:38+00:00\",\"breadcrumb\":{\"@id\":\"https:\/\/brasilnoticias.org\/site\/filho-de-lula-nega-agressoes-e-traicoes-contra-ex-companheira-jamais-agrediria\/#breadcrumb\"},\"inLanguage\":\"pt-PT\",\"potentialAction\":[{\"@type\":\"ReadAction\",\"target\":[\"https:\/\/brasilnoticias.org\/site\/filho-de-lula-nega-agressoes-e-traicoes-contra-ex-companheira-jamais-agrediria\/\"]}]},{\"@type\":\"ImageObject\",\"inLanguage\":\"pt-PT\",\"@id\":\"https:\/\/brasilnoticias.org\/site\/filho-de-lula-nega-agressoes-e-traicoes-contra-ex-companheira-jamais-agrediria\/#primaryimage\",\"url\":\"https:\/\/brasilnoticias.org\/site\/wp-content\/uploads\/2024\/04\/148352filho-de-lula-nega-agressoes-e-traicoes-contra-ex-companheira-jamais-agrediria-3.jpg\",\"contentUrl\":\"https:\/\/brasilnoticias.org\/site\/wp-content\/uploads\/2024\/04\/148352filho-de-lula-nega-agressoes-e-traicoes-contra-ex-companheira-jamais-agrediria-3.jpg\",\"width\":1600,\"height\":752},{\"@type\":\"BreadcrumbList\",\"@id\":\"https:\/\/brasilnoticias.org\/site\/filho-de-lula-nega-agressoes-e-traicoes-contra-ex-companheira-jamais-agrediria\/#breadcrumb\",\"itemListElement\":[{\"@type\":\"ListItem\",\"position\":1,\"name\":\"In\u00edcio\",\"item\":\"https:\/\/brasilnoticias.org\/site\/\"},{\"@type\":\"ListItem\",\"position\":2,\"name\":\"Filho de Lula nega agress\u00f5es e trai\u00e7\u00f5es contra ex-companheira: &#8220;Jamais agrediria&#8221;\"}]},{\"@type\":\"WebSite\",\"@id\":\"https:\/\/brasilnoticias.org\/site\/#website\",\"url\":\"https:\/\/brasilnoticias.org\/site\/\",\"name\":\"Brasil not\u00edcias\",\"description\":\"Brasil not\u00edcias\",\"publisher\":{\"@id\":\"https:\/\/brasilnoticias.org\/site\/#organization\"},\"potentialAction\":[{\"@type\":\"SearchAction\",\"target\":{\"@type\":\"EntryPoint\",\"urlTemplate\":\"https:\/\/brasilnoticias.org\/site\/?s={search_term_string}\"},\"query-input\":{\"@type\":\"PropertyValueSpecification\",\"valueRequired\":true,\"valueName\":\"search_term_string\"}}],\"inLanguage\":\"pt-PT\"},{\"@type\":\"Organization\",\"@id\":\"https:\/\/brasilnoticias.org\/site\/#organization\",\"name\":\"Brasil not\u00edcias\",\"url\":\"https:\/\/brasilnoticias.org\/site\/\",\"logo\":{\"@type\":\"ImageObject\",\"inLanguage\":\"pt-PT\",\"@id\":\"https:\/\/brasilnoticias.org\/site\/#\/schema\/logo\/image\/\",\"url\":\"https:\/\/brasilnoticias.org\/site\/wp-content\/uploads\/2022\/05\/cropped-brasilnoticias-mini.jpg\",\"contentUrl\":\"https:\/\/brasilnoticias.org\/site\/wp-content\/uploads\/2022\/05\/cropped-brasilnoticias-mini.jpg\",\"width\":314,\"height\":86,\"caption\":\"Brasil not\u00edcias\"},\"image\":{\"@id\":\"https:\/\/brasilnoticias.org\/site\/#\/schema\/logo\/image\/\"}},{\"@type\":\"Person\",\"@id\":\"https:\/\/brasilnoticias.org\/site\/#\/schema\/person\/03bbbfe6c7634ad18c26444ea39049fa\",\"name\":\"Reda\u00e7\u00e3o\",\"image\":{\"@type\":\"ImageObject\",\"inLanguage\":\"pt-PT\",\"@id\":\"https:\/\/brasilnoticias.org\/site\/#\/schema\/person\/image\/\",\"url\":\"https:\/\/secure.gravatar.com\/avatar\/9ecaf7327a696cb23ad926fedded5f1f04d7049de9e445375d55b48c001a6e42?s=96&d=mm&r=g\",\"contentUrl\":\"https:\/\/secure.gravatar.com\/avatar\/9ecaf7327a696cb23ad926fedded5f1f04d7049de9e445375d55b48c001a6e42?s=96&d=mm&r=g\",\"caption\":\"Reda\u00e7\u00e3o\"},\"url\":\"https:\/\/brasilnoticias.org\/site\/author\/henrique\/\"}]}<\/script>\n<!-- \/ Yoast SEO plugin. -->","yoast_head_json":{"title":"Filho de Lula nega agress\u00f5es e trai\u00e7\u00f5es contra ex-companheira: \"Jamais agrediria\" - Brasil not\u00edcias","robots":{"index":"index","follow":"follow","max-snippet":"max-snippet:-1","max-image-preview":"max-image-preview:large","max-video-preview":"max-video-preview:-1"},"canonical":"https:\/\/brasilnoticias.org\/site\/filho-de-lula-nega-agressoes-e-traicoes-contra-ex-companheira-jamais-agrediria\/","og_locale":"pt_PT","og_type":"article","og_title":"Filho de Lula nega agress\u00f5es e trai\u00e7\u00f5es contra ex-companheira: \"Jamais agrediria\" - Brasil not\u00edcias","og_description":"Em defesa, Luis Cl\u00e1udio disse que chegou a receber uma \u201ccesta de caf\u00e9 da manh\u00e3\u201d da v\u00edtima no dia anterior","og_url":"https:\/\/brasilnoticias.org\/site\/filho-de-lula-nega-agressoes-e-traicoes-contra-ex-companheira-jamais-agrediria\/","og_site_name":"Brasil not\u00edcias","article_published_time":"2024-04-06T22:40:38+00:00","og_image":[{"width":1600,"height":752,"url":"https:\/\/brasilnoticias.org\/site\/wp-content\/uploads\/2024\/04\/148352filho-de-lula-nega-agressoes-e-traicoes-contra-ex-companheira-jamais-agrediria-3.jpg","type":"image\/jpeg"}],"author":"Reda\u00e7\u00e3o","twitter_card":"summary_large_image","twitter_misc":{"Escrito por":"Reda\u00e7\u00e3o"},"schema":{"@context":"https:\/\/schema.org","@graph":[{"@type":"Article","@id":"https:\/\/brasilnoticias.org\/site\/filho-de-lula-nega-agressoes-e-traicoes-contra-ex-companheira-jamais-agrediria\/#article","isPartOf":{"@id":"https:\/\/brasilnoticias.org\/site\/filho-de-lula-nega-agressoes-e-traicoes-contra-ex-companheira-jamais-agrediria\/"},"author":{"name":"Reda\u00e7\u00e3o","@id":"https:\/\/brasilnoticias.org\/site\/#\/schema\/person\/03bbbfe6c7634ad18c26444ea39049fa"},"headline":"Filho de Lula nega agress\u00f5es e trai\u00e7\u00f5es contra ex-companheira: &#8220;Jamais agrediria&#8221;","datePublished":"2024-04-06T22:40:38+00:00","mainEntityOfPage":{"@id":"https:\/\/brasilnoticias.org\/site\/filho-de-lula-nega-agressoes-e-traicoes-contra-ex-companheira-jamais-agrediria\/"},"wordCount":404,"commentCount":0,"publisher":{"@id":"https:\/\/brasilnoticias.org\/site\/#organization"},"image":{"@id":"https:\/\/brasilnoticias.org\/site\/filho-de-lula-nega-agressoes-e-traicoes-contra-ex-companheira-jamais-agrediria\/#primaryimage"},"thumbnailUrl":"https:\/\/brasilnoticias.org\/site\/wp-content\/uploads\/2024\/04\/148352filho-de-lula-nega-agressoes-e-traicoes-contra-ex-companheira-jamais-agrediria-3.jpg","articleSection":["Not\u00edcias","\u00daltimas"],"inLanguage":"pt-PT","potentialAction":[{"@type":"CommentAction","name":"Comment","target":["https:\/\/brasilnoticias.org\/site\/filho-de-lula-nega-agressoes-e-traicoes-contra-ex-companheira-jamais-agrediria\/#respond"]}]},{"@type":"WebPage","@id":"https:\/\/brasilnoticias.org\/site\/filho-de-lula-nega-agressoes-e-traicoes-contra-ex-companheira-jamais-agrediria\/","url":"https:\/\/brasilnoticias.org\/site\/filho-de-lula-nega-agressoes-e-traicoes-contra-ex-companheira-jamais-agrediria\/","name":"Filho de Lula nega agress\u00f5es e trai\u00e7\u00f5es contra ex-companheira: \"Jamais agrediria\" - Brasil not\u00edcias","isPartOf":{"@id":"https:\/\/brasilnoticias.org\/site\/#website"},"primaryImageOfPage":{"@id":"https:\/\/brasilnoticias.org\/site\/filho-de-lula-nega-agressoes-e-traicoes-contra-ex-companheira-jamais-agrediria\/#primaryimage"},"image":{"@id":"https:\/\/brasilnoticias.org\/site\/filho-de-lula-nega-agressoes-e-traicoes-contra-ex-companheira-jamais-agrediria\/#primaryimage"},"thumbnailUrl":"https:\/\/brasilnoticias.org\/site\/wp-content\/uploads\/2024\/04\/148352filho-de-lula-nega-agressoes-e-traicoes-contra-ex-companheira-jamais-agrediria-3.jpg","datePublished":"2024-04-06T22:40:38+00:00","breadcrumb":{"@id":"https:\/\/brasilnoticias.org\/site\/filho-de-lula-nega-agressoes-e-traicoes-contra-ex-companheira-jamais-agrediria\/#breadcrumb"},"inLanguage":"pt-PT","potentialAction":[{"@type":"ReadAction","target":["https:\/\/brasilnoticias.org\/site\/filho-de-lula-nega-agressoes-e-traicoes-contra-ex-companheira-jamais-agrediria\/"]}]},{"@type":"ImageObject","inLanguage":"pt-PT","@id":"https:\/\/brasilnoticias.org\/site\/filho-de-lula-nega-agressoes-e-traicoes-contra-ex-companheira-jamais-agrediria\/#primaryimage","url":"https:\/\/brasilnoticias.org\/site\/wp-content\/uploads\/2024\/04\/148352filho-de-lula-nega-agressoes-e-traicoes-contra-ex-companheira-jamais-agrediria-3.jpg","contentUrl":"https:\/\/brasilnoticias.org\/site\/wp-content\/uploads\/2024\/04\/148352filho-de-lula-nega-agressoes-e-traicoes-contra-ex-companheira-jamais-agrediria-3.jpg","width":1600,"height":752},{"@type":"BreadcrumbList","@id":"https:\/\/brasilnoticias.org\/site\/filho-de-lula-nega-agressoes-e-traicoes-contra-ex-companheira-jamais-agrediria\/#breadcrumb","itemListElement":[{"@type":"ListItem","position":1,"name":"In\u00edcio","item":"https:\/\/brasilnoticias.org\/site\/"},{"@type":"ListItem","position":2,"name":"Filho de Lula nega agress\u00f5es e trai\u00e7\u00f5es contra ex-companheira: &#8220;Jamais agrediria&#8221;"}]},{"@type":"WebSite","@id":"https:\/\/brasilnoticias.org\/site\/#website","url":"https:\/\/brasilnoticias.org\/site\/","name":"Brasil not\u00edcias","description":"Brasil not\u00edcias","publisher":{"@id":"https:\/\/brasilnoticias.org\/site\/#organization"},"potentialAction":[{"@type":"SearchAction","target":{"@type":"EntryPoint","urlTemplate":"https:\/\/brasilnoticias.org\/site\/?s={search_term_string}"},"query-input":{"@type":"PropertyValueSpecification","valueRequired":true,"valueName":"search_term_string"}}],"inLanguage":"pt-PT"},{"@type":"Organization","@id":"https:\/\/brasilnoticias.org\/site\/#organization","name":"Brasil not\u00edcias","url":"https:\/\/brasilnoticias.org\/site\/","logo":{"@type":"ImageObject","inLanguage":"pt-PT","@id":"https:\/\/brasilnoticias.org\/site\/#\/schema\/logo\/image\/","url":"https:\/\/brasilnoticias.org\/site\/wp-content\/uploads\/2022\/05\/cropped-brasilnoticias-mini.jpg","contentUrl":"https:\/\/brasilnoticias.org\/site\/wp-content\/uploads\/2022\/05\/cropped-brasilnoticias-mini.jpg","width":314,"height":86,"caption":"Brasil not\u00edcias"},"image":{"@id":"https:\/\/brasilnoticias.org\/site\/#\/schema\/logo\/image\/"}},{"@type":"Person","@id":"https:\/\/brasilnoticias.org\/site\/#\/schema\/person\/03bbbfe6c7634ad18c26444ea39049fa","name":"Reda\u00e7\u00e3o","image":{"@type":"ImageObject","inLanguage":"pt-PT","@id":"https:\/\/brasilnoticias.org\/site\/#\/schema\/person\/image\/","url":"https:\/\/secure.gravatar.com\/avatar\/9ecaf7327a696cb23ad926fedded5f1f04d7049de9e445375d55b48c001a6e42?s=96&d=mm&r=g","contentUrl":"https:\/\/secure.gravatar.com\/avatar\/9ecaf7327a696cb23ad926fedded5f1f04d7049de9e445375d55b48c001a6e42?s=96&d=mm&r=g","caption":"Reda\u00e7\u00e3o"},"url":"https:\/\/brasilnoticias.org\/site\/author\/henrique\/"}]}},"_links":{"self":[{"href":"https:\/\/brasilnoticias.org\/site\/wp-json\/wp\/v2\/posts\/13470","targetHints":{"allow":["GET"]}}],"collection":[{"href":"https:\/\/brasilnoticias.org\/site\/wp-json\/wp\/v2\/posts"}],"about":[{"href":"https:\/\/brasilnoticias.org\/site\/wp-json\/wp\/v2\/types\/post"}],"author":[{"embeddable":true,"href":"https:\/\/brasilnoticias.org\/site\/wp-json\/wp\/v2\/users\/4"}],"replies":[{"embeddable":true,"href":"https:\/\/brasilnoticias.org\/site\/wp-json\/wp\/v2\/comments?post=13470"}],"version-history":[{"count":1,"href":"https:\/\/brasilnoticias.org\/site\/wp-json\/wp\/v2\/posts\/13470\/revisions"}],"predecessor-version":[{"id":13472,"href":"https:\/\/brasilnoticias.org\/site\/wp-json\/wp\/v2\/posts\/13470\/revisions\/13472"}],"wp:featuredmedia":[{"embeddable":true,"href":"https:\/\/brasilnoticias.org\/site\/wp-json\/wp\/v2\/media\/13471"}],"wp:attachment":[{"href":"https:\/\/brasilnoticias.org\/site\/wp-json\/wp\/v2\/media?parent=13470"}],"wp:term":[{"taxonomy":"category","embeddable":true,"href":"https:\/\/brasilnoticias.org\/site\/wp-json\/wp\/v2\/categories?post=13470"},{"taxonomy":"post_tag","embeddable":true,"href":"https:\/\/brasilnoticias.org\/site\/wp-json\/wp\/v2\/tags?post=13470"}],"curies":[{"name":"wp","href":"https:\/\/api.w.org\/{rel}","templated":true}]}}