{"id":13481,"date":"2024-04-08T16:23:50","date_gmt":"2024-04-08T19:23:50","guid":{"rendered":"https:\/\/brasilnoticias.org\/site\/?p=13481"},"modified":"2024-04-08T16:23:50","modified_gmt":"2024-04-08T19:23:50","slug":"leandro-guerrilha-e-novo-vice-lider-do-governo-na-cms","status":"publish","type":"post","link":"https:\/\/brasilnoticias.org\/site\/leandro-guerrilha-e-novo-vice-lider-do-governo-na-cms\/","title":{"rendered":"Leandro Guerrilha \u00e9 novo vice-l\u00edder do governo na CMS"},"content":{"rendered":"<p>Vereador deixou PP e se filiou ao Republicanos; ele assume lugar de Alberto Braga, agora na supl\u00eancia com retorno de Luiz Carlos<\/p>\n<p>O vereador Leandro Guerrilha assumiu, nesta segunda-feira (8), a 2\u00aa vice-lideran\u00e7a do governo na C\u00e2mara Municipal de Salvador (CMS). O parlamentar deixou o PP e se filiou ao Republicanos que ocupava a vaga com o ex-vereador Alberto Braga (agora no Uni\u00e3o Brasil). Com o retorno do vereador Luiz Carlos (presidente municipal do Republicanos) para a CMS, ap\u00f3s deixar a Secretaria Municipal de Infraestrutura e Obras P\u00fablicas, Braga voltou para a supl\u00eancia. <\/p>\n<p>\u201cEu me filei ao Republicanos e com a sa\u00edda de Alberto Braga assumo essa fun\u00e7\u00e3o na C\u00e2mara. Mais um desafio na minha vida p\u00fablica, vou me esfor\u00e7ar ao m\u00e1ximo para, ao lado do l\u00edder Kiki Bispo (Uni\u00e3o Brasil), representar os colegas vereadores que fazem parte da base do prefeito Bruno Reis (Uni\u00e3o Brasil)\u201d, ressaltou.<\/p>\n<p>O Republicanos tinha tinha quatro vereadores, mas com a sa\u00edda de Braga e a filia\u00e7\u00e3o de outros dois, a bancada aumentou e agora possui cinco parlamentares. Al\u00e9m de Leandro Guerrilha (ex-PP) e Alfredo Mangueira (ex-MDB) que se filiaram com a janela partid\u00e1ria que terminou no \u00faltimo s\u00e1bado (6), a legenda manteve Ireuda Silva, Julio Santos e o ex-secret\u00e1rio Luiz Carlos.<\/p>\n<p>Foto: Divulga\u00e7\u00e3o<\/p>\n","protected":false},"excerpt":{"rendered":"<p>Vereador deixou PP e se filiou ao Republicanos; ele assume lugar de Alberto Braga, agora na supl\u00eancia com retorno de<\/p>\n","protected":false},"author":4,"featured_media":13482,"comment_status":"open","ping_status":"open","sticky":false,"template":"","format":"standard","meta":{"colormag_page_container_layout":"default_layout","colormag_page_sidebar_layout":"default_layout","_FSMCFIC_featured_image_caption":"","_FSMCFIC_featured_image_nocaption":"","_FSMCFIC_featured_image_hide":"","footnotes":""},"categories":[5,1],"tags":[],"class_list":["post-13481","post","type-post","status-publish","format-standard","has-post-thumbnail","hentry","category-politica","category-ultimas"],"yoast_head":"<!-- This site is optimized with the Yoast SEO plugin v27.1.1 - https:\/\/yoast.com\/product\/yoast-seo-wordpress\/ -->\n<title>Leandro Guerrilha \u00e9 novo vice-l\u00edder do governo na CMS - Brasil not\u00edcias<\/title>\n<meta name=\"robots\" content=\"index, follow, max-snippet:-1, max-image-preview:large, max-video-preview:-1\" \/>\n<link rel=\"canonical\" href=\"https:\/\/brasilnoticias.org\/site\/leandro-guerrilha-e-novo-vice-lider-do-governo-na-cms\/\" \/>\n<meta property=\"og:locale\" content=\"pt_PT\" \/>\n<meta property=\"og:type\" content=\"article\" \/>\n<meta property=\"og:title\" content=\"Leandro Guerrilha \u00e9 novo vice-l\u00edder do governo na CMS - Brasil not\u00edcias\" \/>\n<meta property=\"og:description\" content=\"Vereador deixou PP e se filiou ao Republicanos; ele assume lugar de Alberto Braga, agora na supl\u00eancia com retorno de\" \/>\n<meta property=\"og:url\" content=\"https:\/\/brasilnoticias.org\/site\/leandro-guerrilha-e-novo-vice-lider-do-governo-na-cms\/\" \/>\n<meta property=\"og:site_name\" content=\"Brasil not\u00edcias\" \/>\n<meta property=\"article:published_time\" content=\"2024-04-08T19:23:50+00:00\" \/>\n<meta property=\"og:image\" content=\"https:\/\/brasilnoticias.org\/site\/wp-content\/uploads\/2024\/04\/WhatsApp-Image-2024-04-08-at-16.19.09.jpeg\" \/>\n\t<meta property=\"og:image:width\" content=\"1600\" \/>\n\t<meta property=\"og:image:height\" content=\"1180\" \/>\n\t<meta property=\"og:image:type\" content=\"image\/jpeg\" \/>\n<meta name=\"author\" content=\"Reda\u00e7\u00e3o\" \/>\n<meta name=\"twitter:card\" content=\"summary_large_image\" \/>\n<meta name=\"twitter:label1\" content=\"Escrito por\" \/>\n\t<meta name=\"twitter:data1\" content=\"Reda\u00e7\u00e3o\" \/>\n\t<meta name=\"twitter:label2\" content=\"Tempo estimado de leitura\" \/>\n\t<meta name=\"twitter:data2\" content=\"1 minuto\" \/>\n<script type=\"application\/ld+json\" class=\"yoast-schema-graph\">{\"@context\":\"https:\/\/schema.org\",\"@graph\":[{\"@type\":\"Article\",\"@id\":\"https:\/\/brasilnoticias.org\/site\/leandro-guerrilha-e-novo-vice-lider-do-governo-na-cms\/#article\",\"isPartOf\":{\"@id\":\"https:\/\/brasilnoticias.org\/site\/leandro-guerrilha-e-novo-vice-lider-do-governo-na-cms\/\"},\"author\":{\"name\":\"Reda\u00e7\u00e3o\",\"@id\":\"https:\/\/brasilnoticias.org\/site\/#\/schema\/person\/03bbbfe6c7634ad18c26444ea39049fa\"},\"headline\":\"Leandro Guerrilha \u00e9 novo vice-l\u00edder do governo na CMS\",\"datePublished\":\"2024-04-08T19:23:50+00:00\",\"mainEntityOfPage\":{\"@id\":\"https:\/\/brasilnoticias.org\/site\/leandro-guerrilha-e-novo-vice-lider-do-governo-na-cms\/\"},\"wordCount\":238,\"commentCount\":0,\"publisher\":{\"@id\":\"https:\/\/brasilnoticias.org\/site\/#organization\"},\"image\":{\"@id\":\"https:\/\/brasilnoticias.org\/site\/leandro-guerrilha-e-novo-vice-lider-do-governo-na-cms\/#primaryimage\"},\"thumbnailUrl\":\"https:\/\/brasilnoticias.org\/site\/wp-content\/uploads\/2024\/04\/WhatsApp-Image-2024-04-08-at-16.19.09.jpeg\",\"articleSection\":[\"Pol\u00edtica\",\"\u00daltimas\"],\"inLanguage\":\"pt-PT\",\"potentialAction\":[{\"@type\":\"CommentAction\",\"name\":\"Comment\",\"target\":[\"https:\/\/brasilnoticias.org\/site\/leandro-guerrilha-e-novo-vice-lider-do-governo-na-cms\/#respond\"]}]},{\"@type\":\"WebPage\",\"@id\":\"https:\/\/brasilnoticias.org\/site\/leandro-guerrilha-e-novo-vice-lider-do-governo-na-cms\/\",\"url\":\"https:\/\/brasilnoticias.org\/site\/leandro-guerrilha-e-novo-vice-lider-do-governo-na-cms\/\",\"name\":\"Leandro Guerrilha \u00e9 novo vice-l\u00edder do governo na CMS - Brasil not\u00edcias\",\"isPartOf\":{\"@id\":\"https:\/\/brasilnoticias.org\/site\/#website\"},\"primaryImageOfPage\":{\"@id\":\"https:\/\/brasilnoticias.org\/site\/leandro-guerrilha-e-novo-vice-lider-do-governo-na-cms\/#primaryimage\"},\"image\":{\"@id\":\"https:\/\/brasilnoticias.org\/site\/leandro-guerrilha-e-novo-vice-lider-do-governo-na-cms\/#primaryimage\"},\"thumbnailUrl\":\"https:\/\/brasilnoticias.org\/site\/wp-content\/uploads\/2024\/04\/WhatsApp-Image-2024-04-08-at-16.19.09.jpeg\",\"datePublished\":\"2024-04-08T19:23:50+00:00\",\"breadcrumb\":{\"@id\":\"https:\/\/brasilnoticias.org\/site\/leandro-guerrilha-e-novo-vice-lider-do-governo-na-cms\/#breadcrumb\"},\"inLanguage\":\"pt-PT\",\"potentialAction\":[{\"@type\":\"ReadAction\",\"target\":[\"https:\/\/brasilnoticias.org\/site\/leandro-guerrilha-e-novo-vice-lider-do-governo-na-cms\/\"]}]},{\"@type\":\"ImageObject\",\"inLanguage\":\"pt-PT\",\"@id\":\"https:\/\/brasilnoticias.org\/site\/leandro-guerrilha-e-novo-vice-lider-do-governo-na-cms\/#primaryimage\",\"url\":\"https:\/\/brasilnoticias.org\/site\/wp-content\/uploads\/2024\/04\/WhatsApp-Image-2024-04-08-at-16.19.09.jpeg\",\"contentUrl\":\"https:\/\/brasilnoticias.org\/site\/wp-content\/uploads\/2024\/04\/WhatsApp-Image-2024-04-08-at-16.19.09.jpeg\",\"width\":1600,\"height\":1180},{\"@type\":\"BreadcrumbList\",\"@id\":\"https:\/\/brasilnoticias.org\/site\/leandro-guerrilha-e-novo-vice-lider-do-governo-na-cms\/#breadcrumb\",\"itemListElement\":[{\"@type\":\"ListItem\",\"position\":1,\"name\":\"In\u00edcio\",\"item\":\"https:\/\/brasilnoticias.org\/site\/\"},{\"@type\":\"ListItem\",\"position\":2,\"name\":\"Leandro Guerrilha \u00e9 novo vice-l\u00edder do governo na CMS\"}]},{\"@type\":\"WebSite\",\"@id\":\"https:\/\/brasilnoticias.org\/site\/#website\",\"url\":\"https:\/\/brasilnoticias.org\/site\/\",\"name\":\"Brasil not\u00edcias\",\"description\":\"Brasil not\u00edcias\",\"publisher\":{\"@id\":\"https:\/\/brasilnoticias.org\/site\/#organization\"},\"potentialAction\":[{\"@type\":\"SearchAction\",\"target\":{\"@type\":\"EntryPoint\",\"urlTemplate\":\"https:\/\/brasilnoticias.org\/site\/?s={search_term_string}\"},\"query-input\":{\"@type\":\"PropertyValueSpecification\",\"valueRequired\":true,\"valueName\":\"search_term_string\"}}],\"inLanguage\":\"pt-PT\"},{\"@type\":\"Organization\",\"@id\":\"https:\/\/brasilnoticias.org\/site\/#organization\",\"name\":\"Brasil not\u00edcias\",\"url\":\"https:\/\/brasilnoticias.org\/site\/\",\"logo\":{\"@type\":\"ImageObject\",\"inLanguage\":\"pt-PT\",\"@id\":\"https:\/\/brasilnoticias.org\/site\/#\/schema\/logo\/image\/\",\"url\":\"https:\/\/brasilnoticias.org\/site\/wp-content\/uploads\/2022\/05\/cropped-brasilnoticias-mini.jpg\",\"contentUrl\":\"https:\/\/brasilnoticias.org\/site\/wp-content\/uploads\/2022\/05\/cropped-brasilnoticias-mini.jpg\",\"width\":314,\"height\":86,\"caption\":\"Brasil not\u00edcias\"},\"image\":{\"@id\":\"https:\/\/brasilnoticias.org\/site\/#\/schema\/logo\/image\/\"}},{\"@type\":\"Person\",\"@id\":\"https:\/\/brasilnoticias.org\/site\/#\/schema\/person\/03bbbfe6c7634ad18c26444ea39049fa\",\"name\":\"Reda\u00e7\u00e3o\",\"image\":{\"@type\":\"ImageObject\",\"inLanguage\":\"pt-PT\",\"@id\":\"https:\/\/brasilnoticias.org\/site\/#\/schema\/person\/image\/\",\"url\":\"https:\/\/secure.gravatar.com\/avatar\/9ecaf7327a696cb23ad926fedded5f1f04d7049de9e445375d55b48c001a6e42?s=96&d=mm&r=g\",\"contentUrl\":\"https:\/\/secure.gravatar.com\/avatar\/9ecaf7327a696cb23ad926fedded5f1f04d7049de9e445375d55b48c001a6e42?s=96&d=mm&r=g\",\"caption\":\"Reda\u00e7\u00e3o\"},\"url\":\"https:\/\/brasilnoticias.org\/site\/author\/henrique\/\"}]}<\/script>\n<!-- \/ Yoast SEO plugin. -->","yoast_head_json":{"title":"Leandro Guerrilha \u00e9 novo vice-l\u00edder do governo na CMS - Brasil not\u00edcias","robots":{"index":"index","follow":"follow","max-snippet":"max-snippet:-1","max-image-preview":"max-image-preview:large","max-video-preview":"max-video-preview:-1"},"canonical":"https:\/\/brasilnoticias.org\/site\/leandro-guerrilha-e-novo-vice-lider-do-governo-na-cms\/","og_locale":"pt_PT","og_type":"article","og_title":"Leandro Guerrilha \u00e9 novo vice-l\u00edder do governo na CMS - Brasil not\u00edcias","og_description":"Vereador deixou PP e se filiou ao Republicanos; ele assume lugar de Alberto Braga, agora na supl\u00eancia com retorno de","og_url":"https:\/\/brasilnoticias.org\/site\/leandro-guerrilha-e-novo-vice-lider-do-governo-na-cms\/","og_site_name":"Brasil not\u00edcias","article_published_time":"2024-04-08T19:23:50+00:00","og_image":[{"width":1600,"height":1180,"url":"https:\/\/brasilnoticias.org\/site\/wp-content\/uploads\/2024\/04\/WhatsApp-Image-2024-04-08-at-16.19.09.jpeg","type":"image\/jpeg"}],"author":"Reda\u00e7\u00e3o","twitter_card":"summary_large_image","twitter_misc":{"Escrito por":"Reda\u00e7\u00e3o","Tempo estimado de leitura":"1 minuto"},"schema":{"@context":"https:\/\/schema.org","@graph":[{"@type":"Article","@id":"https:\/\/brasilnoticias.org\/site\/leandro-guerrilha-e-novo-vice-lider-do-governo-na-cms\/#article","isPartOf":{"@id":"https:\/\/brasilnoticias.org\/site\/leandro-guerrilha-e-novo-vice-lider-do-governo-na-cms\/"},"author":{"name":"Reda\u00e7\u00e3o","@id":"https:\/\/brasilnoticias.org\/site\/#\/schema\/person\/03bbbfe6c7634ad18c26444ea39049fa"},"headline":"Leandro Guerrilha \u00e9 novo vice-l\u00edder do governo na CMS","datePublished":"2024-04-08T19:23:50+00:00","mainEntityOfPage":{"@id":"https:\/\/brasilnoticias.org\/site\/leandro-guerrilha-e-novo-vice-lider-do-governo-na-cms\/"},"wordCount":238,"commentCount":0,"publisher":{"@id":"https:\/\/brasilnoticias.org\/site\/#organization"},"image":{"@id":"https:\/\/brasilnoticias.org\/site\/leandro-guerrilha-e-novo-vice-lider-do-governo-na-cms\/#primaryimage"},"thumbnailUrl":"https:\/\/brasilnoticias.org\/site\/wp-content\/uploads\/2024\/04\/WhatsApp-Image-2024-04-08-at-16.19.09.jpeg","articleSection":["Pol\u00edtica","\u00daltimas"],"inLanguage":"pt-PT","potentialAction":[{"@type":"CommentAction","name":"Comment","target":["https:\/\/brasilnoticias.org\/site\/leandro-guerrilha-e-novo-vice-lider-do-governo-na-cms\/#respond"]}]},{"@type":"WebPage","@id":"https:\/\/brasilnoticias.org\/site\/leandro-guerrilha-e-novo-vice-lider-do-governo-na-cms\/","url":"https:\/\/brasilnoticias.org\/site\/leandro-guerrilha-e-novo-vice-lider-do-governo-na-cms\/","name":"Leandro Guerrilha \u00e9 novo vice-l\u00edder do governo na CMS - Brasil not\u00edcias","isPartOf":{"@id":"https:\/\/brasilnoticias.org\/site\/#website"},"primaryImageOfPage":{"@id":"https:\/\/brasilnoticias.org\/site\/leandro-guerrilha-e-novo-vice-lider-do-governo-na-cms\/#primaryimage"},"image":{"@id":"https:\/\/brasilnoticias.org\/site\/leandro-guerrilha-e-novo-vice-lider-do-governo-na-cms\/#primaryimage"},"thumbnailUrl":"https:\/\/brasilnoticias.org\/site\/wp-content\/uploads\/2024\/04\/WhatsApp-Image-2024-04-08-at-16.19.09.jpeg","datePublished":"2024-04-08T19:23:50+00:00","breadcrumb":{"@id":"https:\/\/brasilnoticias.org\/site\/leandro-guerrilha-e-novo-vice-lider-do-governo-na-cms\/#breadcrumb"},"inLanguage":"pt-PT","potentialAction":[{"@type":"ReadAction","target":["https:\/\/brasilnoticias.org\/site\/leandro-guerrilha-e-novo-vice-lider-do-governo-na-cms\/"]}]},{"@type":"ImageObject","inLanguage":"pt-PT","@id":"https:\/\/brasilnoticias.org\/site\/leandro-guerrilha-e-novo-vice-lider-do-governo-na-cms\/#primaryimage","url":"https:\/\/brasilnoticias.org\/site\/wp-content\/uploads\/2024\/04\/WhatsApp-Image-2024-04-08-at-16.19.09.jpeg","contentUrl":"https:\/\/brasilnoticias.org\/site\/wp-content\/uploads\/2024\/04\/WhatsApp-Image-2024-04-08-at-16.19.09.jpeg","width":1600,"height":1180},{"@type":"BreadcrumbList","@id":"https:\/\/brasilnoticias.org\/site\/leandro-guerrilha-e-novo-vice-lider-do-governo-na-cms\/#breadcrumb","itemListElement":[{"@type":"ListItem","position":1,"name":"In\u00edcio","item":"https:\/\/brasilnoticias.org\/site\/"},{"@type":"ListItem","position":2,"name":"Leandro Guerrilha \u00e9 novo vice-l\u00edder do governo na CMS"}]},{"@type":"WebSite","@id":"https:\/\/brasilnoticias.org\/site\/#website","url":"https:\/\/brasilnoticias.org\/site\/","name":"Brasil not\u00edcias","description":"Brasil not\u00edcias","publisher":{"@id":"https:\/\/brasilnoticias.org\/site\/#organization"},"potentialAction":[{"@type":"SearchAction","target":{"@type":"EntryPoint","urlTemplate":"https:\/\/brasilnoticias.org\/site\/?s={search_term_string}"},"query-input":{"@type":"PropertyValueSpecification","valueRequired":true,"valueName":"search_term_string"}}],"inLanguage":"pt-PT"},{"@type":"Organization","@id":"https:\/\/brasilnoticias.org\/site\/#organization","name":"Brasil not\u00edcias","url":"https:\/\/brasilnoticias.org\/site\/","logo":{"@type":"ImageObject","inLanguage":"pt-PT","@id":"https:\/\/brasilnoticias.org\/site\/#\/schema\/logo\/image\/","url":"https:\/\/brasilnoticias.org\/site\/wp-content\/uploads\/2022\/05\/cropped-brasilnoticias-mini.jpg","contentUrl":"https:\/\/brasilnoticias.org\/site\/wp-content\/uploads\/2022\/05\/cropped-brasilnoticias-mini.jpg","width":314,"height":86,"caption":"Brasil not\u00edcias"},"image":{"@id":"https:\/\/brasilnoticias.org\/site\/#\/schema\/logo\/image\/"}},{"@type":"Person","@id":"https:\/\/brasilnoticias.org\/site\/#\/schema\/person\/03bbbfe6c7634ad18c26444ea39049fa","name":"Reda\u00e7\u00e3o","image":{"@type":"ImageObject","inLanguage":"pt-PT","@id":"https:\/\/brasilnoticias.org\/site\/#\/schema\/person\/image\/","url":"https:\/\/secure.gravatar.com\/avatar\/9ecaf7327a696cb23ad926fedded5f1f04d7049de9e445375d55b48c001a6e42?s=96&d=mm&r=g","contentUrl":"https:\/\/secure.gravatar.com\/avatar\/9ecaf7327a696cb23ad926fedded5f1f04d7049de9e445375d55b48c001a6e42?s=96&d=mm&r=g","caption":"Reda\u00e7\u00e3o"},"url":"https:\/\/brasilnoticias.org\/site\/author\/henrique\/"}]}},"_links":{"self":[{"href":"https:\/\/brasilnoticias.org\/site\/wp-json\/wp\/v2\/posts\/13481","targetHints":{"allow":["GET"]}}],"collection":[{"href":"https:\/\/brasilnoticias.org\/site\/wp-json\/wp\/v2\/posts"}],"about":[{"href":"https:\/\/brasilnoticias.org\/site\/wp-json\/wp\/v2\/types\/post"}],"author":[{"embeddable":true,"href":"https:\/\/brasilnoticias.org\/site\/wp-json\/wp\/v2\/users\/4"}],"replies":[{"embeddable":true,"href":"https:\/\/brasilnoticias.org\/site\/wp-json\/wp\/v2\/comments?post=13481"}],"version-history":[{"count":1,"href":"https:\/\/brasilnoticias.org\/site\/wp-json\/wp\/v2\/posts\/13481\/revisions"}],"predecessor-version":[{"id":13483,"href":"https:\/\/brasilnoticias.org\/site\/wp-json\/wp\/v2\/posts\/13481\/revisions\/13483"}],"wp:featuredmedia":[{"embeddable":true,"href":"https:\/\/brasilnoticias.org\/site\/wp-json\/wp\/v2\/media\/13482"}],"wp:attachment":[{"href":"https:\/\/brasilnoticias.org\/site\/wp-json\/wp\/v2\/media?parent=13481"}],"wp:term":[{"taxonomy":"category","embeddable":true,"href":"https:\/\/brasilnoticias.org\/site\/wp-json\/wp\/v2\/categories?post=13481"},{"taxonomy":"post_tag","embeddable":true,"href":"https:\/\/brasilnoticias.org\/site\/wp-json\/wp\/v2\/tags?post=13481"}],"curies":[{"name":"wp","href":"https:\/\/api.w.org\/{rel}","templated":true}]}}