{"id":13487,"date":"2024-04-08T16:34:50","date_gmt":"2024-04-08T19:34:50","guid":{"rendered":"https:\/\/brasilnoticias.org\/site\/?p=13487"},"modified":"2024-04-08T16:34:50","modified_gmt":"2024-04-08T19:34:50","slug":"urna-eletronica-tera-nova-voz-para-eleitores-com-deficiencia-visual","status":"publish","type":"post","link":"https:\/\/brasilnoticias.org\/site\/urna-eletronica-tera-nova-voz-para-eleitores-com-deficiencia-visual\/","title":{"rendered":"Urna eletr\u00f4nica ter\u00e1 nova voz para eleitores com defici\u00eancia visual"},"content":{"rendered":"<p>Segundo o TSE, todos os modelos dos equipamentos usados no 1\u00ba e no 2\u00ba turno estar\u00e3o equipados com a inova\u00e7\u00e3o<\/p>\n<p>As urnas eletr\u00f4nicas que v\u00e3o ser utilizadas nas elei\u00e7\u00f5es municipais deste ano v\u00e3o ter uma  nova voz sintetizada para auxiliar pessoas com defici\u00eancia visual na vota\u00e7\u00e3o para prefeito e vereador.<\/p>\n<p>A voz assistente foi batizada como Let\u00edcia e pertence a cantora Sara Bentes, de Volta Redonda (RJ), que nasceu com defici\u00eancia visual. A assistente vai fornecer instru\u00e7\u00f5es b\u00e1sicas do uso da urna para os eleitores. Al\u00e9m de  informar o cargo que est\u00e1 em vota\u00e7\u00e3o a cada momento, os n\u00fameros digitados e o nome do candidato escolhido. <\/p>\n<p>Todos os modelos de urna eletr\u00f4nicas utilizados no 1\u00ba e 2\u00ba dia de vota\u00e7\u00e3o estar\u00e3o equipados com a nova atualiza\u00e7\u00e3o.<br \/>\nDe acordo com o TSE (Tribunal Superior Eleitoral) afirma que a inova\u00e7\u00e3o tecnol\u00f3gica ser\u00e1 um \u201cavan\u00e7o\u201d na compara\u00e7\u00e3o com as urnas utilizadas de 2000 a 2018 \u2013 \u201cque comunicavam o cargo em vota\u00e7\u00e3o e os n\u00fameros das candidaturas, mas ainda n\u00e3o informavam o nome dos concorrentes\u201d.<\/p>\n<p>A melhoria da urna eletr\u00f4nica atende \u00e0 sugest\u00e3o da Organiza\u00e7\u00e3o Nacional de Cegos do Brasil, feita em outubro de 2022 \u00e0 Se\u00e7\u00e3o de Voto Informatizado do TSE.<\/p>\n<p>Foto: Jos\u00e9 Cruz\/Ag\u00eancia Brasil<br \/>\nPor: Metro1<\/p>\n","protected":false},"excerpt":{"rendered":"<p>Segundo o TSE, todos os modelos dos equipamentos usados no 1\u00ba e no 2\u00ba turno estar\u00e3o equipados com a inova\u00e7\u00e3o<\/p>\n","protected":false},"author":4,"featured_media":13488,"comment_status":"open","ping_status":"open","sticky":false,"template":"","format":"standard","meta":{"colormag_page_container_layout":"default_layout","colormag_page_sidebar_layout":"default_layout","_FSMCFIC_featured_image_caption":"","_FSMCFIC_featured_image_nocaption":"","_FSMCFIC_featured_image_hide":"","footnotes":""},"categories":[2,1],"tags":[],"class_list":["post-13487","post","type-post","status-publish","format-standard","has-post-thumbnail","hentry","category-noticias","category-ultimas"],"yoast_head":"<!-- This site is optimized with the Yoast SEO plugin v27.1.1 - https:\/\/yoast.com\/product\/yoast-seo-wordpress\/ -->\n<title>Urna eletr\u00f4nica ter\u00e1 nova voz para eleitores com defici\u00eancia visual - Brasil not\u00edcias<\/title>\n<meta name=\"robots\" content=\"index, follow, max-snippet:-1, max-image-preview:large, max-video-preview:-1\" \/>\n<link rel=\"canonical\" href=\"https:\/\/brasilnoticias.org\/site\/urna-eletronica-tera-nova-voz-para-eleitores-com-deficiencia-visual\/\" \/>\n<meta property=\"og:locale\" content=\"pt_PT\" \/>\n<meta property=\"og:type\" content=\"article\" \/>\n<meta property=\"og:title\" content=\"Urna eletr\u00f4nica ter\u00e1 nova voz para eleitores com defici\u00eancia visual - Brasil not\u00edcias\" \/>\n<meta property=\"og:description\" content=\"Segundo o TSE, todos os modelos dos equipamentos usados no 1\u00ba e no 2\u00ba turno estar\u00e3o equipados com a inova\u00e7\u00e3o\" \/>\n<meta property=\"og:url\" content=\"https:\/\/brasilnoticias.org\/site\/urna-eletronica-tera-nova-voz-para-eleitores-com-deficiencia-visual\/\" \/>\n<meta property=\"og:site_name\" content=\"Brasil not\u00edcias\" \/>\n<meta property=\"article:published_time\" content=\"2024-04-08T19:34:50+00:00\" \/>\n<meta property=\"og:image\" content=\"https:\/\/brasilnoticias.org\/site\/wp-content\/uploads\/2024\/04\/148429urna-eletronica-tera-nova-voz-para-eleitores-com-deficiencia-visual-3.jpg\" \/>\n\t<meta property=\"og:image:width\" content=\"1600\" \/>\n\t<meta property=\"og:image:height\" content=\"752\" \/>\n\t<meta property=\"og:image:type\" content=\"image\/jpeg\" \/>\n<meta name=\"author\" content=\"Reda\u00e7\u00e3o\" \/>\n<meta name=\"twitter:card\" content=\"summary_large_image\" \/>\n<meta name=\"twitter:label1\" content=\"Escrito por\" \/>\n\t<meta name=\"twitter:data1\" content=\"Reda\u00e7\u00e3o\" \/>\n\t<meta name=\"twitter:label2\" content=\"Tempo estimado de leitura\" \/>\n\t<meta name=\"twitter:data2\" content=\"1 minuto\" \/>\n<script type=\"application\/ld+json\" class=\"yoast-schema-graph\">{\"@context\":\"https:\/\/schema.org\",\"@graph\":[{\"@type\":\"Article\",\"@id\":\"https:\/\/brasilnoticias.org\/site\/urna-eletronica-tera-nova-voz-para-eleitores-com-deficiencia-visual\/#article\",\"isPartOf\":{\"@id\":\"https:\/\/brasilnoticias.org\/site\/urna-eletronica-tera-nova-voz-para-eleitores-com-deficiencia-visual\/\"},\"author\":{\"name\":\"Reda\u00e7\u00e3o\",\"@id\":\"https:\/\/brasilnoticias.org\/site\/#\/schema\/person\/03bbbfe6c7634ad18c26444ea39049fa\"},\"headline\":\"Urna eletr\u00f4nica ter\u00e1 nova voz para eleitores com defici\u00eancia visual\",\"datePublished\":\"2024-04-08T19:34:50+00:00\",\"mainEntityOfPage\":{\"@id\":\"https:\/\/brasilnoticias.org\/site\/urna-eletronica-tera-nova-voz-para-eleitores-com-deficiencia-visual\/\"},\"wordCount\":239,\"commentCount\":0,\"publisher\":{\"@id\":\"https:\/\/brasilnoticias.org\/site\/#organization\"},\"image\":{\"@id\":\"https:\/\/brasilnoticias.org\/site\/urna-eletronica-tera-nova-voz-para-eleitores-com-deficiencia-visual\/#primaryimage\"},\"thumbnailUrl\":\"https:\/\/brasilnoticias.org\/site\/wp-content\/uploads\/2024\/04\/148429urna-eletronica-tera-nova-voz-para-eleitores-com-deficiencia-visual-3.jpg\",\"articleSection\":[\"Not\u00edcias\",\"\u00daltimas\"],\"inLanguage\":\"pt-PT\",\"potentialAction\":[{\"@type\":\"CommentAction\",\"name\":\"Comment\",\"target\":[\"https:\/\/brasilnoticias.org\/site\/urna-eletronica-tera-nova-voz-para-eleitores-com-deficiencia-visual\/#respond\"]}]},{\"@type\":\"WebPage\",\"@id\":\"https:\/\/brasilnoticias.org\/site\/urna-eletronica-tera-nova-voz-para-eleitores-com-deficiencia-visual\/\",\"url\":\"https:\/\/brasilnoticias.org\/site\/urna-eletronica-tera-nova-voz-para-eleitores-com-deficiencia-visual\/\",\"name\":\"Urna eletr\u00f4nica ter\u00e1 nova voz para eleitores com defici\u00eancia visual - Brasil not\u00edcias\",\"isPartOf\":{\"@id\":\"https:\/\/brasilnoticias.org\/site\/#website\"},\"primaryImageOfPage\":{\"@id\":\"https:\/\/brasilnoticias.org\/site\/urna-eletronica-tera-nova-voz-para-eleitores-com-deficiencia-visual\/#primaryimage\"},\"image\":{\"@id\":\"https:\/\/brasilnoticias.org\/site\/urna-eletronica-tera-nova-voz-para-eleitores-com-deficiencia-visual\/#primaryimage\"},\"thumbnailUrl\":\"https:\/\/brasilnoticias.org\/site\/wp-content\/uploads\/2024\/04\/148429urna-eletronica-tera-nova-voz-para-eleitores-com-deficiencia-visual-3.jpg\",\"datePublished\":\"2024-04-08T19:34:50+00:00\",\"breadcrumb\":{\"@id\":\"https:\/\/brasilnoticias.org\/site\/urna-eletronica-tera-nova-voz-para-eleitores-com-deficiencia-visual\/#breadcrumb\"},\"inLanguage\":\"pt-PT\",\"potentialAction\":[{\"@type\":\"ReadAction\",\"target\":[\"https:\/\/brasilnoticias.org\/site\/urna-eletronica-tera-nova-voz-para-eleitores-com-deficiencia-visual\/\"]}]},{\"@type\":\"ImageObject\",\"inLanguage\":\"pt-PT\",\"@id\":\"https:\/\/brasilnoticias.org\/site\/urna-eletronica-tera-nova-voz-para-eleitores-com-deficiencia-visual\/#primaryimage\",\"url\":\"https:\/\/brasilnoticias.org\/site\/wp-content\/uploads\/2024\/04\/148429urna-eletronica-tera-nova-voz-para-eleitores-com-deficiencia-visual-3.jpg\",\"contentUrl\":\"https:\/\/brasilnoticias.org\/site\/wp-content\/uploads\/2024\/04\/148429urna-eletronica-tera-nova-voz-para-eleitores-com-deficiencia-visual-3.jpg\",\"width\":1600,\"height\":752},{\"@type\":\"BreadcrumbList\",\"@id\":\"https:\/\/brasilnoticias.org\/site\/urna-eletronica-tera-nova-voz-para-eleitores-com-deficiencia-visual\/#breadcrumb\",\"itemListElement\":[{\"@type\":\"ListItem\",\"position\":1,\"name\":\"In\u00edcio\",\"item\":\"https:\/\/brasilnoticias.org\/site\/\"},{\"@type\":\"ListItem\",\"position\":2,\"name\":\"Urna eletr\u00f4nica ter\u00e1 nova voz para eleitores com defici\u00eancia visual\"}]},{\"@type\":\"WebSite\",\"@id\":\"https:\/\/brasilnoticias.org\/site\/#website\",\"url\":\"https:\/\/brasilnoticias.org\/site\/\",\"name\":\"Brasil not\u00edcias\",\"description\":\"Brasil not\u00edcias\",\"publisher\":{\"@id\":\"https:\/\/brasilnoticias.org\/site\/#organization\"},\"potentialAction\":[{\"@type\":\"SearchAction\",\"target\":{\"@type\":\"EntryPoint\",\"urlTemplate\":\"https:\/\/brasilnoticias.org\/site\/?s={search_term_string}\"},\"query-input\":{\"@type\":\"PropertyValueSpecification\",\"valueRequired\":true,\"valueName\":\"search_term_string\"}}],\"inLanguage\":\"pt-PT\"},{\"@type\":\"Organization\",\"@id\":\"https:\/\/brasilnoticias.org\/site\/#organization\",\"name\":\"Brasil not\u00edcias\",\"url\":\"https:\/\/brasilnoticias.org\/site\/\",\"logo\":{\"@type\":\"ImageObject\",\"inLanguage\":\"pt-PT\",\"@id\":\"https:\/\/brasilnoticias.org\/site\/#\/schema\/logo\/image\/\",\"url\":\"https:\/\/brasilnoticias.org\/site\/wp-content\/uploads\/2022\/05\/cropped-brasilnoticias-mini.jpg\",\"contentUrl\":\"https:\/\/brasilnoticias.org\/site\/wp-content\/uploads\/2022\/05\/cropped-brasilnoticias-mini.jpg\",\"width\":314,\"height\":86,\"caption\":\"Brasil not\u00edcias\"},\"image\":{\"@id\":\"https:\/\/brasilnoticias.org\/site\/#\/schema\/logo\/image\/\"}},{\"@type\":\"Person\",\"@id\":\"https:\/\/brasilnoticias.org\/site\/#\/schema\/person\/03bbbfe6c7634ad18c26444ea39049fa\",\"name\":\"Reda\u00e7\u00e3o\",\"image\":{\"@type\":\"ImageObject\",\"inLanguage\":\"pt-PT\",\"@id\":\"https:\/\/brasilnoticias.org\/site\/#\/schema\/person\/image\/\",\"url\":\"https:\/\/secure.gravatar.com\/avatar\/9ecaf7327a696cb23ad926fedded5f1f04d7049de9e445375d55b48c001a6e42?s=96&d=mm&r=g\",\"contentUrl\":\"https:\/\/secure.gravatar.com\/avatar\/9ecaf7327a696cb23ad926fedded5f1f04d7049de9e445375d55b48c001a6e42?s=96&d=mm&r=g\",\"caption\":\"Reda\u00e7\u00e3o\"},\"url\":\"https:\/\/brasilnoticias.org\/site\/author\/henrique\/\"}]}<\/script>\n<!-- \/ Yoast SEO plugin. -->","yoast_head_json":{"title":"Urna eletr\u00f4nica ter\u00e1 nova voz para eleitores com defici\u00eancia visual - Brasil not\u00edcias","robots":{"index":"index","follow":"follow","max-snippet":"max-snippet:-1","max-image-preview":"max-image-preview:large","max-video-preview":"max-video-preview:-1"},"canonical":"https:\/\/brasilnoticias.org\/site\/urna-eletronica-tera-nova-voz-para-eleitores-com-deficiencia-visual\/","og_locale":"pt_PT","og_type":"article","og_title":"Urna eletr\u00f4nica ter\u00e1 nova voz para eleitores com defici\u00eancia visual - Brasil not\u00edcias","og_description":"Segundo o TSE, todos os modelos dos equipamentos usados no 1\u00ba e no 2\u00ba turno estar\u00e3o equipados com a inova\u00e7\u00e3o","og_url":"https:\/\/brasilnoticias.org\/site\/urna-eletronica-tera-nova-voz-para-eleitores-com-deficiencia-visual\/","og_site_name":"Brasil not\u00edcias","article_published_time":"2024-04-08T19:34:50+00:00","og_image":[{"width":1600,"height":752,"url":"https:\/\/brasilnoticias.org\/site\/wp-content\/uploads\/2024\/04\/148429urna-eletronica-tera-nova-voz-para-eleitores-com-deficiencia-visual-3.jpg","type":"image\/jpeg"}],"author":"Reda\u00e7\u00e3o","twitter_card":"summary_large_image","twitter_misc":{"Escrito por":"Reda\u00e7\u00e3o","Tempo estimado de leitura":"1 minuto"},"schema":{"@context":"https:\/\/schema.org","@graph":[{"@type":"Article","@id":"https:\/\/brasilnoticias.org\/site\/urna-eletronica-tera-nova-voz-para-eleitores-com-deficiencia-visual\/#article","isPartOf":{"@id":"https:\/\/brasilnoticias.org\/site\/urna-eletronica-tera-nova-voz-para-eleitores-com-deficiencia-visual\/"},"author":{"name":"Reda\u00e7\u00e3o","@id":"https:\/\/brasilnoticias.org\/site\/#\/schema\/person\/03bbbfe6c7634ad18c26444ea39049fa"},"headline":"Urna eletr\u00f4nica ter\u00e1 nova voz para eleitores com defici\u00eancia visual","datePublished":"2024-04-08T19:34:50+00:00","mainEntityOfPage":{"@id":"https:\/\/brasilnoticias.org\/site\/urna-eletronica-tera-nova-voz-para-eleitores-com-deficiencia-visual\/"},"wordCount":239,"commentCount":0,"publisher":{"@id":"https:\/\/brasilnoticias.org\/site\/#organization"},"image":{"@id":"https:\/\/brasilnoticias.org\/site\/urna-eletronica-tera-nova-voz-para-eleitores-com-deficiencia-visual\/#primaryimage"},"thumbnailUrl":"https:\/\/brasilnoticias.org\/site\/wp-content\/uploads\/2024\/04\/148429urna-eletronica-tera-nova-voz-para-eleitores-com-deficiencia-visual-3.jpg","articleSection":["Not\u00edcias","\u00daltimas"],"inLanguage":"pt-PT","potentialAction":[{"@type":"CommentAction","name":"Comment","target":["https:\/\/brasilnoticias.org\/site\/urna-eletronica-tera-nova-voz-para-eleitores-com-deficiencia-visual\/#respond"]}]},{"@type":"WebPage","@id":"https:\/\/brasilnoticias.org\/site\/urna-eletronica-tera-nova-voz-para-eleitores-com-deficiencia-visual\/","url":"https:\/\/brasilnoticias.org\/site\/urna-eletronica-tera-nova-voz-para-eleitores-com-deficiencia-visual\/","name":"Urna eletr\u00f4nica ter\u00e1 nova voz para eleitores com defici\u00eancia visual - Brasil not\u00edcias","isPartOf":{"@id":"https:\/\/brasilnoticias.org\/site\/#website"},"primaryImageOfPage":{"@id":"https:\/\/brasilnoticias.org\/site\/urna-eletronica-tera-nova-voz-para-eleitores-com-deficiencia-visual\/#primaryimage"},"image":{"@id":"https:\/\/brasilnoticias.org\/site\/urna-eletronica-tera-nova-voz-para-eleitores-com-deficiencia-visual\/#primaryimage"},"thumbnailUrl":"https:\/\/brasilnoticias.org\/site\/wp-content\/uploads\/2024\/04\/148429urna-eletronica-tera-nova-voz-para-eleitores-com-deficiencia-visual-3.jpg","datePublished":"2024-04-08T19:34:50+00:00","breadcrumb":{"@id":"https:\/\/brasilnoticias.org\/site\/urna-eletronica-tera-nova-voz-para-eleitores-com-deficiencia-visual\/#breadcrumb"},"inLanguage":"pt-PT","potentialAction":[{"@type":"ReadAction","target":["https:\/\/brasilnoticias.org\/site\/urna-eletronica-tera-nova-voz-para-eleitores-com-deficiencia-visual\/"]}]},{"@type":"ImageObject","inLanguage":"pt-PT","@id":"https:\/\/brasilnoticias.org\/site\/urna-eletronica-tera-nova-voz-para-eleitores-com-deficiencia-visual\/#primaryimage","url":"https:\/\/brasilnoticias.org\/site\/wp-content\/uploads\/2024\/04\/148429urna-eletronica-tera-nova-voz-para-eleitores-com-deficiencia-visual-3.jpg","contentUrl":"https:\/\/brasilnoticias.org\/site\/wp-content\/uploads\/2024\/04\/148429urna-eletronica-tera-nova-voz-para-eleitores-com-deficiencia-visual-3.jpg","width":1600,"height":752},{"@type":"BreadcrumbList","@id":"https:\/\/brasilnoticias.org\/site\/urna-eletronica-tera-nova-voz-para-eleitores-com-deficiencia-visual\/#breadcrumb","itemListElement":[{"@type":"ListItem","position":1,"name":"In\u00edcio","item":"https:\/\/brasilnoticias.org\/site\/"},{"@type":"ListItem","position":2,"name":"Urna eletr\u00f4nica ter\u00e1 nova voz para eleitores com defici\u00eancia visual"}]},{"@type":"WebSite","@id":"https:\/\/brasilnoticias.org\/site\/#website","url":"https:\/\/brasilnoticias.org\/site\/","name":"Brasil not\u00edcias","description":"Brasil not\u00edcias","publisher":{"@id":"https:\/\/brasilnoticias.org\/site\/#organization"},"potentialAction":[{"@type":"SearchAction","target":{"@type":"EntryPoint","urlTemplate":"https:\/\/brasilnoticias.org\/site\/?s={search_term_string}"},"query-input":{"@type":"PropertyValueSpecification","valueRequired":true,"valueName":"search_term_string"}}],"inLanguage":"pt-PT"},{"@type":"Organization","@id":"https:\/\/brasilnoticias.org\/site\/#organization","name":"Brasil not\u00edcias","url":"https:\/\/brasilnoticias.org\/site\/","logo":{"@type":"ImageObject","inLanguage":"pt-PT","@id":"https:\/\/brasilnoticias.org\/site\/#\/schema\/logo\/image\/","url":"https:\/\/brasilnoticias.org\/site\/wp-content\/uploads\/2022\/05\/cropped-brasilnoticias-mini.jpg","contentUrl":"https:\/\/brasilnoticias.org\/site\/wp-content\/uploads\/2022\/05\/cropped-brasilnoticias-mini.jpg","width":314,"height":86,"caption":"Brasil not\u00edcias"},"image":{"@id":"https:\/\/brasilnoticias.org\/site\/#\/schema\/logo\/image\/"}},{"@type":"Person","@id":"https:\/\/brasilnoticias.org\/site\/#\/schema\/person\/03bbbfe6c7634ad18c26444ea39049fa","name":"Reda\u00e7\u00e3o","image":{"@type":"ImageObject","inLanguage":"pt-PT","@id":"https:\/\/brasilnoticias.org\/site\/#\/schema\/person\/image\/","url":"https:\/\/secure.gravatar.com\/avatar\/9ecaf7327a696cb23ad926fedded5f1f04d7049de9e445375d55b48c001a6e42?s=96&d=mm&r=g","contentUrl":"https:\/\/secure.gravatar.com\/avatar\/9ecaf7327a696cb23ad926fedded5f1f04d7049de9e445375d55b48c001a6e42?s=96&d=mm&r=g","caption":"Reda\u00e7\u00e3o"},"url":"https:\/\/brasilnoticias.org\/site\/author\/henrique\/"}]}},"_links":{"self":[{"href":"https:\/\/brasilnoticias.org\/site\/wp-json\/wp\/v2\/posts\/13487","targetHints":{"allow":["GET"]}}],"collection":[{"href":"https:\/\/brasilnoticias.org\/site\/wp-json\/wp\/v2\/posts"}],"about":[{"href":"https:\/\/brasilnoticias.org\/site\/wp-json\/wp\/v2\/types\/post"}],"author":[{"embeddable":true,"href":"https:\/\/brasilnoticias.org\/site\/wp-json\/wp\/v2\/users\/4"}],"replies":[{"embeddable":true,"href":"https:\/\/brasilnoticias.org\/site\/wp-json\/wp\/v2\/comments?post=13487"}],"version-history":[{"count":1,"href":"https:\/\/brasilnoticias.org\/site\/wp-json\/wp\/v2\/posts\/13487\/revisions"}],"predecessor-version":[{"id":13489,"href":"https:\/\/brasilnoticias.org\/site\/wp-json\/wp\/v2\/posts\/13487\/revisions\/13489"}],"wp:featuredmedia":[{"embeddable":true,"href":"https:\/\/brasilnoticias.org\/site\/wp-json\/wp\/v2\/media\/13488"}],"wp:attachment":[{"href":"https:\/\/brasilnoticias.org\/site\/wp-json\/wp\/v2\/media?parent=13487"}],"wp:term":[{"taxonomy":"category","embeddable":true,"href":"https:\/\/brasilnoticias.org\/site\/wp-json\/wp\/v2\/categories?post=13487"},{"taxonomy":"post_tag","embeddable":true,"href":"https:\/\/brasilnoticias.org\/site\/wp-json\/wp\/v2\/tags?post=13487"}],"curies":[{"name":"wp","href":"https:\/\/api.w.org\/{rel}","templated":true}]}}